{"id":6016,"date":"2008-11-15T05:30:58","date_gmt":"2008-11-15T10:30:58","guid":{"rendered":"http:\/\/www.visit-ulcinj.com\/blog\/?p=6016"},"modified":"2008-11-15T07:22:36","modified_gmt":"2008-11-15T12:22:36","slug":"obijena-ulcinjska-dzamija-%e2%80%9evrh-pazara%e2%80%9codnijeli-10-eura","status":"publish","type":"post","link":"https:\/\/www.visit-ulcinj.com\/blog\/2008\/11\/15\/obijena-ulcinjska-dzamija-%e2%80%9evrh-pazara%e2%80%9codnijeli-10-eura\/","title":{"rendered":"Obijena ulcinjska d\u017eamija \u201eVrh pazara\u201c,odnijeli 10 eura"},"content":{"rendered":"<p><a href=\"http:\/\/www.visit-ulcinj.com\/blog\/wp-content\/uploads\/2008\/04\/xhamija-pazarit1.jpg\"><img loading=\"lazy\" class=\"alignleft\" src=\"http:\/\/www.visit-ulcinj.com\/blog\/wp-content\/uploads\/2008\/04\/xhamija-pazarit1.jpg\" alt=\"\" width=\"307\" height=\"230\" \/><\/a>Ulcinj \u2013 Ulcinjska policija traga za jednim ili vi\u0161e nepoznatih lopova koji su u no?i izme?u utorka i srijede obili glavnu ulcinjsku d\u017eamiju \u201eVrh pazara\u201c kod kru\u017enog toka.<br \/>\nLopovi su bogomolju napustili u ranim jutarnjim satima, odnijev\u0161i sa sobom svega 10 eura, koje su prona\u0161li u fioci sekretara Islamske vjerske zajednice. Sagovornik \u201eVijesti\u201c blizak istrazi kazao je da su razbojnici na sporedna vrata na d\u017eamiji razvalili krampom.<br \/>\n&#8211; Lopovi su vjerovatno o?ekivali bogatiji plijen. Razo?arani onim \u0161to su prona\u0161li u d\u017eamiji pobjegli su u panici, i pritom u prostorijama d\u017eamije zaboravili kramp, kojim su obili vrata \u2013 kazao je sagovornik \u201cVijesti\u201d.<br \/>\n<strong>S.A.<br \/>\nIzvor \/ Vijesti<\/strong><\/p>\n","protected":false},"excerpt":{"rendered":"<p>Ulcinj \u2013 Ulcinjska policija traga za jednim ili vi\u0161e nepoznatih lopova koji su u no?i izme?u utorka i srijede obili glavnu ulcinjsku d\u017eamiju \u201eVrh pazara\u201c kod kru\u017enog toka. Lopovi su bogomolju napustili u ranim jutarnjim satima, odnijev\u0161i sa sobom svega 10 eura, koje su prona\u0161li u fioci sekretara Islamske vjerske zajednice. Sagovornik \u201eVijesti\u201c blizak istrazi [&hellip;]<\/p>\n","protected":false},"author":1,"featured_media":0,"comment_status":"open","ping_status":"closed","sticky":false,"template":"","format":"standard","meta":{"spay_email":"","jetpack_publicize_message":"","jetpack_is_tweetstorm":false,"jetpack_publicize_feature_enabled":true},"categories":[12],"tags":[5026],"jetpack_publicize_connections":[],"yoast_head":"<!-- This site is optimized with the Yoast SEO plugin v19.1 - https:\/\/yoast.com\/wordpress\/plugins\/seo\/ -->\n<title>Obijena ulcinjska d\u017eamija \u201eVrh pazara\u201c,odnijeli 10 eura - Lajme nga Ulqini<\/title>\n<meta name=\"description\" content=\"Ulcinj \u2013 Ulcinjska policija traga za jednim ili vi\u0161e nepoznatih lopova koji su u no?i izme?u utorka i srijede obili glavnu ulcinjsku d\u017eamiju \u201eVrh pazara\u201c\" \/>\n<meta name=\"robots\" content=\"index, follow, max-snippet:-1, max-image-preview:large, max-video-preview:-1\" \/>\n<link rel=\"canonical\" href=\"https:\/\/www.visit-ulcinj.com\/blog\/2008\/11\/15\/obijena-ulcinjska-dzamija-\u201evrh-pazara\u201codnijeli-10-eura\/\" \/>\n<meta property=\"og:locale\" content=\"en_US\" \/>\n<meta property=\"og:type\" content=\"article\" \/>\n<meta property=\"og:title\" content=\"Obijena ulcinjska d\u017eamija \u201eVrh pazara\u201c,odnijeli 10 eura - Lajme nga Ulqini\" \/>\n<meta property=\"og:description\" content=\"Ulcinj \u2013 Ulcinjska policija traga za jednim ili vi\u0161e nepoznatih lopova koji su u no?i izme?u utorka i srijede obili glavnu ulcinjsku d\u017eamiju \u201eVrh pazara\u201c\" \/>\n<meta property=\"og:url\" content=\"https:\/\/www.visit-ulcinj.com\/blog\/2008\/11\/15\/obijena-ulcinjska-dzamija-\u201evrh-pazara\u201codnijeli-10-eura\/\" \/>\n<meta property=\"og:site_name\" content=\"Lajme nga Ulqini\" \/>\n<meta property=\"article:published_time\" content=\"2008-11-15T10:30:58+00:00\" \/>\n<meta property=\"article:modified_time\" content=\"2008-11-15T12:22:36+00:00\" \/>\n<meta property=\"og:image\" content=\"http:\/\/www.visit-ulcinj.com\/blog\/wp-content\/uploads\/2008\/04\/xhamija-pazarit1.jpg\" \/>\n<meta name=\"twitter:label1\" content=\"Written by\" \/>\n\t<meta name=\"twitter:data1\" content=\"ulqini\" \/>\n\t<meta name=\"twitter:label2\" content=\"Est. reading time\" \/>\n\t<meta name=\"twitter:data2\" content=\"1 minute\" \/>\n<script type=\"application\/ld+json\" class=\"yoast-schema-graph\">{\"@context\":\"https:\/\/schema.org\",\"@graph\":[{\"@type\":\"WebSite\",\"@id\":\"https:\/\/www.visit-ulcinj.com\/blog\/#website\",\"url\":\"https:\/\/www.visit-ulcinj.com\/blog\/\",\"name\":\"Lajme nga Ulqini\",\"description\":\"Lajme,Vijesti,Ulqini,Ulqin,Crna Gora,Mali i Zi\",\"potentialAction\":[{\"@type\":\"SearchAction\",\"target\":{\"@type\":\"EntryPoint\",\"urlTemplate\":\"https:\/\/www.visit-ulcinj.com\/blog\/?s={search_term_string}\"},\"query-input\":\"required name=search_term_string\"}],\"inLanguage\":\"en-US\"},{\"@type\":\"ImageObject\",\"inLanguage\":\"en-US\",\"@id\":\"https:\/\/www.visit-ulcinj.com\/blog\/2008\/11\/15\/obijena-ulcinjska-dzamija-%e2%80%9evrh-pazara%e2%80%9codnijeli-10-eura\/#primaryimage\",\"url\":\"http:\/\/www.visit-ulcinj.com\/blog\/wp-content\/uploads\/2008\/04\/xhamija-pazarit1.jpg\",\"contentUrl\":\"http:\/\/www.visit-ulcinj.com\/blog\/wp-content\/uploads\/2008\/04\/xhamija-pazarit1.jpg\"},{\"@type\":\"WebPage\",\"@id\":\"https:\/\/www.visit-ulcinj.com\/blog\/2008\/11\/15\/obijena-ulcinjska-dzamija-%e2%80%9evrh-pazara%e2%80%9codnijeli-10-eura\/#webpage\",\"url\":\"https:\/\/www.visit-ulcinj.com\/blog\/2008\/11\/15\/obijena-ulcinjska-dzamija-%e2%80%9evrh-pazara%e2%80%9codnijeli-10-eura\/\",\"name\":\"Obijena ulcinjska d\u017eamija \u201eVrh pazara\u201c,odnijeli 10 eura - Lajme nga Ulqini\",\"isPartOf\":{\"@id\":\"https:\/\/www.visit-ulcinj.com\/blog\/#website\"},\"primaryImageOfPage\":{\"@id\":\"https:\/\/www.visit-ulcinj.com\/blog\/2008\/11\/15\/obijena-ulcinjska-dzamija-%e2%80%9evrh-pazara%e2%80%9codnijeli-10-eura\/#primaryimage\"},\"datePublished\":\"2008-11-15T10:30:58+00:00\",\"dateModified\":\"2008-11-15T12:22:36+00:00\",\"author\":{\"@id\":\"https:\/\/www.visit-ulcinj.com\/blog\/#\/schema\/person\/dcab619c614d3038751c63bc2aadc06d\"},\"description\":\"Ulcinj \u2013 Ulcinjska policija traga za jednim ili vi\u0161e nepoznatih lopova koji su u no?i izme?u utorka i srijede obili glavnu ulcinjsku d\u017eamiju \u201eVrh pazara\u201c\",\"breadcrumb\":{\"@id\":\"https:\/\/www.visit-ulcinj.com\/blog\/2008\/11\/15\/obijena-ulcinjska-dzamija-%e2%80%9evrh-pazara%e2%80%9codnijeli-10-eura\/#breadcrumb\"},\"inLanguage\":\"en-US\",\"potentialAction\":[{\"@type\":\"ReadAction\",\"target\":[\"https:\/\/www.visit-ulcinj.com\/blog\/2008\/11\/15\/obijena-ulcinjska-dzamija-%e2%80%9evrh-pazara%e2%80%9codnijeli-10-eura\/\"]}]},{\"@type\":\"BreadcrumbList\",\"@id\":\"https:\/\/www.visit-ulcinj.com\/blog\/2008\/11\/15\/obijena-ulcinjska-dzamija-%e2%80%9evrh-pazara%e2%80%9codnijeli-10-eura\/#breadcrumb\",\"itemListElement\":[{\"@type\":\"ListItem\",\"position\":1,\"name\":\"Obijena ulcinjska d\u017eamija \u201eVrh pazara\u201c,odnijeli 10 eura\"}]},{\"@type\":\"Person\",\"@id\":\"https:\/\/www.visit-ulcinj.com\/blog\/#\/schema\/person\/dcab619c614d3038751c63bc2aadc06d\",\"name\":\"ulqini\",\"sameAs\":[\"http:\/\/www.visit-ulcinj.com\"],\"url\":\"https:\/\/www.visit-ulcinj.com\/blog\/author\/admin\/\"}]}<\/script>\n<!-- \/ Yoast SEO plugin. -->","yoast_head_json":{"title":"Obijena ulcinjska d\u017eamija \u201eVrh pazara\u201c,odnijeli 10 eura - Lajme nga Ulqini","description":"Ulcinj \u2013 Ulcinjska policija traga za jednim ili vi\u0161e nepoznatih lopova koji su u no?i izme?u utorka i srijede obili glavnu ulcinjsku d\u017eamiju \u201eVrh pazara\u201c","robots":{"index":"index","follow":"follow","max-snippet":"max-snippet:-1","max-image-preview":"max-image-preview:large","max-video-preview":"max-video-preview:-1"},"canonical":"https:\/\/www.visit-ulcinj.com\/blog\/2008\/11\/15\/obijena-ulcinjska-dzamija-\u201evrh-pazara\u201codnijeli-10-eura\/","og_locale":"en_US","og_type":"article","og_title":"Obijena ulcinjska d\u017eamija \u201eVrh pazara\u201c,odnijeli 10 eura - Lajme nga Ulqini","og_description":"Ulcinj \u2013 Ulcinjska policija traga za jednim ili vi\u0161e nepoznatih lopova koji su u no?i izme?u utorka i srijede obili glavnu ulcinjsku d\u017eamiju \u201eVrh pazara\u201c","og_url":"https:\/\/www.visit-ulcinj.com\/blog\/2008\/11\/15\/obijena-ulcinjska-dzamija-\u201evrh-pazara\u201codnijeli-10-eura\/","og_site_name":"Lajme nga Ulqini","article_published_time":"2008-11-15T10:30:58+00:00","article_modified_time":"2008-11-15T12:22:36+00:00","og_image":[{"url":"http:\/\/www.visit-ulcinj.com\/blog\/wp-content\/uploads\/2008\/04\/xhamija-pazarit1.jpg"}],"twitter_misc":{"Written by":"ulqini","Est. reading time":"1 minute"},"schema":{"@context":"https:\/\/schema.org","@graph":[{"@type":"WebSite","@id":"https:\/\/www.visit-ulcinj.com\/blog\/#website","url":"https:\/\/www.visit-ulcinj.com\/blog\/","name":"Lajme nga Ulqini","description":"Lajme,Vijesti,Ulqini,Ulqin,Crna Gora,Mali i Zi","potentialAction":[{"@type":"SearchAction","target":{"@type":"EntryPoint","urlTemplate":"https:\/\/www.visit-ulcinj.com\/blog\/?s={search_term_string}"},"query-input":"required name=search_term_string"}],"inLanguage":"en-US"},{"@type":"ImageObject","inLanguage":"en-US","@id":"https:\/\/www.visit-ulcinj.com\/blog\/2008\/11\/15\/obijena-ulcinjska-dzamija-%e2%80%9evrh-pazara%e2%80%9codnijeli-10-eura\/#primaryimage","url":"http:\/\/www.visit-ulcinj.com\/blog\/wp-content\/uploads\/2008\/04\/xhamija-pazarit1.jpg","contentUrl":"http:\/\/www.visit-ulcinj.com\/blog\/wp-content\/uploads\/2008\/04\/xhamija-pazarit1.jpg"},{"@type":"WebPage","@id":"https:\/\/www.visit-ulcinj.com\/blog\/2008\/11\/15\/obijena-ulcinjska-dzamija-%e2%80%9evrh-pazara%e2%80%9codnijeli-10-eura\/#webpage","url":"https:\/\/www.visit-ulcinj.com\/blog\/2008\/11\/15\/obijena-ulcinjska-dzamija-%e2%80%9evrh-pazara%e2%80%9codnijeli-10-eura\/","name":"Obijena ulcinjska d\u017eamija \u201eVrh pazara\u201c,odnijeli 10 eura - Lajme nga Ulqini","isPartOf":{"@id":"https:\/\/www.visit-ulcinj.com\/blog\/#website"},"primaryImageOfPage":{"@id":"https:\/\/www.visit-ulcinj.com\/blog\/2008\/11\/15\/obijena-ulcinjska-dzamija-%e2%80%9evrh-pazara%e2%80%9codnijeli-10-eura\/#primaryimage"},"datePublished":"2008-11-15T10:30:58+00:00","dateModified":"2008-11-15T12:22:36+00:00","author":{"@id":"https:\/\/www.visit-ulcinj.com\/blog\/#\/schema\/person\/dcab619c614d3038751c63bc2aadc06d"},"description":"Ulcinj \u2013 Ulcinjska policija traga za jednim ili vi\u0161e nepoznatih lopova koji su u no?i izme?u utorka i srijede obili glavnu ulcinjsku d\u017eamiju \u201eVrh pazara\u201c","breadcrumb":{"@id":"https:\/\/www.visit-ulcinj.com\/blog\/2008\/11\/15\/obijena-ulcinjska-dzamija-%e2%80%9evrh-pazara%e2%80%9codnijeli-10-eura\/#breadcrumb"},"inLanguage":"en-US","potentialAction":[{"@type":"ReadAction","target":["https:\/\/www.visit-ulcinj.com\/blog\/2008\/11\/15\/obijena-ulcinjska-dzamija-%e2%80%9evrh-pazara%e2%80%9codnijeli-10-eura\/"]}]},{"@type":"BreadcrumbList","@id":"https:\/\/www.visit-ulcinj.com\/blog\/2008\/11\/15\/obijena-ulcinjska-dzamija-%e2%80%9evrh-pazara%e2%80%9codnijeli-10-eura\/#breadcrumb","itemListElement":[{"@type":"ListItem","position":1,"name":"Obijena ulcinjska d\u017eamija \u201eVrh pazara\u201c,odnijeli 10 eura"}]},{"@type":"Person","@id":"https:\/\/www.visit-ulcinj.com\/blog\/#\/schema\/person\/dcab619c614d3038751c63bc2aadc06d","name":"ulqini","sameAs":["http:\/\/www.visit-ulcinj.com"],"url":"https:\/\/www.visit-ulcinj.com\/blog\/author\/admin\/"}]}},"jetpack_featured_media_url":"","jetpack_sharing_enabled":true,"jetpack_shortlink":"https:\/\/wp.me\/pe6lTn-1z2","_links":{"self":[{"href":"https:\/\/www.visit-ulcinj.com\/blog\/wp-json\/wp\/v2\/posts\/6016"}],"collection":[{"href":"https:\/\/www.visit-ulcinj.com\/blog\/wp-json\/wp\/v2\/posts"}],"about":[{"href":"https:\/\/www.visit-ulcinj.com\/blog\/wp-json\/wp\/v2\/types\/post"}],"author":[{"embeddable":true,"href":"https:\/\/www.visit-ulcinj.com\/blog\/wp-json\/wp\/v2\/users\/1"}],"replies":[{"embeddable":true,"href":"https:\/\/www.visit-ulcinj.com\/blog\/wp-json\/wp\/v2\/comments?post=6016"}],"version-history":[{"count":0,"href":"https:\/\/www.visit-ulcinj.com\/blog\/wp-json\/wp\/v2\/posts\/6016\/revisions"}],"wp:attachment":[{"href":"https:\/\/www.visit-ulcinj.com\/blog\/wp-json\/wp\/v2\/media?parent=6016"}],"wp:term":[{"taxonomy":"category","embeddable":true,"href":"https:\/\/www.visit-ulcinj.com\/blog\/wp-json\/wp\/v2\/categories?post=6016"},{"taxonomy":"post_tag","embeddable":true,"href":"https:\/\/www.visit-ulcinj.com\/blog\/wp-json\/wp\/v2\/tags?post=6016"}],"curies":[{"name":"wp","href":"https:\/\/api.w.org\/{rel}","templated":true}]}}