{"id":60187,"date":"2012-05-07T17:31:48","date_gmt":"2012-05-07T16:31:48","guid":{"rendered":"http:\/\/www.visit-ulcinj.com\/blog\/?p=60187"},"modified":"2012-05-07T17:31:48","modified_gmt":"2012-05-07T16:31:48","slug":"art-club-prezanton-botimet-e-tij-ne-panairin-e-librit-ne-podgorice","status":"publish","type":"post","link":"https:\/\/www.visit-ulcinj.com\/blog\/2012\/05\/07\/art-club-prezanton-botimet-e-tij-ne-panairin-e-librit-ne-podgorice\/","title":{"rendered":"\u201cArt Club\u201d prezanton botimet e tij n\u00eb Panairin e Librit n\u00eb Podgoric\u00eb"},"content":{"rendered":"<p><a href=\"http:\/\/www.visit-ulcinj.com\/blog\/wp-content\/uploads\/2012\/05\/Shoqata-Art-Club-Ulqin.1.jpg\"><img loading=\"lazy\" class=\"alignleft  wp-image-60188\" title=\"Shoqata Art Club Ulqin.1\" src=\"http:\/\/www.visit-ulcinj.com\/blog\/wp-content\/uploads\/2012\/05\/Shoqata-Art-Club-Ulqin.1.jpg\" alt=\"\" width=\"508\" height=\"138\" \/><\/a>Shoqata e Artist\u00ebve dhe Intelektual\u00ebve \u201cArt Club\u201d do t\u00eb marr\u00eb pjes\u00eb n\u00eb Panairin e 7-t\u00eb Nd\u00ebrkomb\u00ebtar t\u00eb Librit n\u00eb Podgoric\u00eb. N\u00eb k\u00ebt\u00eb panair, \u201cArt Club\u201d do t\u00eb prezantoj\u00eb disa prej botimeve t\u00eb tij t\u00eb fundit. Librat e \u201cArt Club\u201d-it do t\u00eb jen\u00eb t\u00eb ekspozuara n\u00eb kuad\u00ebr t\u00eb stend\u00ebs s\u00eb botuesve nga radh\u00ebt e pakicave.<\/p>\n<p><strong>Panairi i 7-t\u00eb Nd\u00ebrkomb\u00ebtar i Librit do t\u00eb mbahet n\u00eb Qendr\u00ebn \u201cDelta City\u201d &#8211; Podgoric\u00eb, nga data 7-14 maj 2012.<\/strong><\/p>\n<p>SHAI \u201cArt Club\u201d \u00ebsht\u00eb botuesi m\u00eb i madh nd\u00ebr shqiptar\u00ebt n\u00eb Mal t\u00eb Zi. N\u00eb kuad\u00ebr t\u00eb veprimtaris\u00eb s\u00eb saj botuese, kjo shoqat\u00eb ka botuar deri tani rreth 80 libra, kryesisht t\u00eb autor\u00ebve shqiptar\u00eb n\u00eb Malin e Zi.<\/p>\n<p><strong>Ulqin, m\u00eb 7 maj 2012 <\/strong><\/p>\n","protected":false},"excerpt":{"rendered":"<p>Shoqata e Artist\u00ebve dhe Intelektual\u00ebve \u201cArt Club\u201d do t\u00eb marr\u00eb pjes\u00eb n\u00eb Panairin e 7-t\u00eb Nd\u00ebrkomb\u00ebtar t\u00eb Librit n\u00eb Podgoric\u00eb. N\u00eb k\u00ebt\u00eb panair, \u201cArt Club\u201d do t\u00eb prezantoj\u00eb disa prej botimeve t\u00eb tij t\u00eb fundit. Librat e \u201cArt Club\u201d-it do t\u00eb jen\u00eb t\u00eb ekspozuara n\u00eb kuad\u00ebr t\u00eb stend\u00ebs s\u00eb botuesve nga radh\u00ebt e pakicave. Panairi [&hellip;]<\/p>\n","protected":false},"author":1,"featured_media":0,"comment_status":"open","ping_status":"closed","sticky":false,"template":"","format":"standard","meta":{"spay_email":"","jetpack_publicize_message":"","jetpack_is_tweetstorm":false,"jetpack_publicize_feature_enabled":true},"categories":[4],"tags":[16850,20437],"jetpack_publicize_connections":[],"yoast_head":"<!-- This site is optimized with the Yoast SEO plugin v19.1 - https:\/\/yoast.com\/wordpress\/plugins\/seo\/ -->\n<title>\u201cArt Club\u201d prezanton botimet e tij n\u00eb Panairin e Librit n\u00eb Podgoric\u00eb - Lajme nga Ulqini<\/title>\n<meta name=\"description\" content=\"Shoqata e Artist\u00ebve dhe Intelektual\u00ebve \u201cArt Club\u201d do t\u00eb marr\u00eb pjes\u00eb n\u00eb Panairin e 7-t\u00eb Nd\u00ebrkomb\u00ebtar t\u00eb Librit n\u00eb Podgoric\u00eb. N\u00eb k\u00ebt\u00eb panair, \u201cArt Club\u201d do\" \/>\n<meta name=\"robots\" content=\"index, follow, max-snippet:-1, max-image-preview:large, max-video-preview:-1\" \/>\n<link rel=\"canonical\" href=\"https:\/\/www.visit-ulcinj.com\/blog\/2012\/05\/07\/art-club-prezanton-botimet-e-tij-ne-panairin-e-librit-ne-podgorice\/\" \/>\n<meta property=\"og:locale\" content=\"en_US\" \/>\n<meta property=\"og:type\" content=\"article\" \/>\n<meta property=\"og:title\" content=\"\u201cArt Club\u201d prezanton botimet e tij n\u00eb Panairin e Librit n\u00eb Podgoric\u00eb - Lajme nga Ulqini\" \/>\n<meta property=\"og:description\" content=\"Shoqata e Artist\u00ebve dhe Intelektual\u00ebve \u201cArt Club\u201d do t\u00eb marr\u00eb pjes\u00eb n\u00eb Panairin e 7-t\u00eb Nd\u00ebrkomb\u00ebtar t\u00eb Librit n\u00eb Podgoric\u00eb. N\u00eb k\u00ebt\u00eb panair, \u201cArt Club\u201d do\" \/>\n<meta property=\"og:url\" content=\"https:\/\/www.visit-ulcinj.com\/blog\/2012\/05\/07\/art-club-prezanton-botimet-e-tij-ne-panairin-e-librit-ne-podgorice\/\" \/>\n<meta property=\"og:site_name\" content=\"Lajme nga Ulqini\" \/>\n<meta property=\"article:published_time\" content=\"2012-05-07T16:31:48+00:00\" \/>\n<meta property=\"og:image\" content=\"http:\/\/www.visit-ulcinj.com\/blog\/wp-content\/uploads\/2012\/05\/Shoqata-Art-Club-Ulqin.1.jpg\" \/>\n<meta name=\"twitter:label1\" content=\"Written by\" \/>\n\t<meta name=\"twitter:data1\" content=\"ulqini\" \/>\n\t<meta name=\"twitter:label2\" content=\"Est. reading time\" \/>\n\t<meta name=\"twitter:data2\" content=\"1 minute\" \/>\n<script type=\"application\/ld+json\" class=\"yoast-schema-graph\">{\"@context\":\"https:\/\/schema.org\",\"@graph\":[{\"@type\":\"WebSite\",\"@id\":\"https:\/\/www.visit-ulcinj.com\/blog\/#website\",\"url\":\"https:\/\/www.visit-ulcinj.com\/blog\/\",\"name\":\"Lajme nga Ulqini\",\"description\":\"Lajme,Vijesti,Ulqini,Ulqin,Crna Gora,Mali i Zi\",\"potentialAction\":[{\"@type\":\"SearchAction\",\"target\":{\"@type\":\"EntryPoint\",\"urlTemplate\":\"https:\/\/www.visit-ulcinj.com\/blog\/?s={search_term_string}\"},\"query-input\":\"required name=search_term_string\"}],\"inLanguage\":\"en-US\"},{\"@type\":\"ImageObject\",\"inLanguage\":\"en-US\",\"@id\":\"https:\/\/www.visit-ulcinj.com\/blog\/2012\/05\/07\/art-club-prezanton-botimet-e-tij-ne-panairin-e-librit-ne-podgorice\/#primaryimage\",\"url\":\"https:\/\/www.visit-ulcinj.com\/blog\/wp-content\/uploads\/2012\/05\/Shoqata-Art-Club-Ulqin.1.jpg\",\"contentUrl\":\"https:\/\/www.visit-ulcinj.com\/blog\/wp-content\/uploads\/2012\/05\/Shoqata-Art-Club-Ulqin.1.jpg\",\"width\":\"625\",\"height\":\"138\"},{\"@type\":\"WebPage\",\"@id\":\"https:\/\/www.visit-ulcinj.com\/blog\/2012\/05\/07\/art-club-prezanton-botimet-e-tij-ne-panairin-e-librit-ne-podgorice\/#webpage\",\"url\":\"https:\/\/www.visit-ulcinj.com\/blog\/2012\/05\/07\/art-club-prezanton-botimet-e-tij-ne-panairin-e-librit-ne-podgorice\/\",\"name\":\"\u201cArt Club\u201d prezanton botimet e tij n\u00eb Panairin e Librit n\u00eb Podgoric\u00eb - Lajme nga Ulqini\",\"isPartOf\":{\"@id\":\"https:\/\/www.visit-ulcinj.com\/blog\/#website\"},\"primaryImageOfPage\":{\"@id\":\"https:\/\/www.visit-ulcinj.com\/blog\/2012\/05\/07\/art-club-prezanton-botimet-e-tij-ne-panairin-e-librit-ne-podgorice\/#primaryimage\"},\"datePublished\":\"2012-05-07T16:31:48+00:00\",\"dateModified\":\"2012-05-07T16:31:48+00:00\",\"author\":{\"@id\":\"https:\/\/www.visit-ulcinj.com\/blog\/#\/schema\/person\/dcab619c614d3038751c63bc2aadc06d\"},\"description\":\"Shoqata e Artist\u00ebve dhe Intelektual\u00ebve \u201cArt Club\u201d do t\u00eb marr\u00eb pjes\u00eb n\u00eb Panairin e 7-t\u00eb Nd\u00ebrkomb\u00ebtar t\u00eb Librit n\u00eb Podgoric\u00eb. N\u00eb k\u00ebt\u00eb panair, \u201cArt Club\u201d do\",\"breadcrumb\":{\"@id\":\"https:\/\/www.visit-ulcinj.com\/blog\/2012\/05\/07\/art-club-prezanton-botimet-e-tij-ne-panairin-e-librit-ne-podgorice\/#breadcrumb\"},\"inLanguage\":\"en-US\",\"potentialAction\":[{\"@type\":\"ReadAction\",\"target\":[\"https:\/\/www.visit-ulcinj.com\/blog\/2012\/05\/07\/art-club-prezanton-botimet-e-tij-ne-panairin-e-librit-ne-podgorice\/\"]}]},{\"@type\":\"BreadcrumbList\",\"@id\":\"https:\/\/www.visit-ulcinj.com\/blog\/2012\/05\/07\/art-club-prezanton-botimet-e-tij-ne-panairin-e-librit-ne-podgorice\/#breadcrumb\",\"itemListElement\":[{\"@type\":\"ListItem\",\"position\":1,\"name\":\"\u201cArt Club\u201d prezanton botimet e tij n\u00eb Panairin e Librit n\u00eb Podgoric\u00eb\"}]},{\"@type\":\"Person\",\"@id\":\"https:\/\/www.visit-ulcinj.com\/blog\/#\/schema\/person\/dcab619c614d3038751c63bc2aadc06d\",\"name\":\"ulqini\",\"sameAs\":[\"http:\/\/www.visit-ulcinj.com\"],\"url\":\"https:\/\/www.visit-ulcinj.com\/blog\/author\/admin\/\"}]}<\/script>\n<!-- \/ Yoast SEO plugin. -->","yoast_head_json":{"title":"\u201cArt Club\u201d prezanton botimet e tij n\u00eb Panairin e Librit n\u00eb Podgoric\u00eb - Lajme nga Ulqini","description":"Shoqata e Artist\u00ebve dhe Intelektual\u00ebve \u201cArt Club\u201d do t\u00eb marr\u00eb pjes\u00eb n\u00eb Panairin e 7-t\u00eb Nd\u00ebrkomb\u00ebtar t\u00eb Librit n\u00eb Podgoric\u00eb. N\u00eb k\u00ebt\u00eb panair, \u201cArt Club\u201d do","robots":{"index":"index","follow":"follow","max-snippet":"max-snippet:-1","max-image-preview":"max-image-preview:large","max-video-preview":"max-video-preview:-1"},"canonical":"https:\/\/www.visit-ulcinj.com\/blog\/2012\/05\/07\/art-club-prezanton-botimet-e-tij-ne-panairin-e-librit-ne-podgorice\/","og_locale":"en_US","og_type":"article","og_title":"\u201cArt Club\u201d prezanton botimet e tij n\u00eb Panairin e Librit n\u00eb Podgoric\u00eb - Lajme nga Ulqini","og_description":"Shoqata e Artist\u00ebve dhe Intelektual\u00ebve \u201cArt Club\u201d do t\u00eb marr\u00eb pjes\u00eb n\u00eb Panairin e 7-t\u00eb Nd\u00ebrkomb\u00ebtar t\u00eb Librit n\u00eb Podgoric\u00eb. N\u00eb k\u00ebt\u00eb panair, \u201cArt Club\u201d do","og_url":"https:\/\/www.visit-ulcinj.com\/blog\/2012\/05\/07\/art-club-prezanton-botimet-e-tij-ne-panairin-e-librit-ne-podgorice\/","og_site_name":"Lajme nga Ulqini","article_published_time":"2012-05-07T16:31:48+00:00","og_image":[{"url":"http:\/\/www.visit-ulcinj.com\/blog\/wp-content\/uploads\/2012\/05\/Shoqata-Art-Club-Ulqin.1.jpg"}],"twitter_misc":{"Written by":"ulqini","Est. reading time":"1 minute"},"schema":{"@context":"https:\/\/schema.org","@graph":[{"@type":"WebSite","@id":"https:\/\/www.visit-ulcinj.com\/blog\/#website","url":"https:\/\/www.visit-ulcinj.com\/blog\/","name":"Lajme nga Ulqini","description":"Lajme,Vijesti,Ulqini,Ulqin,Crna Gora,Mali i Zi","potentialAction":[{"@type":"SearchAction","target":{"@type":"EntryPoint","urlTemplate":"https:\/\/www.visit-ulcinj.com\/blog\/?s={search_term_string}"},"query-input":"required name=search_term_string"}],"inLanguage":"en-US"},{"@type":"ImageObject","inLanguage":"en-US","@id":"https:\/\/www.visit-ulcinj.com\/blog\/2012\/05\/07\/art-club-prezanton-botimet-e-tij-ne-panairin-e-librit-ne-podgorice\/#primaryimage","url":"https:\/\/www.visit-ulcinj.com\/blog\/wp-content\/uploads\/2012\/05\/Shoqata-Art-Club-Ulqin.1.jpg","contentUrl":"https:\/\/www.visit-ulcinj.com\/blog\/wp-content\/uploads\/2012\/05\/Shoqata-Art-Club-Ulqin.1.jpg","width":"625","height":"138"},{"@type":"WebPage","@id":"https:\/\/www.visit-ulcinj.com\/blog\/2012\/05\/07\/art-club-prezanton-botimet-e-tij-ne-panairin-e-librit-ne-podgorice\/#webpage","url":"https:\/\/www.visit-ulcinj.com\/blog\/2012\/05\/07\/art-club-prezanton-botimet-e-tij-ne-panairin-e-librit-ne-podgorice\/","name":"\u201cArt Club\u201d prezanton botimet e tij n\u00eb Panairin e Librit n\u00eb Podgoric\u00eb - Lajme nga Ulqini","isPartOf":{"@id":"https:\/\/www.visit-ulcinj.com\/blog\/#website"},"primaryImageOfPage":{"@id":"https:\/\/www.visit-ulcinj.com\/blog\/2012\/05\/07\/art-club-prezanton-botimet-e-tij-ne-panairin-e-librit-ne-podgorice\/#primaryimage"},"datePublished":"2012-05-07T16:31:48+00:00","dateModified":"2012-05-07T16:31:48+00:00","author":{"@id":"https:\/\/www.visit-ulcinj.com\/blog\/#\/schema\/person\/dcab619c614d3038751c63bc2aadc06d"},"description":"Shoqata e Artist\u00ebve dhe Intelektual\u00ebve \u201cArt Club\u201d do t\u00eb marr\u00eb pjes\u00eb n\u00eb Panairin e 7-t\u00eb Nd\u00ebrkomb\u00ebtar t\u00eb Librit n\u00eb Podgoric\u00eb. N\u00eb k\u00ebt\u00eb panair, \u201cArt Club\u201d do","breadcrumb":{"@id":"https:\/\/www.visit-ulcinj.com\/blog\/2012\/05\/07\/art-club-prezanton-botimet-e-tij-ne-panairin-e-librit-ne-podgorice\/#breadcrumb"},"inLanguage":"en-US","potentialAction":[{"@type":"ReadAction","target":["https:\/\/www.visit-ulcinj.com\/blog\/2012\/05\/07\/art-club-prezanton-botimet-e-tij-ne-panairin-e-librit-ne-podgorice\/"]}]},{"@type":"BreadcrumbList","@id":"https:\/\/www.visit-ulcinj.com\/blog\/2012\/05\/07\/art-club-prezanton-botimet-e-tij-ne-panairin-e-librit-ne-podgorice\/#breadcrumb","itemListElement":[{"@type":"ListItem","position":1,"name":"\u201cArt Club\u201d prezanton botimet e tij n\u00eb Panairin e Librit n\u00eb Podgoric\u00eb"}]},{"@type":"Person","@id":"https:\/\/www.visit-ulcinj.com\/blog\/#\/schema\/person\/dcab619c614d3038751c63bc2aadc06d","name":"ulqini","sameAs":["http:\/\/www.visit-ulcinj.com"],"url":"https:\/\/www.visit-ulcinj.com\/blog\/author\/admin\/"}]}},"jetpack_featured_media_url":"","jetpack_sharing_enabled":true,"jetpack_shortlink":"https:\/\/wp.me\/pe6lTn-fEL","_links":{"self":[{"href":"https:\/\/www.visit-ulcinj.com\/blog\/wp-json\/wp\/v2\/posts\/60187"}],"collection":[{"href":"https:\/\/www.visit-ulcinj.com\/blog\/wp-json\/wp\/v2\/posts"}],"about":[{"href":"https:\/\/www.visit-ulcinj.com\/blog\/wp-json\/wp\/v2\/types\/post"}],"author":[{"embeddable":true,"href":"https:\/\/www.visit-ulcinj.com\/blog\/wp-json\/wp\/v2\/users\/1"}],"replies":[{"embeddable":true,"href":"https:\/\/www.visit-ulcinj.com\/blog\/wp-json\/wp\/v2\/comments?post=60187"}],"version-history":[{"count":2,"href":"https:\/\/www.visit-ulcinj.com\/blog\/wp-json\/wp\/v2\/posts\/60187\/revisions"}],"predecessor-version":[{"id":60393,"href":"https:\/\/www.visit-ulcinj.com\/blog\/wp-json\/wp\/v2\/posts\/60187\/revisions\/60393"}],"wp:attachment":[{"href":"https:\/\/www.visit-ulcinj.com\/blog\/wp-json\/wp\/v2\/media?parent=60187"}],"wp:term":[{"taxonomy":"category","embeddable":true,"href":"https:\/\/www.visit-ulcinj.com\/blog\/wp-json\/wp\/v2\/categories?post=60187"},{"taxonomy":"post_tag","embeddable":true,"href":"https:\/\/www.visit-ulcinj.com\/blog\/wp-json\/wp\/v2\/tags?post=60187"}],"curies":[{"name":"wp","href":"https:\/\/api.w.org\/{rel}","templated":true}]}}