{"id":60191,"date":"2012-05-07T18:15:34","date_gmt":"2012-05-07T17:15:34","guid":{"rendered":"http:\/\/www.visit-ulcinj.com\/blog\/?p=60191"},"modified":"2012-05-07T18:15:34","modified_gmt":"2012-05-07T17:15:34","slug":"tryeze-e-rrumbullakt-qytetaria-vepruesene-hotel-otrant-ulqin","status":"publish","type":"post","link":"https:\/\/www.visit-ulcinj.com\/blog\/2012\/05\/07\/tryeze-e-rrumbullakt-qytetaria-vepruesene-hotel-otrant-ulqin\/","title":{"rendered":"Tryez\u00eb e rrumbullakt \u201cQytetaria vepruese\u201dn\u00eb hotel Otrant Ulqin"},"content":{"rendered":"<p align=\"center\"><strong><em><a href=\"http:\/\/www.visit-ulcinj.com\/blog\/wp-content\/uploads\/2012\/05\/Mogul.jpg\"><img loading=\"lazy\" class=\"alignleft  wp-image-60192\" title=\"Mogul\" src=\"http:\/\/www.visit-ulcinj.com\/blog\/wp-content\/uploads\/2012\/05\/Mogul.jpg\" alt=\"\" width=\"508\" height=\"100\" \/><\/a>FTES\u00cb<\/em><\/strong><\/p>\n<p align=\"center\"><strong>p\u00ebr <\/strong><\/p>\n<p align=\"center\"><strong>Tryez\u00eb t\u00eb rrumbullak\u00ebt<\/strong><\/p>\n<p align=\"center\"><strong>\u00a0<\/strong><\/p>\n<p align=\"center\"><strong>\u00a0<\/strong><\/p>\n<p align=\"center\"><strong><em>\u201cAsk and Demand- qytetaria vepruese\u201d<\/em><\/strong><\/p>\n<p><strong>\u00a0<\/strong><\/p>\n<p><strong>\u00a0<\/strong><\/p>\n<p><strong>I\/E nderuar, <\/strong><\/p>\n<p><strong>\u00a0<\/strong><\/p>\n<p><strong>Ju ftojm\u00eb t\u00eb merrni pjes\u00eb n\u00eb tryez\u00eben e rrumbullak\u00ebt <em>\u201cQytetaria vepruese\u201d, <\/em>q\u00eb do t\u00eb mbahet t\u00eb m\u00ebrkuren me 09. maj 2012., me fillim n\u00eb 11:00h n\u00eb hotelin \u201eOtrant\u201c n\u00eb Ulqin.<\/strong><\/p>\n<p><strong><em>\u00a0<\/em><\/strong><\/p>\n<p><strong>Ju lutem t\u00eb na komfirmoni pjes\u00ebmarrjen tuaj deri t\u00eb marten me 08. maj 2012. N\u00eb e-mail <\/strong><a href=\"mailto:mog-ul@t-com.me\"><strong>mog-ul@t-com.me<\/strong><\/a><strong> ose n\u00eb numrat e \u00a0telefonit 069\/023-256 ose 069\/707-079.<\/strong><\/p>\n<p><strong>\u00a0<\/strong><\/p>\n<p><strong>Mir\u00ebsevini!<\/strong><\/p>\n<p><strong>\u00a0<\/strong><\/p>\n<p><strong>\u00a0<\/strong><\/p>\n<p><strong>Me respekt,<\/strong><\/p>\n<p><strong>\u00a0<\/strong><\/p>\n<p><strong>Xhemal Peroviq<\/strong><\/p>\n<p><strong>Drejtori ekzekutiv i MogUL\u00a0 <\/strong><\/p>\n<p align=\"center\"><strong><a href=\"http:\/\/www.visit-ulcinj.com\/blog\/wp-content\/uploads\/2012\/05\/Mogul.jpg\"><img loading=\"lazy\" class=\"alignleft  wp-image-60192\" title=\"Mogul\" src=\"http:\/\/www.visit-ulcinj.com\/blog\/wp-content\/uploads\/2012\/05\/Mogul.jpg\" alt=\"\" width=\"508\" height=\"85\" \/><\/a>Projekti:<\/strong><\/p>\n<p align=\"center\"><strong><em>\u00a0\u201eASK and DEMAND\u201c<\/em><\/strong><\/p>\n<p align=\"center\"><strong>\u00a0<\/strong><\/p>\n<p align=\"center\"><strong>Tryez\u00eb e rrumbullakt <\/strong><\/p>\n<p align=\"center\"><strong>\u201cQytetaria vepruese\u201d<\/strong><\/p>\n<p align=\"center\"><strong>\u00a0<\/strong><\/p>\n<p align=\"center\"><strong>Hotel \u00a0\u201cOtrant\u201d Ulqin<\/strong><\/p>\n<p align=\"center\"><strong>09. maj 2012. (e m\u00ebrkur\u00eb), 11:00h<\/strong><\/p>\n<p align=\"center\"><strong>\u00a0<\/strong><\/p>\n<p align=\"center\"><strong>\u00a0<\/strong><\/p>\n<p align=\"center\"><strong>A Gj E N D A<\/strong><\/p>\n<p>&nbsp;<\/p>\n<p>10:30- 10:45\u00a0\u00a0 \u00a0\u00a0Pritja e pjes\u00ebmarr\u00ebsve<\/p>\n<p>&nbsp;<\/p>\n<p>11:00\u2013 10:15\u00a0 \u00a0\u00a0\u00c7elja dhe fjala p\u00ebrsh\u00ebndet\u00ebse:<\/p>\n<p><strong>Nazif Cungu, kryetar\u00eb i Komun\u00ebs s\u00eb Ulqinit<em> \u00a0\u00a0<\/em><\/strong><\/p>\n<p>&nbsp;<\/p>\n<p>11:15 \u2013 11:45\u00a0 \u00a0Ligj\u00ebruesit:<\/p>\n<p><strong>Darko Ivanovi<\/strong><strong>\u0107<\/strong><strong> &#8211; Aleanca qytetare<em> <\/em><\/strong><\/p>\n<p><strong><em>\u00a0\u201cQytetaria vepruese n\u00eb Mal\u00eb t\u00eb Zi\u201d <\/em><\/strong><\/p>\n<p><strong>\u00a0<\/strong><\/p>\n<p><strong>\u00a0\u00a0 Xhemal M. Peroviq- MogUL<\/strong><\/p>\n<p><strong><em>\u201cQytetaria vepruese n\u00eb Ulqin\u201d <\/em><\/strong><\/p>\n<p><strong>\u00a0<\/strong><\/p>\n<p>11:45 \u2013 12:00\u00a0\u00a0 <strong>Kafe Pauz\u00eb<\/strong><\/p>\n<p><strong>\u00a0<\/strong><\/p>\n<p>12:00 \u2013 13:30\u00a0\u00a0 Diskutim<\/p>\n<p>&nbsp;<\/p>\n<p><strong>13:30\u00a0\u00a0 Evaluimi dhe p\u00ebrmbyllja<\/strong><\/p>\n","protected":false},"excerpt":{"rendered":"<p>FTES\u00cb p\u00ebr Tryez\u00eb t\u00eb rrumbullak\u00ebt \u00a0 \u00a0 \u201cAsk and Demand- qytetaria vepruese\u201d \u00a0 \u00a0 I\/E nderuar, \u00a0 Ju ftojm\u00eb t\u00eb merrni pjes\u00eb n\u00eb tryez\u00eben e rrumbullak\u00ebt \u201cQytetaria vepruese\u201d, q\u00eb do t\u00eb mbahet t\u00eb m\u00ebrkuren me 09. maj 2012., me fillim n\u00eb 11:00h n\u00eb hotelin \u201eOtrant\u201c n\u00eb Ulqin. \u00a0 Ju lutem t\u00eb na komfirmoni pjes\u00ebmarrjen tuaj [&hellip;]<\/p>\n","protected":false},"author":1,"featured_media":0,"comment_status":"open","ping_status":"closed","sticky":false,"template":"","format":"standard","meta":{"spay_email":"","jetpack_publicize_message":"","jetpack_is_tweetstorm":false,"jetpack_publicize_feature_enabled":true},"categories":[6950],"tags":[19119,19536,18,4265],"jetpack_publicize_connections":[],"yoast_head":"<!-- This site is optimized with the Yoast SEO plugin v19.1 - https:\/\/yoast.com\/wordpress\/plugins\/seo\/ -->\n<title>Tryez\u00eb e rrumbullakt \u201cQytetaria vepruese\u201dn\u00eb hotel Otrant Ulqin - Lajme nga Ulqini<\/title>\n<meta name=\"description\" content=\"FTES\u00cb p\u00ebr Tryez\u00eb t\u00eb rrumbullak\u00ebt \u00a0 \u00a0 \u201cAsk and Demand- qytetaria vepruese\u201d \u00a0 \u00a0 I\/E nderuar, \u00a0 Ju ftojm\u00eb t\u00eb merrni pjes\u00eb n\u00eb tryez\u00eben e rrumbullak\u00ebt\" \/>\n<meta name=\"robots\" content=\"index, follow, max-snippet:-1, max-image-preview:large, max-video-preview:-1\" \/>\n<link rel=\"canonical\" href=\"https:\/\/www.visit-ulcinj.com\/blog\/2012\/05\/07\/tryeze-e-rrumbullakt-qytetaria-vepruesene-hotel-otrant-ulqin\/\" \/>\n<meta property=\"og:locale\" content=\"en_US\" \/>\n<meta property=\"og:type\" content=\"article\" \/>\n<meta property=\"og:title\" content=\"Tryez\u00eb e rrumbullakt \u201cQytetaria vepruese\u201dn\u00eb hotel Otrant Ulqin - Lajme nga Ulqini\" \/>\n<meta property=\"og:description\" content=\"FTES\u00cb p\u00ebr Tryez\u00eb t\u00eb rrumbullak\u00ebt \u00a0 \u00a0 \u201cAsk and Demand- qytetaria vepruese\u201d \u00a0 \u00a0 I\/E nderuar, \u00a0 Ju ftojm\u00eb t\u00eb merrni pjes\u00eb n\u00eb tryez\u00eben e rrumbullak\u00ebt\" \/>\n<meta property=\"og:url\" content=\"https:\/\/www.visit-ulcinj.com\/blog\/2012\/05\/07\/tryeze-e-rrumbullakt-qytetaria-vepruesene-hotel-otrant-ulqin\/\" \/>\n<meta property=\"og:site_name\" content=\"Lajme nga Ulqini\" \/>\n<meta property=\"article:published_time\" content=\"2012-05-07T17:15:34+00:00\" \/>\n<meta property=\"og:image\" content=\"http:\/\/www.visit-ulcinj.com\/blog\/wp-content\/uploads\/2012\/05\/Mogul.jpg\" \/>\n<meta name=\"twitter:label1\" content=\"Written by\" \/>\n\t<meta name=\"twitter:data1\" content=\"ulqini\" \/>\n\t<meta name=\"twitter:label2\" content=\"Est. reading time\" \/>\n\t<meta name=\"twitter:data2\" content=\"1 minute\" \/>\n<script type=\"application\/ld+json\" class=\"yoast-schema-graph\">{\"@context\":\"https:\/\/schema.org\",\"@graph\":[{\"@type\":\"WebSite\",\"@id\":\"https:\/\/www.visit-ulcinj.com\/blog\/#website\",\"url\":\"https:\/\/www.visit-ulcinj.com\/blog\/\",\"name\":\"Lajme nga Ulqini\",\"description\":\"Lajme,Vijesti,Ulqini,Ulqin,Crna Gora,Mali i Zi\",\"potentialAction\":[{\"@type\":\"SearchAction\",\"target\":{\"@type\":\"EntryPoint\",\"urlTemplate\":\"https:\/\/www.visit-ulcinj.com\/blog\/?s={search_term_string}\"},\"query-input\":\"required name=search_term_string\"}],\"inLanguage\":\"en-US\"},{\"@type\":\"ImageObject\",\"inLanguage\":\"en-US\",\"@id\":\"https:\/\/www.visit-ulcinj.com\/blog\/2012\/05\/07\/tryeze-e-rrumbullakt-qytetaria-vepruesene-hotel-otrant-ulqin\/#primaryimage\",\"url\":\"https:\/\/www.visit-ulcinj.com\/blog\/wp-content\/uploads\/2012\/05\/Mogul.jpg\",\"contentUrl\":\"https:\/\/www.visit-ulcinj.com\/blog\/wp-content\/uploads\/2012\/05\/Mogul.jpg\",\"width\":\"499\",\"height\":\"85\"},{\"@type\":\"WebPage\",\"@id\":\"https:\/\/www.visit-ulcinj.com\/blog\/2012\/05\/07\/tryeze-e-rrumbullakt-qytetaria-vepruesene-hotel-otrant-ulqin\/#webpage\",\"url\":\"https:\/\/www.visit-ulcinj.com\/blog\/2012\/05\/07\/tryeze-e-rrumbullakt-qytetaria-vepruesene-hotel-otrant-ulqin\/\",\"name\":\"Tryez\u00eb e rrumbullakt \u201cQytetaria vepruese\u201dn\u00eb hotel Otrant Ulqin - Lajme nga Ulqini\",\"isPartOf\":{\"@id\":\"https:\/\/www.visit-ulcinj.com\/blog\/#website\"},\"primaryImageOfPage\":{\"@id\":\"https:\/\/www.visit-ulcinj.com\/blog\/2012\/05\/07\/tryeze-e-rrumbullakt-qytetaria-vepruesene-hotel-otrant-ulqin\/#primaryimage\"},\"datePublished\":\"2012-05-07T17:15:34+00:00\",\"dateModified\":\"2012-05-07T17:15:34+00:00\",\"author\":{\"@id\":\"https:\/\/www.visit-ulcinj.com\/blog\/#\/schema\/person\/dcab619c614d3038751c63bc2aadc06d\"},\"description\":\"FTES\u00cb p\u00ebr Tryez\u00eb t\u00eb rrumbullak\u00ebt \u00a0 \u00a0 \u201cAsk and Demand- qytetaria vepruese\u201d \u00a0 \u00a0 I\/E nderuar, \u00a0 Ju ftojm\u00eb t\u00eb merrni pjes\u00eb n\u00eb tryez\u00eben e rrumbullak\u00ebt\",\"breadcrumb\":{\"@id\":\"https:\/\/www.visit-ulcinj.com\/blog\/2012\/05\/07\/tryeze-e-rrumbullakt-qytetaria-vepruesene-hotel-otrant-ulqin\/#breadcrumb\"},\"inLanguage\":\"en-US\",\"potentialAction\":[{\"@type\":\"ReadAction\",\"target\":[\"https:\/\/www.visit-ulcinj.com\/blog\/2012\/05\/07\/tryeze-e-rrumbullakt-qytetaria-vepruesene-hotel-otrant-ulqin\/\"]}]},{\"@type\":\"BreadcrumbList\",\"@id\":\"https:\/\/www.visit-ulcinj.com\/blog\/2012\/05\/07\/tryeze-e-rrumbullakt-qytetaria-vepruesene-hotel-otrant-ulqin\/#breadcrumb\",\"itemListElement\":[{\"@type\":\"ListItem\",\"position\":1,\"name\":\"Tryez\u00eb e rrumbullakt \u201cQytetaria vepruese\u201dn\u00eb hotel Otrant Ulqin\"}]},{\"@type\":\"Person\",\"@id\":\"https:\/\/www.visit-ulcinj.com\/blog\/#\/schema\/person\/dcab619c614d3038751c63bc2aadc06d\",\"name\":\"ulqini\",\"sameAs\":[\"http:\/\/www.visit-ulcinj.com\"],\"url\":\"https:\/\/www.visit-ulcinj.com\/blog\/author\/admin\/\"}]}<\/script>\n<!-- \/ Yoast SEO plugin. -->","yoast_head_json":{"title":"Tryez\u00eb e rrumbullakt \u201cQytetaria vepruese\u201dn\u00eb hotel Otrant Ulqin - Lajme nga Ulqini","description":"FTES\u00cb p\u00ebr Tryez\u00eb t\u00eb rrumbullak\u00ebt \u00a0 \u00a0 \u201cAsk and Demand- qytetaria vepruese\u201d \u00a0 \u00a0 I\/E nderuar, \u00a0 Ju ftojm\u00eb t\u00eb merrni pjes\u00eb n\u00eb tryez\u00eben e rrumbullak\u00ebt","robots":{"index":"index","follow":"follow","max-snippet":"max-snippet:-1","max-image-preview":"max-image-preview:large","max-video-preview":"max-video-preview:-1"},"canonical":"https:\/\/www.visit-ulcinj.com\/blog\/2012\/05\/07\/tryeze-e-rrumbullakt-qytetaria-vepruesene-hotel-otrant-ulqin\/","og_locale":"en_US","og_type":"article","og_title":"Tryez\u00eb e rrumbullakt \u201cQytetaria vepruese\u201dn\u00eb hotel Otrant Ulqin - Lajme nga Ulqini","og_description":"FTES\u00cb p\u00ebr Tryez\u00eb t\u00eb rrumbullak\u00ebt \u00a0 \u00a0 \u201cAsk and Demand- qytetaria vepruese\u201d \u00a0 \u00a0 I\/E nderuar, \u00a0 Ju ftojm\u00eb t\u00eb merrni pjes\u00eb n\u00eb tryez\u00eben e rrumbullak\u00ebt","og_url":"https:\/\/www.visit-ulcinj.com\/blog\/2012\/05\/07\/tryeze-e-rrumbullakt-qytetaria-vepruesene-hotel-otrant-ulqin\/","og_site_name":"Lajme nga Ulqini","article_published_time":"2012-05-07T17:15:34+00:00","og_image":[{"url":"http:\/\/www.visit-ulcinj.com\/blog\/wp-content\/uploads\/2012\/05\/Mogul.jpg"}],"twitter_misc":{"Written by":"ulqini","Est. reading time":"1 minute"},"schema":{"@context":"https:\/\/schema.org","@graph":[{"@type":"WebSite","@id":"https:\/\/www.visit-ulcinj.com\/blog\/#website","url":"https:\/\/www.visit-ulcinj.com\/blog\/","name":"Lajme nga Ulqini","description":"Lajme,Vijesti,Ulqini,Ulqin,Crna Gora,Mali i Zi","potentialAction":[{"@type":"SearchAction","target":{"@type":"EntryPoint","urlTemplate":"https:\/\/www.visit-ulcinj.com\/blog\/?s={search_term_string}"},"query-input":"required name=search_term_string"}],"inLanguage":"en-US"},{"@type":"ImageObject","inLanguage":"en-US","@id":"https:\/\/www.visit-ulcinj.com\/blog\/2012\/05\/07\/tryeze-e-rrumbullakt-qytetaria-vepruesene-hotel-otrant-ulqin\/#primaryimage","url":"https:\/\/www.visit-ulcinj.com\/blog\/wp-content\/uploads\/2012\/05\/Mogul.jpg","contentUrl":"https:\/\/www.visit-ulcinj.com\/blog\/wp-content\/uploads\/2012\/05\/Mogul.jpg","width":"499","height":"85"},{"@type":"WebPage","@id":"https:\/\/www.visit-ulcinj.com\/blog\/2012\/05\/07\/tryeze-e-rrumbullakt-qytetaria-vepruesene-hotel-otrant-ulqin\/#webpage","url":"https:\/\/www.visit-ulcinj.com\/blog\/2012\/05\/07\/tryeze-e-rrumbullakt-qytetaria-vepruesene-hotel-otrant-ulqin\/","name":"Tryez\u00eb e rrumbullakt \u201cQytetaria vepruese\u201dn\u00eb hotel Otrant Ulqin - Lajme nga Ulqini","isPartOf":{"@id":"https:\/\/www.visit-ulcinj.com\/blog\/#website"},"primaryImageOfPage":{"@id":"https:\/\/www.visit-ulcinj.com\/blog\/2012\/05\/07\/tryeze-e-rrumbullakt-qytetaria-vepruesene-hotel-otrant-ulqin\/#primaryimage"},"datePublished":"2012-05-07T17:15:34+00:00","dateModified":"2012-05-07T17:15:34+00:00","author":{"@id":"https:\/\/www.visit-ulcinj.com\/blog\/#\/schema\/person\/dcab619c614d3038751c63bc2aadc06d"},"description":"FTES\u00cb p\u00ebr Tryez\u00eb t\u00eb rrumbullak\u00ebt \u00a0 \u00a0 \u201cAsk and Demand- qytetaria vepruese\u201d \u00a0 \u00a0 I\/E nderuar, \u00a0 Ju ftojm\u00eb t\u00eb merrni pjes\u00eb n\u00eb tryez\u00eben e rrumbullak\u00ebt","breadcrumb":{"@id":"https:\/\/www.visit-ulcinj.com\/blog\/2012\/05\/07\/tryeze-e-rrumbullakt-qytetaria-vepruesene-hotel-otrant-ulqin\/#breadcrumb"},"inLanguage":"en-US","potentialAction":[{"@type":"ReadAction","target":["https:\/\/www.visit-ulcinj.com\/blog\/2012\/05\/07\/tryeze-e-rrumbullakt-qytetaria-vepruesene-hotel-otrant-ulqin\/"]}]},{"@type":"BreadcrumbList","@id":"https:\/\/www.visit-ulcinj.com\/blog\/2012\/05\/07\/tryeze-e-rrumbullakt-qytetaria-vepruesene-hotel-otrant-ulqin\/#breadcrumb","itemListElement":[{"@type":"ListItem","position":1,"name":"Tryez\u00eb e rrumbullakt \u201cQytetaria vepruese\u201dn\u00eb hotel Otrant Ulqin"}]},{"@type":"Person","@id":"https:\/\/www.visit-ulcinj.com\/blog\/#\/schema\/person\/dcab619c614d3038751c63bc2aadc06d","name":"ulqini","sameAs":["http:\/\/www.visit-ulcinj.com"],"url":"https:\/\/www.visit-ulcinj.com\/blog\/author\/admin\/"}]}},"jetpack_featured_media_url":"","jetpack_sharing_enabled":true,"jetpack_shortlink":"https:\/\/wp.me\/pe6lTn-fEP","_links":{"self":[{"href":"https:\/\/www.visit-ulcinj.com\/blog\/wp-json\/wp\/v2\/posts\/60191"}],"collection":[{"href":"https:\/\/www.visit-ulcinj.com\/blog\/wp-json\/wp\/v2\/posts"}],"about":[{"href":"https:\/\/www.visit-ulcinj.com\/blog\/wp-json\/wp\/v2\/types\/post"}],"author":[{"embeddable":true,"href":"https:\/\/www.visit-ulcinj.com\/blog\/wp-json\/wp\/v2\/users\/1"}],"replies":[{"embeddable":true,"href":"https:\/\/www.visit-ulcinj.com\/blog\/wp-json\/wp\/v2\/comments?post=60191"}],"version-history":[{"count":1,"href":"https:\/\/www.visit-ulcinj.com\/blog\/wp-json\/wp\/v2\/posts\/60191\/revisions"}],"predecessor-version":[{"id":60193,"href":"https:\/\/www.visit-ulcinj.com\/blog\/wp-json\/wp\/v2\/posts\/60191\/revisions\/60193"}],"wp:attachment":[{"href":"https:\/\/www.visit-ulcinj.com\/blog\/wp-json\/wp\/v2\/media?parent=60191"}],"wp:term":[{"taxonomy":"category","embeddable":true,"href":"https:\/\/www.visit-ulcinj.com\/blog\/wp-json\/wp\/v2\/categories?post=60191"},{"taxonomy":"post_tag","embeddable":true,"href":"https:\/\/www.visit-ulcinj.com\/blog\/wp-json\/wp\/v2\/tags?post=60191"}],"curies":[{"name":"wp","href":"https:\/\/api.w.org\/{rel}","templated":true}]}}