{"id":60194,"date":"2012-05-08T16:46:25","date_gmt":"2012-05-08T15:46:25","guid":{"rendered":"http:\/\/www.visit-ulcinj.com\/blog\/?p=60194"},"modified":"2012-05-08T16:46:25","modified_gmt":"2012-05-08T15:46:25","slug":"ada-bojana-otvara-kapije","status":"publish","type":"post","link":"https:\/\/www.visit-ulcinj.com\/blog\/2012\/05\/08\/ada-bojana-otvara-kapije\/","title":{"rendered":"Ada Bojana otvara kapije"},"content":{"rendered":"<p><a href=\"http:\/\/www.visit-ulcinj.com\/blog\/wp-content\/uploads\/2012\/05\/Ada-Bojana-Ulcinj.jpg\"><img loading=\"lazy\" class=\"alignleft  wp-image-60196\" title=\"Ada Bojana Ulcinj\" src=\"http:\/\/www.visit-ulcinj.com\/blog\/wp-content\/uploads\/2012\/05\/Ada-Bojana-Ulcinj.jpg\" alt=\"\" width=\"508\" height=\"360\" \/><\/a>Kapije nudisti\u010dkog naselja Ada Bojana, kako ga mnogi nazivaju rajskog ostrva, otvaraju se danas.<\/p>\n<p>Prvi gosti su, po tradiciji, iz Njema\u010dke, a iz HTP Ulcinjska rivijera najavljuju mnogo novina.<\/p>\n<p>Ka\u017eu da nije fraza i kada se ka\u017ee da se ljubav prema Adi Bojani ra\u0111a na prvi pogled.<\/p>\n<p>Jer, ko jednom zakora\u010di u ovu oazu prirode, satkanu od sitnog pijeska, morske vode, rijeke, sunca, vjetra i netaknute prirode, vrati se uvijek.<\/p>\n<p>Prema rije\u010dima PR HTP Ulcinjska rivijera Ane \u017divanovi\u0107, prvi gosti dolaze posredstvom njem\u010dke agencije Obena. Tokom maja i juna, kako navodi, ve\u0107ina gostiju koja je najavila boravak na Adi Bojani, dolazi iz Njema\u010dke, a tokom jula i avgusta na ostrvu o\u010dekuju goste iz svih krajeva Evrope.<\/p>\n<p>\u017divanovi\u0107 isti\u010de da su ure\u0111eni i sportski sadr\u017eaji, a poseban akcenat je dat teniskim terenima.<\/p>\n<p>Na Adi se gosti mogu rekreirati i u igri odbojke, malog fudbala, stonog tenisa.<\/p>\n<p>Posebna atrakcija turistima u ljetnjim mjesecima, svakako su sportovi na vodi, surf i kajtsurf.<\/p>\n<p>Prema njenim rije\u010dima, buking za ljeto 2012. je odli\u010dan, a od strane agencija sa kojima sara\u0111uju imaju pove\u0107ano interesovanje, ne samo za pro\u0161irenje zakupljenih kapaciteta, nego i za produ\u017eetak vremena kori\u0161\u0107enja.<\/p>\n<p>Tome svakako doprinose, smatra \u017divanovi\u0107, i povoljne cijene smje\u0161tajnih kapaciteta. Cijena polupansiona na Adi Bojani se kre\u0107e od 27 do 48 eura.<\/p>\n<p><strong>Izvor: CdM\/Antena M<\/strong><\/p>\n","protected":false},"excerpt":{"rendered":"<p>Kapije nudisti\u010dkog naselja Ada Bojana, kako ga mnogi nazivaju rajskog ostrva, otvaraju se danas. Prvi gosti su, po tradiciji, iz Njema\u010dke, a iz HTP Ulcinjska rivijera najavljuju mnogo novina. Ka\u017eu da nije fraza i kada se ka\u017ee da se ljubav prema Adi Bojani ra\u0111a na prvi pogled. Jer, ko jednom zakora\u010di u ovu oazu prirode, [&hellip;]<\/p>\n","protected":false},"author":1,"featured_media":0,"comment_status":"open","ping_status":"closed","sticky":false,"template":"","format":"standard","meta":{"spay_email":"","jetpack_publicize_message":"","jetpack_is_tweetstorm":false,"jetpack_publicize_feature_enabled":true},"categories":[8337],"tags":[4525],"jetpack_publicize_connections":[],"yoast_head":"<!-- This site is optimized with the Yoast SEO plugin v19.1 - https:\/\/yoast.com\/wordpress\/plugins\/seo\/ -->\n<title>Ada Bojana otvara kapije - Lajme nga Ulqini<\/title>\n<meta name=\"description\" content=\"Kapije nudisti\u010dkog naselja Ada Bojana, kako ga mnogi nazivaju rajskog ostrva, otvaraju se danas. Prvi gosti su, po tradiciji, iz Njema\u010dke, a iz HTP\" \/>\n<meta name=\"robots\" content=\"index, follow, max-snippet:-1, max-image-preview:large, max-video-preview:-1\" \/>\n<link rel=\"canonical\" href=\"https:\/\/www.visit-ulcinj.com\/blog\/2012\/05\/08\/ada-bojana-otvara-kapije\/\" \/>\n<meta property=\"og:locale\" content=\"en_US\" \/>\n<meta property=\"og:type\" content=\"article\" \/>\n<meta property=\"og:title\" content=\"Ada Bojana otvara kapije - Lajme nga Ulqini\" \/>\n<meta property=\"og:description\" content=\"Kapije nudisti\u010dkog naselja Ada Bojana, kako ga mnogi nazivaju rajskog ostrva, otvaraju se danas. Prvi gosti su, po tradiciji, iz Njema\u010dke, a iz HTP\" \/>\n<meta property=\"og:url\" content=\"https:\/\/www.visit-ulcinj.com\/blog\/2012\/05\/08\/ada-bojana-otvara-kapije\/\" \/>\n<meta property=\"og:site_name\" content=\"Lajme nga Ulqini\" \/>\n<meta property=\"article:published_time\" content=\"2012-05-08T15:46:25+00:00\" \/>\n<meta property=\"og:image\" content=\"http:\/\/www.visit-ulcinj.com\/blog\/wp-content\/uploads\/2012\/05\/Ada-Bojana-Ulcinj.jpg\" \/>\n<meta name=\"twitter:label1\" content=\"Written by\" \/>\n\t<meta name=\"twitter:data1\" content=\"ulqini\" \/>\n\t<meta name=\"twitter:label2\" content=\"Est. reading time\" \/>\n\t<meta name=\"twitter:data2\" content=\"1 minute\" \/>\n<script type=\"application\/ld+json\" class=\"yoast-schema-graph\">{\"@context\":\"https:\/\/schema.org\",\"@graph\":[{\"@type\":\"WebSite\",\"@id\":\"https:\/\/www.visit-ulcinj.com\/blog\/#website\",\"url\":\"https:\/\/www.visit-ulcinj.com\/blog\/\",\"name\":\"Lajme nga Ulqini\",\"description\":\"Lajme,Vijesti,Ulqini,Ulqin,Crna Gora,Mali i Zi\",\"potentialAction\":[{\"@type\":\"SearchAction\",\"target\":{\"@type\":\"EntryPoint\",\"urlTemplate\":\"https:\/\/www.visit-ulcinj.com\/blog\/?s={search_term_string}\"},\"query-input\":\"required name=search_term_string\"}],\"inLanguage\":\"en-US\"},{\"@type\":\"ImageObject\",\"inLanguage\":\"en-US\",\"@id\":\"https:\/\/www.visit-ulcinj.com\/blog\/2012\/05\/08\/ada-bojana-otvara-kapije\/#primaryimage\",\"url\":\"https:\/\/www.visit-ulcinj.com\/blog\/wp-content\/uploads\/2012\/05\/Ada-Bojana-Ulcinj.jpg\",\"contentUrl\":\"https:\/\/www.visit-ulcinj.com\/blog\/wp-content\/uploads\/2012\/05\/Ada-Bojana-Ulcinj.jpg\",\"width\":\"800\",\"height\":\"444\"},{\"@type\":\"WebPage\",\"@id\":\"https:\/\/www.visit-ulcinj.com\/blog\/2012\/05\/08\/ada-bojana-otvara-kapije\/#webpage\",\"url\":\"https:\/\/www.visit-ulcinj.com\/blog\/2012\/05\/08\/ada-bojana-otvara-kapije\/\",\"name\":\"Ada Bojana otvara kapije - Lajme nga Ulqini\",\"isPartOf\":{\"@id\":\"https:\/\/www.visit-ulcinj.com\/blog\/#website\"},\"primaryImageOfPage\":{\"@id\":\"https:\/\/www.visit-ulcinj.com\/blog\/2012\/05\/08\/ada-bojana-otvara-kapije\/#primaryimage\"},\"datePublished\":\"2012-05-08T15:46:25+00:00\",\"dateModified\":\"2012-05-08T15:46:25+00:00\",\"author\":{\"@id\":\"https:\/\/www.visit-ulcinj.com\/blog\/#\/schema\/person\/dcab619c614d3038751c63bc2aadc06d\"},\"description\":\"Kapije nudisti\u010dkog naselja Ada Bojana, kako ga mnogi nazivaju rajskog ostrva, otvaraju se danas. Prvi gosti su, po tradiciji, iz Njema\u010dke, a iz HTP\",\"breadcrumb\":{\"@id\":\"https:\/\/www.visit-ulcinj.com\/blog\/2012\/05\/08\/ada-bojana-otvara-kapije\/#breadcrumb\"},\"inLanguage\":\"en-US\",\"potentialAction\":[{\"@type\":\"ReadAction\",\"target\":[\"https:\/\/www.visit-ulcinj.com\/blog\/2012\/05\/08\/ada-bojana-otvara-kapije\/\"]}]},{\"@type\":\"BreadcrumbList\",\"@id\":\"https:\/\/www.visit-ulcinj.com\/blog\/2012\/05\/08\/ada-bojana-otvara-kapije\/#breadcrumb\",\"itemListElement\":[{\"@type\":\"ListItem\",\"position\":1,\"name\":\"Ada Bojana otvara kapije\"}]},{\"@type\":\"Person\",\"@id\":\"https:\/\/www.visit-ulcinj.com\/blog\/#\/schema\/person\/dcab619c614d3038751c63bc2aadc06d\",\"name\":\"ulqini\",\"sameAs\":[\"http:\/\/www.visit-ulcinj.com\"],\"url\":\"https:\/\/www.visit-ulcinj.com\/blog\/author\/admin\/\"}]}<\/script>\n<!-- \/ Yoast SEO plugin. -->","yoast_head_json":{"title":"Ada Bojana otvara kapije - Lajme nga Ulqini","description":"Kapije nudisti\u010dkog naselja Ada Bojana, kako ga mnogi nazivaju rajskog ostrva, otvaraju se danas. Prvi gosti su, po tradiciji, iz Njema\u010dke, a iz HTP","robots":{"index":"index","follow":"follow","max-snippet":"max-snippet:-1","max-image-preview":"max-image-preview:large","max-video-preview":"max-video-preview:-1"},"canonical":"https:\/\/www.visit-ulcinj.com\/blog\/2012\/05\/08\/ada-bojana-otvara-kapije\/","og_locale":"en_US","og_type":"article","og_title":"Ada Bojana otvara kapije - Lajme nga Ulqini","og_description":"Kapije nudisti\u010dkog naselja Ada Bojana, kako ga mnogi nazivaju rajskog ostrva, otvaraju se danas. Prvi gosti su, po tradiciji, iz Njema\u010dke, a iz HTP","og_url":"https:\/\/www.visit-ulcinj.com\/blog\/2012\/05\/08\/ada-bojana-otvara-kapije\/","og_site_name":"Lajme nga Ulqini","article_published_time":"2012-05-08T15:46:25+00:00","og_image":[{"url":"http:\/\/www.visit-ulcinj.com\/blog\/wp-content\/uploads\/2012\/05\/Ada-Bojana-Ulcinj.jpg"}],"twitter_misc":{"Written by":"ulqini","Est. reading time":"1 minute"},"schema":{"@context":"https:\/\/schema.org","@graph":[{"@type":"WebSite","@id":"https:\/\/www.visit-ulcinj.com\/blog\/#website","url":"https:\/\/www.visit-ulcinj.com\/blog\/","name":"Lajme nga Ulqini","description":"Lajme,Vijesti,Ulqini,Ulqin,Crna Gora,Mali i Zi","potentialAction":[{"@type":"SearchAction","target":{"@type":"EntryPoint","urlTemplate":"https:\/\/www.visit-ulcinj.com\/blog\/?s={search_term_string}"},"query-input":"required name=search_term_string"}],"inLanguage":"en-US"},{"@type":"ImageObject","inLanguage":"en-US","@id":"https:\/\/www.visit-ulcinj.com\/blog\/2012\/05\/08\/ada-bojana-otvara-kapije\/#primaryimage","url":"https:\/\/www.visit-ulcinj.com\/blog\/wp-content\/uploads\/2012\/05\/Ada-Bojana-Ulcinj.jpg","contentUrl":"https:\/\/www.visit-ulcinj.com\/blog\/wp-content\/uploads\/2012\/05\/Ada-Bojana-Ulcinj.jpg","width":"800","height":"444"},{"@type":"WebPage","@id":"https:\/\/www.visit-ulcinj.com\/blog\/2012\/05\/08\/ada-bojana-otvara-kapije\/#webpage","url":"https:\/\/www.visit-ulcinj.com\/blog\/2012\/05\/08\/ada-bojana-otvara-kapije\/","name":"Ada Bojana otvara kapije - Lajme nga Ulqini","isPartOf":{"@id":"https:\/\/www.visit-ulcinj.com\/blog\/#website"},"primaryImageOfPage":{"@id":"https:\/\/www.visit-ulcinj.com\/blog\/2012\/05\/08\/ada-bojana-otvara-kapije\/#primaryimage"},"datePublished":"2012-05-08T15:46:25+00:00","dateModified":"2012-05-08T15:46:25+00:00","author":{"@id":"https:\/\/www.visit-ulcinj.com\/blog\/#\/schema\/person\/dcab619c614d3038751c63bc2aadc06d"},"description":"Kapije nudisti\u010dkog naselja Ada Bojana, kako ga mnogi nazivaju rajskog ostrva, otvaraju se danas. Prvi gosti su, po tradiciji, iz Njema\u010dke, a iz HTP","breadcrumb":{"@id":"https:\/\/www.visit-ulcinj.com\/blog\/2012\/05\/08\/ada-bojana-otvara-kapije\/#breadcrumb"},"inLanguage":"en-US","potentialAction":[{"@type":"ReadAction","target":["https:\/\/www.visit-ulcinj.com\/blog\/2012\/05\/08\/ada-bojana-otvara-kapije\/"]}]},{"@type":"BreadcrumbList","@id":"https:\/\/www.visit-ulcinj.com\/blog\/2012\/05\/08\/ada-bojana-otvara-kapije\/#breadcrumb","itemListElement":[{"@type":"ListItem","position":1,"name":"Ada Bojana otvara kapije"}]},{"@type":"Person","@id":"https:\/\/www.visit-ulcinj.com\/blog\/#\/schema\/person\/dcab619c614d3038751c63bc2aadc06d","name":"ulqini","sameAs":["http:\/\/www.visit-ulcinj.com"],"url":"https:\/\/www.visit-ulcinj.com\/blog\/author\/admin\/"}]}},"jetpack_featured_media_url":"","jetpack_sharing_enabled":true,"jetpack_shortlink":"https:\/\/wp.me\/pe6lTn-fES","_links":{"self":[{"href":"https:\/\/www.visit-ulcinj.com\/blog\/wp-json\/wp\/v2\/posts\/60194"}],"collection":[{"href":"https:\/\/www.visit-ulcinj.com\/blog\/wp-json\/wp\/v2\/posts"}],"about":[{"href":"https:\/\/www.visit-ulcinj.com\/blog\/wp-json\/wp\/v2\/types\/post"}],"author":[{"embeddable":true,"href":"https:\/\/www.visit-ulcinj.com\/blog\/wp-json\/wp\/v2\/users\/1"}],"replies":[{"embeddable":true,"href":"https:\/\/www.visit-ulcinj.com\/blog\/wp-json\/wp\/v2\/comments?post=60194"}],"version-history":[{"count":1,"href":"https:\/\/www.visit-ulcinj.com\/blog\/wp-json\/wp\/v2\/posts\/60194\/revisions"}],"predecessor-version":[{"id":60197,"href":"https:\/\/www.visit-ulcinj.com\/blog\/wp-json\/wp\/v2\/posts\/60194\/revisions\/60197"}],"wp:attachment":[{"href":"https:\/\/www.visit-ulcinj.com\/blog\/wp-json\/wp\/v2\/media?parent=60194"}],"wp:term":[{"taxonomy":"category","embeddable":true,"href":"https:\/\/www.visit-ulcinj.com\/blog\/wp-json\/wp\/v2\/categories?post=60194"},{"taxonomy":"post_tag","embeddable":true,"href":"https:\/\/www.visit-ulcinj.com\/blog\/wp-json\/wp\/v2\/tags?post=60194"}],"curies":[{"name":"wp","href":"https:\/\/api.w.org\/{rel}","templated":true}]}}