{"id":60206,"date":"2012-05-09T17:40:19","date_gmt":"2012-05-09T16:40:19","guid":{"rendered":"http:\/\/www.visit-ulcinj.com\/blog\/?p=60206"},"modified":"2012-05-09T17:40:19","modified_gmt":"2012-05-09T16:40:19","slug":"nova-blokada-puta-u-dijelu-ulcinja-vozaci-bijesni","status":"publish","type":"post","link":"https:\/\/www.visit-ulcinj.com\/blog\/2012\/05\/09\/nova-blokada-puta-u-dijelu-ulcinja-vozaci-bijesni\/","title":{"rendered":"Nova blokada puta u dijelu Ulcinja, voza\u010di bijesni"},"content":{"rendered":"<div id=\"attachment_60207\" style=\"width: 518px\" class=\"wp-caption alignleft\"><a href=\"http:\/\/www.visit-ulcinj.com\/blog\/wp-content\/uploads\/2012\/05\/Kaldrma-u-ulcinjskoj-Staroj-Carsiji.jpg\"><img aria-describedby=\"caption-attachment-60207\" loading=\"lazy\" class=\" wp-image-60207\" title=\"Kaldrma u ulcinjskoj Staroj Carsiji\" src=\"http:\/\/www.visit-ulcinj.com\/blog\/wp-content\/uploads\/2012\/05\/Kaldrma-u-ulcinjskoj-Staroj-Carsiji.jpg\" alt=\"\" width=\"508\" height=\"380\" srcset=\"https:\/\/www.visit-ulcinj.com\/blog\/wp-content\/uploads\/2012\/05\/Kaldrma-u-ulcinjskoj-Staroj-Carsiji.jpg 1000w, https:\/\/www.visit-ulcinj.com\/blog\/wp-content\/uploads\/2012\/05\/Kaldrma-u-ulcinjskoj-Staroj-Carsiji-300x225.jpg 300w\" sizes=\"(max-width: 508px) 100vw, 508px\" \/><\/a><p id=\"caption-attachment-60207\" class=\"wp-caption-text\">Foto: Samir Adrovic - Vijesti<\/p><\/div>\n<p>Kaldrma u ulcinjskoj Staroj \u010dar\u0161iji, sve\u010dano je otvorena prije skoro tri godine, i u me\u0111uvremenu je do\u017eivjela dvije ozbiljne rekonstrukcije.<br \/>\nRadovi na gradskoj kaldrmi u Staroj \u010dar\u0161iji, od restorana \u201cBonita\u201d do raskrsnice za Pinje\u0161, zbog \u010dega je saobra\u0107aj u tom dijelu Ulcinja blokiran u oba smjera ve\u0107 nekoliko dana, bi\u0107e zavr\u0161eni najranije tek sredinom mjeseca, najavio je sekretar za komunalne djelatnosti Avdo Dervi\u0161i.<\/p>\n<p>To \u0107e dodatno razjariti voza\u010de koji ve\u0107 negoduju i koji su zbog radova prinu\u0111eni da idu Meterizima ako im je cilj Pristan, ili gornjim putem, preko Pinje\u0161a, ako sa Pristana \u017eele put grada.<\/p>\n<p>Dervi\u0161i je kazao da je kaldrma bila zrela za rekonstrukciju.<\/p>\n<p>\u201cPrimorani smo na radove jer je kaldrma ra\u0111ena nekvalitetno, uz evidentne propuste. Jednostavno, do\u0161lo je do ulegnu\u0107a, tako da nijesmo smjeli da \u010dekamo sezonu sa kaldrmom u takvom stanju\u201d, kazao je \u201cVijestima\u201d Dervi\u0161i.<\/p>\n<p>On je naveo da je sredina mjeseca najraniji rok za kraj radova zbog, kako je pojasnio, mogu\u0107ih pote\u0161ko\u0107a sa funadmentom, \u0161to bi iziskivalo dodatne aktivnosti i tro\u0161ak.<\/p>\n<p>Kaldrma u ulcinjskoj Staroj \u010dar\u0161iji, sve\u010dano je otvorena prije skoro tri godine, i u me\u0111uvremenu je do\u017eivjela dvije ozbiljne rekonstrukcije. Izvo\u0111a\u010d radova, bosanska firma \u201eProminvest\u201c, propuste je pravdala lo\u0161im kvalitetom pijeska koji je kori\u0161\u0107en, odnosno nedopustivom koli\u010dinom soli koju je sadr\u017eao taj materijal.<\/p>\n<p>Druga faza projekta, koja je predvi\u0111ala izgradnju kaldrme u Novoj mahali, do d\u017eamije i ulicom koja povezuje taj dio grada sa glavnom saobra\u0107ajnicom, trebalo je da bude realizovana nakon ljeta te godine. Radovi na toj fazi, me\u0111utim, nikad nijesu ni po\u010deli.<\/p>\n<p>Sada\u0161nje radove na rekonstrukciji, koji, prema predra\u010dunu, ko\u0161taju oko 20 hiljada eura, izvodi ulcinjska firma \u201cBrisku konstrukcion\u201d. Tro\u0161kove snose Op\u0161tina i Direkcija javnih radova.<\/p>\n<p><a href=\"http:\/\/www.vijesti.me\/vijesti\/nova-blokada-puta-dijelu-ulcinja-vozaci-bijesni-clanak-72624\" target=\"_blank\"><strong>Samir Adrovi\u0107<\/strong><br \/>\n<strong> Vijesti<\/strong><\/a><\/p>\n","protected":false},"excerpt":{"rendered":"<p>Kaldrma u ulcinjskoj Staroj \u010dar\u0161iji, sve\u010dano je otvorena prije skoro tri godine, i u me\u0111uvremenu je do\u017eivjela dvije ozbiljne rekonstrukcije. Radovi na gradskoj kaldrmi u Staroj \u010dar\u0161iji, od restorana \u201cBonita\u201d do raskrsnice za Pinje\u0161, zbog \u010dega je saobra\u0107aj u tom dijelu Ulcinja blokiran u oba smjera ve\u0107 nekoliko dana, bi\u0107e zavr\u0161eni najranije tek sredinom mjeseca, [&hellip;]<\/p>\n","protected":false},"author":1,"featured_media":0,"comment_status":"open","ping_status":"closed","sticky":false,"template":"","format":"standard","meta":{"spay_email":"","jetpack_publicize_message":"","jetpack_is_tweetstorm":false,"jetpack_publicize_feature_enabled":true},"categories":[8337],"tags":[13443,19],"jetpack_publicize_connections":[],"yoast_head":"<!-- This site is optimized with the Yoast SEO plugin v19.1 - https:\/\/yoast.com\/wordpress\/plugins\/seo\/ -->\n<title>Nova blokada puta u dijelu Ulcinja, voza\u010di bijesni - Lajme nga Ulqini<\/title>\n<meta name=\"description\" content=\"Kaldrma u ulcinjskoj Staroj \u010dar\u0161iji, sve\u010dano je otvorena prije skoro tri godine, i u me\u0111uvremenu je do\u017eivjela dvije ozbiljne rekonstrukcije. Radovi na\" \/>\n<meta name=\"robots\" content=\"index, follow, max-snippet:-1, max-image-preview:large, max-video-preview:-1\" \/>\n<link rel=\"canonical\" href=\"https:\/\/www.visit-ulcinj.com\/blog\/2012\/05\/09\/nova-blokada-puta-u-dijelu-ulcinja-vozaci-bijesni\/\" \/>\n<meta property=\"og:locale\" content=\"en_US\" \/>\n<meta property=\"og:type\" content=\"article\" \/>\n<meta property=\"og:title\" content=\"Nova blokada puta u dijelu Ulcinja, voza\u010di bijesni - Lajme nga Ulqini\" \/>\n<meta property=\"og:description\" content=\"Kaldrma u ulcinjskoj Staroj \u010dar\u0161iji, sve\u010dano je otvorena prije skoro tri godine, i u me\u0111uvremenu je do\u017eivjela dvije ozbiljne rekonstrukcije. Radovi na\" \/>\n<meta property=\"og:url\" content=\"https:\/\/www.visit-ulcinj.com\/blog\/2012\/05\/09\/nova-blokada-puta-u-dijelu-ulcinja-vozaci-bijesni\/\" \/>\n<meta property=\"og:site_name\" content=\"Lajme nga Ulqini\" \/>\n<meta property=\"article:published_time\" content=\"2012-05-09T16:40:19+00:00\" \/>\n<meta property=\"og:image\" content=\"http:\/\/www.visit-ulcinj.com\/blog\/wp-content\/uploads\/2012\/05\/Kaldrma-u-ulcinjskoj-Staroj-Carsiji.jpg\" \/>\n<meta name=\"twitter:label1\" content=\"Written by\" \/>\n\t<meta name=\"twitter:data1\" content=\"ulqini\" \/>\n\t<meta name=\"twitter:label2\" content=\"Est. reading time\" \/>\n\t<meta name=\"twitter:data2\" content=\"2 minutes\" \/>\n<script type=\"application\/ld+json\" class=\"yoast-schema-graph\">{\"@context\":\"https:\/\/schema.org\",\"@graph\":[{\"@type\":\"WebSite\",\"@id\":\"https:\/\/www.visit-ulcinj.com\/blog\/#website\",\"url\":\"https:\/\/www.visit-ulcinj.com\/blog\/\",\"name\":\"Lajme nga Ulqini\",\"description\":\"Lajme,Vijesti,Ulqini,Ulqin,Crna Gora,Mali i Zi\",\"potentialAction\":[{\"@type\":\"SearchAction\",\"target\":{\"@type\":\"EntryPoint\",\"urlTemplate\":\"https:\/\/www.visit-ulcinj.com\/blog\/?s={search_term_string}\"},\"query-input\":\"required name=search_term_string\"}],\"inLanguage\":\"en-US\"},{\"@type\":\"ImageObject\",\"inLanguage\":\"en-US\",\"@id\":\"https:\/\/www.visit-ulcinj.com\/blog\/2012\/05\/09\/nova-blokada-puta-u-dijelu-ulcinja-vozaci-bijesni\/#primaryimage\",\"url\":\"https:\/\/www.visit-ulcinj.com\/blog\/wp-content\/uploads\/2012\/05\/Kaldrma-u-ulcinjskoj-Staroj-Carsiji.jpg\",\"contentUrl\":\"https:\/\/www.visit-ulcinj.com\/blog\/wp-content\/uploads\/2012\/05\/Kaldrma-u-ulcinjskoj-Staroj-Carsiji.jpg\",\"width\":\"1000\",\"height\":\"750\"},{\"@type\":\"WebPage\",\"@id\":\"https:\/\/www.visit-ulcinj.com\/blog\/2012\/05\/09\/nova-blokada-puta-u-dijelu-ulcinja-vozaci-bijesni\/#webpage\",\"url\":\"https:\/\/www.visit-ulcinj.com\/blog\/2012\/05\/09\/nova-blokada-puta-u-dijelu-ulcinja-vozaci-bijesni\/\",\"name\":\"Nova blokada puta u dijelu Ulcinja, voza\u010di bijesni - Lajme nga Ulqini\",\"isPartOf\":{\"@id\":\"https:\/\/www.visit-ulcinj.com\/blog\/#website\"},\"primaryImageOfPage\":{\"@id\":\"https:\/\/www.visit-ulcinj.com\/blog\/2012\/05\/09\/nova-blokada-puta-u-dijelu-ulcinja-vozaci-bijesni\/#primaryimage\"},\"datePublished\":\"2012-05-09T16:40:19+00:00\",\"dateModified\":\"2012-05-09T16:40:19+00:00\",\"author\":{\"@id\":\"https:\/\/www.visit-ulcinj.com\/blog\/#\/schema\/person\/dcab619c614d3038751c63bc2aadc06d\"},\"description\":\"Kaldrma u ulcinjskoj Staroj \u010dar\u0161iji, sve\u010dano je otvorena prije skoro tri godine, i u me\u0111uvremenu je do\u017eivjela dvije ozbiljne rekonstrukcije. Radovi na\",\"breadcrumb\":{\"@id\":\"https:\/\/www.visit-ulcinj.com\/blog\/2012\/05\/09\/nova-blokada-puta-u-dijelu-ulcinja-vozaci-bijesni\/#breadcrumb\"},\"inLanguage\":\"en-US\",\"potentialAction\":[{\"@type\":\"ReadAction\",\"target\":[\"https:\/\/www.visit-ulcinj.com\/blog\/2012\/05\/09\/nova-blokada-puta-u-dijelu-ulcinja-vozaci-bijesni\/\"]}]},{\"@type\":\"BreadcrumbList\",\"@id\":\"https:\/\/www.visit-ulcinj.com\/blog\/2012\/05\/09\/nova-blokada-puta-u-dijelu-ulcinja-vozaci-bijesni\/#breadcrumb\",\"itemListElement\":[{\"@type\":\"ListItem\",\"position\":1,\"name\":\"Nova blokada puta u dijelu Ulcinja, voza\u010di bijesni\"}]},{\"@type\":\"Person\",\"@id\":\"https:\/\/www.visit-ulcinj.com\/blog\/#\/schema\/person\/dcab619c614d3038751c63bc2aadc06d\",\"name\":\"ulqini\",\"sameAs\":[\"http:\/\/www.visit-ulcinj.com\"],\"url\":\"https:\/\/www.visit-ulcinj.com\/blog\/author\/admin\/\"}]}<\/script>\n<!-- \/ Yoast SEO plugin. -->","yoast_head_json":{"title":"Nova blokada puta u dijelu Ulcinja, voza\u010di bijesni - Lajme nga Ulqini","description":"Kaldrma u ulcinjskoj Staroj \u010dar\u0161iji, sve\u010dano je otvorena prije skoro tri godine, i u me\u0111uvremenu je do\u017eivjela dvije ozbiljne rekonstrukcije. Radovi na","robots":{"index":"index","follow":"follow","max-snippet":"max-snippet:-1","max-image-preview":"max-image-preview:large","max-video-preview":"max-video-preview:-1"},"canonical":"https:\/\/www.visit-ulcinj.com\/blog\/2012\/05\/09\/nova-blokada-puta-u-dijelu-ulcinja-vozaci-bijesni\/","og_locale":"en_US","og_type":"article","og_title":"Nova blokada puta u dijelu Ulcinja, voza\u010di bijesni - Lajme nga Ulqini","og_description":"Kaldrma u ulcinjskoj Staroj \u010dar\u0161iji, sve\u010dano je otvorena prije skoro tri godine, i u me\u0111uvremenu je do\u017eivjela dvije ozbiljne rekonstrukcije. Radovi na","og_url":"https:\/\/www.visit-ulcinj.com\/blog\/2012\/05\/09\/nova-blokada-puta-u-dijelu-ulcinja-vozaci-bijesni\/","og_site_name":"Lajme nga Ulqini","article_published_time":"2012-05-09T16:40:19+00:00","og_image":[{"url":"http:\/\/www.visit-ulcinj.com\/blog\/wp-content\/uploads\/2012\/05\/Kaldrma-u-ulcinjskoj-Staroj-Carsiji.jpg"}],"twitter_misc":{"Written by":"ulqini","Est. reading time":"2 minutes"},"schema":{"@context":"https:\/\/schema.org","@graph":[{"@type":"WebSite","@id":"https:\/\/www.visit-ulcinj.com\/blog\/#website","url":"https:\/\/www.visit-ulcinj.com\/blog\/","name":"Lajme nga Ulqini","description":"Lajme,Vijesti,Ulqini,Ulqin,Crna Gora,Mali i Zi","potentialAction":[{"@type":"SearchAction","target":{"@type":"EntryPoint","urlTemplate":"https:\/\/www.visit-ulcinj.com\/blog\/?s={search_term_string}"},"query-input":"required name=search_term_string"}],"inLanguage":"en-US"},{"@type":"ImageObject","inLanguage":"en-US","@id":"https:\/\/www.visit-ulcinj.com\/blog\/2012\/05\/09\/nova-blokada-puta-u-dijelu-ulcinja-vozaci-bijesni\/#primaryimage","url":"https:\/\/www.visit-ulcinj.com\/blog\/wp-content\/uploads\/2012\/05\/Kaldrma-u-ulcinjskoj-Staroj-Carsiji.jpg","contentUrl":"https:\/\/www.visit-ulcinj.com\/blog\/wp-content\/uploads\/2012\/05\/Kaldrma-u-ulcinjskoj-Staroj-Carsiji.jpg","width":"1000","height":"750"},{"@type":"WebPage","@id":"https:\/\/www.visit-ulcinj.com\/blog\/2012\/05\/09\/nova-blokada-puta-u-dijelu-ulcinja-vozaci-bijesni\/#webpage","url":"https:\/\/www.visit-ulcinj.com\/blog\/2012\/05\/09\/nova-blokada-puta-u-dijelu-ulcinja-vozaci-bijesni\/","name":"Nova blokada puta u dijelu Ulcinja, voza\u010di bijesni - Lajme nga Ulqini","isPartOf":{"@id":"https:\/\/www.visit-ulcinj.com\/blog\/#website"},"primaryImageOfPage":{"@id":"https:\/\/www.visit-ulcinj.com\/blog\/2012\/05\/09\/nova-blokada-puta-u-dijelu-ulcinja-vozaci-bijesni\/#primaryimage"},"datePublished":"2012-05-09T16:40:19+00:00","dateModified":"2012-05-09T16:40:19+00:00","author":{"@id":"https:\/\/www.visit-ulcinj.com\/blog\/#\/schema\/person\/dcab619c614d3038751c63bc2aadc06d"},"description":"Kaldrma u ulcinjskoj Staroj \u010dar\u0161iji, sve\u010dano je otvorena prije skoro tri godine, i u me\u0111uvremenu je do\u017eivjela dvije ozbiljne rekonstrukcije. Radovi na","breadcrumb":{"@id":"https:\/\/www.visit-ulcinj.com\/blog\/2012\/05\/09\/nova-blokada-puta-u-dijelu-ulcinja-vozaci-bijesni\/#breadcrumb"},"inLanguage":"en-US","potentialAction":[{"@type":"ReadAction","target":["https:\/\/www.visit-ulcinj.com\/blog\/2012\/05\/09\/nova-blokada-puta-u-dijelu-ulcinja-vozaci-bijesni\/"]}]},{"@type":"BreadcrumbList","@id":"https:\/\/www.visit-ulcinj.com\/blog\/2012\/05\/09\/nova-blokada-puta-u-dijelu-ulcinja-vozaci-bijesni\/#breadcrumb","itemListElement":[{"@type":"ListItem","position":1,"name":"Nova blokada puta u dijelu Ulcinja, voza\u010di bijesni"}]},{"@type":"Person","@id":"https:\/\/www.visit-ulcinj.com\/blog\/#\/schema\/person\/dcab619c614d3038751c63bc2aadc06d","name":"ulqini","sameAs":["http:\/\/www.visit-ulcinj.com"],"url":"https:\/\/www.visit-ulcinj.com\/blog\/author\/admin\/"}]}},"jetpack_featured_media_url":"","jetpack_sharing_enabled":true,"jetpack_shortlink":"https:\/\/wp.me\/pe6lTn-fF4","_links":{"self":[{"href":"https:\/\/www.visit-ulcinj.com\/blog\/wp-json\/wp\/v2\/posts\/60206"}],"collection":[{"href":"https:\/\/www.visit-ulcinj.com\/blog\/wp-json\/wp\/v2\/posts"}],"about":[{"href":"https:\/\/www.visit-ulcinj.com\/blog\/wp-json\/wp\/v2\/types\/post"}],"author":[{"embeddable":true,"href":"https:\/\/www.visit-ulcinj.com\/blog\/wp-json\/wp\/v2\/users\/1"}],"replies":[{"embeddable":true,"href":"https:\/\/www.visit-ulcinj.com\/blog\/wp-json\/wp\/v2\/comments?post=60206"}],"version-history":[{"count":1,"href":"https:\/\/www.visit-ulcinj.com\/blog\/wp-json\/wp\/v2\/posts\/60206\/revisions"}],"predecessor-version":[{"id":60208,"href":"https:\/\/www.visit-ulcinj.com\/blog\/wp-json\/wp\/v2\/posts\/60206\/revisions\/60208"}],"wp:attachment":[{"href":"https:\/\/www.visit-ulcinj.com\/blog\/wp-json\/wp\/v2\/media?parent=60206"}],"wp:term":[{"taxonomy":"category","embeddable":true,"href":"https:\/\/www.visit-ulcinj.com\/blog\/wp-json\/wp\/v2\/categories?post=60206"},{"taxonomy":"post_tag","embeddable":true,"href":"https:\/\/www.visit-ulcinj.com\/blog\/wp-json\/wp\/v2\/tags?post=60206"}],"curies":[{"name":"wp","href":"https:\/\/api.w.org\/{rel}","templated":true}]}}