{"id":60212,"date":"2012-05-09T18:48:17","date_gmt":"2012-05-09T17:48:17","guid":{"rendered":"http:\/\/www.visit-ulcinj.com\/blog\/?p=60212"},"modified":"2012-05-09T22:33:38","modified_gmt":"2012-05-09T21:33:38","slug":"pritshmeria-e-pushuesve-ne-ulqin-me-e-madhe-se-vitet-e-tjera","status":"publish","type":"post","link":"https:\/\/www.visit-ulcinj.com\/blog\/2012\/05\/09\/pritshmeria-e-pushuesve-ne-ulqin-me-e-madhe-se-vitet-e-tjera\/","title":{"rendered":"Pritshm\u00ebria e pushuesve n\u00eb Ulqin, m\u00eb e madhe se vitet e tjera"},"content":{"rendered":"<p><a href=\"http:\/\/www.visit-ulcinj.com\/blog\/wp-content\/uploads\/2012\/05\/Plazhi-Europa-Beach-Ulqin.2.jpg\"><img loading=\"lazy\" class=\"alignleft  wp-image-60213\" title=\"Plazhi-Europa-Beach-Ulqin.2\" src=\"http:\/\/www.visit-ulcinj.com\/blog\/wp-content\/uploads\/2012\/05\/Plazhi-Europa-Beach-Ulqin.2.jpg\" alt=\"\" width=\"508\" height=\"380\" \/><\/a>Duke analizuar masat q\u00eb ka marr\u00eb dhe ato q\u00eb do t\u00eb merren e do t\u00eb aplikohen, drejtuesit e Komun\u00ebs s\u00eb Ulqinit jan\u00eb optimist\u00eb se pritshm\u00ebria e pushuesve do t\u00eb jet\u00eb shum\u00eb m\u00eb e lart\u00eb krahasuar me vitet e tjera.<\/p>\n<p>P\u00ebrgjat\u00eb bregdetit q\u00eb administrohet nga kjo nj\u00ebsi e qeverisjes vendore, q\u00eb nis nga Kru\u00e7i e vazhdon deri n\u00eb vij\u00ebn kufitare t\u00eb lumit Buna,jan\u00eb n\u00eb dispozicion rreth 30000 shtret\u00ebr q\u00eb ofrohen nga hotelet dhe subjekte t\u00eb tjera t\u00eb ngjashme private t\u00eb cilat jan\u00eb t\u00eb regjistruara n\u00eb Komun\u00eb dhe paguajn\u00eb taksa,kurse disa jo.<\/p>\n<p>Nd\u00ebrkoh\u00eb, 4 apo 5 her\u00eb m\u00eb shum\u00eb, p\u00ebrfshihen n\u00eb at\u00eb q\u00eb em\u00ebrtohet sektori i turizmit familjar, por t\u00eb paregjistruara. Jan\u00eb rreth 15000 shtret\u00ebr, q\u00eb p\u00ebrballojn\u00eb nj\u00eb kapacitet t\u00eb konsideruesh\u00ebm pushuesish, pa p\u00ebrfshir\u00eb ata ditor\u00eb, q\u00eb jan\u00eb po aq t\u00eb shumt\u00eb,kurse pushuesit tranzit nuk jan t\u00eb vuar n\u00eb konsiderim.<br \/>\n<a href=\"http:\/\/www.visit-ulcinj.com\/blog\/wp-content\/uploads\/2012\/05\/Kaldrami-ne-\u00e7arshin-e-ulqinit.jpg\"><img loading=\"lazy\" class=\"alignleft  wp-image-60214\" title=\"Kaldrami ne \u00e7arshin e ulqinit\" src=\"http:\/\/www.visit-ulcinj.com\/blog\/wp-content\/uploads\/2012\/05\/Kaldrami-ne-\u00e7arshin-e-ulqinit.jpg\" alt=\"\" width=\"508\" height=\"300\" \/><\/a><\/p>\n<p>Me k\u00ebto t\u00eb dh\u00ebna, si dhe me standardet e p\u00ebrmir\u00ebsuara ndjesh\u00ebm t\u00eb infrastruktur\u00ebs rrugore, drejtuesit e Komun\u00ebs s\u00eb Ulqinit, mendojn\u00eb se numri i pushuesve do t\u00eb sh\u00ebnoj\u00eb nj\u00eb rritje t\u00eb ndjeshme .<\/p>\n<p><strong>A rrezikohet turizmi i Ulqinit nga infrastruktura rrugore<\/strong><\/p>\n<p>Unaza e qytetit t\u00eb Ulqinit shfaqet n\u00eb gjendje t\u00eb r\u00ebnd\u00eb infrastrukturore, gj\u00eb q\u00eb normalisht pritet t\u00eb sjell\u00eb nj\u00eb impakt negativ edhe n\u00eb turizmin e k\u00ebtij viti.<br \/>\n<a href=\"http:\/\/www.visit-ulcinj.com\/blog\/wp-content\/uploads\/2012\/05\/Unaza-e-rruges-se-Rivieres-se-Ulqinit.jpg\"><img loading=\"lazy\" class=\"alignleft  wp-image-60215\" title=\"Unaza e rruges se Rivieres se Ulqinit\" src=\"http:\/\/www.visit-ulcinj.com\/blog\/wp-content\/uploads\/2012\/05\/Unaza-e-rruges-se-Rivieres-se-Ulqinit.jpg\" alt=\"\" width=\"508\" height=\"300\" \/><\/a><\/p>\n<p>Nd\u00ebrkoh\u00eb \u00ebsht\u00eb planifikuar q\u00eb rruga e \u00c7arshis\u00eb s\u00eb Ulqinit,t\u00eb behet \u00a0\u00a0rikonstruksioni i saj, turist\u00ebt q\u00eb do t\u00eb zgjedhin disa dit\u00eb pushimi buz\u00eb bregdetit t\u00eb Ulqinit duhet t\u00eb kalojn\u00eb p\u00ebrmes gropave q\u00eb pothuajse kan\u00eb rr\u00ebnuar segmentin rrugor,si n\u00eb Ulqin,si n\u00eb kalimin kufitar,poashtu edhe ne unaz\u00ebn e rivier\u00ebs s\u00eb Uqinit.Pluhuri q\u00eb ngrihet nga automjetet shkakton nj\u00eb ndotje t\u00eb madhe p\u00ebr qytetin dhe \u00ebsht\u00eb shnd\u00ebrruar n\u00eb nj\u00eb problem serioz.<\/p>\n<p>Unaza e qytetit q\u00ebndron n\u00eb m\u00ebshir\u00ebn e qeveris\u00eb, q\u00eb t\u00eb akordoj\u00eb fonde p\u00ebr k\u00ebt\u00eb segment kaq t\u00eb r\u00ebnd\u00ebsish\u00ebm p\u00ebr turizmin n\u00eb Ulqin.<\/p>\n<!--YouTube Error: bad URL entered-->\n","protected":false},"excerpt":{"rendered":"<p>Duke analizuar masat q\u00eb ka marr\u00eb dhe ato q\u00eb do t\u00eb merren e do t\u00eb aplikohen, drejtuesit e Komun\u00ebs s\u00eb Ulqinit jan\u00eb optimist\u00eb se pritshm\u00ebria e pushuesve do t\u00eb jet\u00eb shum\u00eb m\u00eb e lart\u00eb krahasuar me vitet e tjera. P\u00ebrgjat\u00eb bregdetit q\u00eb administrohet nga kjo nj\u00ebsi e qeverisjes vendore, q\u00eb nis nga Kru\u00e7i e vazhdon [&hellip;]<\/p>\n","protected":false},"author":1,"featured_media":0,"comment_status":"open","ping_status":"closed","sticky":false,"template":"","format":"standard","meta":{"spay_email":"","jetpack_publicize_message":"","jetpack_is_tweetstorm":false,"jetpack_publicize_feature_enabled":true},"categories":[14249],"tags":[5657,200,18],"jetpack_publicize_connections":[],"yoast_head":"<!-- This site is optimized with the Yoast SEO plugin v19.1 - https:\/\/yoast.com\/wordpress\/plugins\/seo\/ -->\n<title>Pritshm\u00ebria e pushuesve n\u00eb Ulqin, m\u00eb e madhe se vitet e tjera - Lajme nga Ulqini<\/title>\n<meta name=\"description\" content=\"Duke analizuar masat q\u00eb ka marr\u00eb dhe ato q\u00eb do t\u00eb merren e do t\u00eb aplikohen, drejtuesit e Komun\u00ebs s\u00eb Ulqinit jan\u00eb optimist\u00eb se pritshm\u00ebria e pushuesve do\" \/>\n<meta name=\"robots\" content=\"index, follow, max-snippet:-1, max-image-preview:large, max-video-preview:-1\" \/>\n<link rel=\"canonical\" href=\"https:\/\/www.visit-ulcinj.com\/blog\/2012\/05\/09\/pritshmeria-e-pushuesve-ne-ulqin-me-e-madhe-se-vitet-e-tjera\/\" \/>\n<meta property=\"og:locale\" content=\"en_US\" \/>\n<meta property=\"og:type\" content=\"article\" \/>\n<meta property=\"og:title\" content=\"Pritshm\u00ebria e pushuesve n\u00eb Ulqin, m\u00eb e madhe se vitet e tjera - Lajme nga Ulqini\" \/>\n<meta property=\"og:description\" content=\"Duke analizuar masat q\u00eb ka marr\u00eb dhe ato q\u00eb do t\u00eb merren e do t\u00eb aplikohen, drejtuesit e Komun\u00ebs s\u00eb Ulqinit jan\u00eb optimist\u00eb se pritshm\u00ebria e pushuesve do\" \/>\n<meta property=\"og:url\" content=\"https:\/\/www.visit-ulcinj.com\/blog\/2012\/05\/09\/pritshmeria-e-pushuesve-ne-ulqin-me-e-madhe-se-vitet-e-tjera\/\" \/>\n<meta property=\"og:site_name\" content=\"Lajme nga Ulqini\" \/>\n<meta property=\"article:published_time\" content=\"2012-05-09T17:48:17+00:00\" \/>\n<meta property=\"article:modified_time\" content=\"2012-05-09T21:33:38+00:00\" \/>\n<meta property=\"og:image\" content=\"http:\/\/www.visit-ulcinj.com\/blog\/wp-content\/uploads\/2012\/05\/Plazhi-Europa-Beach-Ulqin.2.jpg\" \/>\n<meta name=\"twitter:label1\" content=\"Written by\" \/>\n\t<meta name=\"twitter:data1\" content=\"ulqini\" \/>\n\t<meta name=\"twitter:label2\" content=\"Est. reading time\" \/>\n\t<meta name=\"twitter:data2\" content=\"2 minutes\" \/>\n<script type=\"application\/ld+json\" class=\"yoast-schema-graph\">{\"@context\":\"https:\/\/schema.org\",\"@graph\":[{\"@type\":\"WebSite\",\"@id\":\"https:\/\/www.visit-ulcinj.com\/blog\/#website\",\"url\":\"https:\/\/www.visit-ulcinj.com\/blog\/\",\"name\":\"Lajme nga Ulqini\",\"description\":\"Lajme,Vijesti,Ulqini,Ulqin,Crna Gora,Mali i Zi\",\"potentialAction\":[{\"@type\":\"SearchAction\",\"target\":{\"@type\":\"EntryPoint\",\"urlTemplate\":\"https:\/\/www.visit-ulcinj.com\/blog\/?s={search_term_string}\"},\"query-input\":\"required name=search_term_string\"}],\"inLanguage\":\"en-US\"},{\"@type\":\"ImageObject\",\"inLanguage\":\"en-US\",\"@id\":\"https:\/\/www.visit-ulcinj.com\/blog\/2012\/05\/09\/pritshmeria-e-pushuesve-ne-ulqin-me-e-madhe-se-vitet-e-tjera\/#primaryimage\",\"url\":\"https:\/\/www.visit-ulcinj.com\/blog\/wp-content\/uploads\/2012\/05\/Plazhi-Europa-Beach-Ulqin.2.jpg\",\"contentUrl\":\"https:\/\/www.visit-ulcinj.com\/blog\/wp-content\/uploads\/2012\/05\/Plazhi-Europa-Beach-Ulqin.2.jpg\",\"width\":\"720\",\"height\":\"520\"},{\"@type\":\"WebPage\",\"@id\":\"https:\/\/www.visit-ulcinj.com\/blog\/2012\/05\/09\/pritshmeria-e-pushuesve-ne-ulqin-me-e-madhe-se-vitet-e-tjera\/#webpage\",\"url\":\"https:\/\/www.visit-ulcinj.com\/blog\/2012\/05\/09\/pritshmeria-e-pushuesve-ne-ulqin-me-e-madhe-se-vitet-e-tjera\/\",\"name\":\"Pritshm\u00ebria e pushuesve n\u00eb Ulqin, m\u00eb e madhe se vitet e tjera - Lajme nga Ulqini\",\"isPartOf\":{\"@id\":\"https:\/\/www.visit-ulcinj.com\/blog\/#website\"},\"primaryImageOfPage\":{\"@id\":\"https:\/\/www.visit-ulcinj.com\/blog\/2012\/05\/09\/pritshmeria-e-pushuesve-ne-ulqin-me-e-madhe-se-vitet-e-tjera\/#primaryimage\"},\"datePublished\":\"2012-05-09T17:48:17+00:00\",\"dateModified\":\"2012-05-09T21:33:38+00:00\",\"author\":{\"@id\":\"https:\/\/www.visit-ulcinj.com\/blog\/#\/schema\/person\/dcab619c614d3038751c63bc2aadc06d\"},\"description\":\"Duke analizuar masat q\u00eb ka marr\u00eb dhe ato q\u00eb do t\u00eb merren e do t\u00eb aplikohen, drejtuesit e Komun\u00ebs s\u00eb Ulqinit jan\u00eb optimist\u00eb se pritshm\u00ebria e pushuesve do\",\"breadcrumb\":{\"@id\":\"https:\/\/www.visit-ulcinj.com\/blog\/2012\/05\/09\/pritshmeria-e-pushuesve-ne-ulqin-me-e-madhe-se-vitet-e-tjera\/#breadcrumb\"},\"inLanguage\":\"en-US\",\"potentialAction\":[{\"@type\":\"ReadAction\",\"target\":[\"https:\/\/www.visit-ulcinj.com\/blog\/2012\/05\/09\/pritshmeria-e-pushuesve-ne-ulqin-me-e-madhe-se-vitet-e-tjera\/\"]}]},{\"@type\":\"BreadcrumbList\",\"@id\":\"https:\/\/www.visit-ulcinj.com\/blog\/2012\/05\/09\/pritshmeria-e-pushuesve-ne-ulqin-me-e-madhe-se-vitet-e-tjera\/#breadcrumb\",\"itemListElement\":[{\"@type\":\"ListItem\",\"position\":1,\"name\":\"Pritshm\u00ebria e pushuesve n\u00eb Ulqin, m\u00eb e madhe se vitet e tjera\"}]},{\"@type\":\"Person\",\"@id\":\"https:\/\/www.visit-ulcinj.com\/blog\/#\/schema\/person\/dcab619c614d3038751c63bc2aadc06d\",\"name\":\"ulqini\",\"sameAs\":[\"http:\/\/www.visit-ulcinj.com\"],\"url\":\"https:\/\/www.visit-ulcinj.com\/blog\/author\/admin\/\"}]}<\/script>\n<!-- \/ Yoast SEO plugin. -->","yoast_head_json":{"title":"Pritshm\u00ebria e pushuesve n\u00eb Ulqin, m\u00eb e madhe se vitet e tjera - Lajme nga Ulqini","description":"Duke analizuar masat q\u00eb ka marr\u00eb dhe ato q\u00eb do t\u00eb merren e do t\u00eb aplikohen, drejtuesit e Komun\u00ebs s\u00eb Ulqinit jan\u00eb optimist\u00eb se pritshm\u00ebria e pushuesve do","robots":{"index":"index","follow":"follow","max-snippet":"max-snippet:-1","max-image-preview":"max-image-preview:large","max-video-preview":"max-video-preview:-1"},"canonical":"https:\/\/www.visit-ulcinj.com\/blog\/2012\/05\/09\/pritshmeria-e-pushuesve-ne-ulqin-me-e-madhe-se-vitet-e-tjera\/","og_locale":"en_US","og_type":"article","og_title":"Pritshm\u00ebria e pushuesve n\u00eb Ulqin, m\u00eb e madhe se vitet e tjera - Lajme nga Ulqini","og_description":"Duke analizuar masat q\u00eb ka marr\u00eb dhe ato q\u00eb do t\u00eb merren e do t\u00eb aplikohen, drejtuesit e Komun\u00ebs s\u00eb Ulqinit jan\u00eb optimist\u00eb se pritshm\u00ebria e pushuesve do","og_url":"https:\/\/www.visit-ulcinj.com\/blog\/2012\/05\/09\/pritshmeria-e-pushuesve-ne-ulqin-me-e-madhe-se-vitet-e-tjera\/","og_site_name":"Lajme nga Ulqini","article_published_time":"2012-05-09T17:48:17+00:00","article_modified_time":"2012-05-09T21:33:38+00:00","og_image":[{"url":"http:\/\/www.visit-ulcinj.com\/blog\/wp-content\/uploads\/2012\/05\/Plazhi-Europa-Beach-Ulqin.2.jpg"}],"twitter_misc":{"Written by":"ulqini","Est. reading time":"2 minutes"},"schema":{"@context":"https:\/\/schema.org","@graph":[{"@type":"WebSite","@id":"https:\/\/www.visit-ulcinj.com\/blog\/#website","url":"https:\/\/www.visit-ulcinj.com\/blog\/","name":"Lajme nga Ulqini","description":"Lajme,Vijesti,Ulqini,Ulqin,Crna Gora,Mali i Zi","potentialAction":[{"@type":"SearchAction","target":{"@type":"EntryPoint","urlTemplate":"https:\/\/www.visit-ulcinj.com\/blog\/?s={search_term_string}"},"query-input":"required name=search_term_string"}],"inLanguage":"en-US"},{"@type":"ImageObject","inLanguage":"en-US","@id":"https:\/\/www.visit-ulcinj.com\/blog\/2012\/05\/09\/pritshmeria-e-pushuesve-ne-ulqin-me-e-madhe-se-vitet-e-tjera\/#primaryimage","url":"https:\/\/www.visit-ulcinj.com\/blog\/wp-content\/uploads\/2012\/05\/Plazhi-Europa-Beach-Ulqin.2.jpg","contentUrl":"https:\/\/www.visit-ulcinj.com\/blog\/wp-content\/uploads\/2012\/05\/Plazhi-Europa-Beach-Ulqin.2.jpg","width":"720","height":"520"},{"@type":"WebPage","@id":"https:\/\/www.visit-ulcinj.com\/blog\/2012\/05\/09\/pritshmeria-e-pushuesve-ne-ulqin-me-e-madhe-se-vitet-e-tjera\/#webpage","url":"https:\/\/www.visit-ulcinj.com\/blog\/2012\/05\/09\/pritshmeria-e-pushuesve-ne-ulqin-me-e-madhe-se-vitet-e-tjera\/","name":"Pritshm\u00ebria e pushuesve n\u00eb Ulqin, m\u00eb e madhe se vitet e tjera - Lajme nga Ulqini","isPartOf":{"@id":"https:\/\/www.visit-ulcinj.com\/blog\/#website"},"primaryImageOfPage":{"@id":"https:\/\/www.visit-ulcinj.com\/blog\/2012\/05\/09\/pritshmeria-e-pushuesve-ne-ulqin-me-e-madhe-se-vitet-e-tjera\/#primaryimage"},"datePublished":"2012-05-09T17:48:17+00:00","dateModified":"2012-05-09T21:33:38+00:00","author":{"@id":"https:\/\/www.visit-ulcinj.com\/blog\/#\/schema\/person\/dcab619c614d3038751c63bc2aadc06d"},"description":"Duke analizuar masat q\u00eb ka marr\u00eb dhe ato q\u00eb do t\u00eb merren e do t\u00eb aplikohen, drejtuesit e Komun\u00ebs s\u00eb Ulqinit jan\u00eb optimist\u00eb se pritshm\u00ebria e pushuesve do","breadcrumb":{"@id":"https:\/\/www.visit-ulcinj.com\/blog\/2012\/05\/09\/pritshmeria-e-pushuesve-ne-ulqin-me-e-madhe-se-vitet-e-tjera\/#breadcrumb"},"inLanguage":"en-US","potentialAction":[{"@type":"ReadAction","target":["https:\/\/www.visit-ulcinj.com\/blog\/2012\/05\/09\/pritshmeria-e-pushuesve-ne-ulqin-me-e-madhe-se-vitet-e-tjera\/"]}]},{"@type":"BreadcrumbList","@id":"https:\/\/www.visit-ulcinj.com\/blog\/2012\/05\/09\/pritshmeria-e-pushuesve-ne-ulqin-me-e-madhe-se-vitet-e-tjera\/#breadcrumb","itemListElement":[{"@type":"ListItem","position":1,"name":"Pritshm\u00ebria e pushuesve n\u00eb Ulqin, m\u00eb e madhe se vitet e tjera"}]},{"@type":"Person","@id":"https:\/\/www.visit-ulcinj.com\/blog\/#\/schema\/person\/dcab619c614d3038751c63bc2aadc06d","name":"ulqini","sameAs":["http:\/\/www.visit-ulcinj.com"],"url":"https:\/\/www.visit-ulcinj.com\/blog\/author\/admin\/"}]}},"jetpack_featured_media_url":"","jetpack_sharing_enabled":true,"jetpack_shortlink":"https:\/\/wp.me\/pe6lTn-fFa","_links":{"self":[{"href":"https:\/\/www.visit-ulcinj.com\/blog\/wp-json\/wp\/v2\/posts\/60212"}],"collection":[{"href":"https:\/\/www.visit-ulcinj.com\/blog\/wp-json\/wp\/v2\/posts"}],"about":[{"href":"https:\/\/www.visit-ulcinj.com\/blog\/wp-json\/wp\/v2\/types\/post"}],"author":[{"embeddable":true,"href":"https:\/\/www.visit-ulcinj.com\/blog\/wp-json\/wp\/v2\/users\/1"}],"replies":[{"embeddable":true,"href":"https:\/\/www.visit-ulcinj.com\/blog\/wp-json\/wp\/v2\/comments?post=60212"}],"version-history":[{"count":2,"href":"https:\/\/www.visit-ulcinj.com\/blog\/wp-json\/wp\/v2\/posts\/60212\/revisions"}],"predecessor-version":[{"id":60220,"href":"https:\/\/www.visit-ulcinj.com\/blog\/wp-json\/wp\/v2\/posts\/60212\/revisions\/60220"}],"wp:attachment":[{"href":"https:\/\/www.visit-ulcinj.com\/blog\/wp-json\/wp\/v2\/media?parent=60212"}],"wp:term":[{"taxonomy":"category","embeddable":true,"href":"https:\/\/www.visit-ulcinj.com\/blog\/wp-json\/wp\/v2\/categories?post=60212"},{"taxonomy":"post_tag","embeddable":true,"href":"https:\/\/www.visit-ulcinj.com\/blog\/wp-json\/wp\/v2\/tags?post=60212"}],"curies":[{"name":"wp","href":"https:\/\/api.w.org\/{rel}","templated":true}]}}