{"id":60222,"date":"2012-05-10T15:07:44","date_gmt":"2012-05-10T14:07:44","guid":{"rendered":"http:\/\/www.visit-ulcinj.com\/blog\/?p=60222"},"modified":"2012-05-10T18:36:23","modified_gmt":"2012-05-10T17:36:23","slug":"rudi-goga-ekspozon-ne-gjermani-foto-piktura","status":"publish","type":"post","link":"https:\/\/www.visit-ulcinj.com\/blog\/2012\/05\/10\/rudi-goga-ekspozon-ne-gjermani-foto-piktura\/","title":{"rendered":"Rudi Goga ekspozon n\u00eb Gjermani &#8211; Foto Piktura"},"content":{"rendered":"<p><strong><a href=\"http:\/\/www.visit-ulcinj.com\/blog\/wp-content\/uploads\/2012\/05\/Rudi-Goga-ekspozon-n\u00eb-Gjermani.1.jpg\"><img loading=\"lazy\" class=\"alignleft  wp-image-60223\" title=\"Rudi Goga ekspozon n\u00eb Gjermani.1\" src=\"http:\/\/www.visit-ulcinj.com\/blog\/wp-content\/uploads\/2012\/05\/Rudi-Goga-ekspozon-n\u00eb-Gjermani.1.jpg\" alt=\"\" width=\"508\" height=\"380\" \/><\/a>Gjonaj<\/strong><\/p>\n<p>Nj\u00eb pjes\u00eb e\u00a0 krijimtaris\u00eb\u00a0 artistike t\u00eb piktorit t\u00eb njohur ulqinak Rudi Goga \u00ebsht\u00eb shpalosur m\u00eb 5 maj\u00a0 na ambijentet e Galeris\u00eb s\u00eb Arteve \u201eKarl Braner\u201c \u00a0\u00a0n\u00eb komun\u00ebn Kasell t\u00eb Gjermanis\u00eb. Goga para artdash\u00ebsve gjerman\u00eb u prezantua me ekspozit\u00ebn e tij t\u00eb 60-t\u00eb me radh\u00eb \u201e Homazh profesor Jozef Bojs\u201c, t\u00eb cil\u00ebn e shpalli t\u00eb hapur\u00a0 kryetari i Regjionit\u00a0 t\u00eb Hesenit Bertraum\u00a0 Hillgen. \u00a0Krijimtaria e begatshme e k\u00ebtij artisti me fam\u00eb mbar\u00ebkomb\u00ebtare dhe nd\u00ebrkomb\u00ebtare\u00a0 n\u00eb Gjermani u pasqyrua n\u00ebp\u00ebrmjet 41 grafikave bardh\u00eb e zi, n\u00eb t\u00eb cilat\u00a0 piktori evokoi kujtimet e tij ndaj profesorit t\u00eb shquar gjerman Bojs, n\u00eb koh\u00ebn kur Goga\u00a0 mbaroi studimet pasuniversitare n\u00eb Diseldorf, n\u00eb vitet\u00a0 80- t\u00eb shekullit t\u00eb kaluar.\u00a0 N\u00eb prag t\u00eb udh\u00ebtimit p\u00ebr n\u00eb Gjermani piktori Goga na tha se ndjehet i nderuar me pjes\u00ebmarrjen e tij n\u00eb k\u00ebt\u00eb qytet t\u00eb njohur\u00a0 t\u00eb artit pamor, i cili, si\u00e7 tha ai, i paraprin\u00eb bienaleve t\u00eb sivjetme t\u00eb cilat do t\u00eb mbahen\u00a0 muajin e ardhsh\u00ebm po n\u00eb k\u00ebt\u00eb galeri ku ai\u00a0 \u00ebsht\u00eb i pranish\u00ebm me pikturat e veta.\u00a0 Kjo ekspozit\u00eb e cila do t\u00eb q\u00ebndroj\u00eb e hapur deri m\u00eb 1 qershor,\u00a0 shton Goga, \u00ebsht\u00eb organizuar me ftes\u00eb t\u00eb\u00a0 drejtorit t\u00eb galeris\u00eb s\u00eb Kasellit. Sipas Gog\u00ebs\u00a0 me nj\u00eb teknik t\u00eb kombinuar , bardh\u00eb e zi\u00a0 n\u00eb m\u00ebnyr\u00eb autentike ka paraq1tur\u00a0 portretin e profesor Bojsit, i njohur n\u00eb bot\u00ebn e artit\u00a0 si nj\u00eb personalitet i madh e kontraverz,\u00a0 i cili gjithmon\u00eb ka qen\u00eb\u00a0 n\u00eb t\u00eb nj\u00ebjt\u00ebn koh\u00eb\u00a0\u00a0 objekt\u00a0\u00a0 mburrjeje dhe moskuptimi .<br \/>\n<a href=\"http:\/\/www.visit-ulcinj.com\/blog\/wp-content\/uploads\/2012\/05\/Rudi-Goga-ekspozon-n\u00eb-Gjermani.jpg\"><img loading=\"lazy\" class=\"alignleft  wp-image-60224\" title=\"Rudi Goga ekspozon n\u00eb Gjermani\" src=\"http:\/\/www.visit-ulcinj.com\/blog\/wp-content\/uploads\/2012\/05\/Rudi-Goga-ekspozon-n\u00eb-Gjermani.jpg\" alt=\"\" width=\"350\" height=\"400\" \/><\/a><\/p>\n<p>K\u00ebt\u00eb cik\u00ebl\u00a0\u00a0 Goga e ka realizuar duke u\u00a0\u00a0 mb\u00ebshtetur\u00a0 n\u00eb pikturat dhe fotot e profesor Bojsit t\u00eb cilat n\u00eb kuad\u00ebr t\u00eb aksionit 7000 blinj\u00eb i ka fotografuar fotografi i njohur\u00a0 Diter Ahfelde, i cili ka vdekur n\u00eb vitin 2006. Un\u00eb, shprehet Goga, me \u00a0k\u00ebt\u00eb ekspozit\u00eb prezantoj\u00eb jo vet\u00ebm figur\u00ebn\u00a0 time krijuese, por edhe shqiptar\u00ebt n\u00eb Malin e Zi, qytetin e Ulqinit dhe shtetin\u00a0 ku jetoj.<\/p>\n<p>Piktori dhe pedagogu Rudi Goga \u00ebsht\u00eb krijues q\u00eb ka p\u00ebrfaq\u00ebsuar dhe p\u00ebrfaq\u00ebson personalitetin\u00a0 e \u00e7muar n\u00eb universin ton\u00eb t\u00eb gjith\u00ebmbarsh\u00ebm artistik komb\u00ebtar. Me potencialin e vet krijues ai na shfaqet si\u00a0 njoh\u00ebs i mir\u00eb i artit\u00a0 pamor, q\u00eb me veprat e krijuara z\u00eb vend\u00a0 t\u00eb konsideruesh\u00ebm dhe bind\u00ebs n\u00eb mbar\u00eb krijimtarin\u00eb\u00a0 bashk\u00ebkohore artistike\u00a0 shqiptare.<\/p>\n<p>Rudi Goga, ka lindur n\u00eb vitin 1948. Esht\u00eb diplomuar n\u00eb Akademin\u00eb e Arteve t\u00eb Prishtin\u00ebs, n\u00eb klas\u00ebn e akademikut Muslim Mulliqi, n\u00eb vitin 1979. Ka kryer studimet pasuniversitare n\u00eb Dyseldorf t\u00eb Gjermanis\u00eb, me profesor\u00ebt e njohur gjerman\u00eb, Rrolf Sokenhajm dhe Josef Bojs. P\u00ebr tri vjet ai ka drejtuar Muzeun-Galeri t\u00eb Arteve n\u00eb Ulqin. Ekspozita e par\u00eb vetjake, e titulluar \u201cKulla e Balshajve\u201d, \u00ebsht\u00eb hapur\u00a0 n\u00eb Ulqin n\u00eb vitin 1978 dhe vazhdoi me nj\u00eb num\u00ebr t\u00eb\u00a0 madh aktivitetesh, brenda dhe jasht\u00eb vendit. Gjat\u00eb karrier\u00ebs artistike, Goga num\u00ebron 60 ekspozita personale dhe po aq kolektive, jo vet\u00ebm brenda kufijve t\u00eb Malit t\u00eb Zi, n\u00eb Ulqin e Tivar, por edhe n\u00eb Gjermani, Holand\u00eb, Franc\u00eb, Nju Jork, Maqedoni, Kosov\u00eb, Shqip\u00ebri e tjer\u00eb. Punime t\u00eb tij gjenden n\u00eb galeri dhe koleksione private, n\u00eb vende t\u00eb ndryshme t\u00eb Evrop\u00ebs, ku piktori ka ekspozuar. Nd\u00ebrkoh\u00eb Goga num\u00ebron edhe disa \u00e7mime, mes t\u00eb cilave n\u00eb vitin 1991 \u00e7mimin vjetor t\u00eb Art Klubit, Ulqin, n\u00eb 1995 \u201cOnufri \u201895\u201d, Tiran\u00eb, n\u00eb 1998\u00a0 dhe SHPMZ, n\u00eb Podgoric\u00eb.<\/p>\n<p><strong>Lajme nga Ulqini<br \/>\n\n\t\t<style type=\"text\/css\">\n\t\t\t#gallery-1 {\n\t\t\t\tmargin: auto;\n\t\t\t}\n\t\t\t#gallery-1 .gallery-item {\n\t\t\t\tfloat: left;\n\t\t\t\tmargin-top: 10px;\n\t\t\t\ttext-align: center;\n\t\t\t\twidth: 33%;\n\t\t\t}\n\t\t\t#gallery-1 img {\n\t\t\t\tborder: 2px solid #cfcfcf;\n\t\t\t}\n\t\t\t#gallery-1 .gallery-caption {\n\t\t\t\tmargin-left: 0;\n\t\t\t}\n\t\t\t\/* see gallery_shortcode() in wp-includes\/media.php *\/\n\t\t<\/style>\n\t\t<div id='gallery-1' class='gallery galleryid-60222 gallery-columns-3 gallery-size-thumbnail'><dl class='gallery-item'>\n\t\t\t<dt class='gallery-icon landscape'>\n\t\t\t\t<a href='https:\/\/www.visit-ulcinj.com\/blog\/wp-content\/uploads\/2012\/05\/Rudi-Goga-ekspozon-n\u00eb-Gjermani.1.jpg'><img width=\"150\" height=\"150\" src=\"https:\/\/www.visit-ulcinj.com\/blog\/wp-content\/uploads\/2012\/05\/Rudi-Goga-ekspozon-n\u00eb-Gjermani.1-150x150.jpg\" class=\"attachment-thumbnail size-thumbnail\" alt=\"\" loading=\"lazy\" \/><\/a>\n\t\t\t<\/dt><\/dl><dl class='gallery-item'>\n\t\t\t<dt class='gallery-icon portrait'>\n\t\t\t\t<a href='https:\/\/www.visit-ulcinj.com\/blog\/wp-content\/uploads\/2012\/05\/Rudi-Goga-ekspozon-n\u00eb-Gjermani.jpg'><img width=\"150\" height=\"150\" src=\"https:\/\/www.visit-ulcinj.com\/blog\/wp-content\/uploads\/2012\/05\/Rudi-Goga-ekspozon-n\u00eb-Gjermani-150x150.jpg\" class=\"attachment-thumbnail size-thumbnail\" alt=\"\" loading=\"lazy\" \/><\/a>\n\t\t\t<\/dt><\/dl><dl class='gallery-item'>\n\t\t\t<dt class='gallery-icon portrait'>\n\t\t\t\t<a href='https:\/\/www.visit-ulcinj.com\/blog\/wp-content\/uploads\/2012\/05\/Rudi-Goga-ekspozon-n\u00eb-Gjermani.2.jpg'><img width=\"150\" height=\"150\" src=\"https:\/\/www.visit-ulcinj.com\/blog\/wp-content\/uploads\/2012\/05\/Rudi-Goga-ekspozon-n\u00eb-Gjermani.2-150x150.jpg\" class=\"attachment-thumbnail size-thumbnail\" alt=\"\" loading=\"lazy\" \/><\/a>\n\t\t\t<\/dt><\/dl><br style=\"clear: both\" \/><dl class='gallery-item'>\n\t\t\t<dt class='gallery-icon landscape'>\n\t\t\t\t<a href='https:\/\/www.visit-ulcinj.com\/blog\/wp-content\/uploads\/2012\/05\/Rudi-Goga-ekspozon-n\u00eb-Gjermani.3.jpg'><img width=\"150\" height=\"150\" src=\"https:\/\/www.visit-ulcinj.com\/blog\/wp-content\/uploads\/2012\/05\/Rudi-Goga-ekspozon-n\u00eb-Gjermani.3-150x150.jpg\" class=\"attachment-thumbnail size-thumbnail\" alt=\"\" loading=\"lazy\" \/><\/a>\n\t\t\t<\/dt><\/dl><dl class='gallery-item'>\n\t\t\t<dt class='gallery-icon landscape'>\n\t\t\t\t<a href='https:\/\/www.visit-ulcinj.com\/blog\/wp-content\/uploads\/2012\/05\/Rudi-Goga-ekspozon-n\u00eb-Gjermani.4.jpg'><img width=\"150\" height=\"150\" src=\"https:\/\/www.visit-ulcinj.com\/blog\/wp-content\/uploads\/2012\/05\/Rudi-Goga-ekspozon-n\u00eb-Gjermani.4-150x150.jpg\" class=\"attachment-thumbnail size-thumbnail\" alt=\"\" loading=\"lazy\" \/><\/a>\n\t\t\t<\/dt><\/dl><dl class='gallery-item'>\n\t\t\t<dt class='gallery-icon portrait'>\n\t\t\t\t<a href='https:\/\/www.visit-ulcinj.com\/blog\/wp-content\/uploads\/2012\/05\/Rudi-Goga-ekspozon-n\u00eb-Gjermani.5.jpg'><img width=\"150\" height=\"150\" src=\"https:\/\/www.visit-ulcinj.com\/blog\/wp-content\/uploads\/2012\/05\/Rudi-Goga-ekspozon-n\u00eb-Gjermani.5-150x150.jpg\" class=\"attachment-thumbnail size-thumbnail\" alt=\"\" loading=\"lazy\" \/><\/a>\n\t\t\t<\/dt><\/dl><br style=\"clear: both\" \/><dl class='gallery-item'>\n\t\t\t<dt class='gallery-icon portrait'>\n\t\t\t\t<a href='https:\/\/www.visit-ulcinj.com\/blog\/wp-content\/uploads\/2012\/05\/Rudi-Goga-ekspozon-n\u00eb-Gjermani.6.jpg'><img width=\"150\" height=\"150\" src=\"https:\/\/www.visit-ulcinj.com\/blog\/wp-content\/uploads\/2012\/05\/Rudi-Goga-ekspozon-n\u00eb-Gjermani.6-150x150.jpg\" class=\"attachment-thumbnail size-thumbnail\" alt=\"\" loading=\"lazy\" \/><\/a>\n\t\t\t<\/dt><\/dl><dl class='gallery-item'>\n\t\t\t<dt class='gallery-icon portrait'>\n\t\t\t\t<a href='https:\/\/www.visit-ulcinj.com\/blog\/wp-content\/uploads\/2012\/05\/Rudi-Goga-ekspozon-n\u00eb-Gjermani.7.jpg'><img width=\"150\" height=\"150\" src=\"https:\/\/www.visit-ulcinj.com\/blog\/wp-content\/uploads\/2012\/05\/Rudi-Goga-ekspozon-n\u00eb-Gjermani.7-150x150.jpg\" class=\"attachment-thumbnail size-thumbnail\" alt=\"\" loading=\"lazy\" \/><\/a>\n\t\t\t<\/dt><\/dl><dl class='gallery-item'>\n\t\t\t<dt class='gallery-icon portrait'>\n\t\t\t\t<a href='https:\/\/www.visit-ulcinj.com\/blog\/wp-content\/uploads\/2012\/05\/Rudi-Goga-ekspozon-n\u00eb-Gjermani.8.jpg'><img width=\"150\" height=\"150\" src=\"https:\/\/www.visit-ulcinj.com\/blog\/wp-content\/uploads\/2012\/05\/Rudi-Goga-ekspozon-n\u00eb-Gjermani.8-150x150.jpg\" class=\"attachment-thumbnail size-thumbnail\" alt=\"\" loading=\"lazy\" \/><\/a>\n\t\t\t<\/dt><\/dl><br style=\"clear: both\" \/><dl class='gallery-item'>\n\t\t\t<dt class='gallery-icon landscape'>\n\t\t\t\t<a href='https:\/\/www.visit-ulcinj.com\/blog\/wp-content\/uploads\/2012\/05\/Rudi-Goga-ekspozon-n\u00eb-Gjermani.9.jpg'><img width=\"150\" height=\"150\" src=\"https:\/\/www.visit-ulcinj.com\/blog\/wp-content\/uploads\/2012\/05\/Rudi-Goga-ekspozon-n\u00eb-Gjermani.9-150x150.jpg\" class=\"attachment-thumbnail size-thumbnail\" alt=\"\" loading=\"lazy\" \/><\/a>\n\t\t\t<\/dt><\/dl><dl class='gallery-item'>\n\t\t\t<dt class='gallery-icon portrait'>\n\t\t\t\t<a href='https:\/\/www.visit-ulcinj.com\/blog\/wp-content\/uploads\/2012\/05\/Rudi-Goga-ekspozon-n\u00eb-Gjermani.10.jpg'><img width=\"150\" height=\"150\" src=\"https:\/\/www.visit-ulcinj.com\/blog\/wp-content\/uploads\/2012\/05\/Rudi-Goga-ekspozon-n\u00eb-Gjermani.10-150x150.jpg\" class=\"attachment-thumbnail size-thumbnail\" alt=\"\" loading=\"lazy\" \/><\/a>\n\t\t\t<\/dt><\/dl><dl class='gallery-item'>\n\t\t\t<dt class='gallery-icon landscape'>\n\t\t\t\t<a href='https:\/\/www.visit-ulcinj.com\/blog\/wp-content\/uploads\/2012\/05\/Rudi-Goga-ekspozon-n\u00eb-Gjermani.11.jpg'><img width=\"150\" height=\"150\" src=\"https:\/\/www.visit-ulcinj.com\/blog\/wp-content\/uploads\/2012\/05\/Rudi-Goga-ekspozon-n\u00eb-Gjermani.11-150x150.jpg\" class=\"attachment-thumbnail size-thumbnail\" alt=\"\" loading=\"lazy\" \/><\/a>\n\t\t\t<\/dt><\/dl><br style=\"clear: both\" \/>\n\t\t<\/div>\n<br \/>\n<\/strong><\/p>\n","protected":false},"excerpt":{"rendered":"<p>Gjonaj Nj\u00eb pjes\u00eb e\u00a0 krijimtaris\u00eb\u00a0 artistike t\u00eb piktorit t\u00eb njohur ulqinak Rudi Goga \u00ebsht\u00eb shpalosur m\u00eb 5 maj\u00a0 na ambijentet e Galeris\u00eb s\u00eb Arteve \u201eKarl Braner\u201c \u00a0\u00a0n\u00eb komun\u00ebn Kasell t\u00eb Gjermanis\u00eb. Goga para artdash\u00ebsve gjerman\u00eb u prezantua me ekspozit\u00ebn e tij t\u00eb 60-t\u00eb me radh\u00eb \u201e Homazh profesor Jozef Bojs\u201c, t\u00eb cil\u00ebn e shpalli t\u00eb [&hellip;]<\/p>\n","protected":false},"author":1,"featured_media":0,"comment_status":"open","ping_status":"closed","sticky":false,"template":"","format":"standard","meta":{"spay_email":"","jetpack_publicize_message":"","jetpack_is_tweetstorm":false,"jetpack_publicize_feature_enabled":true},"categories":[4,1],"tags":[20440,20439,1308,200,18],"jetpack_publicize_connections":[],"yoast_head":"<!-- This site is optimized with the Yoast SEO plugin v19.1 - https:\/\/yoast.com\/wordpress\/plugins\/seo\/ -->\n<title>Rudi Goga ekspozon n\u00eb Gjermani - Foto Piktura - Lajme nga Ulqini<\/title>\n<meta name=\"description\" content=\"Gjonaj Nj\u00eb pjes\u00eb e\u00a0 krijimtaris\u00eb\u00a0 artistike t\u00eb piktorit t\u00eb njohur ulqinak Rudi Goga \u00ebsht\u00eb shpalosur m\u00eb 5 maj\u00a0 na ambijentet e Galeris\u00eb s\u00eb Arteve \u201eKarl\" \/>\n<meta name=\"robots\" content=\"index, follow, max-snippet:-1, max-image-preview:large, max-video-preview:-1\" \/>\n<link rel=\"canonical\" href=\"https:\/\/www.visit-ulcinj.com\/blog\/2012\/05\/10\/rudi-goga-ekspozon-ne-gjermani-foto-piktura\/\" \/>\n<meta property=\"og:locale\" content=\"en_US\" \/>\n<meta property=\"og:type\" content=\"article\" \/>\n<meta property=\"og:title\" content=\"Rudi Goga ekspozon n\u00eb Gjermani - Foto Piktura - Lajme nga Ulqini\" \/>\n<meta property=\"og:description\" content=\"Gjonaj Nj\u00eb pjes\u00eb e\u00a0 krijimtaris\u00eb\u00a0 artistike t\u00eb piktorit t\u00eb njohur ulqinak Rudi Goga \u00ebsht\u00eb shpalosur m\u00eb 5 maj\u00a0 na ambijentet e Galeris\u00eb s\u00eb Arteve \u201eKarl\" \/>\n<meta property=\"og:url\" content=\"https:\/\/www.visit-ulcinj.com\/blog\/2012\/05\/10\/rudi-goga-ekspozon-ne-gjermani-foto-piktura\/\" \/>\n<meta property=\"og:site_name\" content=\"Lajme nga Ulqini\" \/>\n<meta property=\"article:published_time\" content=\"2012-05-10T14:07:44+00:00\" \/>\n<meta property=\"article:modified_time\" content=\"2012-05-10T17:36:23+00:00\" \/>\n<meta property=\"og:image\" content=\"https:\/\/www.visit-ulcinj.com\/blog\/wp-content\/uploads\/2012\/05\/Rudi-Goga-ekspozon-n\u00eb-Gjermani.1-150x150.jpg\" \/>\n<meta name=\"twitter:label1\" content=\"Written by\" \/>\n\t<meta name=\"twitter:data1\" content=\"ulqini\" \/>\n\t<meta name=\"twitter:label2\" content=\"Est. reading time\" \/>\n\t<meta name=\"twitter:data2\" content=\"3 minutes\" \/>\n<script type=\"application\/ld+json\" class=\"yoast-schema-graph\">{\"@context\":\"https:\/\/schema.org\",\"@graph\":[{\"@type\":\"WebSite\",\"@id\":\"https:\/\/www.visit-ulcinj.com\/blog\/#website\",\"url\":\"https:\/\/www.visit-ulcinj.com\/blog\/\",\"name\":\"Lajme nga Ulqini\",\"description\":\"Lajme,Vijesti,Ulqini,Ulqin,Crna Gora,Mali i Zi\",\"potentialAction\":[{\"@type\":\"SearchAction\",\"target\":{\"@type\":\"EntryPoint\",\"urlTemplate\":\"https:\/\/www.visit-ulcinj.com\/blog\/?s={search_term_string}\"},\"query-input\":\"required name=search_term_string\"}],\"inLanguage\":\"en-US\"},{\"@type\":\"WebPage\",\"@id\":\"https:\/\/www.visit-ulcinj.com\/blog\/2012\/05\/10\/rudi-goga-ekspozon-ne-gjermani-foto-piktura\/#webpage\",\"url\":\"https:\/\/www.visit-ulcinj.com\/blog\/2012\/05\/10\/rudi-goga-ekspozon-ne-gjermani-foto-piktura\/\",\"name\":\"Rudi Goga ekspozon n\u00eb Gjermani - Foto Piktura - Lajme nga Ulqini\",\"isPartOf\":{\"@id\":\"https:\/\/www.visit-ulcinj.com\/blog\/#website\"},\"datePublished\":\"2012-05-10T14:07:44+00:00\",\"dateModified\":\"2012-05-10T17:36:23+00:00\",\"author\":{\"@id\":\"https:\/\/www.visit-ulcinj.com\/blog\/#\/schema\/person\/dcab619c614d3038751c63bc2aadc06d\"},\"description\":\"Gjonaj Nj\u00eb pjes\u00eb e\u00a0 krijimtaris\u00eb\u00a0 artistike t\u00eb piktorit t\u00eb njohur ulqinak Rudi Goga \u00ebsht\u00eb shpalosur m\u00eb 5 maj\u00a0 na ambijentet e Galeris\u00eb s\u00eb Arteve \u201eKarl\",\"breadcrumb\":{\"@id\":\"https:\/\/www.visit-ulcinj.com\/blog\/2012\/05\/10\/rudi-goga-ekspozon-ne-gjermani-foto-piktura\/#breadcrumb\"},\"inLanguage\":\"en-US\",\"potentialAction\":[{\"@type\":\"ReadAction\",\"target\":[\"https:\/\/www.visit-ulcinj.com\/blog\/2012\/05\/10\/rudi-goga-ekspozon-ne-gjermani-foto-piktura\/\"]}]},{\"@type\":\"BreadcrumbList\",\"@id\":\"https:\/\/www.visit-ulcinj.com\/blog\/2012\/05\/10\/rudi-goga-ekspozon-ne-gjermani-foto-piktura\/#breadcrumb\",\"itemListElement\":[{\"@type\":\"ListItem\",\"position\":1,\"name\":\"Rudi Goga ekspozon n\u00eb Gjermani &#8211; Foto Piktura\"}]},{\"@type\":\"Person\",\"@id\":\"https:\/\/www.visit-ulcinj.com\/blog\/#\/schema\/person\/dcab619c614d3038751c63bc2aadc06d\",\"name\":\"ulqini\",\"sameAs\":[\"http:\/\/www.visit-ulcinj.com\"],\"url\":\"https:\/\/www.visit-ulcinj.com\/blog\/author\/admin\/\"}]}<\/script>\n<!-- \/ Yoast SEO plugin. -->","yoast_head_json":{"title":"Rudi Goga ekspozon n\u00eb Gjermani - Foto Piktura - Lajme nga Ulqini","description":"Gjonaj Nj\u00eb pjes\u00eb e\u00a0 krijimtaris\u00eb\u00a0 artistike t\u00eb piktorit t\u00eb njohur ulqinak Rudi Goga \u00ebsht\u00eb shpalosur m\u00eb 5 maj\u00a0 na ambijentet e Galeris\u00eb s\u00eb Arteve \u201eKarl","robots":{"index":"index","follow":"follow","max-snippet":"max-snippet:-1","max-image-preview":"max-image-preview:large","max-video-preview":"max-video-preview:-1"},"canonical":"https:\/\/www.visit-ulcinj.com\/blog\/2012\/05\/10\/rudi-goga-ekspozon-ne-gjermani-foto-piktura\/","og_locale":"en_US","og_type":"article","og_title":"Rudi Goga ekspozon n\u00eb Gjermani - Foto Piktura - Lajme nga Ulqini","og_description":"Gjonaj Nj\u00eb pjes\u00eb e\u00a0 krijimtaris\u00eb\u00a0 artistike t\u00eb piktorit t\u00eb njohur ulqinak Rudi Goga \u00ebsht\u00eb shpalosur m\u00eb 5 maj\u00a0 na ambijentet e Galeris\u00eb s\u00eb Arteve \u201eKarl","og_url":"https:\/\/www.visit-ulcinj.com\/blog\/2012\/05\/10\/rudi-goga-ekspozon-ne-gjermani-foto-piktura\/","og_site_name":"Lajme nga Ulqini","article_published_time":"2012-05-10T14:07:44+00:00","article_modified_time":"2012-05-10T17:36:23+00:00","og_image":[{"url":"https:\/\/www.visit-ulcinj.com\/blog\/wp-content\/uploads\/2012\/05\/Rudi-Goga-ekspozon-n\u00eb-Gjermani.1-150x150.jpg"}],"twitter_misc":{"Written by":"ulqini","Est. reading time":"3 minutes"},"schema":{"@context":"https:\/\/schema.org","@graph":[{"@type":"WebSite","@id":"https:\/\/www.visit-ulcinj.com\/blog\/#website","url":"https:\/\/www.visit-ulcinj.com\/blog\/","name":"Lajme nga Ulqini","description":"Lajme,Vijesti,Ulqini,Ulqin,Crna Gora,Mali i Zi","potentialAction":[{"@type":"SearchAction","target":{"@type":"EntryPoint","urlTemplate":"https:\/\/www.visit-ulcinj.com\/blog\/?s={search_term_string}"},"query-input":"required name=search_term_string"}],"inLanguage":"en-US"},{"@type":"WebPage","@id":"https:\/\/www.visit-ulcinj.com\/blog\/2012\/05\/10\/rudi-goga-ekspozon-ne-gjermani-foto-piktura\/#webpage","url":"https:\/\/www.visit-ulcinj.com\/blog\/2012\/05\/10\/rudi-goga-ekspozon-ne-gjermani-foto-piktura\/","name":"Rudi Goga ekspozon n\u00eb Gjermani - Foto Piktura - Lajme nga Ulqini","isPartOf":{"@id":"https:\/\/www.visit-ulcinj.com\/blog\/#website"},"datePublished":"2012-05-10T14:07:44+00:00","dateModified":"2012-05-10T17:36:23+00:00","author":{"@id":"https:\/\/www.visit-ulcinj.com\/blog\/#\/schema\/person\/dcab619c614d3038751c63bc2aadc06d"},"description":"Gjonaj Nj\u00eb pjes\u00eb e\u00a0 krijimtaris\u00eb\u00a0 artistike t\u00eb piktorit t\u00eb njohur ulqinak Rudi Goga \u00ebsht\u00eb shpalosur m\u00eb 5 maj\u00a0 na ambijentet e Galeris\u00eb s\u00eb Arteve \u201eKarl","breadcrumb":{"@id":"https:\/\/www.visit-ulcinj.com\/blog\/2012\/05\/10\/rudi-goga-ekspozon-ne-gjermani-foto-piktura\/#breadcrumb"},"inLanguage":"en-US","potentialAction":[{"@type":"ReadAction","target":["https:\/\/www.visit-ulcinj.com\/blog\/2012\/05\/10\/rudi-goga-ekspozon-ne-gjermani-foto-piktura\/"]}]},{"@type":"BreadcrumbList","@id":"https:\/\/www.visit-ulcinj.com\/blog\/2012\/05\/10\/rudi-goga-ekspozon-ne-gjermani-foto-piktura\/#breadcrumb","itemListElement":[{"@type":"ListItem","position":1,"name":"Rudi Goga ekspozon n\u00eb Gjermani &#8211; Foto Piktura"}]},{"@type":"Person","@id":"https:\/\/www.visit-ulcinj.com\/blog\/#\/schema\/person\/dcab619c614d3038751c63bc2aadc06d","name":"ulqini","sameAs":["http:\/\/www.visit-ulcinj.com"],"url":"https:\/\/www.visit-ulcinj.com\/blog\/author\/admin\/"}]}},"jetpack_featured_media_url":"","jetpack_sharing_enabled":true,"jetpack_shortlink":"https:\/\/wp.me\/pe6lTn-fFk","_links":{"self":[{"href":"https:\/\/www.visit-ulcinj.com\/blog\/wp-json\/wp\/v2\/posts\/60222"}],"collection":[{"href":"https:\/\/www.visit-ulcinj.com\/blog\/wp-json\/wp\/v2\/posts"}],"about":[{"href":"https:\/\/www.visit-ulcinj.com\/blog\/wp-json\/wp\/v2\/types\/post"}],"author":[{"embeddable":true,"href":"https:\/\/www.visit-ulcinj.com\/blog\/wp-json\/wp\/v2\/users\/1"}],"replies":[{"embeddable":true,"href":"https:\/\/www.visit-ulcinj.com\/blog\/wp-json\/wp\/v2\/comments?post=60222"}],"version-history":[{"count":2,"href":"https:\/\/www.visit-ulcinj.com\/blog\/wp-json\/wp\/v2\/posts\/60222\/revisions"}],"predecessor-version":[{"id":60241,"href":"https:\/\/www.visit-ulcinj.com\/blog\/wp-json\/wp\/v2\/posts\/60222\/revisions\/60241"}],"wp:attachment":[{"href":"https:\/\/www.visit-ulcinj.com\/blog\/wp-json\/wp\/v2\/media?parent=60222"}],"wp:term":[{"taxonomy":"category","embeddable":true,"href":"https:\/\/www.visit-ulcinj.com\/blog\/wp-json\/wp\/v2\/categories?post=60222"},{"taxonomy":"post_tag","embeddable":true,"href":"https:\/\/www.visit-ulcinj.com\/blog\/wp-json\/wp\/v2\/tags?post=60222"}],"curies":[{"name":"wp","href":"https:\/\/api.w.org\/{rel}","templated":true}]}}