{"id":60237,"date":"2012-05-10T18:34:56","date_gmt":"2012-05-10T17:34:56","guid":{"rendered":"http:\/\/www.visit-ulcinj.com\/blog\/?p=60237"},"modified":"2012-05-11T13:00:18","modified_gmt":"2012-05-11T12:00:18","slug":"prof-ismet-kaleziqi-kualiteti-i-kuadrave-per-nji-turizem-konkurent-dhe-te-sukseseshem","status":"publish","type":"post","link":"https:\/\/www.visit-ulcinj.com\/blog\/2012\/05\/10\/prof-ismet-kaleziqi-kualiteti-i-kuadrave-per-nji-turizem-konkurent-dhe-te-sukseseshem\/","title":{"rendered":"Prof.Ismet Kaleziqi: Kualiteti  i kuadrave p\u00ebr  nji  turizem konkurent dhe t\u00eb sukses\u00ebshem"},"content":{"rendered":"<p><a href=\"http:\/\/www.visit-ulcinj.com\/blog\/wp-content\/uploads\/2012\/05\/Prof_Ismet-Kaleziq.jpg\"><img loading=\"lazy\" class=\"alignleft  wp-image-60238\" title=\"Prof_Ismet Kaleziq\" src=\"http:\/\/www.visit-ulcinj.com\/blog\/wp-content\/uploads\/2012\/05\/Prof_Ismet-Kaleziq.jpg\" alt=\"\" width=\"350\" height=\"400\" \/><\/a>Turizmi \u00ebsht\u00eb nji nd\u00ebr deg\u00ebt ma p\u00ebrspektive t\u00eb zhvillimit n\u00eb Mal t\u00eb Zi respektivisht n\u00eb Ulqin , n\u00eb pik\u00eb pamje globale nji gjenerator i rand\u00ebsish\u00ebm p\u00ebr hapjen e vendeve t\u00eb reja t\u00eb pun\u00ebs. Simbas te gjitha t\u00eb dhanave rand\u00ebsija e turizmit p\u00ebr nji zhvillim t\u00eb mir\u00eb ekonomik t\u00eb Malit t\u00eb Zi ne t\u00ebrsi \u00ebsht\u00eb e pa zbuluar edhe pse sektori i turizmit shenon nj i rritje t\u00eb duk\u00ebshme n\u00eb disa vitet e fundit.<br \/>\nQendron fakti se n\u00eb k\u00ebt\u00eb perjudh\u00eb n\u00eb nivel t\u00eb Malit te Zi jan\u00eb b\u00ebr investime t\u00eb shum\u00ebta n\u00eb ndertimin e kapaciteteve t\u00eb reja hotelijere si dhe infrastruk\u00ebtur\u00ebs n\u00eb p\u00ebrgjith\u00ebsi.<br \/>\nPor n\u00eb k\u00ebt\u00eb p\u00ebrjudh\u00eb nuk i \u00ebsht\u00eb kushtuar kujdesi segmentit ma senzitiv dhe kryesor n\u00eb hoteljeri , shkollimit t\u00eb fuqis\u00eb pun\u00ebtore., pra nuk jan\u00eb b\u00ebr investime t\u00eb nevojshme n\u00eb zhvillimin e t\u00eb ashtuqujturave elementeve t\u00eb buta t\u00eb zhvillimit si\u00e7 jan\u00eb: a) kvaliteti i resurs\u00ebve t\u00eb fuqis\u00eb puntore; dhe b) inicimi i ky\u00e7j\u00ebs s\u00eb fuqis\u00eb pun\u00ebtore t\u00eb edukuar n\u00eb procesin e sherbimeve hotelijere. Industrija e turizmit \u00ebsht\u00eb nj\u00eb gjenerator i r\u00ebndsish\u00ebm p\u00ebr krijimin e vendeve t\u00eb reja t\u00eb pun\u00ebs , si dhe deg\u00eb me potencijal t\u00eb madh\u00eb p\u00ebr rritjen e pun\u00ebsimit t\u00eb ardh\u00ebshem ne Mal te Zi gjegj\u00ebsish\u00ebt n\u00eb Ulqin.<br \/>\nP\u00ebr nj\u00eb zhvillim konstant n\u00eb sektorin e turizmit \u00ebsht\u00eb e nevij\u00ebshme q\u00eb t\u00eb ndermerren masat t\u00eb cilat do t\u00eb mund\u00ebsojn nivelizimin e knaq\u00ebsive t\u00eb turistet,pastaj zhvillimin resurseve natyrore si dhe ofert\u00ebn e destinacionit dhe t\u00eb nderrmarrjeve.<br \/>\nN\u00eb k\u00ebte mnyr\u00eb arrihet nj\u00eb zhvillim ma i mir\u00eb ekonomik\u00eb i vendit.<br \/>\nP\u00ebr ti arri k\u00ebto qellime \u00ebsht\u00eb e nevoj\u00ebshme q\u00eb ti p\u00ebrgjigjemi disa kerkesave, n\u00eb mes t\u00eb tjerave nj\u00eb kerkese shum\u00eb me r\u00ebnd\u00ebsi: a)p\u00ebrmir\u00ebsimi i kvalitetit t\u00eb vendeve t\u00eb pun\u00ebs n\u00eb turizem, si t\u00eb sigurohen kuadrat kvalitative sherbyse, dhe b) si ta ngrisim autoritetin e profesjonist\u00ebve dhe pun\u00ebdhansve.<br \/>\nVlen\u00eb t\u00eb p\u00ebrmendet nji konstatim i p\u00ebrgjith\u00ebsh\u00ebm se n\u00eb turizem dhe hotelijeri mungojn njohrnit\u00eb operative profesjonale dhe menaxhuse.<br \/>\nEg\u00ebziston nji dukuri e \u00e7udit\u00ebshme se p\u00ebr profesijonet ne hotelijeri orijentohen n\u00eb p\u00ebrgjith\u00ebsi vetem ata q\u00eb nuk kan\u00eb nji baz\u00eb kvalitative paraprake ,n\u00eb k\u00ebte drejtim paraqitet problemi i nj\u00eb organizimi t\u00eb dob\u00ebt i shkollimit si nji faktor kryesor p\u00ebr formimin e kuadrave kvalitative.<br \/>\nPap\u00ebrputh\u00ebshmerija e sistemit m\u00ebsimor me nevojat rele p\u00ebr k\u00ebte sektor, k\u00ebshtu q\u00eb shum\u00eb vende t\u00eb pun\u00ebs si\u00e7 jan\u00eb kuzhinjer , specialist\u00eb t\u00eb drejtimeve t\u00eb ndryshme .kamarijer\u00eb animator\u00eb recepcionist e tjer\u00eb, jan\u00eb t\u00eb pa plotsuara ose jan\u00eb t\u00eb plot\u00ebsuara me kuadra t\u00eb cilat as q\u00eb kan\u00eb njohuri elementare p\u00ebr k\u00ebto vende pune.<br \/>\nMungesa e shkollave t\u00eb mesme t\u00eb specializuara p\u00ebr turizem dhe hoteljeri , mungesa e fakullteteve te hotelijeris\u00eb,mungesa e qendrave p\u00ebr specializime te n\u00ebdryshme n\u00eb hotelijeri e posa\u00e7arisht mungesa e atyre qendrave t\u00eb cilat organizohen nga vet hotelijeret.<br \/>\nTe gjitha keto mund t\u00eb p\u00ebrm\u00ebblidhen n\u00eb nji konstatim t\u00eb p\u00ebrgjith\u00ebsh\u00ebm se situata \u00ebsht\u00eb alarmante,deficit ipa pare ndonj\u00ebher\u00eb ma par\u00eb i fuqis\u00eb puntore t\u00eb specializimeve t\u00eb ndryshme.<br \/>\n<a href=\"http:\/\/www.visit-ulcinj.com\/blog\/wp-content\/uploads\/2012\/05\/ULQINI-DIKUR.jpg\"><img loading=\"lazy\" class=\"alignleft  wp-image-60239\" title=\"ULQINI DIKUR\" src=\"http:\/\/www.visit-ulcinj.com\/blog\/wp-content\/uploads\/2012\/05\/ULQINI-DIKUR.jpg\" alt=\"\" width=\"508\" height=\"300\" \/><\/a><strong>Foto: Vebija Kovaceviq<\/strong><\/p>\n<p><strong>P\u00ebr t\u00eb tejkalu k\u00ebt\u00eb sitat\u00eb \u00ebsht\u00eb e nevoj\u00ebshme:<\/strong><br \/>\n1. T\u00eb b\u00ebh\u00ebn reforma struk\u00ebturale n\u00eb sistemin shkollor t\u00eb cilet merren me shkollimin e kuadrave p\u00ebr turizem dhe hotelijeri,<br \/>\n2. T\u00eb formohet nj\u00eb projekt gjeneral i cili do t\u00eb trajtoj k\u00ebt\u00eb problematik\u00eb komplekse me nji respekt t\u00eb posa\u00e7em dhe t\u00eb nipen propuzimet e nevojshme t\u00eb cilat duhen te jet\u00ebsohen p\u00ebr nji p\u00ebrjudh te gjat\u00eb,<br \/>\n3. Edukim i p\u00ebrgjithsh\u00ebm i kuadrave n\u00eb t\u00eb gjitha nivelet,<br \/>\n4. Ngritja e numrit t\u00eb kuadrave me fakulltet te hotelijeris\u00eb dhe turizmit,<br \/>\n5. Animimi i t\u00eb rijve q\u00eb t\u00eb regjistrohen n\u00eb shkollat e specializuara p\u00ebr hotelijeri dhe turizem (kjo ma s\u00eb miri do te arrihet duke b\u00ebr prezentime t\u00eb shpeshta t\u00eb profesioneve dhe drejtimeve n\u00eb hotelijeri),<br \/>\n6. Shkollimi i kuadrave p\u00ebr hotelijeri dhe turizem te kordinohet me nevojat e trgut,<br \/>\n7. Planet dhe programet t\u00eb p\u00ebrpilohen dhe t\u00eb b\u00ebh\u00ebn kompatabil me njohurit\u00eb e reja bashkohore si dhe me njohurit elementare t\u00eb ekonomis\u00eb s\u00eb tregut,aft\u00ebsive organizative bontonit dhe etikes s\u00eb pun\u00ebs,<br \/>\n8. Kujdes t\u00eb posa\u00e7em ti kushtohet m\u00ebsimit praktik\u00eb se kuadra t\u00eb mira n\u00eb hotelijeri nuk ka pa nji praktik\u00eb t\u00eb mir\u00eb,<br \/>\n9. Keto dhe shum\u00eb gjera tjera t\u00eb cilat duhen t\u00eb kordinohen n\u00eb t\u00eb gjitha nivelet do te na mund\u00ebsojn q\u00eb dhe ne ti p\u00ebrshtatemi trendeve te reja t\u00eb turizmit botror.<\/p>\n<p><strong>Prof: Ismet Kaleziqi<br \/>\nNew York<\/strong><\/p>\n<p><strong>Vazhdon&#8230;&#8230;..<br \/>\n<!--YouTube Error: bad URL entered--><br \/>\n<\/strong><\/p>\n","protected":false},"excerpt":{"rendered":"<p>Turizmi \u00ebsht\u00eb nji nd\u00ebr deg\u00ebt ma p\u00ebrspektive t\u00eb zhvillimit n\u00eb Mal t\u00eb Zi respektivisht n\u00eb Ulqin , n\u00eb pik\u00eb pamje globale nji gjenerator i rand\u00ebsish\u00ebm p\u00ebr hapjen e vendeve t\u00eb reja t\u00eb pun\u00ebs. Simbas te gjitha t\u00eb dhanave rand\u00ebsija e turizmit p\u00ebr nji zhvillim t\u00eb mir\u00eb ekonomik t\u00eb Malit t\u00eb Zi ne t\u00ebrsi \u00ebsht\u00eb e [&hellip;]<\/p>\n","protected":false},"author":1,"featured_media":0,"comment_status":"open","ping_status":"closed","sticky":false,"template":"","format":"standard","meta":{"spay_email":"","jetpack_publicize_message":"","jetpack_is_tweetstorm":false,"jetpack_publicize_feature_enabled":true},"categories":[1,15],"tags":[20443,20441,20442,8870,2798,2797,5657,19,200,18],"jetpack_publicize_connections":[],"yoast_head":"<!-- This site is optimized with the Yoast SEO plugin v19.1 - https:\/\/yoast.com\/wordpress\/plugins\/seo\/ -->\n<title>Prof.Ismet Kaleziqi: Kualiteti i kuadrave p\u00ebr nji turizem konkurent dhe t\u00eb sukses\u00ebshem - Lajme nga Ulqini<\/title>\n<meta name=\"description\" content=\"Turizmi \u00ebsht\u00eb nji nd\u00ebr deg\u00ebt ma p\u00ebrspektive t\u00eb zhvillimit n\u00eb Mal t\u00eb Zi respektivisht n\u00eb Ulqin , n\u00eb pik\u00eb pamje globale nji gjenerator i rand\u00ebsish\u00ebm p\u00ebr\" \/>\n<meta name=\"robots\" content=\"index, follow, max-snippet:-1, max-image-preview:large, max-video-preview:-1\" \/>\n<link rel=\"canonical\" href=\"https:\/\/www.visit-ulcinj.com\/blog\/2012\/05\/10\/prof-ismet-kaleziqi-kualiteti-i-kuadrave-per-nji-turizem-konkurent-dhe-te-sukseseshem\/\" \/>\n<meta property=\"og:locale\" content=\"en_US\" \/>\n<meta property=\"og:type\" content=\"article\" \/>\n<meta property=\"og:title\" content=\"Prof.Ismet Kaleziqi: Kualiteti i kuadrave p\u00ebr nji turizem konkurent dhe t\u00eb sukses\u00ebshem - Lajme nga Ulqini\" \/>\n<meta property=\"og:description\" content=\"Turizmi \u00ebsht\u00eb nji nd\u00ebr deg\u00ebt ma p\u00ebrspektive t\u00eb zhvillimit n\u00eb Mal t\u00eb Zi respektivisht n\u00eb Ulqin , n\u00eb pik\u00eb pamje globale nji gjenerator i rand\u00ebsish\u00ebm p\u00ebr\" \/>\n<meta property=\"og:url\" content=\"https:\/\/www.visit-ulcinj.com\/blog\/2012\/05\/10\/prof-ismet-kaleziqi-kualiteti-i-kuadrave-per-nji-turizem-konkurent-dhe-te-sukseseshem\/\" \/>\n<meta property=\"og:site_name\" content=\"Lajme nga Ulqini\" \/>\n<meta property=\"article:published_time\" content=\"2012-05-10T17:34:56+00:00\" \/>\n<meta property=\"article:modified_time\" content=\"2012-05-11T12:00:18+00:00\" \/>\n<meta property=\"og:image\" content=\"http:\/\/www.visit-ulcinj.com\/blog\/wp-content\/uploads\/2012\/05\/Prof_Ismet-Kaleziq.jpg\" \/>\n<meta name=\"twitter:label1\" content=\"Written by\" \/>\n\t<meta name=\"twitter:data1\" content=\"ulqini\" \/>\n\t<meta name=\"twitter:label2\" content=\"Est. reading time\" \/>\n\t<meta name=\"twitter:data2\" content=\"4 minutes\" \/>\n<script type=\"application\/ld+json\" class=\"yoast-schema-graph\">{\"@context\":\"https:\/\/schema.org\",\"@graph\":[{\"@type\":\"WebSite\",\"@id\":\"https:\/\/www.visit-ulcinj.com\/blog\/#website\",\"url\":\"https:\/\/www.visit-ulcinj.com\/blog\/\",\"name\":\"Lajme nga Ulqini\",\"description\":\"Lajme,Vijesti,Ulqini,Ulqin,Crna Gora,Mali i Zi\",\"potentialAction\":[{\"@type\":\"SearchAction\",\"target\":{\"@type\":\"EntryPoint\",\"urlTemplate\":\"https:\/\/www.visit-ulcinj.com\/blog\/?s={search_term_string}\"},\"query-input\":\"required name=search_term_string\"}],\"inLanguage\":\"en-US\"},{\"@type\":\"ImageObject\",\"inLanguage\":\"en-US\",\"@id\":\"https:\/\/www.visit-ulcinj.com\/blog\/2012\/05\/10\/prof-ismet-kaleziqi-kualiteti-i-kuadrave-per-nji-turizem-konkurent-dhe-te-sukseseshem\/#primaryimage\",\"url\":\"https:\/\/www.visit-ulcinj.com\/blog\/wp-content\/uploads\/2012\/05\/Prof_Ismet-Kaleziq.jpg\",\"contentUrl\":\"https:\/\/www.visit-ulcinj.com\/blog\/wp-content\/uploads\/2012\/05\/Prof_Ismet-Kaleziq.jpg\",\"width\":\"349\",\"height\":\"393\"},{\"@type\":\"WebPage\",\"@id\":\"https:\/\/www.visit-ulcinj.com\/blog\/2012\/05\/10\/prof-ismet-kaleziqi-kualiteti-i-kuadrave-per-nji-turizem-konkurent-dhe-te-sukseseshem\/#webpage\",\"url\":\"https:\/\/www.visit-ulcinj.com\/blog\/2012\/05\/10\/prof-ismet-kaleziqi-kualiteti-i-kuadrave-per-nji-turizem-konkurent-dhe-te-sukseseshem\/\",\"name\":\"Prof.Ismet Kaleziqi: Kualiteti i kuadrave p\u00ebr nji turizem konkurent dhe t\u00eb sukses\u00ebshem - Lajme nga Ulqini\",\"isPartOf\":{\"@id\":\"https:\/\/www.visit-ulcinj.com\/blog\/#website\"},\"primaryImageOfPage\":{\"@id\":\"https:\/\/www.visit-ulcinj.com\/blog\/2012\/05\/10\/prof-ismet-kaleziqi-kualiteti-i-kuadrave-per-nji-turizem-konkurent-dhe-te-sukseseshem\/#primaryimage\"},\"datePublished\":\"2012-05-10T17:34:56+00:00\",\"dateModified\":\"2012-05-11T12:00:18+00:00\",\"author\":{\"@id\":\"https:\/\/www.visit-ulcinj.com\/blog\/#\/schema\/person\/dcab619c614d3038751c63bc2aadc06d\"},\"description\":\"Turizmi \u00ebsht\u00eb nji nd\u00ebr deg\u00ebt ma p\u00ebrspektive t\u00eb zhvillimit n\u00eb Mal t\u00eb Zi respektivisht n\u00eb Ulqin , n\u00eb pik\u00eb pamje globale nji gjenerator i rand\u00ebsish\u00ebm p\u00ebr\",\"breadcrumb\":{\"@id\":\"https:\/\/www.visit-ulcinj.com\/blog\/2012\/05\/10\/prof-ismet-kaleziqi-kualiteti-i-kuadrave-per-nji-turizem-konkurent-dhe-te-sukseseshem\/#breadcrumb\"},\"inLanguage\":\"en-US\",\"potentialAction\":[{\"@type\":\"ReadAction\",\"target\":[\"https:\/\/www.visit-ulcinj.com\/blog\/2012\/05\/10\/prof-ismet-kaleziqi-kualiteti-i-kuadrave-per-nji-turizem-konkurent-dhe-te-sukseseshem\/\"]}]},{\"@type\":\"BreadcrumbList\",\"@id\":\"https:\/\/www.visit-ulcinj.com\/blog\/2012\/05\/10\/prof-ismet-kaleziqi-kualiteti-i-kuadrave-per-nji-turizem-konkurent-dhe-te-sukseseshem\/#breadcrumb\",\"itemListElement\":[{\"@type\":\"ListItem\",\"position\":1,\"name\":\"Prof.Ismet Kaleziqi: Kualiteti i kuadrave p\u00ebr nji turizem konkurent dhe t\u00eb sukses\u00ebshem\"}]},{\"@type\":\"Person\",\"@id\":\"https:\/\/www.visit-ulcinj.com\/blog\/#\/schema\/person\/dcab619c614d3038751c63bc2aadc06d\",\"name\":\"ulqini\",\"sameAs\":[\"http:\/\/www.visit-ulcinj.com\"],\"url\":\"https:\/\/www.visit-ulcinj.com\/blog\/author\/admin\/\"}]}<\/script>\n<!-- \/ Yoast SEO plugin. -->","yoast_head_json":{"title":"Prof.Ismet Kaleziqi: Kualiteti i kuadrave p\u00ebr nji turizem konkurent dhe t\u00eb sukses\u00ebshem - Lajme nga Ulqini","description":"Turizmi \u00ebsht\u00eb nji nd\u00ebr deg\u00ebt ma p\u00ebrspektive t\u00eb zhvillimit n\u00eb Mal t\u00eb Zi respektivisht n\u00eb Ulqin , n\u00eb pik\u00eb pamje globale nji gjenerator i rand\u00ebsish\u00ebm p\u00ebr","robots":{"index":"index","follow":"follow","max-snippet":"max-snippet:-1","max-image-preview":"max-image-preview:large","max-video-preview":"max-video-preview:-1"},"canonical":"https:\/\/www.visit-ulcinj.com\/blog\/2012\/05\/10\/prof-ismet-kaleziqi-kualiteti-i-kuadrave-per-nji-turizem-konkurent-dhe-te-sukseseshem\/","og_locale":"en_US","og_type":"article","og_title":"Prof.Ismet Kaleziqi: Kualiteti i kuadrave p\u00ebr nji turizem konkurent dhe t\u00eb sukses\u00ebshem - Lajme nga Ulqini","og_description":"Turizmi \u00ebsht\u00eb nji nd\u00ebr deg\u00ebt ma p\u00ebrspektive t\u00eb zhvillimit n\u00eb Mal t\u00eb Zi respektivisht n\u00eb Ulqin , n\u00eb pik\u00eb pamje globale nji gjenerator i rand\u00ebsish\u00ebm p\u00ebr","og_url":"https:\/\/www.visit-ulcinj.com\/blog\/2012\/05\/10\/prof-ismet-kaleziqi-kualiteti-i-kuadrave-per-nji-turizem-konkurent-dhe-te-sukseseshem\/","og_site_name":"Lajme nga Ulqini","article_published_time":"2012-05-10T17:34:56+00:00","article_modified_time":"2012-05-11T12:00:18+00:00","og_image":[{"url":"http:\/\/www.visit-ulcinj.com\/blog\/wp-content\/uploads\/2012\/05\/Prof_Ismet-Kaleziq.jpg"}],"twitter_misc":{"Written by":"ulqini","Est. reading time":"4 minutes"},"schema":{"@context":"https:\/\/schema.org","@graph":[{"@type":"WebSite","@id":"https:\/\/www.visit-ulcinj.com\/blog\/#website","url":"https:\/\/www.visit-ulcinj.com\/blog\/","name":"Lajme nga Ulqini","description":"Lajme,Vijesti,Ulqini,Ulqin,Crna Gora,Mali i Zi","potentialAction":[{"@type":"SearchAction","target":{"@type":"EntryPoint","urlTemplate":"https:\/\/www.visit-ulcinj.com\/blog\/?s={search_term_string}"},"query-input":"required name=search_term_string"}],"inLanguage":"en-US"},{"@type":"ImageObject","inLanguage":"en-US","@id":"https:\/\/www.visit-ulcinj.com\/blog\/2012\/05\/10\/prof-ismet-kaleziqi-kualiteti-i-kuadrave-per-nji-turizem-konkurent-dhe-te-sukseseshem\/#primaryimage","url":"https:\/\/www.visit-ulcinj.com\/blog\/wp-content\/uploads\/2012\/05\/Prof_Ismet-Kaleziq.jpg","contentUrl":"https:\/\/www.visit-ulcinj.com\/blog\/wp-content\/uploads\/2012\/05\/Prof_Ismet-Kaleziq.jpg","width":"349","height":"393"},{"@type":"WebPage","@id":"https:\/\/www.visit-ulcinj.com\/blog\/2012\/05\/10\/prof-ismet-kaleziqi-kualiteti-i-kuadrave-per-nji-turizem-konkurent-dhe-te-sukseseshem\/#webpage","url":"https:\/\/www.visit-ulcinj.com\/blog\/2012\/05\/10\/prof-ismet-kaleziqi-kualiteti-i-kuadrave-per-nji-turizem-konkurent-dhe-te-sukseseshem\/","name":"Prof.Ismet Kaleziqi: Kualiteti i kuadrave p\u00ebr nji turizem konkurent dhe t\u00eb sukses\u00ebshem - Lajme nga Ulqini","isPartOf":{"@id":"https:\/\/www.visit-ulcinj.com\/blog\/#website"},"primaryImageOfPage":{"@id":"https:\/\/www.visit-ulcinj.com\/blog\/2012\/05\/10\/prof-ismet-kaleziqi-kualiteti-i-kuadrave-per-nji-turizem-konkurent-dhe-te-sukseseshem\/#primaryimage"},"datePublished":"2012-05-10T17:34:56+00:00","dateModified":"2012-05-11T12:00:18+00:00","author":{"@id":"https:\/\/www.visit-ulcinj.com\/blog\/#\/schema\/person\/dcab619c614d3038751c63bc2aadc06d"},"description":"Turizmi \u00ebsht\u00eb nji nd\u00ebr deg\u00ebt ma p\u00ebrspektive t\u00eb zhvillimit n\u00eb Mal t\u00eb Zi respektivisht n\u00eb Ulqin , n\u00eb pik\u00eb pamje globale nji gjenerator i rand\u00ebsish\u00ebm p\u00ebr","breadcrumb":{"@id":"https:\/\/www.visit-ulcinj.com\/blog\/2012\/05\/10\/prof-ismet-kaleziqi-kualiteti-i-kuadrave-per-nji-turizem-konkurent-dhe-te-sukseseshem\/#breadcrumb"},"inLanguage":"en-US","potentialAction":[{"@type":"ReadAction","target":["https:\/\/www.visit-ulcinj.com\/blog\/2012\/05\/10\/prof-ismet-kaleziqi-kualiteti-i-kuadrave-per-nji-turizem-konkurent-dhe-te-sukseseshem\/"]}]},{"@type":"BreadcrumbList","@id":"https:\/\/www.visit-ulcinj.com\/blog\/2012\/05\/10\/prof-ismet-kaleziqi-kualiteti-i-kuadrave-per-nji-turizem-konkurent-dhe-te-sukseseshem\/#breadcrumb","itemListElement":[{"@type":"ListItem","position":1,"name":"Prof.Ismet Kaleziqi: Kualiteti i kuadrave p\u00ebr nji turizem konkurent dhe t\u00eb sukses\u00ebshem"}]},{"@type":"Person","@id":"https:\/\/www.visit-ulcinj.com\/blog\/#\/schema\/person\/dcab619c614d3038751c63bc2aadc06d","name":"ulqini","sameAs":["http:\/\/www.visit-ulcinj.com"],"url":"https:\/\/www.visit-ulcinj.com\/blog\/author\/admin\/"}]}},"jetpack_featured_media_url":"","jetpack_sharing_enabled":true,"jetpack_shortlink":"https:\/\/wp.me\/pe6lTn-fFz","_links":{"self":[{"href":"https:\/\/www.visit-ulcinj.com\/blog\/wp-json\/wp\/v2\/posts\/60237"}],"collection":[{"href":"https:\/\/www.visit-ulcinj.com\/blog\/wp-json\/wp\/v2\/posts"}],"about":[{"href":"https:\/\/www.visit-ulcinj.com\/blog\/wp-json\/wp\/v2\/types\/post"}],"author":[{"embeddable":true,"href":"https:\/\/www.visit-ulcinj.com\/blog\/wp-json\/wp\/v2\/users\/1"}],"replies":[{"embeddable":true,"href":"https:\/\/www.visit-ulcinj.com\/blog\/wp-json\/wp\/v2\/comments?post=60237"}],"version-history":[{"count":6,"href":"https:\/\/www.visit-ulcinj.com\/blog\/wp-json\/wp\/v2\/posts\/60237\/revisions"}],"predecessor-version":[{"id":60244,"href":"https:\/\/www.visit-ulcinj.com\/blog\/wp-json\/wp\/v2\/posts\/60237\/revisions\/60244"}],"wp:attachment":[{"href":"https:\/\/www.visit-ulcinj.com\/blog\/wp-json\/wp\/v2\/media?parent=60237"}],"wp:term":[{"taxonomy":"category","embeddable":true,"href":"https:\/\/www.visit-ulcinj.com\/blog\/wp-json\/wp\/v2\/categories?post=60237"},{"taxonomy":"post_tag","embeddable":true,"href":"https:\/\/www.visit-ulcinj.com\/blog\/wp-json\/wp\/v2\/tags?post=60237"}],"curies":[{"name":"wp","href":"https:\/\/api.w.org\/{rel}","templated":true}]}}