{"id":60252,"date":"2012-05-10T22:02:35","date_gmt":"2012-05-10T21:02:35","guid":{"rendered":"http:\/\/www.visit-ulcinj.com\/blog\/?p=60252"},"modified":"2012-05-10T22:03:32","modified_gmt":"2012-05-10T21:03:32","slug":"kontrolle-te-rrepta-ne-muriqan-sukubineper-parandalimin-e-azilkerkuesve","status":"publish","type":"post","link":"https:\/\/www.visit-ulcinj.com\/blog\/2012\/05\/10\/kontrolle-te-rrepta-ne-muriqan-sukubineper-parandalimin-e-azilkerkuesve\/","title":{"rendered":"Kontrolle t\u00eb rrepta n\u00eb Muriqan &#8211; Sukubin\u00eb,p\u00ebr parandalimin e azilk\u00ebrkuesve"},"content":{"rendered":"<p><a href=\"http:\/\/www.visit-ulcinj.com\/blog\/wp-content\/uploads\/2012\/05\/Dogana-Sukubin-Muriqan.jpg\"><img loading=\"lazy\" class=\"alignleft size-full wp-image-60254\" title=\"Dogana Sukubin Muriqan\" src=\"http:\/\/www.visit-ulcinj.com\/blog\/wp-content\/uploads\/2012\/05\/Dogana-Sukubin-Muriqan.jpg\" alt=\"\" width=\"508\" height=\"360\" \/><\/a>Shtohen kontrollet n\u00eb piken e kalimit kufitar t\u00eb Muriqanit dhe n\u00eb pikat tjera n\u00eb drejtim t\u00eb Malit t\u00eb Zi dhe Europ\u00ebs per\u00ebndimore p\u00ebr shkak t\u00eb shtimit t\u00eb fluksit l\u00ebvizjes s\u00eb shtetasve shqiptar kryesisht t\u00eb zon\u00ebs s\u00eb n\u00ebnshkodres drejt \u00eb Suedis\u00eb. K\u00ebto kontrolle, u k\u00ebrkojn\u00eb familjeve shqiptare q\u00eb paraqiten atje, t\u00eb deklarojn\u00eb q\u00ebllimin e vizit\u00ebs n\u00eb Malin e Zi, shum\u00ebn e parave q\u00eb kan\u00eb me vete, etj.<br \/>\nSipas banor\u00ebve t\u00eb k\u00ebtyre zonave, ato q\u00eb duan t\u00eb shkojn\u00eb jan\u00eb duke p\u00ebrdorur m\u00ebnyra t\u00eb ndryshme p\u00ebr t\u00eb kaluar n\u00eb Mal t\u00eb Zi dhe pse shkaku i moslejimit nga pala shqiptare \u00ebsht\u00eb i paarsyesh\u00ebm. M\u00ebsohet se p\u00ebr pengimin e shtetasve shqiptar\u00eb p\u00ebr t\u00eb kaluar n\u00eb Mal t\u00eb Zi, nuk ka nj\u00eb urdh\u00ebr me shkrim por vet\u00ebm verbal.<br \/>\nGjat\u00eb kontrolleve t\u00eb ushtruara n\u00eb pik\u00ebn e kalimit kufitar t\u00eb Muriqanit, m\u00ebsohet se gjat\u00eb k\u00ebtyre dit\u00ebve jan\u00eb kapur disa klandestin\u00eb t\u00eb cil\u00ebt vinin kryesisht nga vendet e lindjes, si Afganistani apo edhe Siria dhe Libani. Vet\u00ebm gjat\u00eb nat\u00ebs s\u00eb kaluar nj\u00eb klandestin nga Siria kishte tentuar t\u00eb kalonte pik\u00ebn e kalimit kufitar t\u00eb Muriqanit me destinacion shtetet e Europ\u00ebs per\u00ebndimore. Ndalimi i k\u00ebtyre shtetasve \u00ebsht\u00eb b\u00ebr\u00eb i mundur n\u00eb baz\u00eb t\u00eb kontrolleve t\u00eb rrepta q\u00eb po ushtrojn\u00eb efektivet e k\u00ebsaj pike kalimi kufitar.<br \/>\nPengesa u krijohen dhe atyre q\u00eb shkojn\u00eb p\u00ebr pun\u00eb apo dhe p\u00ebr disa or\u00eb n\u00eb Mal t\u00eb Zi. Nga Shkodra ka banor\u00eb t\u00eb saj q\u00eb shkojn\u00eb p\u00ebr pun\u00eb sezonale n\u00eb k\u00ebt\u00eb vend. Po k\u00ebshtu edhe pala malzeze ka intensifikuar kontrollet n\u00eb t\u00eb gjitha pikat hyr\u00ebse dhe dal\u00ebse t\u00eb vendit t\u00eb saj me qellim evitimin e problemeve q\u00eb mund t\u00eb lindin sa i p\u00ebrket k\u00ebrkes\u00ebs s\u00eb azilit. Ambasada Suedeze n\u00eb vendin ton\u00eb ka publikuar nj\u00eb let\u00ebr t\u00eb hapur p\u00ebr media n\u00eb t\u00eb cil\u00ebn thuhet se q\u00eb nga 2010 e k\u00ebndej n\u00eb shtetin nordik kan\u00eb k\u00ebrkuar m\u00eb azil m\u00eb shum\u00eb se 600 shtetas. \/Anila Dushi\/<\/p>\n<p>SHEKULLI<\/p>\n","protected":false},"excerpt":{"rendered":"<p>Shtohen kontrollet n\u00eb piken e kalimit kufitar t\u00eb Muriqanit dhe n\u00eb pikat tjera n\u00eb drejtim t\u00eb Malit t\u00eb Zi dhe Europ\u00ebs per\u00ebndimore p\u00ebr shkak t\u00eb shtimit t\u00eb fluksit l\u00ebvizjes s\u00eb shtetasve shqiptar kryesisht t\u00eb zon\u00ebs s\u00eb n\u00ebnshkodres drejt \u00eb Suedis\u00eb. K\u00ebto kontrolle, u k\u00ebrkojn\u00eb familjeve shqiptare q\u00eb paraqiten atje, t\u00eb deklarojn\u00eb q\u00ebllimin e vizit\u00ebs n\u00eb [&hellip;]<\/p>\n","protected":false},"author":1,"featured_media":0,"comment_status":"open","ping_status":"closed","sticky":false,"template":"","format":"standard","meta":{"spay_email":"","jetpack_publicize_message":"","jetpack_is_tweetstorm":false,"jetpack_publicize_feature_enabled":true},"categories":[14],"tags":[17969],"jetpack_publicize_connections":[],"yoast_head":"<!-- This site is optimized with the Yoast SEO plugin v19.1 - https:\/\/yoast.com\/wordpress\/plugins\/seo\/ -->\n<title>Kontrolle t\u00eb rrepta n\u00eb Muriqan - Sukubin\u00eb,p\u00ebr parandalimin e azilk\u00ebrkuesve - Lajme nga Ulqini<\/title>\n<meta name=\"description\" content=\"Shtohen kontrollet n\u00eb piken e kalimit kufitar t\u00eb Muriqanit dhe n\u00eb pikat tjera n\u00eb drejtim t\u00eb Malit t\u00eb Zi dhe Europ\u00ebs per\u00ebndimore p\u00ebr shkak t\u00eb shtimit t\u00eb\" \/>\n<meta name=\"robots\" content=\"index, follow, max-snippet:-1, max-image-preview:large, max-video-preview:-1\" \/>\n<link rel=\"canonical\" href=\"https:\/\/www.visit-ulcinj.com\/blog\/2012\/05\/10\/kontrolle-te-rrepta-ne-muriqan-sukubineper-parandalimin-e-azilkerkuesve\/\" \/>\n<meta property=\"og:locale\" content=\"en_US\" \/>\n<meta property=\"og:type\" content=\"article\" \/>\n<meta property=\"og:title\" content=\"Kontrolle t\u00eb rrepta n\u00eb Muriqan - Sukubin\u00eb,p\u00ebr parandalimin e azilk\u00ebrkuesve - Lajme nga Ulqini\" \/>\n<meta property=\"og:description\" content=\"Shtohen kontrollet n\u00eb piken e kalimit kufitar t\u00eb Muriqanit dhe n\u00eb pikat tjera n\u00eb drejtim t\u00eb Malit t\u00eb Zi dhe Europ\u00ebs per\u00ebndimore p\u00ebr shkak t\u00eb shtimit t\u00eb\" \/>\n<meta property=\"og:url\" content=\"https:\/\/www.visit-ulcinj.com\/blog\/2012\/05\/10\/kontrolle-te-rrepta-ne-muriqan-sukubineper-parandalimin-e-azilkerkuesve\/\" \/>\n<meta property=\"og:site_name\" content=\"Lajme nga Ulqini\" \/>\n<meta property=\"article:published_time\" content=\"2012-05-10T21:02:35+00:00\" \/>\n<meta property=\"article:modified_time\" content=\"2012-05-10T21:03:32+00:00\" \/>\n<meta property=\"og:image\" content=\"http:\/\/www.visit-ulcinj.com\/blog\/wp-content\/uploads\/2012\/05\/Dogana-Sukubin-Muriqan.jpg\" \/>\n<meta name=\"twitter:label1\" content=\"Written by\" \/>\n\t<meta name=\"twitter:data1\" content=\"ulqini\" \/>\n\t<meta name=\"twitter:label2\" content=\"Est. reading time\" \/>\n\t<meta name=\"twitter:data2\" content=\"2 minutes\" \/>\n<script type=\"application\/ld+json\" class=\"yoast-schema-graph\">{\"@context\":\"https:\/\/schema.org\",\"@graph\":[{\"@type\":\"WebSite\",\"@id\":\"https:\/\/www.visit-ulcinj.com\/blog\/#website\",\"url\":\"https:\/\/www.visit-ulcinj.com\/blog\/\",\"name\":\"Lajme nga Ulqini\",\"description\":\"Lajme,Vijesti,Ulqini,Ulqin,Crna Gora,Mali i Zi\",\"potentialAction\":[{\"@type\":\"SearchAction\",\"target\":{\"@type\":\"EntryPoint\",\"urlTemplate\":\"https:\/\/www.visit-ulcinj.com\/blog\/?s={search_term_string}\"},\"query-input\":\"required name=search_term_string\"}],\"inLanguage\":\"en-US\"},{\"@type\":\"ImageObject\",\"inLanguage\":\"en-US\",\"@id\":\"https:\/\/www.visit-ulcinj.com\/blog\/2012\/05\/10\/kontrolle-te-rrepta-ne-muriqan-sukubineper-parandalimin-e-azilkerkuesve\/#primaryimage\",\"url\":\"https:\/\/www.visit-ulcinj.com\/blog\/wp-content\/uploads\/2012\/05\/Dogana-Sukubin-Muriqan.jpg\",\"contentUrl\":\"https:\/\/www.visit-ulcinj.com\/blog\/wp-content\/uploads\/2012\/05\/Dogana-Sukubin-Muriqan.jpg\",\"width\":\"640\",\"height\":\"427\"},{\"@type\":\"WebPage\",\"@id\":\"https:\/\/www.visit-ulcinj.com\/blog\/2012\/05\/10\/kontrolle-te-rrepta-ne-muriqan-sukubineper-parandalimin-e-azilkerkuesve\/#webpage\",\"url\":\"https:\/\/www.visit-ulcinj.com\/blog\/2012\/05\/10\/kontrolle-te-rrepta-ne-muriqan-sukubineper-parandalimin-e-azilkerkuesve\/\",\"name\":\"Kontrolle t\u00eb rrepta n\u00eb Muriqan - Sukubin\u00eb,p\u00ebr parandalimin e azilk\u00ebrkuesve - Lajme nga Ulqini\",\"isPartOf\":{\"@id\":\"https:\/\/www.visit-ulcinj.com\/blog\/#website\"},\"primaryImageOfPage\":{\"@id\":\"https:\/\/www.visit-ulcinj.com\/blog\/2012\/05\/10\/kontrolle-te-rrepta-ne-muriqan-sukubineper-parandalimin-e-azilkerkuesve\/#primaryimage\"},\"datePublished\":\"2012-05-10T21:02:35+00:00\",\"dateModified\":\"2012-05-10T21:03:32+00:00\",\"author\":{\"@id\":\"https:\/\/www.visit-ulcinj.com\/blog\/#\/schema\/person\/dcab619c614d3038751c63bc2aadc06d\"},\"description\":\"Shtohen kontrollet n\u00eb piken e kalimit kufitar t\u00eb Muriqanit dhe n\u00eb pikat tjera n\u00eb drejtim t\u00eb Malit t\u00eb Zi dhe Europ\u00ebs per\u00ebndimore p\u00ebr shkak t\u00eb shtimit t\u00eb\",\"breadcrumb\":{\"@id\":\"https:\/\/www.visit-ulcinj.com\/blog\/2012\/05\/10\/kontrolle-te-rrepta-ne-muriqan-sukubineper-parandalimin-e-azilkerkuesve\/#breadcrumb\"},\"inLanguage\":\"en-US\",\"potentialAction\":[{\"@type\":\"ReadAction\",\"target\":[\"https:\/\/www.visit-ulcinj.com\/blog\/2012\/05\/10\/kontrolle-te-rrepta-ne-muriqan-sukubineper-parandalimin-e-azilkerkuesve\/\"]}]},{\"@type\":\"BreadcrumbList\",\"@id\":\"https:\/\/www.visit-ulcinj.com\/blog\/2012\/05\/10\/kontrolle-te-rrepta-ne-muriqan-sukubineper-parandalimin-e-azilkerkuesve\/#breadcrumb\",\"itemListElement\":[{\"@type\":\"ListItem\",\"position\":1,\"name\":\"Kontrolle t\u00eb rrepta n\u00eb Muriqan &#8211; Sukubin\u00eb,p\u00ebr parandalimin e azilk\u00ebrkuesve\"}]},{\"@type\":\"Person\",\"@id\":\"https:\/\/www.visit-ulcinj.com\/blog\/#\/schema\/person\/dcab619c614d3038751c63bc2aadc06d\",\"name\":\"ulqini\",\"sameAs\":[\"http:\/\/www.visit-ulcinj.com\"],\"url\":\"https:\/\/www.visit-ulcinj.com\/blog\/author\/admin\/\"}]}<\/script>\n<!-- \/ Yoast SEO plugin. -->","yoast_head_json":{"title":"Kontrolle t\u00eb rrepta n\u00eb Muriqan - Sukubin\u00eb,p\u00ebr parandalimin e azilk\u00ebrkuesve - Lajme nga Ulqini","description":"Shtohen kontrollet n\u00eb piken e kalimit kufitar t\u00eb Muriqanit dhe n\u00eb pikat tjera n\u00eb drejtim t\u00eb Malit t\u00eb Zi dhe Europ\u00ebs per\u00ebndimore p\u00ebr shkak t\u00eb shtimit t\u00eb","robots":{"index":"index","follow":"follow","max-snippet":"max-snippet:-1","max-image-preview":"max-image-preview:large","max-video-preview":"max-video-preview:-1"},"canonical":"https:\/\/www.visit-ulcinj.com\/blog\/2012\/05\/10\/kontrolle-te-rrepta-ne-muriqan-sukubineper-parandalimin-e-azilkerkuesve\/","og_locale":"en_US","og_type":"article","og_title":"Kontrolle t\u00eb rrepta n\u00eb Muriqan - Sukubin\u00eb,p\u00ebr parandalimin e azilk\u00ebrkuesve - Lajme nga Ulqini","og_description":"Shtohen kontrollet n\u00eb piken e kalimit kufitar t\u00eb Muriqanit dhe n\u00eb pikat tjera n\u00eb drejtim t\u00eb Malit t\u00eb Zi dhe Europ\u00ebs per\u00ebndimore p\u00ebr shkak t\u00eb shtimit t\u00eb","og_url":"https:\/\/www.visit-ulcinj.com\/blog\/2012\/05\/10\/kontrolle-te-rrepta-ne-muriqan-sukubineper-parandalimin-e-azilkerkuesve\/","og_site_name":"Lajme nga Ulqini","article_published_time":"2012-05-10T21:02:35+00:00","article_modified_time":"2012-05-10T21:03:32+00:00","og_image":[{"url":"http:\/\/www.visit-ulcinj.com\/blog\/wp-content\/uploads\/2012\/05\/Dogana-Sukubin-Muriqan.jpg"}],"twitter_misc":{"Written by":"ulqini","Est. reading time":"2 minutes"},"schema":{"@context":"https:\/\/schema.org","@graph":[{"@type":"WebSite","@id":"https:\/\/www.visit-ulcinj.com\/blog\/#website","url":"https:\/\/www.visit-ulcinj.com\/blog\/","name":"Lajme nga Ulqini","description":"Lajme,Vijesti,Ulqini,Ulqin,Crna Gora,Mali i Zi","potentialAction":[{"@type":"SearchAction","target":{"@type":"EntryPoint","urlTemplate":"https:\/\/www.visit-ulcinj.com\/blog\/?s={search_term_string}"},"query-input":"required name=search_term_string"}],"inLanguage":"en-US"},{"@type":"ImageObject","inLanguage":"en-US","@id":"https:\/\/www.visit-ulcinj.com\/blog\/2012\/05\/10\/kontrolle-te-rrepta-ne-muriqan-sukubineper-parandalimin-e-azilkerkuesve\/#primaryimage","url":"https:\/\/www.visit-ulcinj.com\/blog\/wp-content\/uploads\/2012\/05\/Dogana-Sukubin-Muriqan.jpg","contentUrl":"https:\/\/www.visit-ulcinj.com\/blog\/wp-content\/uploads\/2012\/05\/Dogana-Sukubin-Muriqan.jpg","width":"640","height":"427"},{"@type":"WebPage","@id":"https:\/\/www.visit-ulcinj.com\/blog\/2012\/05\/10\/kontrolle-te-rrepta-ne-muriqan-sukubineper-parandalimin-e-azilkerkuesve\/#webpage","url":"https:\/\/www.visit-ulcinj.com\/blog\/2012\/05\/10\/kontrolle-te-rrepta-ne-muriqan-sukubineper-parandalimin-e-azilkerkuesve\/","name":"Kontrolle t\u00eb rrepta n\u00eb Muriqan - Sukubin\u00eb,p\u00ebr parandalimin e azilk\u00ebrkuesve - Lajme nga Ulqini","isPartOf":{"@id":"https:\/\/www.visit-ulcinj.com\/blog\/#website"},"primaryImageOfPage":{"@id":"https:\/\/www.visit-ulcinj.com\/blog\/2012\/05\/10\/kontrolle-te-rrepta-ne-muriqan-sukubineper-parandalimin-e-azilkerkuesve\/#primaryimage"},"datePublished":"2012-05-10T21:02:35+00:00","dateModified":"2012-05-10T21:03:32+00:00","author":{"@id":"https:\/\/www.visit-ulcinj.com\/blog\/#\/schema\/person\/dcab619c614d3038751c63bc2aadc06d"},"description":"Shtohen kontrollet n\u00eb piken e kalimit kufitar t\u00eb Muriqanit dhe n\u00eb pikat tjera n\u00eb drejtim t\u00eb Malit t\u00eb Zi dhe Europ\u00ebs per\u00ebndimore p\u00ebr shkak t\u00eb shtimit t\u00eb","breadcrumb":{"@id":"https:\/\/www.visit-ulcinj.com\/blog\/2012\/05\/10\/kontrolle-te-rrepta-ne-muriqan-sukubineper-parandalimin-e-azilkerkuesve\/#breadcrumb"},"inLanguage":"en-US","potentialAction":[{"@type":"ReadAction","target":["https:\/\/www.visit-ulcinj.com\/blog\/2012\/05\/10\/kontrolle-te-rrepta-ne-muriqan-sukubineper-parandalimin-e-azilkerkuesve\/"]}]},{"@type":"BreadcrumbList","@id":"https:\/\/www.visit-ulcinj.com\/blog\/2012\/05\/10\/kontrolle-te-rrepta-ne-muriqan-sukubineper-parandalimin-e-azilkerkuesve\/#breadcrumb","itemListElement":[{"@type":"ListItem","position":1,"name":"Kontrolle t\u00eb rrepta n\u00eb Muriqan &#8211; Sukubin\u00eb,p\u00ebr parandalimin e azilk\u00ebrkuesve"}]},{"@type":"Person","@id":"https:\/\/www.visit-ulcinj.com\/blog\/#\/schema\/person\/dcab619c614d3038751c63bc2aadc06d","name":"ulqini","sameAs":["http:\/\/www.visit-ulcinj.com"],"url":"https:\/\/www.visit-ulcinj.com\/blog\/author\/admin\/"}]}},"jetpack_featured_media_url":"","jetpack_sharing_enabled":true,"jetpack_shortlink":"https:\/\/wp.me\/pe6lTn-fFO","_links":{"self":[{"href":"https:\/\/www.visit-ulcinj.com\/blog\/wp-json\/wp\/v2\/posts\/60252"}],"collection":[{"href":"https:\/\/www.visit-ulcinj.com\/blog\/wp-json\/wp\/v2\/posts"}],"about":[{"href":"https:\/\/www.visit-ulcinj.com\/blog\/wp-json\/wp\/v2\/types\/post"}],"author":[{"embeddable":true,"href":"https:\/\/www.visit-ulcinj.com\/blog\/wp-json\/wp\/v2\/users\/1"}],"replies":[{"embeddable":true,"href":"https:\/\/www.visit-ulcinj.com\/blog\/wp-json\/wp\/v2\/comments?post=60252"}],"version-history":[{"count":3,"href":"https:\/\/www.visit-ulcinj.com\/blog\/wp-json\/wp\/v2\/posts\/60252\/revisions"}],"predecessor-version":[{"id":60257,"href":"https:\/\/www.visit-ulcinj.com\/blog\/wp-json\/wp\/v2\/posts\/60252\/revisions\/60257"}],"wp:attachment":[{"href":"https:\/\/www.visit-ulcinj.com\/blog\/wp-json\/wp\/v2\/media?parent=60252"}],"wp:term":[{"taxonomy":"category","embeddable":true,"href":"https:\/\/www.visit-ulcinj.com\/blog\/wp-json\/wp\/v2\/categories?post=60252"},{"taxonomy":"post_tag","embeddable":true,"href":"https:\/\/www.visit-ulcinj.com\/blog\/wp-json\/wp\/v2\/tags?post=60252"}],"curies":[{"name":"wp","href":"https:\/\/api.w.org\/{rel}","templated":true}]}}