{"id":60258,"date":"2012-05-10T22:20:35","date_gmt":"2012-05-10T21:20:35","guid":{"rendered":"http:\/\/www.visit-ulcinj.com\/blog\/?p=60258"},"modified":"2012-05-11T12:51:11","modified_gmt":"2012-05-11T11:51:11","slug":"nazif-cungu-priti-ne-takim-kryetarin-e-shoqetes-ana-e-malit-new-york-z-naser-cabaj","status":"publish","type":"post","link":"https:\/\/www.visit-ulcinj.com\/blog\/2012\/05\/10\/nazif-cungu-priti-ne-takim-kryetarin-e-shoqetes-ana-e-malit-new-york-z-naser-cabaj\/","title":{"rendered":"Nazif Cungu priti n\u00eb takim kryetarin e shoqetes Ana e Malit \u2013 New York z. Naser \u00c7abaj"},"content":{"rendered":"<p><strong><a href=\"http:\/\/www.visit-ulcinj.com\/blog\/wp-content\/uploads\/2012\/05\/Takimi-Nazif-Cungu_Naser-Cobi.jpg\"><img loading=\"lazy\" class=\"alignleft  wp-image-60286\" title=\"Takimi Nazif Cungu_Naser Cobi\" src=\"http:\/\/www.visit-ulcinj.com\/blog\/wp-content\/uploads\/2012\/05\/Takimi-Nazif-Cungu_Naser-Cobi.jpg\" alt=\"\" width=\"508\" height=\"360\" \/><\/a>Takimi me Naser \u00c7obaj, kryetari i shoqetes Ana e Malit \u2013 New York<\/strong><\/p>\n<p>Kryetari i Komun\u00ebs s\u00eb Ulqinit z.Nazif Cungu priti n\u00eb takim kryetarin e shoqetes Ana e Malit \u2013 New York z. Naser \u00c7abaj. Gjat\u00eb k\u00ebtij takimit z. \u00c7obaj fillimisht p\u00ebrshendeti kryetarin Cungu p\u00ebr detyren dhe obligimin e ri q\u00eb ka marr n\u00eb drejtimin dhe udh\u00ebheqen e komun\u00ebs s\u00eb Ulqinit dhe nj\u00ebkohesisht e p\u00ebrgezoi ate p\u00ebr pun\u00ebt e ndermarra deri tani q\u00eb t\u00eb b\u00ebjn\u00eb optimist p\u00ebr nj\u00eb t\u00eb ardhme m\u00eb t\u00eb mir\u00eb t\u00eb komun\u00ebs s\u00eb Ulqinit.<\/p>\n<p>Ai b\u00ebri nj\u00eb ekspoze t\u00eb shkurter t\u00eb pun\u00ebs dhe aktiviteteve t\u00eb nd\u00ebrmarra nga shoqata Ana e malit \u2013 New York ku prezantoi angazhimin e k\u00ebsaj shoqate n\u00eb organizimin dhe zhvillimin e jet\u00ebs kulturore si dhe n\u00eb nevojat dhe mundesite q\u00eb ka diaspora shqip\u00ebtare.<\/p>\n<p>Kjo shoqate ka organizuar edhe takime e debate t\u00eb hapura me biznesmen shqipetar atje ku \u00ebsht\u00eb folur p\u00ebr mund\u00ebsit e investimiveme t\u00eb tyre n\u00eb vendlindje. Ai u shpreh se diaspora \u00ebsht\u00eb e gateshme ta b\u00ebj\u00eb nj\u00eb gj\u00eb t\u00eb till\u00eb dhe tha se po studiohen mund\u00ebsite dhe modalitetet p\u00ebr realizimin e k\u00ebtyre investimeve.<\/p>\n<p>Kryetari Cungu falenderoi z \u00c7obaj p\u00ebr pun\u00ebn dhe aktivitetin e shoqates Ana e Malit \u2013New York n\u00eb ruajtjen dhe zhvillimin e jet\u00ebs kulturore t\u00eb diaspores ton\u00eb atje. Ai u shpreh se e gezon fakti q\u00eb diaspora shqipetare \u00ebsht\u00eb e interesuar p\u00ebr vendlindjen e tyre dhe ju garantoi atyre se po punohet intensivisht n\u00eb krijimin e kushteve t\u00eb favorshme p\u00ebr investime t\u00eb jashteme ku theks t\u00eb vecante i vihet diaspor\u00ebs ton\u00eb kudo q\u00eb ndodhet,por vecanerisht asaj n\u00eb shtetet e bashkuara t\u00eb Amerikes.<\/p>\n<p>P\u00ebrvec k\u00ebsaj ai u shpreh se diaspora p\u00ebrb\u00ebn nj\u00eb burim t\u00eb r\u00ebnd\u00ebsishem edhe t\u00eb kapitalit njerzor, intelektual e professional dhe u shpreh se mbetet i hapur p\u00ebr bashkpunim n\u00eb t\u00eb gjitha k\u00ebto fushat p\u00ebr ti ardhur n\u00eb ndihm\u00eb proceseve zhvillimore t\u00eb vendit ton\u00eb.<\/p>\n<p><strong>Komuna e Ulqinit<\/strong><\/p>\n","protected":false},"excerpt":{"rendered":"<p>Takimi me Naser \u00c7obaj, kryetari i shoqetes Ana e Malit \u2013 New York Kryetari i Komun\u00ebs s\u00eb Ulqinit z.Nazif Cungu priti n\u00eb takim kryetarin e shoqetes Ana e Malit \u2013 New York z. Naser \u00c7abaj. Gjat\u00eb k\u00ebtij takimit z. \u00c7obaj fillimisht p\u00ebrshendeti kryetarin Cungu p\u00ebr detyren dhe obligimin e ri q\u00eb ka marr n\u00eb drejtimin [&hellip;]<\/p>\n","protected":false},"author":1,"featured_media":0,"comment_status":"open","ping_status":"closed","sticky":false,"template":"","format":"standard","meta":{"spay_email":"","jetpack_publicize_message":"","jetpack_is_tweetstorm":false,"jetpack_publicize_feature_enabled":true},"categories":[6],"tags":[297,1082,118,200,18],"jetpack_publicize_connections":[],"yoast_head":"<!-- This site is optimized with the Yoast SEO plugin v19.1 - https:\/\/yoast.com\/wordpress\/plugins\/seo\/ -->\n<title>Nazif Cungu priti n\u00eb takim kryetarin e shoqetes Ana e Malit \u2013 New York z. Naser \u00c7abaj - Lajme nga Ulqini<\/title>\n<meta name=\"description\" content=\"Takimi me Naser \u00c7obaj, kryetari i shoqetes Ana e Malit \u2013 New York Kryetari i Komun\u00ebs s\u00eb Ulqinit z.Nazif Cungu priti n\u00eb takim kryetarin e shoqetes Ana e\" \/>\n<meta name=\"robots\" content=\"index, follow, max-snippet:-1, max-image-preview:large, max-video-preview:-1\" \/>\n<link rel=\"canonical\" href=\"https:\/\/www.visit-ulcinj.com\/blog\/2012\/05\/10\/nazif-cungu-priti-ne-takim-kryetarin-e-shoqetes-ana-e-malit-new-york-z-naser-cabaj\/\" \/>\n<meta property=\"og:locale\" content=\"en_US\" \/>\n<meta property=\"og:type\" content=\"article\" \/>\n<meta property=\"og:title\" content=\"Nazif Cungu priti n\u00eb takim kryetarin e shoqetes Ana e Malit \u2013 New York z. Naser \u00c7abaj - Lajme nga Ulqini\" \/>\n<meta property=\"og:description\" content=\"Takimi me Naser \u00c7obaj, kryetari i shoqetes Ana e Malit \u2013 New York Kryetari i Komun\u00ebs s\u00eb Ulqinit z.Nazif Cungu priti n\u00eb takim kryetarin e shoqetes Ana e\" \/>\n<meta property=\"og:url\" content=\"https:\/\/www.visit-ulcinj.com\/blog\/2012\/05\/10\/nazif-cungu-priti-ne-takim-kryetarin-e-shoqetes-ana-e-malit-new-york-z-naser-cabaj\/\" \/>\n<meta property=\"og:site_name\" content=\"Lajme nga Ulqini\" \/>\n<meta property=\"article:published_time\" content=\"2012-05-10T21:20:35+00:00\" \/>\n<meta property=\"article:modified_time\" content=\"2012-05-11T11:51:11+00:00\" \/>\n<meta property=\"og:image\" content=\"http:\/\/www.visit-ulcinj.com\/blog\/wp-content\/uploads\/2012\/05\/Takimi-Nazif-Cungu_Naser-Cobi.jpg\" \/>\n<meta name=\"twitter:label1\" content=\"Written by\" \/>\n\t<meta name=\"twitter:data1\" content=\"ulqini\" \/>\n\t<meta name=\"twitter:label2\" content=\"Est. reading time\" \/>\n\t<meta name=\"twitter:data2\" content=\"2 minutes\" \/>\n<script type=\"application\/ld+json\" class=\"yoast-schema-graph\">{\"@context\":\"https:\/\/schema.org\",\"@graph\":[{\"@type\":\"WebSite\",\"@id\":\"https:\/\/www.visit-ulcinj.com\/blog\/#website\",\"url\":\"https:\/\/www.visit-ulcinj.com\/blog\/\",\"name\":\"Lajme nga Ulqini\",\"description\":\"Lajme,Vijesti,Ulqini,Ulqin,Crna Gora,Mali i Zi\",\"potentialAction\":[{\"@type\":\"SearchAction\",\"target\":{\"@type\":\"EntryPoint\",\"urlTemplate\":\"https:\/\/www.visit-ulcinj.com\/blog\/?s={search_term_string}\"},\"query-input\":\"required name=search_term_string\"}],\"inLanguage\":\"en-US\"},{\"@type\":\"ImageObject\",\"inLanguage\":\"en-US\",\"@id\":\"https:\/\/www.visit-ulcinj.com\/blog\/2012\/05\/10\/nazif-cungu-priti-ne-takim-kryetarin-e-shoqetes-ana-e-malit-new-york-z-naser-cabaj\/#primaryimage\",\"url\":\"https:\/\/www.visit-ulcinj.com\/blog\/wp-content\/uploads\/2012\/05\/Takimi-Nazif-Cungu_Naser-Cobi.jpg\",\"contentUrl\":\"https:\/\/www.visit-ulcinj.com\/blog\/wp-content\/uploads\/2012\/05\/Takimi-Nazif-Cungu_Naser-Cobi.jpg\",\"width\":\"1024\",\"height\":\"678\"},{\"@type\":\"WebPage\",\"@id\":\"https:\/\/www.visit-ulcinj.com\/blog\/2012\/05\/10\/nazif-cungu-priti-ne-takim-kryetarin-e-shoqetes-ana-e-malit-new-york-z-naser-cabaj\/#webpage\",\"url\":\"https:\/\/www.visit-ulcinj.com\/blog\/2012\/05\/10\/nazif-cungu-priti-ne-takim-kryetarin-e-shoqetes-ana-e-malit-new-york-z-naser-cabaj\/\",\"name\":\"Nazif Cungu priti n\u00eb takim kryetarin e shoqetes Ana e Malit \u2013 New York z. Naser \u00c7abaj - Lajme nga Ulqini\",\"isPartOf\":{\"@id\":\"https:\/\/www.visit-ulcinj.com\/blog\/#website\"},\"primaryImageOfPage\":{\"@id\":\"https:\/\/www.visit-ulcinj.com\/blog\/2012\/05\/10\/nazif-cungu-priti-ne-takim-kryetarin-e-shoqetes-ana-e-malit-new-york-z-naser-cabaj\/#primaryimage\"},\"datePublished\":\"2012-05-10T21:20:35+00:00\",\"dateModified\":\"2012-05-11T11:51:11+00:00\",\"author\":{\"@id\":\"https:\/\/www.visit-ulcinj.com\/blog\/#\/schema\/person\/dcab619c614d3038751c63bc2aadc06d\"},\"description\":\"Takimi me Naser \u00c7obaj, kryetari i shoqetes Ana e Malit \u2013 New York Kryetari i Komun\u00ebs s\u00eb Ulqinit z.Nazif Cungu priti n\u00eb takim kryetarin e shoqetes Ana e\",\"breadcrumb\":{\"@id\":\"https:\/\/www.visit-ulcinj.com\/blog\/2012\/05\/10\/nazif-cungu-priti-ne-takim-kryetarin-e-shoqetes-ana-e-malit-new-york-z-naser-cabaj\/#breadcrumb\"},\"inLanguage\":\"en-US\",\"potentialAction\":[{\"@type\":\"ReadAction\",\"target\":[\"https:\/\/www.visit-ulcinj.com\/blog\/2012\/05\/10\/nazif-cungu-priti-ne-takim-kryetarin-e-shoqetes-ana-e-malit-new-york-z-naser-cabaj\/\"]}]},{\"@type\":\"BreadcrumbList\",\"@id\":\"https:\/\/www.visit-ulcinj.com\/blog\/2012\/05\/10\/nazif-cungu-priti-ne-takim-kryetarin-e-shoqetes-ana-e-malit-new-york-z-naser-cabaj\/#breadcrumb\",\"itemListElement\":[{\"@type\":\"ListItem\",\"position\":1,\"name\":\"Nazif Cungu priti n\u00eb takim kryetarin e shoqetes Ana e Malit \u2013 New York z. Naser \u00c7abaj\"}]},{\"@type\":\"Person\",\"@id\":\"https:\/\/www.visit-ulcinj.com\/blog\/#\/schema\/person\/dcab619c614d3038751c63bc2aadc06d\",\"name\":\"ulqini\",\"sameAs\":[\"http:\/\/www.visit-ulcinj.com\"],\"url\":\"https:\/\/www.visit-ulcinj.com\/blog\/author\/admin\/\"}]}<\/script>\n<!-- \/ Yoast SEO plugin. -->","yoast_head_json":{"title":"Nazif Cungu priti n\u00eb takim kryetarin e shoqetes Ana e Malit \u2013 New York z. Naser \u00c7abaj - Lajme nga Ulqini","description":"Takimi me Naser \u00c7obaj, kryetari i shoqetes Ana e Malit \u2013 New York Kryetari i Komun\u00ebs s\u00eb Ulqinit z.Nazif Cungu priti n\u00eb takim kryetarin e shoqetes Ana e","robots":{"index":"index","follow":"follow","max-snippet":"max-snippet:-1","max-image-preview":"max-image-preview:large","max-video-preview":"max-video-preview:-1"},"canonical":"https:\/\/www.visit-ulcinj.com\/blog\/2012\/05\/10\/nazif-cungu-priti-ne-takim-kryetarin-e-shoqetes-ana-e-malit-new-york-z-naser-cabaj\/","og_locale":"en_US","og_type":"article","og_title":"Nazif Cungu priti n\u00eb takim kryetarin e shoqetes Ana e Malit \u2013 New York z. Naser \u00c7abaj - Lajme nga Ulqini","og_description":"Takimi me Naser \u00c7obaj, kryetari i shoqetes Ana e Malit \u2013 New York Kryetari i Komun\u00ebs s\u00eb Ulqinit z.Nazif Cungu priti n\u00eb takim kryetarin e shoqetes Ana e","og_url":"https:\/\/www.visit-ulcinj.com\/blog\/2012\/05\/10\/nazif-cungu-priti-ne-takim-kryetarin-e-shoqetes-ana-e-malit-new-york-z-naser-cabaj\/","og_site_name":"Lajme nga Ulqini","article_published_time":"2012-05-10T21:20:35+00:00","article_modified_time":"2012-05-11T11:51:11+00:00","og_image":[{"url":"http:\/\/www.visit-ulcinj.com\/blog\/wp-content\/uploads\/2012\/05\/Takimi-Nazif-Cungu_Naser-Cobi.jpg"}],"twitter_misc":{"Written by":"ulqini","Est. reading time":"2 minutes"},"schema":{"@context":"https:\/\/schema.org","@graph":[{"@type":"WebSite","@id":"https:\/\/www.visit-ulcinj.com\/blog\/#website","url":"https:\/\/www.visit-ulcinj.com\/blog\/","name":"Lajme nga Ulqini","description":"Lajme,Vijesti,Ulqini,Ulqin,Crna Gora,Mali i Zi","potentialAction":[{"@type":"SearchAction","target":{"@type":"EntryPoint","urlTemplate":"https:\/\/www.visit-ulcinj.com\/blog\/?s={search_term_string}"},"query-input":"required name=search_term_string"}],"inLanguage":"en-US"},{"@type":"ImageObject","inLanguage":"en-US","@id":"https:\/\/www.visit-ulcinj.com\/blog\/2012\/05\/10\/nazif-cungu-priti-ne-takim-kryetarin-e-shoqetes-ana-e-malit-new-york-z-naser-cabaj\/#primaryimage","url":"https:\/\/www.visit-ulcinj.com\/blog\/wp-content\/uploads\/2012\/05\/Takimi-Nazif-Cungu_Naser-Cobi.jpg","contentUrl":"https:\/\/www.visit-ulcinj.com\/blog\/wp-content\/uploads\/2012\/05\/Takimi-Nazif-Cungu_Naser-Cobi.jpg","width":"1024","height":"678"},{"@type":"WebPage","@id":"https:\/\/www.visit-ulcinj.com\/blog\/2012\/05\/10\/nazif-cungu-priti-ne-takim-kryetarin-e-shoqetes-ana-e-malit-new-york-z-naser-cabaj\/#webpage","url":"https:\/\/www.visit-ulcinj.com\/blog\/2012\/05\/10\/nazif-cungu-priti-ne-takim-kryetarin-e-shoqetes-ana-e-malit-new-york-z-naser-cabaj\/","name":"Nazif Cungu priti n\u00eb takim kryetarin e shoqetes Ana e Malit \u2013 New York z. Naser \u00c7abaj - Lajme nga Ulqini","isPartOf":{"@id":"https:\/\/www.visit-ulcinj.com\/blog\/#website"},"primaryImageOfPage":{"@id":"https:\/\/www.visit-ulcinj.com\/blog\/2012\/05\/10\/nazif-cungu-priti-ne-takim-kryetarin-e-shoqetes-ana-e-malit-new-york-z-naser-cabaj\/#primaryimage"},"datePublished":"2012-05-10T21:20:35+00:00","dateModified":"2012-05-11T11:51:11+00:00","author":{"@id":"https:\/\/www.visit-ulcinj.com\/blog\/#\/schema\/person\/dcab619c614d3038751c63bc2aadc06d"},"description":"Takimi me Naser \u00c7obaj, kryetari i shoqetes Ana e Malit \u2013 New York Kryetari i Komun\u00ebs s\u00eb Ulqinit z.Nazif Cungu priti n\u00eb takim kryetarin e shoqetes Ana e","breadcrumb":{"@id":"https:\/\/www.visit-ulcinj.com\/blog\/2012\/05\/10\/nazif-cungu-priti-ne-takim-kryetarin-e-shoqetes-ana-e-malit-new-york-z-naser-cabaj\/#breadcrumb"},"inLanguage":"en-US","potentialAction":[{"@type":"ReadAction","target":["https:\/\/www.visit-ulcinj.com\/blog\/2012\/05\/10\/nazif-cungu-priti-ne-takim-kryetarin-e-shoqetes-ana-e-malit-new-york-z-naser-cabaj\/"]}]},{"@type":"BreadcrumbList","@id":"https:\/\/www.visit-ulcinj.com\/blog\/2012\/05\/10\/nazif-cungu-priti-ne-takim-kryetarin-e-shoqetes-ana-e-malit-new-york-z-naser-cabaj\/#breadcrumb","itemListElement":[{"@type":"ListItem","position":1,"name":"Nazif Cungu priti n\u00eb takim kryetarin e shoqetes Ana e Malit \u2013 New York z. Naser \u00c7abaj"}]},{"@type":"Person","@id":"https:\/\/www.visit-ulcinj.com\/blog\/#\/schema\/person\/dcab619c614d3038751c63bc2aadc06d","name":"ulqini","sameAs":["http:\/\/www.visit-ulcinj.com"],"url":"https:\/\/www.visit-ulcinj.com\/blog\/author\/admin\/"}]}},"jetpack_featured_media_url":"","jetpack_sharing_enabled":true,"jetpack_shortlink":"https:\/\/wp.me\/pe6lTn-fFU","_links":{"self":[{"href":"https:\/\/www.visit-ulcinj.com\/blog\/wp-json\/wp\/v2\/posts\/60258"}],"collection":[{"href":"https:\/\/www.visit-ulcinj.com\/blog\/wp-json\/wp\/v2\/posts"}],"about":[{"href":"https:\/\/www.visit-ulcinj.com\/blog\/wp-json\/wp\/v2\/types\/post"}],"author":[{"embeddable":true,"href":"https:\/\/www.visit-ulcinj.com\/blog\/wp-json\/wp\/v2\/users\/1"}],"replies":[{"embeddable":true,"href":"https:\/\/www.visit-ulcinj.com\/blog\/wp-json\/wp\/v2\/comments?post=60258"}],"version-history":[{"count":3,"href":"https:\/\/www.visit-ulcinj.com\/blog\/wp-json\/wp\/v2\/posts\/60258\/revisions"}],"predecessor-version":[{"id":60287,"href":"https:\/\/www.visit-ulcinj.com\/blog\/wp-json\/wp\/v2\/posts\/60258\/revisions\/60287"}],"wp:attachment":[{"href":"https:\/\/www.visit-ulcinj.com\/blog\/wp-json\/wp\/v2\/media?parent=60258"}],"wp:term":[{"taxonomy":"category","embeddable":true,"href":"https:\/\/www.visit-ulcinj.com\/blog\/wp-json\/wp\/v2\/categories?post=60258"},{"taxonomy":"post_tag","embeddable":true,"href":"https:\/\/www.visit-ulcinj.com\/blog\/wp-json\/wp\/v2\/tags?post=60258"}],"curies":[{"name":"wp","href":"https:\/\/api.w.org\/{rel}","templated":true}]}}