{"id":60262,"date":"2012-05-10T22:32:24","date_gmt":"2012-05-10T21:32:24","guid":{"rendered":"http:\/\/www.visit-ulcinj.com\/blog\/?p=60262"},"modified":"2012-05-11T12:54:06","modified_gmt":"2012-05-11T11:54:06","slug":"susret-sa-naserom-cobaj-predsjednik-udruzenja-ana-e-malit-new-york","status":"publish","type":"post","link":"https:\/\/www.visit-ulcinj.com\/blog\/2012\/05\/10\/susret-sa-naserom-cobaj-predsjednik-udruzenja-ana-e-malit-new-york\/","title":{"rendered":"Susret sa Naserom \u010cobaj, Predsjednik udru\u017eenja Ana e Malit \u2013 New York"},"content":{"rendered":"<p><a href=\"http:\/\/www.visit-ulcinj.com\/blog\/wp-content\/uploads\/2012\/05\/Susret-Nazif-Cungu_Naser-Cobi.jpg\"><img loading=\"lazy\" class=\"alignleft  wp-image-60289\" title=\"Susret Nazif Cungu_Naser Cobi\" src=\"http:\/\/www.visit-ulcinj.com\/blog\/wp-content\/uploads\/2012\/05\/Susret-Nazif-Cungu_Naser-Cobi.jpg\" alt=\"\" width=\"508\" height=\"360\" \/><\/a>Predjednik Op\u0161tine Ulcinj g. Nazif Cungu primio je danas Predsjednika udru\u017eenja Ana e Malit \u2013 New York g. Nasera \u010cobaj. Tokom susreta g. \u010cobaj je pozdravio Predsjednika Cungua, \u010destitao mu du\u017enost i novu obavezu, vo\u0111enje Op\u0161tine Ulcinj i istovremeno ga pozdravio o preduzetim poslovima do sada, koje su ohrabrenje za bolju budu\u0107nost Op\u0161tine Ulcinj.<\/p>\n<p>On je u kratkom ekspozeu upoznao g. Cungua sa preduzetim aktivnostima udru\u017eenja Ana e Malit \u2013 New York, i predstavio anga\u017eovanje ovog udru\u017eenja oko organizacije i razvoju kulturnog \u017eivota, kao i o potrebama i mogu\u0107nostima diaspore.<\/p>\n<p>Ovo dru\u017eenje je organizovalo susrete i otvorene rasprave sa albanskim biznismenima a raspravljalo se o njihovim mogu\u0107nostima investiranja u zavi\u010daju. On je rekao da je dijaspora spremna da investira i dodao da se prou\u010davaju mogu\u0107nosti i modaliteti za realizaciju tih investicija.<\/p>\n<p>Predsjednik Cungu je zahvalio g. \u010cobaj za rad i aktivnosti udru\u017eenja Ana e Malit \u2013 New York za o\u010duvanje i razvoj kulturnog \u017eivota na\u0161e dijaspore. On je rekao da ga raduje \u010dinjenica da je albanska dijaspora zainteresovana za svoj zavi\u010daj i uvjerio ih da se intenzivno radi na stvaranje povoljnih uslova za strane investicije sa posebnim akcentom na dijasporu bilo gdje se ona nalazila, a posebno one u Sjedinjenim Ameri\u010dkim Dr\u017eavama.<\/p>\n<p>On je tako\u0111er rekao da dijaspora je va\u017ean izvor ljudskog, intelektualnog i stru\u010dnog kapitala i dodao da ostaje otvoren za saradnju u svim ovim oblastima sa ciljem da poma\u017ee razvojne procese na\u0161e zemlje.<\/p>\n<p>Op\u0161tina Ulcinj<\/p>\n","protected":false},"excerpt":{"rendered":"<p>Predjednik Op\u0161tine Ulcinj g. Nazif Cungu primio je danas Predsjednika udru\u017eenja Ana e Malit \u2013 New York g. Nasera \u010cobaj. Tokom susreta g. \u010cobaj je pozdravio Predsjednika Cungua, \u010destitao mu du\u017enost i novu obavezu, vo\u0111enje Op\u0161tine Ulcinj i istovremeno ga pozdravio o preduzetim poslovima do sada, koje su ohrabrenje za bolju budu\u0107nost Op\u0161tine Ulcinj. On [&hellip;]<\/p>\n","protected":false},"author":1,"featured_media":0,"comment_status":"open","ping_status":"closed","sticky":false,"template":"","format":"standard","meta":{"spay_email":"","jetpack_publicize_message":"","jetpack_is_tweetstorm":false,"jetpack_publicize_feature_enabled":true},"categories":[8337],"tags":[1082,118,19],"jetpack_publicize_connections":[],"yoast_head":"<!-- This site is optimized with the Yoast SEO plugin v19.1 - https:\/\/yoast.com\/wordpress\/plugins\/seo\/ -->\n<title>Susret sa Naserom \u010cobaj, Predsjednik udru\u017eenja Ana e Malit \u2013 New York - Lajme nga Ulqini<\/title>\n<meta name=\"description\" content=\"Predjednik Op\u0161tine Ulcinj g. Nazif Cungu primio je danas Predsjednika udru\u017eenja Ana e Malit \u2013 New York g. Nasera \u010cobaj. Tokom susreta g. \u010cobaj je\" \/>\n<meta name=\"robots\" content=\"index, follow, max-snippet:-1, max-image-preview:large, max-video-preview:-1\" \/>\n<link rel=\"canonical\" href=\"https:\/\/www.visit-ulcinj.com\/blog\/2012\/05\/10\/susret-sa-naserom-cobaj-predsjednik-udruzenja-ana-e-malit-new-york\/\" \/>\n<meta property=\"og:locale\" content=\"en_US\" \/>\n<meta property=\"og:type\" content=\"article\" \/>\n<meta property=\"og:title\" content=\"Susret sa Naserom \u010cobaj, Predsjednik udru\u017eenja Ana e Malit \u2013 New York - Lajme nga Ulqini\" \/>\n<meta property=\"og:description\" content=\"Predjednik Op\u0161tine Ulcinj g. Nazif Cungu primio je danas Predsjednika udru\u017eenja Ana e Malit \u2013 New York g. Nasera \u010cobaj. Tokom susreta g. \u010cobaj je\" \/>\n<meta property=\"og:url\" content=\"https:\/\/www.visit-ulcinj.com\/blog\/2012\/05\/10\/susret-sa-naserom-cobaj-predsjednik-udruzenja-ana-e-malit-new-york\/\" \/>\n<meta property=\"og:site_name\" content=\"Lajme nga Ulqini\" \/>\n<meta property=\"article:published_time\" content=\"2012-05-10T21:32:24+00:00\" \/>\n<meta property=\"article:modified_time\" content=\"2012-05-11T11:54:06+00:00\" \/>\n<meta property=\"og:image\" content=\"http:\/\/www.visit-ulcinj.com\/blog\/wp-content\/uploads\/2012\/05\/Susret-Nazif-Cungu_Naser-Cobi.jpg\" \/>\n<meta name=\"twitter:label1\" content=\"Written by\" \/>\n\t<meta name=\"twitter:data1\" content=\"ulqini\" \/>\n\t<meta name=\"twitter:label2\" content=\"Est. reading time\" \/>\n\t<meta name=\"twitter:data2\" content=\"1 minute\" \/>\n<script type=\"application\/ld+json\" class=\"yoast-schema-graph\">{\"@context\":\"https:\/\/schema.org\",\"@graph\":[{\"@type\":\"WebSite\",\"@id\":\"https:\/\/www.visit-ulcinj.com\/blog\/#website\",\"url\":\"https:\/\/www.visit-ulcinj.com\/blog\/\",\"name\":\"Lajme nga Ulqini\",\"description\":\"Lajme,Vijesti,Ulqini,Ulqin,Crna Gora,Mali i Zi\",\"potentialAction\":[{\"@type\":\"SearchAction\",\"target\":{\"@type\":\"EntryPoint\",\"urlTemplate\":\"https:\/\/www.visit-ulcinj.com\/blog\/?s={search_term_string}\"},\"query-input\":\"required name=search_term_string\"}],\"inLanguage\":\"en-US\"},{\"@type\":\"ImageObject\",\"inLanguage\":\"en-US\",\"@id\":\"https:\/\/www.visit-ulcinj.com\/blog\/2012\/05\/10\/susret-sa-naserom-cobaj-predsjednik-udruzenja-ana-e-malit-new-york\/#primaryimage\",\"url\":\"https:\/\/www.visit-ulcinj.com\/blog\/wp-content\/uploads\/2012\/05\/Susret-Nazif-Cungu_Naser-Cobi.jpg\",\"contentUrl\":\"https:\/\/www.visit-ulcinj.com\/blog\/wp-content\/uploads\/2012\/05\/Susret-Nazif-Cungu_Naser-Cobi.jpg\",\"width\":\"1024\",\"height\":\"678\"},{\"@type\":\"WebPage\",\"@id\":\"https:\/\/www.visit-ulcinj.com\/blog\/2012\/05\/10\/susret-sa-naserom-cobaj-predsjednik-udruzenja-ana-e-malit-new-york\/#webpage\",\"url\":\"https:\/\/www.visit-ulcinj.com\/blog\/2012\/05\/10\/susret-sa-naserom-cobaj-predsjednik-udruzenja-ana-e-malit-new-york\/\",\"name\":\"Susret sa Naserom \u010cobaj, Predsjednik udru\u017eenja Ana e Malit \u2013 New York - Lajme nga Ulqini\",\"isPartOf\":{\"@id\":\"https:\/\/www.visit-ulcinj.com\/blog\/#website\"},\"primaryImageOfPage\":{\"@id\":\"https:\/\/www.visit-ulcinj.com\/blog\/2012\/05\/10\/susret-sa-naserom-cobaj-predsjednik-udruzenja-ana-e-malit-new-york\/#primaryimage\"},\"datePublished\":\"2012-05-10T21:32:24+00:00\",\"dateModified\":\"2012-05-11T11:54:06+00:00\",\"author\":{\"@id\":\"https:\/\/www.visit-ulcinj.com\/blog\/#\/schema\/person\/dcab619c614d3038751c63bc2aadc06d\"},\"description\":\"Predjednik Op\u0161tine Ulcinj g. Nazif Cungu primio je danas Predsjednika udru\u017eenja Ana e Malit \u2013 New York g. Nasera \u010cobaj. Tokom susreta g. \u010cobaj je\",\"breadcrumb\":{\"@id\":\"https:\/\/www.visit-ulcinj.com\/blog\/2012\/05\/10\/susret-sa-naserom-cobaj-predsjednik-udruzenja-ana-e-malit-new-york\/#breadcrumb\"},\"inLanguage\":\"en-US\",\"potentialAction\":[{\"@type\":\"ReadAction\",\"target\":[\"https:\/\/www.visit-ulcinj.com\/blog\/2012\/05\/10\/susret-sa-naserom-cobaj-predsjednik-udruzenja-ana-e-malit-new-york\/\"]}]},{\"@type\":\"BreadcrumbList\",\"@id\":\"https:\/\/www.visit-ulcinj.com\/blog\/2012\/05\/10\/susret-sa-naserom-cobaj-predsjednik-udruzenja-ana-e-malit-new-york\/#breadcrumb\",\"itemListElement\":[{\"@type\":\"ListItem\",\"position\":1,\"name\":\"Susret sa Naserom \u010cobaj, Predsjednik udru\u017eenja Ana e Malit \u2013 New York\"}]},{\"@type\":\"Person\",\"@id\":\"https:\/\/www.visit-ulcinj.com\/blog\/#\/schema\/person\/dcab619c614d3038751c63bc2aadc06d\",\"name\":\"ulqini\",\"sameAs\":[\"http:\/\/www.visit-ulcinj.com\"],\"url\":\"https:\/\/www.visit-ulcinj.com\/blog\/author\/admin\/\"}]}<\/script>\n<!-- \/ Yoast SEO plugin. -->","yoast_head_json":{"title":"Susret sa Naserom \u010cobaj, Predsjednik udru\u017eenja Ana e Malit \u2013 New York - Lajme nga Ulqini","description":"Predjednik Op\u0161tine Ulcinj g. Nazif Cungu primio je danas Predsjednika udru\u017eenja Ana e Malit \u2013 New York g. Nasera \u010cobaj. Tokom susreta g. \u010cobaj je","robots":{"index":"index","follow":"follow","max-snippet":"max-snippet:-1","max-image-preview":"max-image-preview:large","max-video-preview":"max-video-preview:-1"},"canonical":"https:\/\/www.visit-ulcinj.com\/blog\/2012\/05\/10\/susret-sa-naserom-cobaj-predsjednik-udruzenja-ana-e-malit-new-york\/","og_locale":"en_US","og_type":"article","og_title":"Susret sa Naserom \u010cobaj, Predsjednik udru\u017eenja Ana e Malit \u2013 New York - Lajme nga Ulqini","og_description":"Predjednik Op\u0161tine Ulcinj g. Nazif Cungu primio je danas Predsjednika udru\u017eenja Ana e Malit \u2013 New York g. Nasera \u010cobaj. Tokom susreta g. \u010cobaj je","og_url":"https:\/\/www.visit-ulcinj.com\/blog\/2012\/05\/10\/susret-sa-naserom-cobaj-predsjednik-udruzenja-ana-e-malit-new-york\/","og_site_name":"Lajme nga Ulqini","article_published_time":"2012-05-10T21:32:24+00:00","article_modified_time":"2012-05-11T11:54:06+00:00","og_image":[{"url":"http:\/\/www.visit-ulcinj.com\/blog\/wp-content\/uploads\/2012\/05\/Susret-Nazif-Cungu_Naser-Cobi.jpg"}],"twitter_misc":{"Written by":"ulqini","Est. reading time":"1 minute"},"schema":{"@context":"https:\/\/schema.org","@graph":[{"@type":"WebSite","@id":"https:\/\/www.visit-ulcinj.com\/blog\/#website","url":"https:\/\/www.visit-ulcinj.com\/blog\/","name":"Lajme nga Ulqini","description":"Lajme,Vijesti,Ulqini,Ulqin,Crna Gora,Mali i Zi","potentialAction":[{"@type":"SearchAction","target":{"@type":"EntryPoint","urlTemplate":"https:\/\/www.visit-ulcinj.com\/blog\/?s={search_term_string}"},"query-input":"required name=search_term_string"}],"inLanguage":"en-US"},{"@type":"ImageObject","inLanguage":"en-US","@id":"https:\/\/www.visit-ulcinj.com\/blog\/2012\/05\/10\/susret-sa-naserom-cobaj-predsjednik-udruzenja-ana-e-malit-new-york\/#primaryimage","url":"https:\/\/www.visit-ulcinj.com\/blog\/wp-content\/uploads\/2012\/05\/Susret-Nazif-Cungu_Naser-Cobi.jpg","contentUrl":"https:\/\/www.visit-ulcinj.com\/blog\/wp-content\/uploads\/2012\/05\/Susret-Nazif-Cungu_Naser-Cobi.jpg","width":"1024","height":"678"},{"@type":"WebPage","@id":"https:\/\/www.visit-ulcinj.com\/blog\/2012\/05\/10\/susret-sa-naserom-cobaj-predsjednik-udruzenja-ana-e-malit-new-york\/#webpage","url":"https:\/\/www.visit-ulcinj.com\/blog\/2012\/05\/10\/susret-sa-naserom-cobaj-predsjednik-udruzenja-ana-e-malit-new-york\/","name":"Susret sa Naserom \u010cobaj, Predsjednik udru\u017eenja Ana e Malit \u2013 New York - Lajme nga Ulqini","isPartOf":{"@id":"https:\/\/www.visit-ulcinj.com\/blog\/#website"},"primaryImageOfPage":{"@id":"https:\/\/www.visit-ulcinj.com\/blog\/2012\/05\/10\/susret-sa-naserom-cobaj-predsjednik-udruzenja-ana-e-malit-new-york\/#primaryimage"},"datePublished":"2012-05-10T21:32:24+00:00","dateModified":"2012-05-11T11:54:06+00:00","author":{"@id":"https:\/\/www.visit-ulcinj.com\/blog\/#\/schema\/person\/dcab619c614d3038751c63bc2aadc06d"},"description":"Predjednik Op\u0161tine Ulcinj g. Nazif Cungu primio je danas Predsjednika udru\u017eenja Ana e Malit \u2013 New York g. Nasera \u010cobaj. Tokom susreta g. \u010cobaj je","breadcrumb":{"@id":"https:\/\/www.visit-ulcinj.com\/blog\/2012\/05\/10\/susret-sa-naserom-cobaj-predsjednik-udruzenja-ana-e-malit-new-york\/#breadcrumb"},"inLanguage":"en-US","potentialAction":[{"@type":"ReadAction","target":["https:\/\/www.visit-ulcinj.com\/blog\/2012\/05\/10\/susret-sa-naserom-cobaj-predsjednik-udruzenja-ana-e-malit-new-york\/"]}]},{"@type":"BreadcrumbList","@id":"https:\/\/www.visit-ulcinj.com\/blog\/2012\/05\/10\/susret-sa-naserom-cobaj-predsjednik-udruzenja-ana-e-malit-new-york\/#breadcrumb","itemListElement":[{"@type":"ListItem","position":1,"name":"Susret sa Naserom \u010cobaj, Predsjednik udru\u017eenja Ana e Malit \u2013 New York"}]},{"@type":"Person","@id":"https:\/\/www.visit-ulcinj.com\/blog\/#\/schema\/person\/dcab619c614d3038751c63bc2aadc06d","name":"ulqini","sameAs":["http:\/\/www.visit-ulcinj.com"],"url":"https:\/\/www.visit-ulcinj.com\/blog\/author\/admin\/"}]}},"jetpack_featured_media_url":"","jetpack_sharing_enabled":true,"jetpack_shortlink":"https:\/\/wp.me\/pe6lTn-fFY","_links":{"self":[{"href":"https:\/\/www.visit-ulcinj.com\/blog\/wp-json\/wp\/v2\/posts\/60262"}],"collection":[{"href":"https:\/\/www.visit-ulcinj.com\/blog\/wp-json\/wp\/v2\/posts"}],"about":[{"href":"https:\/\/www.visit-ulcinj.com\/blog\/wp-json\/wp\/v2\/types\/post"}],"author":[{"embeddable":true,"href":"https:\/\/www.visit-ulcinj.com\/blog\/wp-json\/wp\/v2\/users\/1"}],"replies":[{"embeddable":true,"href":"https:\/\/www.visit-ulcinj.com\/blog\/wp-json\/wp\/v2\/comments?post=60262"}],"version-history":[{"count":3,"href":"https:\/\/www.visit-ulcinj.com\/blog\/wp-json\/wp\/v2\/posts\/60262\/revisions"}],"predecessor-version":[{"id":60290,"href":"https:\/\/www.visit-ulcinj.com\/blog\/wp-json\/wp\/v2\/posts\/60262\/revisions\/60290"}],"wp:attachment":[{"href":"https:\/\/www.visit-ulcinj.com\/blog\/wp-json\/wp\/v2\/media?parent=60262"}],"wp:term":[{"taxonomy":"category","embeddable":true,"href":"https:\/\/www.visit-ulcinj.com\/blog\/wp-json\/wp\/v2\/categories?post=60262"},{"taxonomy":"post_tag","embeddable":true,"href":"https:\/\/www.visit-ulcinj.com\/blog\/wp-json\/wp\/v2\/tags?post=60262"}],"curies":[{"name":"wp","href":"https:\/\/api.w.org\/{rel}","templated":true}]}}