{"id":60267,"date":"2012-05-10T22:47:36","date_gmt":"2012-05-10T21:47:36","guid":{"rendered":"http:\/\/www.visit-ulcinj.com\/blog\/?p=60267"},"modified":"2012-05-10T22:47:36","modified_gmt":"2012-05-10T21:47:36","slug":"valdanos-ovoga-ljeta-bice-na-dispoziciji-gradanima-i-turistima","status":"publish","type":"post","link":"https:\/\/www.visit-ulcinj.com\/blog\/2012\/05\/10\/valdanos-ovoga-ljeta-bice-na-dispoziciji-gradanima-i-turistima\/","title":{"rendered":"Valdanos ovoga ljeta bi\u0107e na dispoziciji gra\u0111anima i turistima"},"content":{"rendered":"<p><a href=\"http:\/\/www.visit-ulcinj.com\/blog\/wp-content\/uploads\/2012\/05\/UVALA-VALDANOS_ULCINJ.jpg\"><img loading=\"lazy\" class=\"alignleft  wp-image-60268\" title=\"UVALA VALDANOS_ULCINJ\" src=\"http:\/\/www.visit-ulcinj.com\/blog\/wp-content\/uploads\/2012\/05\/UVALA-VALDANOS_ULCINJ.jpg\" alt=\"\" width=\"508\" height=\"360\" \/><\/a>Pla\u017ea u uvali Valdanos ovoga ljeta bi\u0107e na dispoziciji gra\u0111anima i turistima, u funkciji javnog prirodnog kupali\u0161ta.<br \/>\nShodno nalogu Savjeta za privatizaciju i Ministarstva odr\u017eivog razvoja i turizma, JP \u201eMorsko dobro\u201c \u0107e preduzeti sve aktivnosti u smislu opremanja kupali\u0161ta svim sadr\u017eajima koji podrazumijevaju udoban boravak kupa\u010da, propisanim Pravilnikom o uslovima koje treba da ispune prirodna kupali\u0161ta.<br \/>\nRadno vrijeme kupali\u0161ta bi\u0107e od 07-21 h i na njemu \u0107e biti prisutno lice koje \u0107e voditi ra\u010duna o odr\u017eavanju pla\u017ee &#8211; redovnom pra\u017enjenju i odvozu sme\u0107a, funkcionisanju tu\u0161eva, kabinama za presvla\u010denje i drugim sadr\u017eajima.<br \/>\nNapominjemo da, shodno Pravilniku, na prirodnim kupali\u0161tima nije propisano postojanje spasioca, te na ovakvim kupali\u0161tima kupa\u010di moraju sami voditi ra\u010duna o li\u010dnoj bezbjednosti.<br \/>\nProgramom organizacije kupali\u0161ta se za sezonu 2012. godine predvi\u0111ena je organizacija ukupno 301 kupali\u0161ta, od \u010dega su 217 ure\u0111ena i izgra\u0111ena kupali\u0161ta, koja su du\u017ena ispuniti uslove propisane Pravilnikom o uslovima koja moraju ispunjavati ure\u0111ena i izgra\u0111ena kupali\u0161ta (Sl.list CG, Br.20\/08, 20\/09, 4\/10, 26\/11), a 84 je prirodnih kupali\u0161ta za koje se propisuju posebni uslovi za organizaciju.<br \/>\nPrema re\u017eimu kori\u0161\u0107enja kupali\u0161ta, u sezoni 2012., od 301 kupali\u0161ta, 261 je javnih kupali\u0161ta, 32 hotelskih i 8 specijalnih kupali\u0161ta (3 nudisti\u010dka, 1 \u017eensko, 2 kupali\u0161ta za banjska lje\u010dili\u0161ta i 2 kupali\u0161ta za dje\u010dija odmarali\u0161ta).<\/p>\n<p><a href=\"http:\/\/www.morskodobro.com\/\" target=\"_blank\"><strong>JP\u201dMorsko Dobro\u201d<\/strong><\/a><\/p>\n","protected":false},"excerpt":{"rendered":"<p>Pla\u017ea u uvali Valdanos ovoga ljeta bi\u0107e na dispoziciji gra\u0111anima i turistima, u funkciji javnog prirodnog kupali\u0161ta. Shodno nalogu Savjeta za privatizaciju i Ministarstva odr\u017eivog razvoja i turizma, JP \u201eMorsko dobro\u201c \u0107e preduzeti sve aktivnosti u smislu opremanja kupali\u0161ta svim sadr\u017eajima koji podrazumijevaju udoban boravak kupa\u010da, propisanim Pravilnikom o uslovima koje treba da ispune prirodna [&hellip;]<\/p>\n","protected":false},"author":1,"featured_media":0,"comment_status":"open","ping_status":"closed","sticky":false,"template":"","format":"standard","meta":{"spay_email":"","jetpack_publicize_message":"","jetpack_is_tweetstorm":false,"jetpack_publicize_feature_enabled":true},"categories":[6950],"tags":[19,4144],"jetpack_publicize_connections":[],"yoast_head":"<!-- This site is optimized with the Yoast SEO plugin v19.1 - https:\/\/yoast.com\/wordpress\/plugins\/seo\/ -->\n<title>Valdanos ovoga ljeta bi\u0107e na dispoziciji gra\u0111anima i turistima - Lajme nga Ulqini<\/title>\n<meta name=\"description\" content=\"Pla\u017ea u uvali Valdanos ovoga ljeta bi\u0107e na dispoziciji gra\u0111anima i turistima, u funkciji javnog prirodnog kupali\u0161ta. Shodno nalogu Savjeta za\" \/>\n<meta name=\"robots\" content=\"index, follow, max-snippet:-1, max-image-preview:large, max-video-preview:-1\" \/>\n<link rel=\"canonical\" href=\"https:\/\/www.visit-ulcinj.com\/blog\/2012\/05\/10\/valdanos-ovoga-ljeta-bice-na-dispoziciji-gradanima-i-turistima\/\" \/>\n<meta property=\"og:locale\" content=\"en_US\" \/>\n<meta property=\"og:type\" content=\"article\" \/>\n<meta property=\"og:title\" content=\"Valdanos ovoga ljeta bi\u0107e na dispoziciji gra\u0111anima i turistima - Lajme nga Ulqini\" \/>\n<meta property=\"og:description\" content=\"Pla\u017ea u uvali Valdanos ovoga ljeta bi\u0107e na dispoziciji gra\u0111anima i turistima, u funkciji javnog prirodnog kupali\u0161ta. Shodno nalogu Savjeta za\" \/>\n<meta property=\"og:url\" content=\"https:\/\/www.visit-ulcinj.com\/blog\/2012\/05\/10\/valdanos-ovoga-ljeta-bice-na-dispoziciji-gradanima-i-turistima\/\" \/>\n<meta property=\"og:site_name\" content=\"Lajme nga Ulqini\" \/>\n<meta property=\"article:published_time\" content=\"2012-05-10T21:47:36+00:00\" \/>\n<meta property=\"og:image\" content=\"http:\/\/www.visit-ulcinj.com\/blog\/wp-content\/uploads\/2012\/05\/UVALA-VALDANOS_ULCINJ.jpg\" \/>\n<meta name=\"twitter:label1\" content=\"Written by\" \/>\n\t<meta name=\"twitter:data1\" content=\"ulqini\" \/>\n\t<meta name=\"twitter:label2\" content=\"Est. reading time\" \/>\n\t<meta name=\"twitter:data2\" content=\"1 minute\" \/>\n<script type=\"application\/ld+json\" class=\"yoast-schema-graph\">{\"@context\":\"https:\/\/schema.org\",\"@graph\":[{\"@type\":\"WebSite\",\"@id\":\"https:\/\/www.visit-ulcinj.com\/blog\/#website\",\"url\":\"https:\/\/www.visit-ulcinj.com\/blog\/\",\"name\":\"Lajme nga Ulqini\",\"description\":\"Lajme,Vijesti,Ulqini,Ulqin,Crna Gora,Mali i Zi\",\"potentialAction\":[{\"@type\":\"SearchAction\",\"target\":{\"@type\":\"EntryPoint\",\"urlTemplate\":\"https:\/\/www.visit-ulcinj.com\/blog\/?s={search_term_string}\"},\"query-input\":\"required name=search_term_string\"}],\"inLanguage\":\"en-US\"},{\"@type\":\"ImageObject\",\"inLanguage\":\"en-US\",\"@id\":\"https:\/\/www.visit-ulcinj.com\/blog\/2012\/05\/10\/valdanos-ovoga-ljeta-bice-na-dispoziciji-gradanima-i-turistima\/#primaryimage\",\"url\":\"https:\/\/www.visit-ulcinj.com\/blog\/wp-content\/uploads\/2012\/05\/UVALA-VALDANOS_ULCINJ.jpg\",\"contentUrl\":\"https:\/\/www.visit-ulcinj.com\/blog\/wp-content\/uploads\/2012\/05\/UVALA-VALDANOS_ULCINJ.jpg\",\"width\":\"693\",\"height\":\"551\"},{\"@type\":\"WebPage\",\"@id\":\"https:\/\/www.visit-ulcinj.com\/blog\/2012\/05\/10\/valdanos-ovoga-ljeta-bice-na-dispoziciji-gradanima-i-turistima\/#webpage\",\"url\":\"https:\/\/www.visit-ulcinj.com\/blog\/2012\/05\/10\/valdanos-ovoga-ljeta-bice-na-dispoziciji-gradanima-i-turistima\/\",\"name\":\"Valdanos ovoga ljeta bi\u0107e na dispoziciji gra\u0111anima i turistima - Lajme nga Ulqini\",\"isPartOf\":{\"@id\":\"https:\/\/www.visit-ulcinj.com\/blog\/#website\"},\"primaryImageOfPage\":{\"@id\":\"https:\/\/www.visit-ulcinj.com\/blog\/2012\/05\/10\/valdanos-ovoga-ljeta-bice-na-dispoziciji-gradanima-i-turistima\/#primaryimage\"},\"datePublished\":\"2012-05-10T21:47:36+00:00\",\"dateModified\":\"2012-05-10T21:47:36+00:00\",\"author\":{\"@id\":\"https:\/\/www.visit-ulcinj.com\/blog\/#\/schema\/person\/dcab619c614d3038751c63bc2aadc06d\"},\"description\":\"Pla\u017ea u uvali Valdanos ovoga ljeta bi\u0107e na dispoziciji gra\u0111anima i turistima, u funkciji javnog prirodnog kupali\u0161ta. Shodno nalogu Savjeta za\",\"breadcrumb\":{\"@id\":\"https:\/\/www.visit-ulcinj.com\/blog\/2012\/05\/10\/valdanos-ovoga-ljeta-bice-na-dispoziciji-gradanima-i-turistima\/#breadcrumb\"},\"inLanguage\":\"en-US\",\"potentialAction\":[{\"@type\":\"ReadAction\",\"target\":[\"https:\/\/www.visit-ulcinj.com\/blog\/2012\/05\/10\/valdanos-ovoga-ljeta-bice-na-dispoziciji-gradanima-i-turistima\/\"]}]},{\"@type\":\"BreadcrumbList\",\"@id\":\"https:\/\/www.visit-ulcinj.com\/blog\/2012\/05\/10\/valdanos-ovoga-ljeta-bice-na-dispoziciji-gradanima-i-turistima\/#breadcrumb\",\"itemListElement\":[{\"@type\":\"ListItem\",\"position\":1,\"name\":\"Valdanos ovoga ljeta bi\u0107e na dispoziciji gra\u0111anima i turistima\"}]},{\"@type\":\"Person\",\"@id\":\"https:\/\/www.visit-ulcinj.com\/blog\/#\/schema\/person\/dcab619c614d3038751c63bc2aadc06d\",\"name\":\"ulqini\",\"sameAs\":[\"http:\/\/www.visit-ulcinj.com\"],\"url\":\"https:\/\/www.visit-ulcinj.com\/blog\/author\/admin\/\"}]}<\/script>\n<!-- \/ Yoast SEO plugin. -->","yoast_head_json":{"title":"Valdanos ovoga ljeta bi\u0107e na dispoziciji gra\u0111anima i turistima - Lajme nga Ulqini","description":"Pla\u017ea u uvali Valdanos ovoga ljeta bi\u0107e na dispoziciji gra\u0111anima i turistima, u funkciji javnog prirodnog kupali\u0161ta. Shodno nalogu Savjeta za","robots":{"index":"index","follow":"follow","max-snippet":"max-snippet:-1","max-image-preview":"max-image-preview:large","max-video-preview":"max-video-preview:-1"},"canonical":"https:\/\/www.visit-ulcinj.com\/blog\/2012\/05\/10\/valdanos-ovoga-ljeta-bice-na-dispoziciji-gradanima-i-turistima\/","og_locale":"en_US","og_type":"article","og_title":"Valdanos ovoga ljeta bi\u0107e na dispoziciji gra\u0111anima i turistima - Lajme nga Ulqini","og_description":"Pla\u017ea u uvali Valdanos ovoga ljeta bi\u0107e na dispoziciji gra\u0111anima i turistima, u funkciji javnog prirodnog kupali\u0161ta. Shodno nalogu Savjeta za","og_url":"https:\/\/www.visit-ulcinj.com\/blog\/2012\/05\/10\/valdanos-ovoga-ljeta-bice-na-dispoziciji-gradanima-i-turistima\/","og_site_name":"Lajme nga Ulqini","article_published_time":"2012-05-10T21:47:36+00:00","og_image":[{"url":"http:\/\/www.visit-ulcinj.com\/blog\/wp-content\/uploads\/2012\/05\/UVALA-VALDANOS_ULCINJ.jpg"}],"twitter_misc":{"Written by":"ulqini","Est. reading time":"1 minute"},"schema":{"@context":"https:\/\/schema.org","@graph":[{"@type":"WebSite","@id":"https:\/\/www.visit-ulcinj.com\/blog\/#website","url":"https:\/\/www.visit-ulcinj.com\/blog\/","name":"Lajme nga Ulqini","description":"Lajme,Vijesti,Ulqini,Ulqin,Crna Gora,Mali i Zi","potentialAction":[{"@type":"SearchAction","target":{"@type":"EntryPoint","urlTemplate":"https:\/\/www.visit-ulcinj.com\/blog\/?s={search_term_string}"},"query-input":"required name=search_term_string"}],"inLanguage":"en-US"},{"@type":"ImageObject","inLanguage":"en-US","@id":"https:\/\/www.visit-ulcinj.com\/blog\/2012\/05\/10\/valdanos-ovoga-ljeta-bice-na-dispoziciji-gradanima-i-turistima\/#primaryimage","url":"https:\/\/www.visit-ulcinj.com\/blog\/wp-content\/uploads\/2012\/05\/UVALA-VALDANOS_ULCINJ.jpg","contentUrl":"https:\/\/www.visit-ulcinj.com\/blog\/wp-content\/uploads\/2012\/05\/UVALA-VALDANOS_ULCINJ.jpg","width":"693","height":"551"},{"@type":"WebPage","@id":"https:\/\/www.visit-ulcinj.com\/blog\/2012\/05\/10\/valdanos-ovoga-ljeta-bice-na-dispoziciji-gradanima-i-turistima\/#webpage","url":"https:\/\/www.visit-ulcinj.com\/blog\/2012\/05\/10\/valdanos-ovoga-ljeta-bice-na-dispoziciji-gradanima-i-turistima\/","name":"Valdanos ovoga ljeta bi\u0107e na dispoziciji gra\u0111anima i turistima - Lajme nga Ulqini","isPartOf":{"@id":"https:\/\/www.visit-ulcinj.com\/blog\/#website"},"primaryImageOfPage":{"@id":"https:\/\/www.visit-ulcinj.com\/blog\/2012\/05\/10\/valdanos-ovoga-ljeta-bice-na-dispoziciji-gradanima-i-turistima\/#primaryimage"},"datePublished":"2012-05-10T21:47:36+00:00","dateModified":"2012-05-10T21:47:36+00:00","author":{"@id":"https:\/\/www.visit-ulcinj.com\/blog\/#\/schema\/person\/dcab619c614d3038751c63bc2aadc06d"},"description":"Pla\u017ea u uvali Valdanos ovoga ljeta bi\u0107e na dispoziciji gra\u0111anima i turistima, u funkciji javnog prirodnog kupali\u0161ta. Shodno nalogu Savjeta za","breadcrumb":{"@id":"https:\/\/www.visit-ulcinj.com\/blog\/2012\/05\/10\/valdanos-ovoga-ljeta-bice-na-dispoziciji-gradanima-i-turistima\/#breadcrumb"},"inLanguage":"en-US","potentialAction":[{"@type":"ReadAction","target":["https:\/\/www.visit-ulcinj.com\/blog\/2012\/05\/10\/valdanos-ovoga-ljeta-bice-na-dispoziciji-gradanima-i-turistima\/"]}]},{"@type":"BreadcrumbList","@id":"https:\/\/www.visit-ulcinj.com\/blog\/2012\/05\/10\/valdanos-ovoga-ljeta-bice-na-dispoziciji-gradanima-i-turistima\/#breadcrumb","itemListElement":[{"@type":"ListItem","position":1,"name":"Valdanos ovoga ljeta bi\u0107e na dispoziciji gra\u0111anima i turistima"}]},{"@type":"Person","@id":"https:\/\/www.visit-ulcinj.com\/blog\/#\/schema\/person\/dcab619c614d3038751c63bc2aadc06d","name":"ulqini","sameAs":["http:\/\/www.visit-ulcinj.com"],"url":"https:\/\/www.visit-ulcinj.com\/blog\/author\/admin\/"}]}},"jetpack_featured_media_url":"","jetpack_sharing_enabled":true,"jetpack_shortlink":"https:\/\/wp.me\/pe6lTn-fG3","_links":{"self":[{"href":"https:\/\/www.visit-ulcinj.com\/blog\/wp-json\/wp\/v2\/posts\/60267"}],"collection":[{"href":"https:\/\/www.visit-ulcinj.com\/blog\/wp-json\/wp\/v2\/posts"}],"about":[{"href":"https:\/\/www.visit-ulcinj.com\/blog\/wp-json\/wp\/v2\/types\/post"}],"author":[{"embeddable":true,"href":"https:\/\/www.visit-ulcinj.com\/blog\/wp-json\/wp\/v2\/users\/1"}],"replies":[{"embeddable":true,"href":"https:\/\/www.visit-ulcinj.com\/blog\/wp-json\/wp\/v2\/comments?post=60267"}],"version-history":[{"count":1,"href":"https:\/\/www.visit-ulcinj.com\/blog\/wp-json\/wp\/v2\/posts\/60267\/revisions"}],"predecessor-version":[{"id":60269,"href":"https:\/\/www.visit-ulcinj.com\/blog\/wp-json\/wp\/v2\/posts\/60267\/revisions\/60269"}],"wp:attachment":[{"href":"https:\/\/www.visit-ulcinj.com\/blog\/wp-json\/wp\/v2\/media?parent=60267"}],"wp:term":[{"taxonomy":"category","embeddable":true,"href":"https:\/\/www.visit-ulcinj.com\/blog\/wp-json\/wp\/v2\/categories?post=60267"},{"taxonomy":"post_tag","embeddable":true,"href":"https:\/\/www.visit-ulcinj.com\/blog\/wp-json\/wp\/v2\/tags?post=60267"}],"curies":[{"name":"wp","href":"https:\/\/api.w.org\/{rel}","templated":true}]}}