{"id":60291,"date":"2012-05-11T12:59:06","date_gmt":"2012-05-11T11:59:06","guid":{"rendered":"http:\/\/www.visit-ulcinj.com\/blog\/?p=60291"},"modified":"2012-05-11T12:59:06","modified_gmt":"2012-05-11T11:59:06","slug":"cungu-priti-perfaqesuesit-e-agjensise-per-zhvillim-rajonal-jug-te-kosoves","status":"publish","type":"post","link":"https:\/\/www.visit-ulcinj.com\/blog\/2012\/05\/11\/cungu-priti-perfaqesuesit-e-agjensise-per-zhvillim-rajonal-jug-te-kosoves\/","title":{"rendered":"Cungu priti p\u00ebrfaq\u00ebsuesit e Agjensis\u00eb p\u00ebr Zhvillim Rajonal-Jug t\u00eb Kosoves"},"content":{"rendered":"<p><strong><a href=\"http:\/\/www.visit-ulcinj.com\/blog\/wp-content\/uploads\/2012\/05\/Cungu-priti-p\u00ebrfaq\u00ebsuesit-e-Agjensis\u00eb-p\u00ebr-Zhvillim-Rajonal-Jug-t\u00eb-Kosoves.jpg\"><img loading=\"lazy\" class=\"alignleft  wp-image-60292\" title=\"Cungu priti p\u00ebrfaq\u00ebsuesit e Agjensis\u00eb p\u00ebr Zhvillim Rajonal-Jug t\u00eb Kosoves\" src=\"http:\/\/www.visit-ulcinj.com\/blog\/wp-content\/uploads\/2012\/05\/Cungu-priti-p\u00ebrfaq\u00ebsuesit-e-Agjensis\u00eb-p\u00ebr-Zhvillim-Rajonal-Jug-t\u00eb-Kosoves.jpg\" alt=\"\" width=\"508\" height=\"360\" \/><\/a>Takimi me Agjensin\u00eb p\u00ebr Zhvillim Rajonal-Jug t\u00eb Kosov\u00ebs<\/strong><\/p>\n<p>Kryetari i komun\u00ebs s\u00eb Ulqinit z. Nazif Cungu prit sot n\u00eb takim p\u00ebrfaq\u00ebsuesit e Agjensis\u00eb p\u00ebr Zhvillim Rajonal-Jug t\u00eb Kosoves me t\u00eb cil\u00ebt \u00ebsht\u00eb folur p\u00ebr mund\u00ebsit\u00eb e bashkpunimit t\u00eb bizneseve Kosovare me ato t\u00eb Malit t\u00eb Zi, posa\u00e7erisht me bizneset e Ulqinit.<\/p>\n<p>Drejtori ekzekutiv i Agjensis\u00eb p\u00ebr Zhvillim Rajonal-Jug t\u00eb Kosoves z.Valentin Hoxha falenderoj kryetarin e komun\u00ebs s\u00eb Ulqinit p\u00ebr pritjen e rezervuar dhe prezantoi para ti pun\u00ebn dhe aktivitetin e k\u00ebsaj agjensie n\u00eb udh\u00ebzimin,leht\u00ebsimin dhe fuqizimin e zhvillimit ekonomik duke ndihmuar n\u00eb implementimin e projekteve zhvillimore t\u00eb k\u00ebsaj zone.<\/p>\n<p>Ai u shpreh se kjo agjensi ka nd\u00ebrmarr\u00eb iniciativa t\u00eb shumta bashkpunimi me vende dhe rajone t\u00eb tjera si n\u00eb Shqip\u00ebri,Maqedoni ku n\u00eb vazhden ktyre iniciativave bashk\u00ebpunuese qendon edhe vizita e sotme ktu n\u00eb Ulqin.<\/p>\n<p>Sot n\u00eb bashkpunim me Ulqin Biznes Asociacionin UBA, n\u00eb kalan\u00eb e Ulqini kemi organizuar nj\u00eb prezantim t\u00eb disa prej produkteve tona dhe shpresoi qe ky takim t\u00eb jet\u00eb nj\u00eb hap i mbar\u00eb n\u00eb thellimin e bashkpunimit t\u00eb bizneseve tona me ato t\u00eb Ulqinit duke i ofruar m\u00eb afer k\u00ebto dy tregje u shprej z. Hoxha.<\/p>\n<p>Kryetari Cungu falenderoi t\u00eb pranishmit dhe u shpreh i gatshem p\u00ebr t\u00eb mbeshtetur projekte t\u00eb tilla duke qen\u00eb se bizneset e k\u00ebture dy zonave kan\u00eb mund\u00ebsi t\u00eb m\u00ebdha bashkpunimi n\u00eb fusha t\u00eb ndryshme. N\u00eb kuader t\u00eb k\u00ebtyre bashk\u00ebpunimeve Komuna e Ulqinit n\u00eb muajin qershor do t\u00eb jet\u00eb nikoqire e panairit t\u00eb 100 produkteve shqip\u00ebtare q\u00eb do t\u00eb paraqes nj\u00eb mund\u00ebsi t\u00eb mir\u00eb t\u00eb prezantimit dhe krijimit t\u00eb bashkpunimit n\u00eb mes t\u00eb k\u00ebtyre bizneseve.<\/p>\n<p>Duke qen\u00eb se n\u00eb kuader t\u00eb Komun\u00ebs s\u00eb Ulqinit ekziston Zyra p\u00ebr Bashk\u00ebpunim Nd\u00ebrkomb\u00ebtar dhe Projekte kryetari Cungu u shpreh i interesuar q\u00eb t\u00eb bashk\u00ebpunohet n\u00eb konkurrimin dhe implementimin e projekteve q\u00eb financohen nga Bashkimi Europian. Ai poashtu ftoi t\u00eb gjith bizneset e interesuara q\u00eb t\u00eb vijn\u00eb e t\u00eb investojn\u00eb n\u00eb Ulqin dhe ju premtoi atyre se do t\u00eb hasin n\u00eb m\u00ebshtetje t\u00eb plot\u00eb nga ana jon\u00eb.<\/p>\n<p><strong>Komuna e Ulqinit<\/strong><\/p>\n","protected":false},"excerpt":{"rendered":"<p>Takimi me Agjensin\u00eb p\u00ebr Zhvillim Rajonal-Jug t\u00eb Kosov\u00ebs Kryetari i komun\u00ebs s\u00eb Ulqinit z. Nazif Cungu prit sot n\u00eb takim p\u00ebrfaq\u00ebsuesit e Agjensis\u00eb p\u00ebr Zhvillim Rajonal-Jug t\u00eb Kosoves me t\u00eb cil\u00ebt \u00ebsht\u00eb folur p\u00ebr mund\u00ebsit\u00eb e bashkpunimit t\u00eb bizneseve Kosovare me ato t\u00eb Malit t\u00eb Zi, posa\u00e7erisht me bizneset e Ulqinit. Drejtori ekzekutiv i Agjensis\u00eb [&hellip;]<\/p>\n","protected":false},"author":1,"featured_media":0,"comment_status":"open","ping_status":"closed","sticky":false,"template":"","format":"standard","meta":{"spay_email":"","jetpack_publicize_message":"","jetpack_is_tweetstorm":false,"jetpack_publicize_feature_enabled":true},"categories":[1],"tags":[297,229,118],"jetpack_publicize_connections":[],"yoast_head":"<!-- This site is optimized with the Yoast SEO plugin v19.1 - https:\/\/yoast.com\/wordpress\/plugins\/seo\/ -->\n<title>Cungu priti p\u00ebrfaq\u00ebsuesit e Agjensis\u00eb p\u00ebr Zhvillim Rajonal-Jug t\u00eb Kosoves - Lajme nga Ulqini<\/title>\n<meta name=\"description\" content=\"Takimi me Agjensin\u00eb p\u00ebr Zhvillim Rajonal-Jug t\u00eb Kosov\u00ebs Kryetari i komun\u00ebs s\u00eb Ulqinit z. Nazif Cungu prit sot n\u00eb takim p\u00ebrfaq\u00ebsuesit e Agjensis\u00eb p\u00ebr\" \/>\n<meta name=\"robots\" content=\"index, follow, max-snippet:-1, max-image-preview:large, max-video-preview:-1\" \/>\n<link rel=\"canonical\" href=\"https:\/\/www.visit-ulcinj.com\/blog\/2012\/05\/11\/cungu-priti-perfaqesuesit-e-agjensise-per-zhvillim-rajonal-jug-te-kosoves\/\" \/>\n<meta property=\"og:locale\" content=\"en_US\" \/>\n<meta property=\"og:type\" content=\"article\" \/>\n<meta property=\"og:title\" content=\"Cungu priti p\u00ebrfaq\u00ebsuesit e Agjensis\u00eb p\u00ebr Zhvillim Rajonal-Jug t\u00eb Kosoves - Lajme nga Ulqini\" \/>\n<meta property=\"og:description\" content=\"Takimi me Agjensin\u00eb p\u00ebr Zhvillim Rajonal-Jug t\u00eb Kosov\u00ebs Kryetari i komun\u00ebs s\u00eb Ulqinit z. Nazif Cungu prit sot n\u00eb takim p\u00ebrfaq\u00ebsuesit e Agjensis\u00eb p\u00ebr\" \/>\n<meta property=\"og:url\" content=\"https:\/\/www.visit-ulcinj.com\/blog\/2012\/05\/11\/cungu-priti-perfaqesuesit-e-agjensise-per-zhvillim-rajonal-jug-te-kosoves\/\" \/>\n<meta property=\"og:site_name\" content=\"Lajme nga Ulqini\" \/>\n<meta property=\"article:published_time\" content=\"2012-05-11T11:59:06+00:00\" \/>\n<meta name=\"twitter:label1\" content=\"Written by\" \/>\n\t<meta name=\"twitter:data1\" content=\"ulqini\" \/>\n\t<meta name=\"twitter:label2\" content=\"Est. reading time\" \/>\n\t<meta name=\"twitter:data2\" content=\"2 minutes\" \/>\n<script type=\"application\/ld+json\" class=\"yoast-schema-graph\">{\"@context\":\"https:\/\/schema.org\",\"@graph\":[{\"@type\":\"WebSite\",\"@id\":\"https:\/\/www.visit-ulcinj.com\/blog\/#website\",\"url\":\"https:\/\/www.visit-ulcinj.com\/blog\/\",\"name\":\"Lajme nga Ulqini\",\"description\":\"Lajme,Vijesti,Ulqini,Ulqin,Crna Gora,Mali i Zi\",\"potentialAction\":[{\"@type\":\"SearchAction\",\"target\":{\"@type\":\"EntryPoint\",\"urlTemplate\":\"https:\/\/www.visit-ulcinj.com\/blog\/?s={search_term_string}\"},\"query-input\":\"required name=search_term_string\"}],\"inLanguage\":\"en-US\"},{\"@type\":\"WebPage\",\"@id\":\"https:\/\/www.visit-ulcinj.com\/blog\/2012\/05\/11\/cungu-priti-perfaqesuesit-e-agjensise-per-zhvillim-rajonal-jug-te-kosoves\/#webpage\",\"url\":\"https:\/\/www.visit-ulcinj.com\/blog\/2012\/05\/11\/cungu-priti-perfaqesuesit-e-agjensise-per-zhvillim-rajonal-jug-te-kosoves\/\",\"name\":\"Cungu priti p\u00ebrfaq\u00ebsuesit e Agjensis\u00eb p\u00ebr Zhvillim Rajonal-Jug t\u00eb Kosoves - Lajme nga Ulqini\",\"isPartOf\":{\"@id\":\"https:\/\/www.visit-ulcinj.com\/blog\/#website\"},\"datePublished\":\"2012-05-11T11:59:06+00:00\",\"dateModified\":\"2012-05-11T11:59:06+00:00\",\"author\":{\"@id\":\"https:\/\/www.visit-ulcinj.com\/blog\/#\/schema\/person\/dcab619c614d3038751c63bc2aadc06d\"},\"description\":\"Takimi me Agjensin\u00eb p\u00ebr Zhvillim Rajonal-Jug t\u00eb Kosov\u00ebs Kryetari i komun\u00ebs s\u00eb Ulqinit z. Nazif Cungu prit sot n\u00eb takim p\u00ebrfaq\u00ebsuesit e Agjensis\u00eb p\u00ebr\",\"breadcrumb\":{\"@id\":\"https:\/\/www.visit-ulcinj.com\/blog\/2012\/05\/11\/cungu-priti-perfaqesuesit-e-agjensise-per-zhvillim-rajonal-jug-te-kosoves\/#breadcrumb\"},\"inLanguage\":\"en-US\",\"potentialAction\":[{\"@type\":\"ReadAction\",\"target\":[\"https:\/\/www.visit-ulcinj.com\/blog\/2012\/05\/11\/cungu-priti-perfaqesuesit-e-agjensise-per-zhvillim-rajonal-jug-te-kosoves\/\"]}]},{\"@type\":\"BreadcrumbList\",\"@id\":\"https:\/\/www.visit-ulcinj.com\/blog\/2012\/05\/11\/cungu-priti-perfaqesuesit-e-agjensise-per-zhvillim-rajonal-jug-te-kosoves\/#breadcrumb\",\"itemListElement\":[{\"@type\":\"ListItem\",\"position\":1,\"name\":\"Cungu priti p\u00ebrfaq\u00ebsuesit e Agjensis\u00eb p\u00ebr Zhvillim Rajonal-Jug t\u00eb Kosoves\"}]},{\"@type\":\"Person\",\"@id\":\"https:\/\/www.visit-ulcinj.com\/blog\/#\/schema\/person\/dcab619c614d3038751c63bc2aadc06d\",\"name\":\"ulqini\",\"sameAs\":[\"http:\/\/www.visit-ulcinj.com\"],\"url\":\"https:\/\/www.visit-ulcinj.com\/blog\/author\/admin\/\"}]}<\/script>\n<!-- \/ Yoast SEO plugin. -->","yoast_head_json":{"title":"Cungu priti p\u00ebrfaq\u00ebsuesit e Agjensis\u00eb p\u00ebr Zhvillim Rajonal-Jug t\u00eb Kosoves - Lajme nga Ulqini","description":"Takimi me Agjensin\u00eb p\u00ebr Zhvillim Rajonal-Jug t\u00eb Kosov\u00ebs Kryetari i komun\u00ebs s\u00eb Ulqinit z. Nazif Cungu prit sot n\u00eb takim p\u00ebrfaq\u00ebsuesit e Agjensis\u00eb p\u00ebr","robots":{"index":"index","follow":"follow","max-snippet":"max-snippet:-1","max-image-preview":"max-image-preview:large","max-video-preview":"max-video-preview:-1"},"canonical":"https:\/\/www.visit-ulcinj.com\/blog\/2012\/05\/11\/cungu-priti-perfaqesuesit-e-agjensise-per-zhvillim-rajonal-jug-te-kosoves\/","og_locale":"en_US","og_type":"article","og_title":"Cungu priti p\u00ebrfaq\u00ebsuesit e Agjensis\u00eb p\u00ebr Zhvillim Rajonal-Jug t\u00eb Kosoves - Lajme nga Ulqini","og_description":"Takimi me Agjensin\u00eb p\u00ebr Zhvillim Rajonal-Jug t\u00eb Kosov\u00ebs Kryetari i komun\u00ebs s\u00eb Ulqinit z. Nazif Cungu prit sot n\u00eb takim p\u00ebrfaq\u00ebsuesit e Agjensis\u00eb p\u00ebr","og_url":"https:\/\/www.visit-ulcinj.com\/blog\/2012\/05\/11\/cungu-priti-perfaqesuesit-e-agjensise-per-zhvillim-rajonal-jug-te-kosoves\/","og_site_name":"Lajme nga Ulqini","article_published_time":"2012-05-11T11:59:06+00:00","twitter_misc":{"Written by":"ulqini","Est. reading time":"2 minutes"},"schema":{"@context":"https:\/\/schema.org","@graph":[{"@type":"WebSite","@id":"https:\/\/www.visit-ulcinj.com\/blog\/#website","url":"https:\/\/www.visit-ulcinj.com\/blog\/","name":"Lajme nga Ulqini","description":"Lajme,Vijesti,Ulqini,Ulqin,Crna Gora,Mali i Zi","potentialAction":[{"@type":"SearchAction","target":{"@type":"EntryPoint","urlTemplate":"https:\/\/www.visit-ulcinj.com\/blog\/?s={search_term_string}"},"query-input":"required name=search_term_string"}],"inLanguage":"en-US"},{"@type":"WebPage","@id":"https:\/\/www.visit-ulcinj.com\/blog\/2012\/05\/11\/cungu-priti-perfaqesuesit-e-agjensise-per-zhvillim-rajonal-jug-te-kosoves\/#webpage","url":"https:\/\/www.visit-ulcinj.com\/blog\/2012\/05\/11\/cungu-priti-perfaqesuesit-e-agjensise-per-zhvillim-rajonal-jug-te-kosoves\/","name":"Cungu priti p\u00ebrfaq\u00ebsuesit e Agjensis\u00eb p\u00ebr Zhvillim Rajonal-Jug t\u00eb Kosoves - Lajme nga Ulqini","isPartOf":{"@id":"https:\/\/www.visit-ulcinj.com\/blog\/#website"},"datePublished":"2012-05-11T11:59:06+00:00","dateModified":"2012-05-11T11:59:06+00:00","author":{"@id":"https:\/\/www.visit-ulcinj.com\/blog\/#\/schema\/person\/dcab619c614d3038751c63bc2aadc06d"},"description":"Takimi me Agjensin\u00eb p\u00ebr Zhvillim Rajonal-Jug t\u00eb Kosov\u00ebs Kryetari i komun\u00ebs s\u00eb Ulqinit z. Nazif Cungu prit sot n\u00eb takim p\u00ebrfaq\u00ebsuesit e Agjensis\u00eb p\u00ebr","breadcrumb":{"@id":"https:\/\/www.visit-ulcinj.com\/blog\/2012\/05\/11\/cungu-priti-perfaqesuesit-e-agjensise-per-zhvillim-rajonal-jug-te-kosoves\/#breadcrumb"},"inLanguage":"en-US","potentialAction":[{"@type":"ReadAction","target":["https:\/\/www.visit-ulcinj.com\/blog\/2012\/05\/11\/cungu-priti-perfaqesuesit-e-agjensise-per-zhvillim-rajonal-jug-te-kosoves\/"]}]},{"@type":"BreadcrumbList","@id":"https:\/\/www.visit-ulcinj.com\/blog\/2012\/05\/11\/cungu-priti-perfaqesuesit-e-agjensise-per-zhvillim-rajonal-jug-te-kosoves\/#breadcrumb","itemListElement":[{"@type":"ListItem","position":1,"name":"Cungu priti p\u00ebrfaq\u00ebsuesit e Agjensis\u00eb p\u00ebr Zhvillim Rajonal-Jug t\u00eb Kosoves"}]},{"@type":"Person","@id":"https:\/\/www.visit-ulcinj.com\/blog\/#\/schema\/person\/dcab619c614d3038751c63bc2aadc06d","name":"ulqini","sameAs":["http:\/\/www.visit-ulcinj.com"],"url":"https:\/\/www.visit-ulcinj.com\/blog\/author\/admin\/"}]}},"jetpack_featured_media_url":"","jetpack_sharing_enabled":true,"jetpack_shortlink":"https:\/\/wp.me\/pe6lTn-fGr","_links":{"self":[{"href":"https:\/\/www.visit-ulcinj.com\/blog\/wp-json\/wp\/v2\/posts\/60291"}],"collection":[{"href":"https:\/\/www.visit-ulcinj.com\/blog\/wp-json\/wp\/v2\/posts"}],"about":[{"href":"https:\/\/www.visit-ulcinj.com\/blog\/wp-json\/wp\/v2\/types\/post"}],"author":[{"embeddable":true,"href":"https:\/\/www.visit-ulcinj.com\/blog\/wp-json\/wp\/v2\/users\/1"}],"replies":[{"embeddable":true,"href":"https:\/\/www.visit-ulcinj.com\/blog\/wp-json\/wp\/v2\/comments?post=60291"}],"version-history":[{"count":1,"href":"https:\/\/www.visit-ulcinj.com\/blog\/wp-json\/wp\/v2\/posts\/60291\/revisions"}],"predecessor-version":[{"id":60293,"href":"https:\/\/www.visit-ulcinj.com\/blog\/wp-json\/wp\/v2\/posts\/60291\/revisions\/60293"}],"wp:attachment":[{"href":"https:\/\/www.visit-ulcinj.com\/blog\/wp-json\/wp\/v2\/media?parent=60291"}],"wp:term":[{"taxonomy":"category","embeddable":true,"href":"https:\/\/www.visit-ulcinj.com\/blog\/wp-json\/wp\/v2\/categories?post=60291"},{"taxonomy":"post_tag","embeddable":true,"href":"https:\/\/www.visit-ulcinj.com\/blog\/wp-json\/wp\/v2\/tags?post=60291"}],"curies":[{"name":"wp","href":"https:\/\/api.w.org\/{rel}","templated":true}]}}