{"id":60296,"date":"2012-05-11T13:07:36","date_gmt":"2012-05-11T12:07:36","guid":{"rendered":"http:\/\/www.visit-ulcinj.com\/blog\/?p=60296"},"modified":"2012-05-11T13:07:36","modified_gmt":"2012-05-11T12:07:36","slug":"nazif-cungu-priti-perfaqesuesit-e-institutit-kosovar-per-qeverisje-lokale","status":"publish","type":"post","link":"https:\/\/www.visit-ulcinj.com\/blog\/2012\/05\/11\/nazif-cungu-priti-perfaqesuesit-e-institutit-kosovar-per-qeverisje-lokale\/","title":{"rendered":"Nazif Cungu priti p\u00ebrfaq\u00ebsuesit e Institutit Kosovar p\u00ebr Qeverisje Lokale"},"content":{"rendered":"<p><strong><a href=\"http:\/\/www.visit-ulcinj.com\/blog\/wp-content\/uploads\/2012\/05\/Nazif-Cungu-priti-p\u00ebrfaq\u00ebsuesit-e-Institutit-Kosovar-p\u00ebr-Qeverisje-Lokale.jpg\"><img loading=\"lazy\" class=\"alignleft  wp-image-60297\" title=\"Nazif Cungu priti p\u00ebrfaq\u00ebsuesit e Institutit Kosovar p\u00ebr Qeverisje Lokale\" src=\"http:\/\/www.visit-ulcinj.com\/blog\/wp-content\/uploads\/2012\/05\/Nazif-Cungu-priti-p\u00ebrfaq\u00ebsuesit-e-Institutit-Kosovar-p\u00ebr-Qeverisje-Lokale.jpg\" alt=\"\" width=\"508\" height=\"360\" \/><\/a>Takimi me Institutin Kosovar p\u00ebr Qeverisje Lokale<\/strong><\/p>\n<p>Kryetari i Komunes s\u00eb Ulqinit Nazif Cungu priti sot, n\u00eb nj\u00eb takim, nj\u00eb delegacion t\u00eb zgjeruar p\u00ebrfaq\u00ebsuesish t\u00eb pushtetit lokal n\u00eb Kosov\u00eb, n\u00eb kuad\u00ebr t\u00eb nj\u00eb programi n\u00eb fush\u00ebn e qeverisjes lokale t\u00eb organizuar nga Instituti p\u00ebr Qeverisje Lokale n\u00eb Kosov\u00eb. T\u00eb panishem ishin kryetar\u00eb t\u00eb kuvendeve komunale t\u00eb 6 komunave t\u00eb cil\u00ebt njoh\u00ebn kryetarin e komun\u00ebs ton\u00eb me q\u00ebllimin e vizit\u00ebs s\u00eb tyre, bashk\u00ebbisedimin me drejtues t\u00eb qeverisjes lokale t\u00eb Ulqinit, n\u00eb m\u00ebnyr\u00eb q\u00eb t\u00eb njihen me zhvillimet dhe reformat p\u00ebr konsolidimin e zgjerimin e p\u00ebrgjegj\u00ebsive t\u00eb pushtetit lokal.<\/p>\n<p>Kryetari Cungu shprehur vler\u00ebsimin p\u00ebr k\u00ebt\u00eb projekt, theksoi r\u00ebnd\u00ebsin\u00eb dhe dobin\u00eb e vendosjes s\u00eb nj\u00eb bashk\u00ebpunimi\u00a0t\u00eb ngusht\u00eb n\u00eb fush\u00ebn e qeverisjes\u00a0 vendore.\u00a0 Ai u shprehu i bindur se qeveritarisja vendore e Ulqinit me ato t\u00eb Kosov\u00ebs mund t\u00eb shk\u00ebmbejn\u00eb p\u00ebrvojat e tyre dhe t\u2019i zbatojm\u00eb ato me sukses n\u00eb interesin m\u00eb t\u00eb mir\u00eb t\u00eb komuniteteve q\u00eb ne drejtojm\u00eb.<\/p>\n<p>Komuna e Ulqinit momentalisht nuk \u00ebsht\u00eb gjende t\u00eb mir\u00eb administrative e financiare, mirpo me ardhjen ton\u00eb n\u00eb pushtet po punojm\u00eb intenzivisht n\u00eb fushat p\u00ebrkat\u00ebse n\u00eb m\u00ebnyre q\u00eb kjo komun\u00eb t\u00eb konsolidoj\u00eb qeverisjen e saj\u00eb. Po punojm\u00eb n\u00eb hartimin dhe miratimin e planeve urbanistike,planit hapsinore t\u00eb Ulqinit, planit strategjik si dhe po punohet n\u00eb standartizimin e infrastruktures s\u00eb qytetit. T\u00eb gjitha k\u00ebto iniciativa krijojn\u00eb nj\u00eb baz\u00eb t\u00eb mir\u00eb t\u00eb mund\u00ebsive p\u00ebr investim n\u00eb komun\u00ebn e Ulqinit theksoi kryetari Cungu.<\/p>\n<p>Pas k\u00ebtij takimi ato shfryt\u00ebzuan rastin t\u00eb vizitojn\u00eb edhe pllaken p\u00ebrkujtimore e cila u ngrit nga qytetar\u00ebt e Kosov\u00ebs n\u00eb shenj t\u00eb rrespekti dhe mirnjohjes popullat\u00ebs s\u00eb Ulqinit n\u00eb strehimin e refugjateve nga Kosova n\u00eb kohen e luftes atje.<\/p>\n<p><strong>Komuna e Ulqinit<\/strong><\/p>\n","protected":false},"excerpt":{"rendered":"<p>Takimi me Institutin Kosovar p\u00ebr Qeverisje Lokale Kryetari i Komunes s\u00eb Ulqinit Nazif Cungu priti sot, n\u00eb nj\u00eb takim, nj\u00eb delegacion t\u00eb zgjeruar p\u00ebrfaq\u00ebsuesish t\u00eb pushtetit lokal n\u00eb Kosov\u00eb, n\u00eb kuad\u00ebr t\u00eb nj\u00eb programi n\u00eb fush\u00ebn e qeverisjes lokale t\u00eb organizuar nga Instituti p\u00ebr Qeverisje Lokale n\u00eb Kosov\u00eb. T\u00eb panishem ishin kryetar\u00eb t\u00eb kuvendeve komunale [&hellip;]<\/p>\n","protected":false},"author":1,"featured_media":0,"comment_status":"open","ping_status":"closed","sticky":false,"template":"","format":"standard","meta":{"spay_email":"","jetpack_publicize_message":"","jetpack_is_tweetstorm":false,"jetpack_publicize_feature_enabled":true},"categories":[11],"tags":[115,118],"jetpack_publicize_connections":[],"yoast_head":"<!-- This site is optimized with the Yoast SEO plugin v19.1 - https:\/\/yoast.com\/wordpress\/plugins\/seo\/ -->\n<title>Nazif Cungu priti p\u00ebrfaq\u00ebsuesit e Institutit Kosovar p\u00ebr Qeverisje Lokale - Lajme nga Ulqini<\/title>\n<meta name=\"description\" content=\"Takimi me Institutin Kosovar p\u00ebr Qeverisje Lokale Kryetari i Komunes s\u00eb Ulqinit Nazif Cungu priti sot, n\u00eb nj\u00eb takim, nj\u00eb delegacion t\u00eb zgjeruar\" \/>\n<meta name=\"robots\" content=\"index, follow, max-snippet:-1, max-image-preview:large, max-video-preview:-1\" \/>\n<link rel=\"canonical\" href=\"https:\/\/www.visit-ulcinj.com\/blog\/2012\/05\/11\/nazif-cungu-priti-perfaqesuesit-e-institutit-kosovar-per-qeverisje-lokale\/\" \/>\n<meta property=\"og:locale\" content=\"en_US\" \/>\n<meta property=\"og:type\" content=\"article\" \/>\n<meta property=\"og:title\" content=\"Nazif Cungu priti p\u00ebrfaq\u00ebsuesit e Institutit Kosovar p\u00ebr Qeverisje Lokale - Lajme nga Ulqini\" \/>\n<meta property=\"og:description\" content=\"Takimi me Institutin Kosovar p\u00ebr Qeverisje Lokale Kryetari i Komunes s\u00eb Ulqinit Nazif Cungu priti sot, n\u00eb nj\u00eb takim, nj\u00eb delegacion t\u00eb zgjeruar\" \/>\n<meta property=\"og:url\" content=\"https:\/\/www.visit-ulcinj.com\/blog\/2012\/05\/11\/nazif-cungu-priti-perfaqesuesit-e-institutit-kosovar-per-qeverisje-lokale\/\" \/>\n<meta property=\"og:site_name\" content=\"Lajme nga Ulqini\" \/>\n<meta property=\"article:published_time\" content=\"2012-05-11T12:07:36+00:00\" \/>\n<meta name=\"twitter:label1\" content=\"Written by\" \/>\n\t<meta name=\"twitter:data1\" content=\"ulqini\" \/>\n\t<meta name=\"twitter:label2\" content=\"Est. reading time\" \/>\n\t<meta name=\"twitter:data2\" content=\"2 minutes\" \/>\n<script type=\"application\/ld+json\" class=\"yoast-schema-graph\">{\"@context\":\"https:\/\/schema.org\",\"@graph\":[{\"@type\":\"WebSite\",\"@id\":\"https:\/\/www.visit-ulcinj.com\/blog\/#website\",\"url\":\"https:\/\/www.visit-ulcinj.com\/blog\/\",\"name\":\"Lajme nga Ulqini\",\"description\":\"Lajme,Vijesti,Ulqini,Ulqin,Crna Gora,Mali i Zi\",\"potentialAction\":[{\"@type\":\"SearchAction\",\"target\":{\"@type\":\"EntryPoint\",\"urlTemplate\":\"https:\/\/www.visit-ulcinj.com\/blog\/?s={search_term_string}\"},\"query-input\":\"required name=search_term_string\"}],\"inLanguage\":\"en-US\"},{\"@type\":\"WebPage\",\"@id\":\"https:\/\/www.visit-ulcinj.com\/blog\/2012\/05\/11\/nazif-cungu-priti-perfaqesuesit-e-institutit-kosovar-per-qeverisje-lokale\/#webpage\",\"url\":\"https:\/\/www.visit-ulcinj.com\/blog\/2012\/05\/11\/nazif-cungu-priti-perfaqesuesit-e-institutit-kosovar-per-qeverisje-lokale\/\",\"name\":\"Nazif Cungu priti p\u00ebrfaq\u00ebsuesit e Institutit Kosovar p\u00ebr Qeverisje Lokale - Lajme nga Ulqini\",\"isPartOf\":{\"@id\":\"https:\/\/www.visit-ulcinj.com\/blog\/#website\"},\"datePublished\":\"2012-05-11T12:07:36+00:00\",\"dateModified\":\"2012-05-11T12:07:36+00:00\",\"author\":{\"@id\":\"https:\/\/www.visit-ulcinj.com\/blog\/#\/schema\/person\/dcab619c614d3038751c63bc2aadc06d\"},\"description\":\"Takimi me Institutin Kosovar p\u00ebr Qeverisje Lokale Kryetari i Komunes s\u00eb Ulqinit Nazif Cungu priti sot, n\u00eb nj\u00eb takim, nj\u00eb delegacion t\u00eb zgjeruar\",\"breadcrumb\":{\"@id\":\"https:\/\/www.visit-ulcinj.com\/blog\/2012\/05\/11\/nazif-cungu-priti-perfaqesuesit-e-institutit-kosovar-per-qeverisje-lokale\/#breadcrumb\"},\"inLanguage\":\"en-US\",\"potentialAction\":[{\"@type\":\"ReadAction\",\"target\":[\"https:\/\/www.visit-ulcinj.com\/blog\/2012\/05\/11\/nazif-cungu-priti-perfaqesuesit-e-institutit-kosovar-per-qeverisje-lokale\/\"]}]},{\"@type\":\"BreadcrumbList\",\"@id\":\"https:\/\/www.visit-ulcinj.com\/blog\/2012\/05\/11\/nazif-cungu-priti-perfaqesuesit-e-institutit-kosovar-per-qeverisje-lokale\/#breadcrumb\",\"itemListElement\":[{\"@type\":\"ListItem\",\"position\":1,\"name\":\"Nazif Cungu priti p\u00ebrfaq\u00ebsuesit e Institutit Kosovar p\u00ebr Qeverisje Lokale\"}]},{\"@type\":\"Person\",\"@id\":\"https:\/\/www.visit-ulcinj.com\/blog\/#\/schema\/person\/dcab619c614d3038751c63bc2aadc06d\",\"name\":\"ulqini\",\"sameAs\":[\"http:\/\/www.visit-ulcinj.com\"],\"url\":\"https:\/\/www.visit-ulcinj.com\/blog\/author\/admin\/\"}]}<\/script>\n<!-- \/ Yoast SEO plugin. -->","yoast_head_json":{"title":"Nazif Cungu priti p\u00ebrfaq\u00ebsuesit e Institutit Kosovar p\u00ebr Qeverisje Lokale - Lajme nga Ulqini","description":"Takimi me Institutin Kosovar p\u00ebr Qeverisje Lokale Kryetari i Komunes s\u00eb Ulqinit Nazif Cungu priti sot, n\u00eb nj\u00eb takim, nj\u00eb delegacion t\u00eb zgjeruar","robots":{"index":"index","follow":"follow","max-snippet":"max-snippet:-1","max-image-preview":"max-image-preview:large","max-video-preview":"max-video-preview:-1"},"canonical":"https:\/\/www.visit-ulcinj.com\/blog\/2012\/05\/11\/nazif-cungu-priti-perfaqesuesit-e-institutit-kosovar-per-qeverisje-lokale\/","og_locale":"en_US","og_type":"article","og_title":"Nazif Cungu priti p\u00ebrfaq\u00ebsuesit e Institutit Kosovar p\u00ebr Qeverisje Lokale - Lajme nga Ulqini","og_description":"Takimi me Institutin Kosovar p\u00ebr Qeverisje Lokale Kryetari i Komunes s\u00eb Ulqinit Nazif Cungu priti sot, n\u00eb nj\u00eb takim, nj\u00eb delegacion t\u00eb zgjeruar","og_url":"https:\/\/www.visit-ulcinj.com\/blog\/2012\/05\/11\/nazif-cungu-priti-perfaqesuesit-e-institutit-kosovar-per-qeverisje-lokale\/","og_site_name":"Lajme nga Ulqini","article_published_time":"2012-05-11T12:07:36+00:00","twitter_misc":{"Written by":"ulqini","Est. reading time":"2 minutes"},"schema":{"@context":"https:\/\/schema.org","@graph":[{"@type":"WebSite","@id":"https:\/\/www.visit-ulcinj.com\/blog\/#website","url":"https:\/\/www.visit-ulcinj.com\/blog\/","name":"Lajme nga Ulqini","description":"Lajme,Vijesti,Ulqini,Ulqin,Crna Gora,Mali i Zi","potentialAction":[{"@type":"SearchAction","target":{"@type":"EntryPoint","urlTemplate":"https:\/\/www.visit-ulcinj.com\/blog\/?s={search_term_string}"},"query-input":"required name=search_term_string"}],"inLanguage":"en-US"},{"@type":"WebPage","@id":"https:\/\/www.visit-ulcinj.com\/blog\/2012\/05\/11\/nazif-cungu-priti-perfaqesuesit-e-institutit-kosovar-per-qeverisje-lokale\/#webpage","url":"https:\/\/www.visit-ulcinj.com\/blog\/2012\/05\/11\/nazif-cungu-priti-perfaqesuesit-e-institutit-kosovar-per-qeverisje-lokale\/","name":"Nazif Cungu priti p\u00ebrfaq\u00ebsuesit e Institutit Kosovar p\u00ebr Qeverisje Lokale - Lajme nga Ulqini","isPartOf":{"@id":"https:\/\/www.visit-ulcinj.com\/blog\/#website"},"datePublished":"2012-05-11T12:07:36+00:00","dateModified":"2012-05-11T12:07:36+00:00","author":{"@id":"https:\/\/www.visit-ulcinj.com\/blog\/#\/schema\/person\/dcab619c614d3038751c63bc2aadc06d"},"description":"Takimi me Institutin Kosovar p\u00ebr Qeverisje Lokale Kryetari i Komunes s\u00eb Ulqinit Nazif Cungu priti sot, n\u00eb nj\u00eb takim, nj\u00eb delegacion t\u00eb zgjeruar","breadcrumb":{"@id":"https:\/\/www.visit-ulcinj.com\/blog\/2012\/05\/11\/nazif-cungu-priti-perfaqesuesit-e-institutit-kosovar-per-qeverisje-lokale\/#breadcrumb"},"inLanguage":"en-US","potentialAction":[{"@type":"ReadAction","target":["https:\/\/www.visit-ulcinj.com\/blog\/2012\/05\/11\/nazif-cungu-priti-perfaqesuesit-e-institutit-kosovar-per-qeverisje-lokale\/"]}]},{"@type":"BreadcrumbList","@id":"https:\/\/www.visit-ulcinj.com\/blog\/2012\/05\/11\/nazif-cungu-priti-perfaqesuesit-e-institutit-kosovar-per-qeverisje-lokale\/#breadcrumb","itemListElement":[{"@type":"ListItem","position":1,"name":"Nazif Cungu priti p\u00ebrfaq\u00ebsuesit e Institutit Kosovar p\u00ebr Qeverisje Lokale"}]},{"@type":"Person","@id":"https:\/\/www.visit-ulcinj.com\/blog\/#\/schema\/person\/dcab619c614d3038751c63bc2aadc06d","name":"ulqini","sameAs":["http:\/\/www.visit-ulcinj.com"],"url":"https:\/\/www.visit-ulcinj.com\/blog\/author\/admin\/"}]}},"jetpack_featured_media_url":"","jetpack_sharing_enabled":true,"jetpack_shortlink":"https:\/\/wp.me\/pe6lTn-fGw","_links":{"self":[{"href":"https:\/\/www.visit-ulcinj.com\/blog\/wp-json\/wp\/v2\/posts\/60296"}],"collection":[{"href":"https:\/\/www.visit-ulcinj.com\/blog\/wp-json\/wp\/v2\/posts"}],"about":[{"href":"https:\/\/www.visit-ulcinj.com\/blog\/wp-json\/wp\/v2\/types\/post"}],"author":[{"embeddable":true,"href":"https:\/\/www.visit-ulcinj.com\/blog\/wp-json\/wp\/v2\/users\/1"}],"replies":[{"embeddable":true,"href":"https:\/\/www.visit-ulcinj.com\/blog\/wp-json\/wp\/v2\/comments?post=60296"}],"version-history":[{"count":1,"href":"https:\/\/www.visit-ulcinj.com\/blog\/wp-json\/wp\/v2\/posts\/60296\/revisions"}],"predecessor-version":[{"id":60298,"href":"https:\/\/www.visit-ulcinj.com\/blog\/wp-json\/wp\/v2\/posts\/60296\/revisions\/60298"}],"wp:attachment":[{"href":"https:\/\/www.visit-ulcinj.com\/blog\/wp-json\/wp\/v2\/media?parent=60296"}],"wp:term":[{"taxonomy":"category","embeddable":true,"href":"https:\/\/www.visit-ulcinj.com\/blog\/wp-json\/wp\/v2\/categories?post=60296"},{"taxonomy":"post_tag","embeddable":true,"href":"https:\/\/www.visit-ulcinj.com\/blog\/wp-json\/wp\/v2\/tags?post=60296"}],"curies":[{"name":"wp","href":"https:\/\/api.w.org\/{rel}","templated":true}]}}