{"id":60299,"date":"2012-05-11T13:20:25","date_gmt":"2012-05-11T12:20:25","guid":{"rendered":"http:\/\/www.visit-ulcinj.com\/blog\/?p=60299"},"modified":"2012-05-11T13:20:25","modified_gmt":"2012-05-11T12:20:25","slug":"komuna-e-ulqinit-organizon-mbajtjen-e-disa-kurseve-per-gra","status":"publish","type":"post","link":"https:\/\/www.visit-ulcinj.com\/blog\/2012\/05\/11\/komuna-e-ulqinit-organizon-mbajtjen-e-disa-kurseve-per-gra\/","title":{"rendered":"Komuna e Ulqinit organizon mbajtjen e  disa kurseve p\u00ebr Gra"},"content":{"rendered":"<p style=\"text-align: center;\"><strong><a href=\"http:\/\/www.visit-ulcinj.com\/blog\/wp-content\/uploads\/2012\/05\/Thirje-nga-Komuna-e-Ulqinit-organizon-mbajtjen-e-disa-kurseve-p\u00ebr-Gra.jpg\"><img loading=\"lazy\" class=\"alignleft size-full wp-image-60300\" title=\"Thirje nga Komuna e Ulqinit organizon mbajtjen e  disa kurseve p\u00ebr Gra\" src=\"http:\/\/www.visit-ulcinj.com\/blog\/wp-content\/uploads\/2012\/05\/Thirje-nga-Komuna-e-Ulqinit-organizon-mbajtjen-e-disa-kurseve-p\u00ebr-Gra.jpg\" alt=\"\" width=\"508\" height=\"84\" srcset=\"https:\/\/www.visit-ulcinj.com\/blog\/wp-content\/uploads\/2012\/05\/Thirje-nga-Komuna-e-Ulqinit-organizon-mbajtjen-e-disa-kurseve-p\u00ebr-Gra.jpg 508w, https:\/\/www.visit-ulcinj.com\/blog\/wp-content\/uploads\/2012\/05\/Thirje-nga-Komuna-e-Ulqinit-organizon-mbajtjen-e-disa-kurseve-p\u00ebr-Gra-300x49.jpg 300w\" sizes=\"(max-width: 508px) 100vw, 508px\" \/><\/a>Thirrje p\u00ebr shfaqje interesi <\/strong><strong><\/strong><\/p>\n<p style=\"text-align: center;\"><strong>\u00a0\u00a0\u00a0\u00a0\u00a0 NJ O F T I M <\/strong><\/p>\n<p style=\"text-align: center;\">N\u00eb kuad\u00ebr t\u00eb projektit i finansuar nga Bashkimi Europian<\/p>\n<p><strong>\u201cQENDRAT E RESURS\u00cbVE GJINORE P\u00cbR ORIENTIM DHE KUALIFIKIM PROFESIONAL T\u00cb GRAVE T\u00cb PERJASHTUARA NGA JETA SOCIALE N\u00cb SHQIP\u00cbRI DHE MAL T\u00cb ZI\u201d,<\/strong><\/p>\n<p>Komuna e Ulqinit organizon mbajtjen e\u00a0 disa kurseve p\u00ebr gra ne fusha te ndryshme. Me k\u00ebt\u00eb rast lajm\u00ebrojme t\u00eb gjitha grat\u00eb t\u00eb cilat jan\u00eb t\u00eb interesuara se kurse do t\u00eb mbahen per:<\/p>\n<p>&nbsp;<\/p>\n<p><strong>&#8211; Rrobaqep\u00ebsi<\/strong><\/p>\n<p><strong>&#8211; Gjuh\u00eb Italiane<\/strong><\/p>\n<p><strong>&#8211; Gjuh\u00eb Angleze<\/strong><\/p>\n<p><strong>&#8211; Pun\u00eb me kompjuter<\/strong><\/p>\n<p><strong>&#8211; Turizem &#8211; Kulinari<\/strong><\/p>\n<p>&nbsp;<\/p>\n<p>Kurset q\u00eb do t\u00eb ndiqen <strong>jan\u00eb pa pages\u00eb. <\/strong>T\u00eb interesuar mund t\u00eb lajm\u00ebrohen n\u00eb k\u00ebto kontakt telefone:<strong> 067 635 496 ; 067 605 417.<\/strong><\/p>\n<p>&nbsp;<\/p>\n<p><strong>Ju\u00a0 mir\u00ebpresim!<\/strong><\/p>\n<p><strong>Komuna e Ulqinit<\/strong><\/p>\n","protected":false},"excerpt":{"rendered":"<p>Thirrje p\u00ebr shfaqje interesi \u00a0\u00a0\u00a0\u00a0\u00a0 NJ O F T I M N\u00eb kuad\u00ebr t\u00eb projektit i finansuar nga Bashkimi Europian \u201cQENDRAT E RESURS\u00cbVE GJINORE P\u00cbR ORIENTIM DHE KUALIFIKIM PROFESIONAL T\u00cb GRAVE T\u00cb PERJASHTUARA NGA JETA SOCIALE N\u00cb SHQIP\u00cbRI DHE MAL T\u00cb ZI\u201d, Komuna e Ulqinit organizon mbajtjen e\u00a0 disa kurseve p\u00ebr gra ne fusha te [&hellip;]<\/p>\n","protected":false},"author":1,"featured_media":0,"comment_status":"open","ping_status":"closed","sticky":false,"template":"","format":"standard","meta":{"spay_email":"","jetpack_publicize_message":"","jetpack_is_tweetstorm":false,"jetpack_publicize_feature_enabled":true},"categories":[7],"tags":[20447,20446,297,20445,200,18],"jetpack_publicize_connections":[],"yoast_head":"<!-- This site is optimized with the Yoast SEO plugin v19.1 - https:\/\/yoast.com\/wordpress\/plugins\/seo\/ -->\n<title>Komuna e Ulqinit organizon mbajtjen e disa kurseve p\u00ebr Gra - Lajme nga Ulqini<\/title>\n<meta name=\"description\" content=\"Thirrje p\u00ebr shfaqje interesi \u00a0\u00a0\u00a0\u00a0\u00a0 NJ O F T I M N\u00eb kuad\u00ebr t\u00eb projektit i finansuar nga Bashkimi Europian \u201cQENDRAT E RESURS\u00cbVE GJINORE P\u00cbR ORIENTIM DHE\" \/>\n<meta name=\"robots\" content=\"index, follow, max-snippet:-1, max-image-preview:large, max-video-preview:-1\" \/>\n<link rel=\"canonical\" href=\"https:\/\/www.visit-ulcinj.com\/blog\/2012\/05\/11\/komuna-e-ulqinit-organizon-mbajtjen-e-disa-kurseve-per-gra\/\" \/>\n<meta property=\"og:locale\" content=\"en_US\" \/>\n<meta property=\"og:type\" content=\"article\" \/>\n<meta property=\"og:title\" content=\"Komuna e Ulqinit organizon mbajtjen e disa kurseve p\u00ebr Gra - Lajme nga Ulqini\" \/>\n<meta property=\"og:description\" content=\"Thirrje p\u00ebr shfaqje interesi \u00a0\u00a0\u00a0\u00a0\u00a0 NJ O F T I M N\u00eb kuad\u00ebr t\u00eb projektit i finansuar nga Bashkimi Europian \u201cQENDRAT E RESURS\u00cbVE GJINORE P\u00cbR ORIENTIM DHE\" \/>\n<meta property=\"og:url\" content=\"https:\/\/www.visit-ulcinj.com\/blog\/2012\/05\/11\/komuna-e-ulqinit-organizon-mbajtjen-e-disa-kurseve-per-gra\/\" \/>\n<meta property=\"og:site_name\" content=\"Lajme nga Ulqini\" \/>\n<meta property=\"article:published_time\" content=\"2012-05-11T12:20:25+00:00\" \/>\n<meta name=\"twitter:label1\" content=\"Written by\" \/>\n\t<meta name=\"twitter:data1\" content=\"ulqini\" \/>\n\t<meta name=\"twitter:label2\" content=\"Est. reading time\" \/>\n\t<meta name=\"twitter:data2\" content=\"1 minute\" \/>\n<script type=\"application\/ld+json\" class=\"yoast-schema-graph\">{\"@context\":\"https:\/\/schema.org\",\"@graph\":[{\"@type\":\"WebSite\",\"@id\":\"https:\/\/www.visit-ulcinj.com\/blog\/#website\",\"url\":\"https:\/\/www.visit-ulcinj.com\/blog\/\",\"name\":\"Lajme nga Ulqini\",\"description\":\"Lajme,Vijesti,Ulqini,Ulqin,Crna Gora,Mali i Zi\",\"potentialAction\":[{\"@type\":\"SearchAction\",\"target\":{\"@type\":\"EntryPoint\",\"urlTemplate\":\"https:\/\/www.visit-ulcinj.com\/blog\/?s={search_term_string}\"},\"query-input\":\"required name=search_term_string\"}],\"inLanguage\":\"en-US\"},{\"@type\":\"WebPage\",\"@id\":\"https:\/\/www.visit-ulcinj.com\/blog\/2012\/05\/11\/komuna-e-ulqinit-organizon-mbajtjen-e-disa-kurseve-per-gra\/#webpage\",\"url\":\"https:\/\/www.visit-ulcinj.com\/blog\/2012\/05\/11\/komuna-e-ulqinit-organizon-mbajtjen-e-disa-kurseve-per-gra\/\",\"name\":\"Komuna e Ulqinit organizon mbajtjen e disa kurseve p\u00ebr Gra - Lajme nga Ulqini\",\"isPartOf\":{\"@id\":\"https:\/\/www.visit-ulcinj.com\/blog\/#website\"},\"datePublished\":\"2012-05-11T12:20:25+00:00\",\"dateModified\":\"2012-05-11T12:20:25+00:00\",\"author\":{\"@id\":\"https:\/\/www.visit-ulcinj.com\/blog\/#\/schema\/person\/dcab619c614d3038751c63bc2aadc06d\"},\"description\":\"Thirrje p\u00ebr shfaqje interesi \u00a0\u00a0\u00a0\u00a0\u00a0 NJ O F T I M N\u00eb kuad\u00ebr t\u00eb projektit i finansuar nga Bashkimi Europian \u201cQENDRAT E RESURS\u00cbVE GJINORE P\u00cbR ORIENTIM DHE\",\"breadcrumb\":{\"@id\":\"https:\/\/www.visit-ulcinj.com\/blog\/2012\/05\/11\/komuna-e-ulqinit-organizon-mbajtjen-e-disa-kurseve-per-gra\/#breadcrumb\"},\"inLanguage\":\"en-US\",\"potentialAction\":[{\"@type\":\"ReadAction\",\"target\":[\"https:\/\/www.visit-ulcinj.com\/blog\/2012\/05\/11\/komuna-e-ulqinit-organizon-mbajtjen-e-disa-kurseve-per-gra\/\"]}]},{\"@type\":\"BreadcrumbList\",\"@id\":\"https:\/\/www.visit-ulcinj.com\/blog\/2012\/05\/11\/komuna-e-ulqinit-organizon-mbajtjen-e-disa-kurseve-per-gra\/#breadcrumb\",\"itemListElement\":[{\"@type\":\"ListItem\",\"position\":1,\"name\":\"Komuna e Ulqinit organizon mbajtjen e disa kurseve p\u00ebr Gra\"}]},{\"@type\":\"Person\",\"@id\":\"https:\/\/www.visit-ulcinj.com\/blog\/#\/schema\/person\/dcab619c614d3038751c63bc2aadc06d\",\"name\":\"ulqini\",\"sameAs\":[\"http:\/\/www.visit-ulcinj.com\"],\"url\":\"https:\/\/www.visit-ulcinj.com\/blog\/author\/admin\/\"}]}<\/script>\n<!-- \/ Yoast SEO plugin. -->","yoast_head_json":{"title":"Komuna e Ulqinit organizon mbajtjen e disa kurseve p\u00ebr Gra - Lajme nga Ulqini","description":"Thirrje p\u00ebr shfaqje interesi \u00a0\u00a0\u00a0\u00a0\u00a0 NJ O F T I M N\u00eb kuad\u00ebr t\u00eb projektit i finansuar nga Bashkimi Europian \u201cQENDRAT E RESURS\u00cbVE GJINORE P\u00cbR ORIENTIM DHE","robots":{"index":"index","follow":"follow","max-snippet":"max-snippet:-1","max-image-preview":"max-image-preview:large","max-video-preview":"max-video-preview:-1"},"canonical":"https:\/\/www.visit-ulcinj.com\/blog\/2012\/05\/11\/komuna-e-ulqinit-organizon-mbajtjen-e-disa-kurseve-per-gra\/","og_locale":"en_US","og_type":"article","og_title":"Komuna e Ulqinit organizon mbajtjen e disa kurseve p\u00ebr Gra - Lajme nga Ulqini","og_description":"Thirrje p\u00ebr shfaqje interesi \u00a0\u00a0\u00a0\u00a0\u00a0 NJ O F T I M N\u00eb kuad\u00ebr t\u00eb projektit i finansuar nga Bashkimi Europian \u201cQENDRAT E RESURS\u00cbVE GJINORE P\u00cbR ORIENTIM DHE","og_url":"https:\/\/www.visit-ulcinj.com\/blog\/2012\/05\/11\/komuna-e-ulqinit-organizon-mbajtjen-e-disa-kurseve-per-gra\/","og_site_name":"Lajme nga Ulqini","article_published_time":"2012-05-11T12:20:25+00:00","twitter_misc":{"Written by":"ulqini","Est. reading time":"1 minute"},"schema":{"@context":"https:\/\/schema.org","@graph":[{"@type":"WebSite","@id":"https:\/\/www.visit-ulcinj.com\/blog\/#website","url":"https:\/\/www.visit-ulcinj.com\/blog\/","name":"Lajme nga Ulqini","description":"Lajme,Vijesti,Ulqini,Ulqin,Crna Gora,Mali i Zi","potentialAction":[{"@type":"SearchAction","target":{"@type":"EntryPoint","urlTemplate":"https:\/\/www.visit-ulcinj.com\/blog\/?s={search_term_string}"},"query-input":"required name=search_term_string"}],"inLanguage":"en-US"},{"@type":"WebPage","@id":"https:\/\/www.visit-ulcinj.com\/blog\/2012\/05\/11\/komuna-e-ulqinit-organizon-mbajtjen-e-disa-kurseve-per-gra\/#webpage","url":"https:\/\/www.visit-ulcinj.com\/blog\/2012\/05\/11\/komuna-e-ulqinit-organizon-mbajtjen-e-disa-kurseve-per-gra\/","name":"Komuna e Ulqinit organizon mbajtjen e disa kurseve p\u00ebr Gra - Lajme nga Ulqini","isPartOf":{"@id":"https:\/\/www.visit-ulcinj.com\/blog\/#website"},"datePublished":"2012-05-11T12:20:25+00:00","dateModified":"2012-05-11T12:20:25+00:00","author":{"@id":"https:\/\/www.visit-ulcinj.com\/blog\/#\/schema\/person\/dcab619c614d3038751c63bc2aadc06d"},"description":"Thirrje p\u00ebr shfaqje interesi \u00a0\u00a0\u00a0\u00a0\u00a0 NJ O F T I M N\u00eb kuad\u00ebr t\u00eb projektit i finansuar nga Bashkimi Europian \u201cQENDRAT E RESURS\u00cbVE GJINORE P\u00cbR ORIENTIM DHE","breadcrumb":{"@id":"https:\/\/www.visit-ulcinj.com\/blog\/2012\/05\/11\/komuna-e-ulqinit-organizon-mbajtjen-e-disa-kurseve-per-gra\/#breadcrumb"},"inLanguage":"en-US","potentialAction":[{"@type":"ReadAction","target":["https:\/\/www.visit-ulcinj.com\/blog\/2012\/05\/11\/komuna-e-ulqinit-organizon-mbajtjen-e-disa-kurseve-per-gra\/"]}]},{"@type":"BreadcrumbList","@id":"https:\/\/www.visit-ulcinj.com\/blog\/2012\/05\/11\/komuna-e-ulqinit-organizon-mbajtjen-e-disa-kurseve-per-gra\/#breadcrumb","itemListElement":[{"@type":"ListItem","position":1,"name":"Komuna e Ulqinit organizon mbajtjen e disa kurseve p\u00ebr Gra"}]},{"@type":"Person","@id":"https:\/\/www.visit-ulcinj.com\/blog\/#\/schema\/person\/dcab619c614d3038751c63bc2aadc06d","name":"ulqini","sameAs":["http:\/\/www.visit-ulcinj.com"],"url":"https:\/\/www.visit-ulcinj.com\/blog\/author\/admin\/"}]}},"jetpack_featured_media_url":"","jetpack_sharing_enabled":true,"jetpack_shortlink":"https:\/\/wp.me\/pe6lTn-fGz","_links":{"self":[{"href":"https:\/\/www.visit-ulcinj.com\/blog\/wp-json\/wp\/v2\/posts\/60299"}],"collection":[{"href":"https:\/\/www.visit-ulcinj.com\/blog\/wp-json\/wp\/v2\/posts"}],"about":[{"href":"https:\/\/www.visit-ulcinj.com\/blog\/wp-json\/wp\/v2\/types\/post"}],"author":[{"embeddable":true,"href":"https:\/\/www.visit-ulcinj.com\/blog\/wp-json\/wp\/v2\/users\/1"}],"replies":[{"embeddable":true,"href":"https:\/\/www.visit-ulcinj.com\/blog\/wp-json\/wp\/v2\/comments?post=60299"}],"version-history":[{"count":1,"href":"https:\/\/www.visit-ulcinj.com\/blog\/wp-json\/wp\/v2\/posts\/60299\/revisions"}],"predecessor-version":[{"id":60301,"href":"https:\/\/www.visit-ulcinj.com\/blog\/wp-json\/wp\/v2\/posts\/60299\/revisions\/60301"}],"wp:attachment":[{"href":"https:\/\/www.visit-ulcinj.com\/blog\/wp-json\/wp\/v2\/media?parent=60299"}],"wp:term":[{"taxonomy":"category","embeddable":true,"href":"https:\/\/www.visit-ulcinj.com\/blog\/wp-json\/wp\/v2\/categories?post=60299"},{"taxonomy":"post_tag","embeddable":true,"href":"https:\/\/www.visit-ulcinj.com\/blog\/wp-json\/wp\/v2\/tags?post=60299"}],"curies":[{"name":"wp","href":"https:\/\/api.w.org\/{rel}","templated":true}]}}