{"id":603,"date":"2008-02-21T15:01:40","date_gmt":"2008-02-21T20:01:40","guid":{"rendered":"http:\/\/www.visit-ulcinj.com\/blog\/2008\/02\/21\/sot-ne-trieste-fillon-kampionati-europian-ne-karate-per-kadete-dhe-juniore\/"},"modified":"2008-02-26T12:18:08","modified_gmt":"2008-02-26T17:18:08","slug":"sot-ne-trieste-fillon-kampionati-europian-ne-karate-per-kadete-dhe-juniore","status":"publish","type":"post","link":"https:\/\/www.visit-ulcinj.com\/blog\/2008\/02\/21\/sot-ne-trieste-fillon-kampionati-europian-ne-karate-per-kadete-dhe-juniore\/","title":{"rendered":"Sot n\u00eb Trieste fillon kampionati europian n\u00eb karate p\u00ebr kadet\u00eb dhe junior\u00eb"},"content":{"rendered":"<p><a href=\"http:\/\/www.visit-ulcinj.com\/blog\/wp-content\/uploads\/2008\/02\/kreshnik-tahiri.jpg\" rel=\"lightbox[pics-1203621404]\" title=\"kreshnik tahiri_KK\u201duLQINI\u201d\"><img loading=\"lazy\" src=\"http:\/\/www.visit-ulcinj.com\/blog\/wp-content\/uploads\/2008\/02\/kreshnik-tahiri.thumbnail.jpg\" alt=\"kreshnik tahiri_KK\u201duLQINI\u201d\" align=\"left\" height=\"150\" width=\"200\" \/><\/a><strong>Tahiri dhe Beganoviq p\u00ebrfaq\u00ebsojn\u00eb Malin e Zi n\u00eb Triest<\/strong><br \/>\nPodgoric\u00eb &#8211; P\u00ebrfaq\u00ebsuesja e Malit t\u00eb Zi do t\u00eb marr\u00eb pjes\u00eb n\u00eb Kampionatin Europian n\u00eb Karate p\u00ebr kadet\u00eb dhe junior\u00eb, i cili mbahet n\u00eb Trieste. Kampionati fillon sot dhe do t\u00eb zgjas\u00eb deri t\u00eb dielen.<br \/>\nN\u00eb mesin e karateist\u00ebve q\u00eb do t\u00eb mbrojn\u00eb ngjyrat e P\u00ebrfaq\u00ebsueses s\u00eb Malit t\u00eb Zi n\u00eb k\u00ebt\u00eb kampionat jan\u00eb edhe Kreshnik Tahiri nga KK &#8220;Ulqini&#8221; dhe Anel Beganoviq nga KK &#8220;Buduqnost&#8221;, i cili p\u00ebr shum\u00eb vjet ka mbrojtur ngjyrat e KK &#8220;Albulena&#8221;. T\u00eb dy k\u00ebta garues jan\u00eb kampion\u00eb t\u00eb shum\u00ebfisht\u00eb n\u00eb kampionatet komb\u00ebtare dhe kan\u00eb fituar shum\u00eb medalje edhe n\u00eb aren\u00ebn nd\u00ebrkomb\u00ebtare.<br \/>\nBeganoviq do t\u00eb konkurroj\u00eb n\u00eb grupmosh\u00ebn e junior\u00ebve, n\u00eb luft\u00ebn individuale, n\u00eb kategorin\u00eb deri 80kg, kurse Tahiri do t\u00eb konkurroj\u00eb po n\u00eb grupmosh\u00ebn e junior\u00ebve, n\u00eb lufta individuale, n\u00eb kategorin\u00eb mbi 80kg.<br \/>\nP\u00ebrve\u00e7 pjes\u00ebmarrjes individuale, Tahiri dhe Beganoviq do t\u00eb p\u00ebrfaq\u00ebsojn\u00eb Malin e Zi edhe n\u00eb luft\u00ebn ekipore.<br \/>\n(Kohapress)<\/p>\n<!--YouTube Error: bad URL entered-->\n","protected":false},"excerpt":{"rendered":"<p><img loading=\"lazy\" src=\"http:\/\/www.visit-ulcinj.com\/blog\/wp-content\/uploads\/2008\/02\/kreshnik-tahiri.thumbnail.jpg\" alt=\"kreshnik tahiri_KK\u201duLQINI\u201d\" align=\"left\" height=\"140\" width=\"140\" \/><\/p>\n","protected":false},"author":1,"featured_media":0,"comment_status":"open","ping_status":"closed","sticky":false,"template":"","format":"standard","meta":{"spay_email":"","jetpack_publicize_message":"","jetpack_is_tweetstorm":false,"jetpack_publicize_feature_enabled":true},"categories":[3],"tags":[1828,195,1829,200,18],"jetpack_publicize_connections":[],"yoast_head":"<!-- This site is optimized with the Yoast SEO plugin v19.1 - https:\/\/yoast.com\/wordpress\/plugins\/seo\/ -->\n<title>Sot n\u00eb Trieste fillon kampionati europian n\u00eb karate p\u00ebr kadet\u00eb dhe junior\u00eb - Lajme nga Ulqini<\/title>\n<meta name=\"robots\" content=\"index, follow, max-snippet:-1, max-image-preview:large, max-video-preview:-1\" \/>\n<link rel=\"canonical\" href=\"https:\/\/www.visit-ulcinj.com\/blog\/2008\/02\/21\/sot-ne-trieste-fillon-kampionati-europian-ne-karate-per-kadete-dhe-juniore\/\" \/>\n<meta property=\"og:locale\" content=\"en_US\" \/>\n<meta property=\"og:type\" content=\"article\" \/>\n<meta property=\"og:title\" content=\"Sot n\u00eb Trieste fillon kampionati europian n\u00eb karate p\u00ebr kadet\u00eb dhe junior\u00eb - Lajme nga Ulqini\" \/>\n<meta property=\"og:url\" content=\"https:\/\/www.visit-ulcinj.com\/blog\/2008\/02\/21\/sot-ne-trieste-fillon-kampionati-europian-ne-karate-per-kadete-dhe-juniore\/\" \/>\n<meta property=\"og:site_name\" content=\"Lajme nga Ulqini\" \/>\n<meta property=\"article:published_time\" content=\"2008-02-21T20:01:40+00:00\" \/>\n<meta property=\"article:modified_time\" content=\"2008-02-26T17:18:08+00:00\" \/>\n<meta property=\"og:image\" content=\"http:\/\/www.visit-ulcinj.com\/blog\/wp-content\/uploads\/2008\/02\/kreshnik-tahiri.thumbnail.jpg\" \/>\n<meta name=\"twitter:label1\" content=\"Written by\" \/>\n\t<meta name=\"twitter:data1\" content=\"ulqini\" \/>\n\t<meta name=\"twitter:label2\" content=\"Est. reading time\" \/>\n\t<meta name=\"twitter:data2\" content=\"1 minute\" \/>\n<script type=\"application\/ld+json\" class=\"yoast-schema-graph\">{\"@context\":\"https:\/\/schema.org\",\"@graph\":[{\"@type\":\"WebSite\",\"@id\":\"https:\/\/www.visit-ulcinj.com\/blog\/#website\",\"url\":\"https:\/\/www.visit-ulcinj.com\/blog\/\",\"name\":\"Lajme nga Ulqini\",\"description\":\"Lajme,Vijesti,Ulqini,Ulqin,Crna Gora,Mali i Zi\",\"potentialAction\":[{\"@type\":\"SearchAction\",\"target\":{\"@type\":\"EntryPoint\",\"urlTemplate\":\"https:\/\/www.visit-ulcinj.com\/blog\/?s={search_term_string}\"},\"query-input\":\"required name=search_term_string\"}],\"inLanguage\":\"en-US\"},{\"@type\":\"ImageObject\",\"inLanguage\":\"en-US\",\"@id\":\"https:\/\/www.visit-ulcinj.com\/blog\/2008\/02\/21\/sot-ne-trieste-fillon-kampionati-europian-ne-karate-per-kadete-dhe-juniore\/#primaryimage\",\"url\":\"http:\/\/www.visit-ulcinj.com\/blog\/wp-content\/uploads\/2008\/02\/kreshnik-tahiri.thumbnail.jpg\",\"contentUrl\":\"http:\/\/www.visit-ulcinj.com\/blog\/wp-content\/uploads\/2008\/02\/kreshnik-tahiri.thumbnail.jpg\"},{\"@type\":\"WebPage\",\"@id\":\"https:\/\/www.visit-ulcinj.com\/blog\/2008\/02\/21\/sot-ne-trieste-fillon-kampionati-europian-ne-karate-per-kadete-dhe-juniore\/#webpage\",\"url\":\"https:\/\/www.visit-ulcinj.com\/blog\/2008\/02\/21\/sot-ne-trieste-fillon-kampionati-europian-ne-karate-per-kadete-dhe-juniore\/\",\"name\":\"Sot n\u00eb Trieste fillon kampionati europian n\u00eb karate p\u00ebr kadet\u00eb dhe junior\u00eb - Lajme nga Ulqini\",\"isPartOf\":{\"@id\":\"https:\/\/www.visit-ulcinj.com\/blog\/#website\"},\"primaryImageOfPage\":{\"@id\":\"https:\/\/www.visit-ulcinj.com\/blog\/2008\/02\/21\/sot-ne-trieste-fillon-kampionati-europian-ne-karate-per-kadete-dhe-juniore\/#primaryimage\"},\"datePublished\":\"2008-02-21T20:01:40+00:00\",\"dateModified\":\"2008-02-26T17:18:08+00:00\",\"author\":{\"@id\":\"https:\/\/www.visit-ulcinj.com\/blog\/#\/schema\/person\/dcab619c614d3038751c63bc2aadc06d\"},\"breadcrumb\":{\"@id\":\"https:\/\/www.visit-ulcinj.com\/blog\/2008\/02\/21\/sot-ne-trieste-fillon-kampionati-europian-ne-karate-per-kadete-dhe-juniore\/#breadcrumb\"},\"inLanguage\":\"en-US\",\"potentialAction\":[{\"@type\":\"ReadAction\",\"target\":[\"https:\/\/www.visit-ulcinj.com\/blog\/2008\/02\/21\/sot-ne-trieste-fillon-kampionati-europian-ne-karate-per-kadete-dhe-juniore\/\"]}]},{\"@type\":\"BreadcrumbList\",\"@id\":\"https:\/\/www.visit-ulcinj.com\/blog\/2008\/02\/21\/sot-ne-trieste-fillon-kampionati-europian-ne-karate-per-kadete-dhe-juniore\/#breadcrumb\",\"itemListElement\":[{\"@type\":\"ListItem\",\"position\":1,\"name\":\"Sot n\u00eb Trieste fillon kampionati europian n\u00eb karate p\u00ebr kadet\u00eb dhe junior\u00eb\"}]},{\"@type\":\"Person\",\"@id\":\"https:\/\/www.visit-ulcinj.com\/blog\/#\/schema\/person\/dcab619c614d3038751c63bc2aadc06d\",\"name\":\"ulqini\",\"sameAs\":[\"http:\/\/www.visit-ulcinj.com\"],\"url\":\"https:\/\/www.visit-ulcinj.com\/blog\/author\/admin\/\"}]}<\/script>\n<!-- \/ Yoast SEO plugin. -->","yoast_head_json":{"title":"Sot n\u00eb Trieste fillon kampionati europian n\u00eb karate p\u00ebr kadet\u00eb dhe junior\u00eb - Lajme nga Ulqini","robots":{"index":"index","follow":"follow","max-snippet":"max-snippet:-1","max-image-preview":"max-image-preview:large","max-video-preview":"max-video-preview:-1"},"canonical":"https:\/\/www.visit-ulcinj.com\/blog\/2008\/02\/21\/sot-ne-trieste-fillon-kampionati-europian-ne-karate-per-kadete-dhe-juniore\/","og_locale":"en_US","og_type":"article","og_title":"Sot n\u00eb Trieste fillon kampionati europian n\u00eb karate p\u00ebr kadet\u00eb dhe junior\u00eb - Lajme nga Ulqini","og_url":"https:\/\/www.visit-ulcinj.com\/blog\/2008\/02\/21\/sot-ne-trieste-fillon-kampionati-europian-ne-karate-per-kadete-dhe-juniore\/","og_site_name":"Lajme nga Ulqini","article_published_time":"2008-02-21T20:01:40+00:00","article_modified_time":"2008-02-26T17:18:08+00:00","og_image":[{"url":"http:\/\/www.visit-ulcinj.com\/blog\/wp-content\/uploads\/2008\/02\/kreshnik-tahiri.thumbnail.jpg"}],"twitter_misc":{"Written by":"ulqini","Est. reading time":"1 minute"},"schema":{"@context":"https:\/\/schema.org","@graph":[{"@type":"WebSite","@id":"https:\/\/www.visit-ulcinj.com\/blog\/#website","url":"https:\/\/www.visit-ulcinj.com\/blog\/","name":"Lajme nga Ulqini","description":"Lajme,Vijesti,Ulqini,Ulqin,Crna Gora,Mali i Zi","potentialAction":[{"@type":"SearchAction","target":{"@type":"EntryPoint","urlTemplate":"https:\/\/www.visit-ulcinj.com\/blog\/?s={search_term_string}"},"query-input":"required name=search_term_string"}],"inLanguage":"en-US"},{"@type":"ImageObject","inLanguage":"en-US","@id":"https:\/\/www.visit-ulcinj.com\/blog\/2008\/02\/21\/sot-ne-trieste-fillon-kampionati-europian-ne-karate-per-kadete-dhe-juniore\/#primaryimage","url":"http:\/\/www.visit-ulcinj.com\/blog\/wp-content\/uploads\/2008\/02\/kreshnik-tahiri.thumbnail.jpg","contentUrl":"http:\/\/www.visit-ulcinj.com\/blog\/wp-content\/uploads\/2008\/02\/kreshnik-tahiri.thumbnail.jpg"},{"@type":"WebPage","@id":"https:\/\/www.visit-ulcinj.com\/blog\/2008\/02\/21\/sot-ne-trieste-fillon-kampionati-europian-ne-karate-per-kadete-dhe-juniore\/#webpage","url":"https:\/\/www.visit-ulcinj.com\/blog\/2008\/02\/21\/sot-ne-trieste-fillon-kampionati-europian-ne-karate-per-kadete-dhe-juniore\/","name":"Sot n\u00eb Trieste fillon kampionati europian n\u00eb karate p\u00ebr kadet\u00eb dhe junior\u00eb - Lajme nga Ulqini","isPartOf":{"@id":"https:\/\/www.visit-ulcinj.com\/blog\/#website"},"primaryImageOfPage":{"@id":"https:\/\/www.visit-ulcinj.com\/blog\/2008\/02\/21\/sot-ne-trieste-fillon-kampionati-europian-ne-karate-per-kadete-dhe-juniore\/#primaryimage"},"datePublished":"2008-02-21T20:01:40+00:00","dateModified":"2008-02-26T17:18:08+00:00","author":{"@id":"https:\/\/www.visit-ulcinj.com\/blog\/#\/schema\/person\/dcab619c614d3038751c63bc2aadc06d"},"breadcrumb":{"@id":"https:\/\/www.visit-ulcinj.com\/blog\/2008\/02\/21\/sot-ne-trieste-fillon-kampionati-europian-ne-karate-per-kadete-dhe-juniore\/#breadcrumb"},"inLanguage":"en-US","potentialAction":[{"@type":"ReadAction","target":["https:\/\/www.visit-ulcinj.com\/blog\/2008\/02\/21\/sot-ne-trieste-fillon-kampionati-europian-ne-karate-per-kadete-dhe-juniore\/"]}]},{"@type":"BreadcrumbList","@id":"https:\/\/www.visit-ulcinj.com\/blog\/2008\/02\/21\/sot-ne-trieste-fillon-kampionati-europian-ne-karate-per-kadete-dhe-juniore\/#breadcrumb","itemListElement":[{"@type":"ListItem","position":1,"name":"Sot n\u00eb Trieste fillon kampionati europian n\u00eb karate p\u00ebr kadet\u00eb dhe junior\u00eb"}]},{"@type":"Person","@id":"https:\/\/www.visit-ulcinj.com\/blog\/#\/schema\/person\/dcab619c614d3038751c63bc2aadc06d","name":"ulqini","sameAs":["http:\/\/www.visit-ulcinj.com"],"url":"https:\/\/www.visit-ulcinj.com\/blog\/author\/admin\/"}]}},"jetpack_featured_media_url":"","jetpack_sharing_enabled":true,"jetpack_shortlink":"https:\/\/wp.me\/pe6lTn-9J","_links":{"self":[{"href":"https:\/\/www.visit-ulcinj.com\/blog\/wp-json\/wp\/v2\/posts\/603"}],"collection":[{"href":"https:\/\/www.visit-ulcinj.com\/blog\/wp-json\/wp\/v2\/posts"}],"about":[{"href":"https:\/\/www.visit-ulcinj.com\/blog\/wp-json\/wp\/v2\/types\/post"}],"author":[{"embeddable":true,"href":"https:\/\/www.visit-ulcinj.com\/blog\/wp-json\/wp\/v2\/users\/1"}],"replies":[{"embeddable":true,"href":"https:\/\/www.visit-ulcinj.com\/blog\/wp-json\/wp\/v2\/comments?post=603"}],"version-history":[{"count":0,"href":"https:\/\/www.visit-ulcinj.com\/blog\/wp-json\/wp\/v2\/posts\/603\/revisions"}],"wp:attachment":[{"href":"https:\/\/www.visit-ulcinj.com\/blog\/wp-json\/wp\/v2\/media?parent=603"}],"wp:term":[{"taxonomy":"category","embeddable":true,"href":"https:\/\/www.visit-ulcinj.com\/blog\/wp-json\/wp\/v2\/categories?post=603"},{"taxonomy":"post_tag","embeddable":true,"href":"https:\/\/www.visit-ulcinj.com\/blog\/wp-json\/wp\/v2\/tags?post=603"}],"curies":[{"name":"wp","href":"https:\/\/api.w.org\/{rel}","templated":true}]}}