{"id":60314,"date":"2012-05-11T22:30:16","date_gmt":"2012-05-11T21:30:16","guid":{"rendered":"http:\/\/www.visit-ulcinj.com\/blog\/?p=60314"},"modified":"2012-05-11T22:30:53","modified_gmt":"2012-05-11T21:30:53","slug":"nvo-%e2%80%9emoguul-organizovala-okrugli-sto-posvecen-gradanskom-aktivizmu-u-lokalnoj-zajednici","status":"publish","type":"post","link":"https:\/\/www.visit-ulcinj.com\/blog\/2012\/05\/11\/nvo-%e2%80%9emoguul-organizovala-okrugli-sto-posvecen-gradanskom-aktivizmu-u-lokalnoj-zajednici\/","title":{"rendered":"NVO \u201eMoguUL\u201d organizovala okrugli sto posve\u0107en gra\u0111anskom aktivizmu u lokalnoj zajednici"},"content":{"rendered":"<p><a href=\"http:\/\/www.visit-ulcinj.com\/blog\/wp-content\/uploads\/2012\/05\/MOGUL-Qytetaria-aktive-Gradjanski-aktivizam-Ulqin-Ulcinj.jpg\"><img loading=\"lazy\" class=\"alignleft size-full wp-image-60315\" title=\"MOGUL- Qytetaria aktive- Gradjanski aktivizam -Ulqin-Ulcinj\" src=\"http:\/\/www.visit-ulcinj.com\/blog\/wp-content\/uploads\/2012\/05\/MOGUL-Qytetaria-aktive-Gradjanski-aktivizam-Ulqin-Ulcinj.jpg\" alt=\"\" width=\"508\" height=\"360\" \/><\/a><strong>Kad narod pita, vlast mora da odgovori<\/strong><strong><br \/>\n<\/strong>Gra\u0111anski aktivizam ne podrazumijeva samo tra\u017eenje i aktivno u\u010destvovanje u ostvarivanju sopstvenih prava i kori\u0161\u0107enja zakona koji to omogu\u0107avaju ve\u0107 aktivno u\u010destvovanje u ostvarivanju prava cijele zajednice, zaklju\u010dak je okruglog stola pod nazivom \u201eGra\u0111anski aktivizam\u201c koji je u organizaciji NVO \u201eMogul\u201c odr\u017ean u hotelu \u201eOtrant\u201c. U\u010desnici skupa slo\u017eili su se da osnovni cilj tog programa treba da bude podizanje svijesti gra\u0111ana i interesnih grupa o potrebi za aktivnim anga\u017emanom i u\u010de\u0161\u0107em u procesu odlu\u010divanja i dru\u0161tvenim procesima, te rad na izgradnji svijesti o potrebi da se gra\u0111anstvo i civilno dru\u0161tvo uklju\u010de u proces dono\u0161enja odluka, kao i stvaranje preduslova za ja\u010danje odgovornosti vlasti i nosilaca javnih funkcija. Predsjednik UO \u201eMogula\u201c, politikolog Dritan Abazovi\u0107, istakao je potrebu zalaganja za javni interes, odnosno za sve \u0161to bi moglo da koristi i pomogne jednoj zajednici da bude bolja, funkcionalnija i organizovanija.<br \/>\n\u2013 \u201eMogul\u201c je u poslednje vrijeme imao brojne aktivnosti koje su sve i\u0161le u pravcu ja\u010danja demokratskog duha samih gra\u0111ana u ostvarivanju njihovih prava i transparentnosti rada lokalnih i dr\u017eavnih institucija. Jedan od primjera je projekat \u201eUlazimo u Valdanos\u201c. Cilj nam je da uka\u017eemo na probleme i ponudimo rje\u0161enja kako bi oja\u010dali demokratski kapacitet zajednice- kazao je Abazovi\u0107. O gra\u0111anskom aktivizmu u Crnoj Gori, odnosno o iskustvima i preporukama govorio je Darko Ivanovi\u0107 iz Gra\u0111anske alijanske, novinar i autor televiziskog projekta \u201eRobin Hud\u201c. Prema njegovim rije\u010dima, svaka vlast, bilo da se radi o lokalnoj ili o dr\u017eavnoj mora odgovarati na zahtjeve i pitanja gra\u0111ana.<br \/>\n\u2013Na to je obavezuje zakon i tu se vi\u0161e ne postavlja pitanje pitanje volje i htijenja ve\u0107 moranja. Toga svaka vlast u bilo kom momentu svog mandata mora da bude duboko svjesna, a toga treba da su svjesni i gra\u0111ani- kazao je Ivanovi\u0107.<br \/>\nBaziraju\u0107i se na sopstveno iskustvo i komuniciranje s velikim brojem gra\u0111ana, Ivanovi\u0107 je naglasio da u Crnoj Gori ima mnogo problema, jer vlast nema sluha, a gra\u0111ani nijesu dovoljno aktivni.<br \/>\nPredsjednik op\u0161tine Nazif Cungu smatra da uloga gra\u0111anstva u ukazivanju na probleme u dru\u0161tvu i njihovo rje\u0161avanje, mora biti ve\u0107a jer se, kako je kazao, tako stvara povjerenje izme\u0111u gra\u0111ana i institucija sistema.<br \/>\n\u2013Kada smo bili u opoziciji, nijesmo bili zadovolji transparentno\u0161\u0107u vlasti i vrlo te\u0161ko ili nikako nijesmo dobijali informacije koje su se ticale rada lokalne samouprave. Sada smo u drugoj poziciji i vjerujem da dosta stvari mo\u017eemo da promijenimo na bolje. \u010cim smo preuzeli vlast, bili smo prakti\u010dno zatrpani zahtjevima gra\u0111ana, NVO sektora i drugih institucija za odre\u0111enim informacijama. Te\u0161ko je na vrijeme odgovoriti na sve i zato smo aktivirali sajt, ali \u010desto ni to nije dovoljno. Gra\u0111ani tra\u017ee informacije, a primjera radi, od momenta preuzimanja funkcije predsjednika imao sam preko 300 sastanaka s gra\u0111anima i prestavnicima institucija. Jednostavno, \u017eelimo svima da omogu\u0107imo da dobiju informacije koje tra\u017ee i da poka\u017eemo da je ova vlast transparentna i da nema \u0161ta da krije- kazao je Cungu.<br \/>\nSkupu su prisustvovali predstavnici lokalne samouprave, politi\u010dkih partija i NVO sektora.<\/p>\n<p><strong>Ni\u0161ta ne krijemo<\/strong><br \/>\nCungu je naglasio je da nema barijera da neko do\u0111e do informacija u lokalnoj samoupravi.<br \/>\n\u2013Odgovor \u0107e sigurno dobiti, a problem eventualno mo\u017ee biti vrijeme i to isklju\u010divo zbog tehni\u010dkih pitanja, odnosno nemogu\u0107nosti odre\u0111enih slu\u017ebi da odmah daju tra\u017eene podatke- istakao je predsjednik op\u0161tine. Prema njegovim rije\u010dima, transparentnost u vr\u0161enju javne funkcije je veoma bitna jer ne ostavlja mogu\u0107nost za spekulacije, pogre\u0161no tuma\u010denje i optu\u017ebe da se ne\u0161to prikriva. Zbog toga je uloga aktivnog gra\u0111anstva va\u017ena i zbog toga su projekti koji to podsti\u010du, a koje organizuje NVO sektor vi\u0161e nego dobrodo\u0161li.<br \/>\n\u2013 Mi smo otvoreni za saradnju, ali je va\u017eno shvatiti da jedan \u010dovjek, visoki funkcioner, nije jedina adresa. Ne treba nam kult li\u010dnosti. Tu su slu\u017ebe, sekretarijati koji su du\u017eni da odgovore na zahtjeve gra\u0111ana, kazao je Cungu.<br \/>\n<strong><br \/>\nIzvor: DAN<br \/>\n\n\t\t<style type=\"text\/css\">\n\t\t\t#gallery-1 {\n\t\t\t\tmargin: auto;\n\t\t\t}\n\t\t\t#gallery-1 .gallery-item {\n\t\t\t\tfloat: left;\n\t\t\t\tmargin-top: 10px;\n\t\t\t\ttext-align: center;\n\t\t\t\twidth: 33%;\n\t\t\t}\n\t\t\t#gallery-1 img {\n\t\t\t\tborder: 2px solid #cfcfcf;\n\t\t\t}\n\t\t\t#gallery-1 .gallery-caption {\n\t\t\t\tmargin-left: 0;\n\t\t\t}\n\t\t\t\/* see gallery_shortcode() in wp-includes\/media.php *\/\n\t\t<\/style>\n\t\t<div id='gallery-1' class='gallery galleryid-60314 gallery-columns-3 gallery-size-thumbnail'><dl class='gallery-item'>\n\t\t\t<dt class='gallery-icon landscape'>\n\t\t\t\t<a href='https:\/\/www.visit-ulcinj.com\/blog\/wp-content\/uploads\/2012\/05\/MOGUL-Qytetaria-aktive-Gradjanski-aktivizam-Ulqin-Ulcinj.jpg'><img width=\"150\" height=\"150\" src=\"https:\/\/www.visit-ulcinj.com\/blog\/wp-content\/uploads\/2012\/05\/MOGUL-Qytetaria-aktive-Gradjanski-aktivizam-Ulqin-Ulcinj-150x150.jpg\" class=\"attachment-thumbnail size-thumbnail\" alt=\"\" loading=\"lazy\" \/><\/a>\n\t\t\t<\/dt><\/dl><dl class='gallery-item'>\n\t\t\t<dt class='gallery-icon landscape'>\n\t\t\t\t<a href='https:\/\/www.visit-ulcinj.com\/blog\/wp-content\/uploads\/2012\/05\/MOGUL-Qytetaria-aktive-Gradjanski-aktivizam-Ulqin-Ulcinj.1.jpg'><img width=\"150\" height=\"150\" src=\"https:\/\/www.visit-ulcinj.com\/blog\/wp-content\/uploads\/2012\/05\/MOGUL-Qytetaria-aktive-Gradjanski-aktivizam-Ulqin-Ulcinj.1-150x150.jpg\" class=\"attachment-thumbnail size-thumbnail\" alt=\"\" loading=\"lazy\" \/><\/a>\n\t\t\t<\/dt><\/dl><dl class='gallery-item'>\n\t\t\t<dt class='gallery-icon landscape'>\n\t\t\t\t<a href='https:\/\/www.visit-ulcinj.com\/blog\/wp-content\/uploads\/2012\/05\/MOGUL-Qytetaria-aktive-Gradjanski-aktivizam-Ulqin-Ulcinj.2.jpg'><img width=\"150\" height=\"150\" src=\"https:\/\/www.visit-ulcinj.com\/blog\/wp-content\/uploads\/2012\/05\/MOGUL-Qytetaria-aktive-Gradjanski-aktivizam-Ulqin-Ulcinj.2-150x150.jpg\" class=\"attachment-thumbnail size-thumbnail\" alt=\"\" loading=\"lazy\" \/><\/a>\n\t\t\t<\/dt><\/dl><br style=\"clear: both\" \/><dl class='gallery-item'>\n\t\t\t<dt class='gallery-icon landscape'>\n\t\t\t\t<a href='https:\/\/www.visit-ulcinj.com\/blog\/wp-content\/uploads\/2012\/05\/MOGUL-Qytetaria-aktive-Gradjanski-aktivizam-Ulqin-Ulcinj.3.jpg'><img width=\"150\" height=\"150\" src=\"https:\/\/www.visit-ulcinj.com\/blog\/wp-content\/uploads\/2012\/05\/MOGUL-Qytetaria-aktive-Gradjanski-aktivizam-Ulqin-Ulcinj.3-150x150.jpg\" class=\"attachment-thumbnail size-thumbnail\" alt=\"\" loading=\"lazy\" \/><\/a>\n\t\t\t<\/dt><\/dl><dl class='gallery-item'>\n\t\t\t<dt class='gallery-icon landscape'>\n\t\t\t\t<a href='https:\/\/www.visit-ulcinj.com\/blog\/wp-content\/uploads\/2012\/05\/MOGUL-Qytetaria-aktive-Gradjanski-aktivizam-Ulqin-Ulcinj.4.jpg'><img width=\"150\" height=\"150\" src=\"https:\/\/www.visit-ulcinj.com\/blog\/wp-content\/uploads\/2012\/05\/MOGUL-Qytetaria-aktive-Gradjanski-aktivizam-Ulqin-Ulcinj.4-150x150.jpg\" class=\"attachment-thumbnail size-thumbnail\" alt=\"\" loading=\"lazy\" \/><\/a>\n\t\t\t<\/dt><\/dl><dl class='gallery-item'>\n\t\t\t<dt class='gallery-icon landscape'>\n\t\t\t\t<a href='https:\/\/www.visit-ulcinj.com\/blog\/wp-content\/uploads\/2012\/05\/MOGUL-Qytetaria-aktive-Gradjanski-aktivizam-Ulqin-Ulcinj.5.jpg'><img width=\"150\" height=\"150\" src=\"https:\/\/www.visit-ulcinj.com\/blog\/wp-content\/uploads\/2012\/05\/MOGUL-Qytetaria-aktive-Gradjanski-aktivizam-Ulqin-Ulcinj.5-150x150.jpg\" class=\"attachment-thumbnail size-thumbnail\" alt=\"\" loading=\"lazy\" \/><\/a>\n\t\t\t<\/dt><\/dl><br style=\"clear: both\" \/><dl class='gallery-item'>\n\t\t\t<dt class='gallery-icon landscape'>\n\t\t\t\t<a href='https:\/\/www.visit-ulcinj.com\/blog\/wp-content\/uploads\/2012\/05\/MOGUL-Qytetaria-aktive-Gradjanski-aktivizam-Ulqin-Ulcinj.6.jpg'><img width=\"150\" height=\"150\" src=\"https:\/\/www.visit-ulcinj.com\/blog\/wp-content\/uploads\/2012\/05\/MOGUL-Qytetaria-aktive-Gradjanski-aktivizam-Ulqin-Ulcinj.6-150x150.jpg\" class=\"attachment-thumbnail size-thumbnail\" alt=\"\" loading=\"lazy\" \/><\/a>\n\t\t\t<\/dt><\/dl><dl class='gallery-item'>\n\t\t\t<dt class='gallery-icon landscape'>\n\t\t\t\t<a href='https:\/\/www.visit-ulcinj.com\/blog\/wp-content\/uploads\/2012\/05\/MOGUL-Qytetaria-aktive-Gradjanski-aktivizam-Ulqin-Ulcinj.7.jpg'><img width=\"150\" height=\"150\" src=\"https:\/\/www.visit-ulcinj.com\/blog\/wp-content\/uploads\/2012\/05\/MOGUL-Qytetaria-aktive-Gradjanski-aktivizam-Ulqin-Ulcinj.7-150x150.jpg\" class=\"attachment-thumbnail size-thumbnail\" alt=\"\" loading=\"lazy\" \/><\/a>\n\t\t\t<\/dt><\/dl><dl class='gallery-item'>\n\t\t\t<dt class='gallery-icon landscape'>\n\t\t\t\t<a href='https:\/\/www.visit-ulcinj.com\/blog\/wp-content\/uploads\/2012\/05\/MOGUL-Qytetaria-aktive-Gradjanski-aktivizam-Ulqin-Ulcinj.8.jpg'><img width=\"150\" height=\"150\" src=\"https:\/\/www.visit-ulcinj.com\/blog\/wp-content\/uploads\/2012\/05\/MOGUL-Qytetaria-aktive-Gradjanski-aktivizam-Ulqin-Ulcinj.8-150x150.jpg\" class=\"attachment-thumbnail size-thumbnail\" alt=\"\" loading=\"lazy\" \/><\/a>\n\t\t\t<\/dt><\/dl><br style=\"clear: both\" \/><dl class='gallery-item'>\n\t\t\t<dt class='gallery-icon landscape'>\n\t\t\t\t<a href='https:\/\/www.visit-ulcinj.com\/blog\/wp-content\/uploads\/2012\/05\/MOGUL-Qytetaria-aktive-Gradjanski-aktivizam-Ulqin-Ulcinj.9.jpg'><img width=\"150\" height=\"150\" src=\"https:\/\/www.visit-ulcinj.com\/blog\/wp-content\/uploads\/2012\/05\/MOGUL-Qytetaria-aktive-Gradjanski-aktivizam-Ulqin-Ulcinj.9-150x150.jpg\" class=\"attachment-thumbnail size-thumbnail\" alt=\"\" loading=\"lazy\" \/><\/a>\n\t\t\t<\/dt><\/dl><dl class='gallery-item'>\n\t\t\t<dt class='gallery-icon landscape'>\n\t\t\t\t<a href='https:\/\/www.visit-ulcinj.com\/blog\/wp-content\/uploads\/2012\/05\/MOGUL-Qytetaria-aktive-Gradjanski-aktivizam-Ulqin-Ulcinj.10.jpg'><img width=\"150\" height=\"150\" src=\"https:\/\/www.visit-ulcinj.com\/blog\/wp-content\/uploads\/2012\/05\/MOGUL-Qytetaria-aktive-Gradjanski-aktivizam-Ulqin-Ulcinj.10-150x150.jpg\" class=\"attachment-thumbnail size-thumbnail\" alt=\"\" loading=\"lazy\" \/><\/a>\n\t\t\t<\/dt><\/dl><dl class='gallery-item'>\n\t\t\t<dt class='gallery-icon landscape'>\n\t\t\t\t<a href='https:\/\/www.visit-ulcinj.com\/blog\/wp-content\/uploads\/2012\/05\/MOGUL-Qytetaria-aktive-Gradjanski-aktivizam-Ulqin-Ulcinj.11.jpg'><img width=\"150\" height=\"150\" src=\"https:\/\/www.visit-ulcinj.com\/blog\/wp-content\/uploads\/2012\/05\/MOGUL-Qytetaria-aktive-Gradjanski-aktivizam-Ulqin-Ulcinj.11-150x150.jpg\" class=\"attachment-thumbnail size-thumbnail\" alt=\"\" loading=\"lazy\" \/><\/a>\n\t\t\t<\/dt><\/dl><br style=\"clear: both\" \/><dl class='gallery-item'>\n\t\t\t<dt class='gallery-icon landscape'>\n\t\t\t\t<a href='https:\/\/www.visit-ulcinj.com\/blog\/wp-content\/uploads\/2012\/05\/MOGUL-Qytetaria-aktive-Gradjanski-aktivizam-Ulqin-Ulcinj.12.jpg'><img width=\"150\" height=\"150\" src=\"https:\/\/www.visit-ulcinj.com\/blog\/wp-content\/uploads\/2012\/05\/MOGUL-Qytetaria-aktive-Gradjanski-aktivizam-Ulqin-Ulcinj.12-150x150.jpg\" class=\"attachment-thumbnail size-thumbnail\" alt=\"\" loading=\"lazy\" \/><\/a>\n\t\t\t<\/dt><\/dl><dl class='gallery-item'>\n\t\t\t<dt class='gallery-icon landscape'>\n\t\t\t\t<a href='https:\/\/www.visit-ulcinj.com\/blog\/wp-content\/uploads\/2012\/05\/MOGUL-Qytetaria-aktive-Gradjanski-aktivizam-Ulqin-Ulcinj.13.jpg'><img width=\"150\" height=\"150\" src=\"https:\/\/www.visit-ulcinj.com\/blog\/wp-content\/uploads\/2012\/05\/MOGUL-Qytetaria-aktive-Gradjanski-aktivizam-Ulqin-Ulcinj.13-150x150.jpg\" class=\"attachment-thumbnail size-thumbnail\" alt=\"\" loading=\"lazy\" \/><\/a>\n\t\t\t<\/dt><\/dl><dl class='gallery-item'>\n\t\t\t<dt class='gallery-icon landscape'>\n\t\t\t\t<a href='https:\/\/www.visit-ulcinj.com\/blog\/wp-content\/uploads\/2012\/05\/MOGUL-Qytetaria-aktive-Gradjanski-aktivizam-Ulqin-Ulcinj.14.jpg'><img width=\"150\" height=\"150\" src=\"https:\/\/www.visit-ulcinj.com\/blog\/wp-content\/uploads\/2012\/05\/MOGUL-Qytetaria-aktive-Gradjanski-aktivizam-Ulqin-Ulcinj.14-150x150.jpg\" class=\"attachment-thumbnail size-thumbnail\" alt=\"\" loading=\"lazy\" \/><\/a>\n\t\t\t<\/dt><\/dl><br style=\"clear: both\" \/><dl class='gallery-item'>\n\t\t\t<dt class='gallery-icon landscape'>\n\t\t\t\t<a href='https:\/\/www.visit-ulcinj.com\/blog\/wp-content\/uploads\/2012\/05\/MOGUL-Qytetaria-aktive-Gradjanski-aktivizam-Ulqin-Ulcinj.15.jpg'><img width=\"150\" height=\"150\" src=\"https:\/\/www.visit-ulcinj.com\/blog\/wp-content\/uploads\/2012\/05\/MOGUL-Qytetaria-aktive-Gradjanski-aktivizam-Ulqin-Ulcinj.15-150x150.jpg\" class=\"attachment-thumbnail size-thumbnail\" alt=\"\" loading=\"lazy\" \/><\/a>\n\t\t\t<\/dt><\/dl><dl class='gallery-item'>\n\t\t\t<dt class='gallery-icon landscape'>\n\t\t\t\t<a href='https:\/\/www.visit-ulcinj.com\/blog\/wp-content\/uploads\/2012\/05\/MOGUL-Qytetaria-aktive-Gradjanski-aktivizam-Ulqin-Ulcinj.16.jpg'><img width=\"150\" height=\"150\" src=\"https:\/\/www.visit-ulcinj.com\/blog\/wp-content\/uploads\/2012\/05\/MOGUL-Qytetaria-aktive-Gradjanski-aktivizam-Ulqin-Ulcinj.16-150x150.jpg\" class=\"attachment-thumbnail size-thumbnail\" alt=\"\" loading=\"lazy\" \/><\/a>\n\t\t\t<\/dt><\/dl><dl class='gallery-item'>\n\t\t\t<dt class='gallery-icon landscape'>\n\t\t\t\t<a href='https:\/\/www.visit-ulcinj.com\/blog\/wp-content\/uploads\/2012\/05\/MOGUL-Qytetaria-aktive-Gradjanski-aktivizam-Ulqin-Ulcinj.17.jpg'><img width=\"150\" height=\"150\" src=\"https:\/\/www.visit-ulcinj.com\/blog\/wp-content\/uploads\/2012\/05\/MOGUL-Qytetaria-aktive-Gradjanski-aktivizam-Ulqin-Ulcinj.17-150x150.jpg\" class=\"attachment-thumbnail size-thumbnail\" alt=\"\" loading=\"lazy\" \/><\/a>\n\t\t\t<\/dt><\/dl><br style=\"clear: both\" \/><dl class='gallery-item'>\n\t\t\t<dt class='gallery-icon landscape'>\n\t\t\t\t<a href='https:\/\/www.visit-ulcinj.com\/blog\/wp-content\/uploads\/2012\/05\/MOGUL-Qytetaria-aktive-Gradjanski-aktivizam-Ulqin-Ulcinj.18.jpg'><img width=\"150\" height=\"150\" src=\"https:\/\/www.visit-ulcinj.com\/blog\/wp-content\/uploads\/2012\/05\/MOGUL-Qytetaria-aktive-Gradjanski-aktivizam-Ulqin-Ulcinj.18-150x150.jpg\" class=\"attachment-thumbnail size-thumbnail\" alt=\"\" loading=\"lazy\" \/><\/a>\n\t\t\t<\/dt><\/dl><dl class='gallery-item'>\n\t\t\t<dt class='gallery-icon landscape'>\n\t\t\t\t<a href='https:\/\/www.visit-ulcinj.com\/blog\/wp-content\/uploads\/2012\/05\/MOGUL-Qytetaria-aktive-Gradjanski-aktivizam-Ulqin-Ulcinj.19.jpg'><img width=\"150\" height=\"150\" src=\"https:\/\/www.visit-ulcinj.com\/blog\/wp-content\/uploads\/2012\/05\/MOGUL-Qytetaria-aktive-Gradjanski-aktivizam-Ulqin-Ulcinj.19-150x150.jpg\" class=\"attachment-thumbnail size-thumbnail\" alt=\"\" loading=\"lazy\" \/><\/a>\n\t\t\t<\/dt><\/dl><dl class='gallery-item'>\n\t\t\t<dt class='gallery-icon landscape'>\n\t\t\t\t<a href='https:\/\/www.visit-ulcinj.com\/blog\/wp-content\/uploads\/2012\/05\/MOGUL-Qytetaria-aktive-Gradjanski-aktivizam-Ulqin-Ulcinj.20.jpg'><img width=\"150\" height=\"150\" src=\"https:\/\/www.visit-ulcinj.com\/blog\/wp-content\/uploads\/2012\/05\/MOGUL-Qytetaria-aktive-Gradjanski-aktivizam-Ulqin-Ulcinj.20-150x150.jpg\" class=\"attachment-thumbnail size-thumbnail\" alt=\"\" loading=\"lazy\" \/><\/a>\n\t\t\t<\/dt><\/dl><br style=\"clear: both\" \/>\n\t\t<\/div>\n<br \/>\n<\/strong><\/p>\n","protected":false},"excerpt":{"rendered":"<p>Kad narod pita, vlast mora da odgovori Gra\u0111anski aktivizam ne podrazumijeva samo tra\u017eenje i aktivno u\u010destvovanje u ostvarivanju sopstvenih prava i kori\u0161\u0107enja zakona koji to omogu\u0107avaju ve\u0107 aktivno u\u010destvovanje u ostvarivanju prava cijele zajednice, zaklju\u010dak je okruglog stola pod nazivom \u201eGra\u0111anski aktivizam\u201c koji je u organizaciji NVO \u201eMogul\u201c odr\u017ean u hotelu \u201eOtrant\u201c. U\u010desnici skupa slo\u017eili [&hellip;]<\/p>\n","protected":false},"author":1,"featured_media":0,"comment_status":"open","ping_status":"closed","sticky":false,"template":"","format":"standard","meta":{"spay_email":"","jetpack_publicize_message":"","jetpack_is_tweetstorm":false,"jetpack_publicize_feature_enabled":true},"categories":[6950],"tags":[20449,16982,19],"jetpack_publicize_connections":[],"yoast_head":"<!-- This site is optimized with the Yoast SEO plugin v19.1 - https:\/\/yoast.com\/wordpress\/plugins\/seo\/ -->\n<title>NVO \u201eMoguUL\u201d organizovala okrugli sto posve\u0107en gra\u0111anskom aktivizmu u lokalnoj zajednici - Lajme nga Ulqini<\/title>\n<meta name=\"description\" content=\"Kad narod pita, vlast mora da odgovori Gra\u0111anski aktivizam ne podrazumijeva samo tra\u017eenje i aktivno u\u010destvovanje u ostvarivanju sopstvenih prava i\" \/>\n<meta name=\"robots\" content=\"index, follow, max-snippet:-1, max-image-preview:large, max-video-preview:-1\" \/>\n<link rel=\"canonical\" href=\"https:\/\/www.visit-ulcinj.com\/blog\/2012\/05\/11\/nvo-\u201emoguul-organizovala-okrugli-sto-posvecen-gradanskom-aktivizmu-u-lokalnoj-zajednici\/\" \/>\n<meta property=\"og:locale\" content=\"en_US\" \/>\n<meta property=\"og:type\" content=\"article\" \/>\n<meta property=\"og:title\" content=\"NVO \u201eMoguUL\u201d organizovala okrugli sto posve\u0107en gra\u0111anskom aktivizmu u lokalnoj zajednici - Lajme nga Ulqini\" \/>\n<meta property=\"og:description\" content=\"Kad narod pita, vlast mora da odgovori Gra\u0111anski aktivizam ne podrazumijeva samo tra\u017eenje i aktivno u\u010destvovanje u ostvarivanju sopstvenih prava i\" \/>\n<meta property=\"og:url\" content=\"https:\/\/www.visit-ulcinj.com\/blog\/2012\/05\/11\/nvo-\u201emoguul-organizovala-okrugli-sto-posvecen-gradanskom-aktivizmu-u-lokalnoj-zajednici\/\" \/>\n<meta property=\"og:site_name\" content=\"Lajme nga Ulqini\" \/>\n<meta property=\"article:published_time\" content=\"2012-05-11T21:30:16+00:00\" \/>\n<meta property=\"article:modified_time\" content=\"2012-05-11T21:30:53+00:00\" \/>\n<meta property=\"og:image\" content=\"https:\/\/www.visit-ulcinj.com\/blog\/wp-content\/uploads\/2012\/05\/MOGUL-Qytetaria-aktive-Gradjanski-aktivizam-Ulqin-Ulcinj-150x150.jpg\" \/>\n<meta name=\"twitter:label1\" content=\"Written by\" \/>\n\t<meta name=\"twitter:data1\" content=\"ulqini\" \/>\n\t<meta name=\"twitter:label2\" content=\"Est. reading time\" \/>\n\t<meta name=\"twitter:data2\" content=\"4 minutes\" \/>\n<script type=\"application\/ld+json\" class=\"yoast-schema-graph\">{\"@context\":\"https:\/\/schema.org\",\"@graph\":[{\"@type\":\"WebSite\",\"@id\":\"https:\/\/www.visit-ulcinj.com\/blog\/#website\",\"url\":\"https:\/\/www.visit-ulcinj.com\/blog\/\",\"name\":\"Lajme nga Ulqini\",\"description\":\"Lajme,Vijesti,Ulqini,Ulqin,Crna Gora,Mali i Zi\",\"potentialAction\":[{\"@type\":\"SearchAction\",\"target\":{\"@type\":\"EntryPoint\",\"urlTemplate\":\"https:\/\/www.visit-ulcinj.com\/blog\/?s={search_term_string}\"},\"query-input\":\"required name=search_term_string\"}],\"inLanguage\":\"en-US\"},{\"@type\":\"ImageObject\",\"inLanguage\":\"en-US\",\"@id\":\"https:\/\/www.visit-ulcinj.com\/blog\/2012\/05\/11\/nvo-%e2%80%9emoguul-organizovala-okrugli-sto-posvecen-gradanskom-aktivizmu-u-lokalnoj-zajednici\/#primaryimage\",\"url\":\"https:\/\/www.visit-ulcinj.com\/blog\/wp-content\/uploads\/2012\/05\/MOGUL-Qytetaria-aktive-Gradjanski-aktivizam-Ulqin-Ulcinj.jpg\",\"contentUrl\":\"https:\/\/www.visit-ulcinj.com\/blog\/wp-content\/uploads\/2012\/05\/MOGUL-Qytetaria-aktive-Gradjanski-aktivizam-Ulqin-Ulcinj.jpg\",\"width\":\"960\",\"height\":\"640\"},{\"@type\":\"WebPage\",\"@id\":\"https:\/\/www.visit-ulcinj.com\/blog\/2012\/05\/11\/nvo-%e2%80%9emoguul-organizovala-okrugli-sto-posvecen-gradanskom-aktivizmu-u-lokalnoj-zajednici\/#webpage\",\"url\":\"https:\/\/www.visit-ulcinj.com\/blog\/2012\/05\/11\/nvo-%e2%80%9emoguul-organizovala-okrugli-sto-posvecen-gradanskom-aktivizmu-u-lokalnoj-zajednici\/\",\"name\":\"NVO \u201eMoguUL\u201d organizovala okrugli sto posve\u0107en gra\u0111anskom aktivizmu u lokalnoj zajednici - Lajme nga Ulqini\",\"isPartOf\":{\"@id\":\"https:\/\/www.visit-ulcinj.com\/blog\/#website\"},\"primaryImageOfPage\":{\"@id\":\"https:\/\/www.visit-ulcinj.com\/blog\/2012\/05\/11\/nvo-%e2%80%9emoguul-organizovala-okrugli-sto-posvecen-gradanskom-aktivizmu-u-lokalnoj-zajednici\/#primaryimage\"},\"datePublished\":\"2012-05-11T21:30:16+00:00\",\"dateModified\":\"2012-05-11T21:30:53+00:00\",\"author\":{\"@id\":\"https:\/\/www.visit-ulcinj.com\/blog\/#\/schema\/person\/dcab619c614d3038751c63bc2aadc06d\"},\"description\":\"Kad narod pita, vlast mora da odgovori Gra\u0111anski aktivizam ne podrazumijeva samo tra\u017eenje i aktivno u\u010destvovanje u ostvarivanju sopstvenih prava i\",\"breadcrumb\":{\"@id\":\"https:\/\/www.visit-ulcinj.com\/blog\/2012\/05\/11\/nvo-%e2%80%9emoguul-organizovala-okrugli-sto-posvecen-gradanskom-aktivizmu-u-lokalnoj-zajednici\/#breadcrumb\"},\"inLanguage\":\"en-US\",\"potentialAction\":[{\"@type\":\"ReadAction\",\"target\":[\"https:\/\/www.visit-ulcinj.com\/blog\/2012\/05\/11\/nvo-%e2%80%9emoguul-organizovala-okrugli-sto-posvecen-gradanskom-aktivizmu-u-lokalnoj-zajednici\/\"]}]},{\"@type\":\"BreadcrumbList\",\"@id\":\"https:\/\/www.visit-ulcinj.com\/blog\/2012\/05\/11\/nvo-%e2%80%9emoguul-organizovala-okrugli-sto-posvecen-gradanskom-aktivizmu-u-lokalnoj-zajednici\/#breadcrumb\",\"itemListElement\":[{\"@type\":\"ListItem\",\"position\":1,\"name\":\"NVO \u201eMoguUL\u201d organizovala okrugli sto posve\u0107en gra\u0111anskom aktivizmu u lokalnoj zajednici\"}]},{\"@type\":\"Person\",\"@id\":\"https:\/\/www.visit-ulcinj.com\/blog\/#\/schema\/person\/dcab619c614d3038751c63bc2aadc06d\",\"name\":\"ulqini\",\"sameAs\":[\"http:\/\/www.visit-ulcinj.com\"],\"url\":\"https:\/\/www.visit-ulcinj.com\/blog\/author\/admin\/\"}]}<\/script>\n<!-- \/ Yoast SEO plugin. -->","yoast_head_json":{"title":"NVO \u201eMoguUL\u201d organizovala okrugli sto posve\u0107en gra\u0111anskom aktivizmu u lokalnoj zajednici - Lajme nga Ulqini","description":"Kad narod pita, vlast mora da odgovori Gra\u0111anski aktivizam ne podrazumijeva samo tra\u017eenje i aktivno u\u010destvovanje u ostvarivanju sopstvenih prava i","robots":{"index":"index","follow":"follow","max-snippet":"max-snippet:-1","max-image-preview":"max-image-preview:large","max-video-preview":"max-video-preview:-1"},"canonical":"https:\/\/www.visit-ulcinj.com\/blog\/2012\/05\/11\/nvo-\u201emoguul-organizovala-okrugli-sto-posvecen-gradanskom-aktivizmu-u-lokalnoj-zajednici\/","og_locale":"en_US","og_type":"article","og_title":"NVO \u201eMoguUL\u201d organizovala okrugli sto posve\u0107en gra\u0111anskom aktivizmu u lokalnoj zajednici - Lajme nga Ulqini","og_description":"Kad narod pita, vlast mora da odgovori Gra\u0111anski aktivizam ne podrazumijeva samo tra\u017eenje i aktivno u\u010destvovanje u ostvarivanju sopstvenih prava i","og_url":"https:\/\/www.visit-ulcinj.com\/blog\/2012\/05\/11\/nvo-\u201emoguul-organizovala-okrugli-sto-posvecen-gradanskom-aktivizmu-u-lokalnoj-zajednici\/","og_site_name":"Lajme nga Ulqini","article_published_time":"2012-05-11T21:30:16+00:00","article_modified_time":"2012-05-11T21:30:53+00:00","og_image":[{"url":"https:\/\/www.visit-ulcinj.com\/blog\/wp-content\/uploads\/2012\/05\/MOGUL-Qytetaria-aktive-Gradjanski-aktivizam-Ulqin-Ulcinj-150x150.jpg"}],"twitter_misc":{"Written by":"ulqini","Est. reading time":"4 minutes"},"schema":{"@context":"https:\/\/schema.org","@graph":[{"@type":"WebSite","@id":"https:\/\/www.visit-ulcinj.com\/blog\/#website","url":"https:\/\/www.visit-ulcinj.com\/blog\/","name":"Lajme nga Ulqini","description":"Lajme,Vijesti,Ulqini,Ulqin,Crna Gora,Mali i Zi","potentialAction":[{"@type":"SearchAction","target":{"@type":"EntryPoint","urlTemplate":"https:\/\/www.visit-ulcinj.com\/blog\/?s={search_term_string}"},"query-input":"required name=search_term_string"}],"inLanguage":"en-US"},{"@type":"ImageObject","inLanguage":"en-US","@id":"https:\/\/www.visit-ulcinj.com\/blog\/2012\/05\/11\/nvo-%e2%80%9emoguul-organizovala-okrugli-sto-posvecen-gradanskom-aktivizmu-u-lokalnoj-zajednici\/#primaryimage","url":"https:\/\/www.visit-ulcinj.com\/blog\/wp-content\/uploads\/2012\/05\/MOGUL-Qytetaria-aktive-Gradjanski-aktivizam-Ulqin-Ulcinj.jpg","contentUrl":"https:\/\/www.visit-ulcinj.com\/blog\/wp-content\/uploads\/2012\/05\/MOGUL-Qytetaria-aktive-Gradjanski-aktivizam-Ulqin-Ulcinj.jpg","width":"960","height":"640"},{"@type":"WebPage","@id":"https:\/\/www.visit-ulcinj.com\/blog\/2012\/05\/11\/nvo-%e2%80%9emoguul-organizovala-okrugli-sto-posvecen-gradanskom-aktivizmu-u-lokalnoj-zajednici\/#webpage","url":"https:\/\/www.visit-ulcinj.com\/blog\/2012\/05\/11\/nvo-%e2%80%9emoguul-organizovala-okrugli-sto-posvecen-gradanskom-aktivizmu-u-lokalnoj-zajednici\/","name":"NVO \u201eMoguUL\u201d organizovala okrugli sto posve\u0107en gra\u0111anskom aktivizmu u lokalnoj zajednici - Lajme nga Ulqini","isPartOf":{"@id":"https:\/\/www.visit-ulcinj.com\/blog\/#website"},"primaryImageOfPage":{"@id":"https:\/\/www.visit-ulcinj.com\/blog\/2012\/05\/11\/nvo-%e2%80%9emoguul-organizovala-okrugli-sto-posvecen-gradanskom-aktivizmu-u-lokalnoj-zajednici\/#primaryimage"},"datePublished":"2012-05-11T21:30:16+00:00","dateModified":"2012-05-11T21:30:53+00:00","author":{"@id":"https:\/\/www.visit-ulcinj.com\/blog\/#\/schema\/person\/dcab619c614d3038751c63bc2aadc06d"},"description":"Kad narod pita, vlast mora da odgovori Gra\u0111anski aktivizam ne podrazumijeva samo tra\u017eenje i aktivno u\u010destvovanje u ostvarivanju sopstvenih prava i","breadcrumb":{"@id":"https:\/\/www.visit-ulcinj.com\/blog\/2012\/05\/11\/nvo-%e2%80%9emoguul-organizovala-okrugli-sto-posvecen-gradanskom-aktivizmu-u-lokalnoj-zajednici\/#breadcrumb"},"inLanguage":"en-US","potentialAction":[{"@type":"ReadAction","target":["https:\/\/www.visit-ulcinj.com\/blog\/2012\/05\/11\/nvo-%e2%80%9emoguul-organizovala-okrugli-sto-posvecen-gradanskom-aktivizmu-u-lokalnoj-zajednici\/"]}]},{"@type":"BreadcrumbList","@id":"https:\/\/www.visit-ulcinj.com\/blog\/2012\/05\/11\/nvo-%e2%80%9emoguul-organizovala-okrugli-sto-posvecen-gradanskom-aktivizmu-u-lokalnoj-zajednici\/#breadcrumb","itemListElement":[{"@type":"ListItem","position":1,"name":"NVO \u201eMoguUL\u201d organizovala okrugli sto posve\u0107en gra\u0111anskom aktivizmu u lokalnoj zajednici"}]},{"@type":"Person","@id":"https:\/\/www.visit-ulcinj.com\/blog\/#\/schema\/person\/dcab619c614d3038751c63bc2aadc06d","name":"ulqini","sameAs":["http:\/\/www.visit-ulcinj.com"],"url":"https:\/\/www.visit-ulcinj.com\/blog\/author\/admin\/"}]}},"jetpack_featured_media_url":"","jetpack_sharing_enabled":true,"jetpack_shortlink":"https:\/\/wp.me\/pe6lTn-fGO","_links":{"self":[{"href":"https:\/\/www.visit-ulcinj.com\/blog\/wp-json\/wp\/v2\/posts\/60314"}],"collection":[{"href":"https:\/\/www.visit-ulcinj.com\/blog\/wp-json\/wp\/v2\/posts"}],"about":[{"href":"https:\/\/www.visit-ulcinj.com\/blog\/wp-json\/wp\/v2\/types\/post"}],"author":[{"embeddable":true,"href":"https:\/\/www.visit-ulcinj.com\/blog\/wp-json\/wp\/v2\/users\/1"}],"replies":[{"embeddable":true,"href":"https:\/\/www.visit-ulcinj.com\/blog\/wp-json\/wp\/v2\/comments?post=60314"}],"version-history":[{"count":3,"href":"https:\/\/www.visit-ulcinj.com\/blog\/wp-json\/wp\/v2\/posts\/60314\/revisions"}],"predecessor-version":[{"id":60338,"href":"https:\/\/www.visit-ulcinj.com\/blog\/wp-json\/wp\/v2\/posts\/60314\/revisions\/60338"}],"wp:attachment":[{"href":"https:\/\/www.visit-ulcinj.com\/blog\/wp-json\/wp\/v2\/media?parent=60314"}],"wp:term":[{"taxonomy":"category","embeddable":true,"href":"https:\/\/www.visit-ulcinj.com\/blog\/wp-json\/wp\/v2\/categories?post=60314"},{"taxonomy":"post_tag","embeddable":true,"href":"https:\/\/www.visit-ulcinj.com\/blog\/wp-json\/wp\/v2\/tags?post=60314"}],"curies":[{"name":"wp","href":"https:\/\/api.w.org\/{rel}","templated":true}]}}