{"id":6032,"date":"2008-11-15T07:34:08","date_gmt":"2008-11-15T12:34:08","guid":{"rendered":"http:\/\/www.visit-ulcinj.com\/blog\/?p=6032"},"modified":"2008-11-15T07:58:51","modified_gmt":"2008-11-15T12:58:51","slug":"plackitje-ne-xhamine-e-kryepazaritulqin","status":"publish","type":"post","link":"https:\/\/www.visit-ulcinj.com\/blog\/2008\/11\/15\/plackitje-ne-xhamine-e-kryepazaritulqin\/","title":{"rendered":"Pla\u00e7kitje n\u00eb &#8220;Xhamin\u00eb e Kryepazarit&#8221;Ulqin"},"content":{"rendered":"<p><a href=\"http:\/\/www.visit-ulcinj.com\/blog\/wp-content\/uploads\/2008\/11\/xhamia-e-kryepazarit-ulqin.jpg\"><img loading=\"lazy\" class=\"alignleft size-medium wp-image-6034\" title=\"xhamia-e-kryepazarit-ulqin\" src=\"http:\/\/www.visit-ulcinj.com\/blog\/wp-content\/uploads\/2008\/11\/xhamia-e-kryepazarit-ulqin-224x300.jpg\" alt=\"Xhamia e Kryepazarit Ulqin  Qyteti i Ulqinit, ndon\u00ebse i vog\u00ebl, \u00ebsht\u00eb mjaft i gjall\u00eb dhe i mbushur p\u00ebrher\u00eb me njer\u00ebz q\u00eb shkojn\u00eb e vijn\u00eb n\u00eb k\u00ebrkim t\u00eb di\u00e7kaje. Aty, ka p\u00ebrher\u00eb vizitor\u00eb q\u00eb vijn\u00eb nga jasht\u00eb, shqiptar\u00eb t\u00eb diaspor\u00ebs, q\u00eb kthehen p\u00ebr t\u00eb kaluar muajin e Ramazanit me t\u00eb af\u00ebrmit e dashamir\u00ebt, me t\u00eb cil\u00ebt, jeta i ka ndar\u00eb cep m\u00eb cep t\u00eb bot\u00ebs...     Ramazani \u00ebsht\u00eb edhe muaji i t\u00eb ftuarve t\u00eb ndrysh\u00ebm t\u00eb Bashk\u00ebsis\u00eb Islame  t\u00eb k\u00ebtij qyteti, hoxhallar\u00eb, dijetar\u00eb, studiues, e personalitete t\u00eb spikatura t\u00eb Thirrjes Islame n\u00eb trevat tona, q\u00eb vijn\u00eb aty gjat\u00eb k\u00ebtyre dit\u00ebve, p\u00ebr t\u00eb pasuruar jet\u00ebn islame n\u00eb qytetin e vog\u00ebl bregdetar. Dhe \u00ebsht\u00eb kjo tradit\u00eb e bukur dhe e domosdoshme p\u00ebr gjall\u00ebrin\u00eb e Thirrjes Islame n\u00eb nj\u00eb vend, q\u00eb i jep vlera tradicionale dhe bashk\u00ebkohore k\u00ebsaj Thirrje t\u00eb lasht\u00eb n\u00eb k\u00ebt\u00eb qytet me vlera e tradit\u00eb!     Sonte, n\u00eb k\u00ebt\u00eb nat\u00eb t\u00eb nj\u00ebzet\u00eb, n\u00eb mbyllje t\u00eb dhjet\u00ebdit\u00ebshit t\u00eb dyt\u00eb t\u00eb k\u00ebtij muaji, s\u00ebbashku me thirr\u00ebsin islam Lavdrim Hamja, erdh\u00ebm p\u00ebr t\u2019u falur n\u00eb Ulqin.     Nga nj\u00eb v\u00ebshtrim i shpejt\u00eb n\u00eb k\u00ebto or\u00eb t\u00eb para t\u00eb k\u00ebsaj nate t\u00eb re, qyteti nuk ka ndonj\u00eb ndryshim t\u00eb madh me dit\u00ebt e net\u00ebt e tjera jasht\u00eb Ramazanit, p\u00ebrve\u00e7 ndonj\u00eb afisheje t\u00eb varur n\u00eb mur, tek-tuk, n\u00ebp\u00ebrmjet s\u00eb cil\u00ebs urohen besimtar\u00ebt me rastin e k\u00ebtij muaji t\u00eb begat\u00eb dhe urimeve t\u00eb p\u00ebrzem\u00ebrta q\u00eb d\u00ebgjon nga e djathta dhe e majta, me rastin e k\u00ebtij muaji.     Atmosfera e k\u00ebsaj nate teravie n\u00eb xhamin\u00eb e Kryepazarit, ku drejton teologu i nderuar, miku im, Rifat ef. Jusufi, \u00ebsht\u00eb e k\u00ebndshme dhe n\u00eb harmoni me atmosfer\u00ebn e vet\u00eb muajit. Te dera e jashtme e saj, n\u00eb krahun e djatht\u00eb, n\u00eb pllak\u00ebn e mermert\u00eb q\u00eb q\u00ebndron si adres\u00eb e k\u00ebsaj xhamie, sh\u00ebnohet: \u201cXhamia e Kryepazarit. E nd\u00ebrtoi Nuradin begu, 1749\u201d.     Nga brenda, xhamia e mo\u00e7me, \u00ebsht\u00eb e zbukuruar me shkrime t\u00eb shumta kur\u2019anore, lutje, fjala e Nj\u00ebsis\u00eb, deklamime t\u00eb ndryshme islame etj, q\u00eb duke i shtuar edhe llojet e kaligrafive arabe me t\u00eb cilat jan\u00eb kryer k\u00ebto shkrime dhe ngjyrat e tyre, e b\u00ebjn\u00eb at\u00eb nj\u00eb xhami t\u00eb ve\u00e7ant\u00eb e mjaft t\u00ebrheq\u00ebse p\u00ebr k\u00ebdo q\u00eb e viziton dhe b\u00ebhet pjes\u00eb e xhematit t\u00eb saj, qoft\u00eb edhe p\u00ebr nj\u00eb namaz.     N\u00eb ballin\u00eb t\u00eb xhamis\u00eb, n\u00eb t\u00eb djatht\u00eb t\u00eb mihrabit t\u00eb zbukuruar me ajetet e kibles, me nj\u00eb shkrim naziq, lexohet ajeti kur\u2019anor: \u201cAll-llahu nuk e prish gjendjen e nj\u00eb populli (nuk ua largon t\u00eb mirat) p\u00ebrderisa ata ta ndryshojn\u00eb veten e tyre\u201d[1]. N\u00eb krahun e djatht\u00eb t\u00eb mihrabit, n\u00eb nj\u00ebrin cep, \u00ebsht\u00eb shkruar sureja \u201cKeuther\u201d e p\u00ebrball\u00eb saj, n\u00eb form\u00ebn e nj\u00eb varke shp\u00ebtimi, kushtet e besimit islam (amentu bil-lahi, ve melaiketihi, ve kutubihi, ve rusulihi, vel-jeumil-ahiri...).     Xhamia e Kryepazarit \u00ebsht\u00eb e ndri\u00e7uar nga jasht\u00eb e nga brenda, sikurse \u00ebsht\u00eb e pajisur me t\u00eb gjitha pajisjet e nevojshme p\u00ebr kryerjen e ceremonive t\u00eb ndryshme fetare. N\u00eb dalje t\u00eb xhamis\u00eb, af\u00ebr der\u00ebs, q\u00ebndron nj\u00eb ark\u00eb e vog\u00ebl, n\u00eb adres\u00eb t\u00eb s\u00eb cil\u00ebs sh\u00ebnohet: \u201cSadaka\u201d. \u00cbsht\u00eb nj\u00eb gjetje interesante, q\u00eb fton k\u00ebdo p\u00ebr t\u00eb kontribuar p\u00ebr xhamin\u00eb dhe nevojat e saj, duke ndjer\u00eb nj\u00ebkoh\u00ebsisht edhe vler\u00ebn e sadekas\u00eb s\u00eb dobishme.     Disa minuta para se t\u00eb hynte koha e jacis\u00eb, me k\u00ebrkes\u00ebn dashamire t\u00eb imamit t\u00eb xhamis\u00eb, mbajta nj\u00eb vas\u00eb n\u00eb lidhje me mir\u00ebsin\u00eb e madhe q\u00eb na \u00ebsht\u00eb b\u00ebr\u00eb si besimtar\u00eb, mund\u00ebsia p\u00ebr t\u00eb agj\u00ebruar muajin e madh\u00ebruesh\u00ebm t\u00eb Ramazanit, q\u00eb nj\u00ebkoh\u00ebsisht \u00ebsht\u00eb edhe stin\u00eb e m\u00ebshir\u00ebs, faljes dhe bamir\u00ebsive t\u00eb pakufi. Nd\u00ebr t\u00eb tjera fola edhe p\u00ebr madh\u00ebshtin\u00eb e m\u00ebshir\u00ebs s\u00eb All-llahut (xh.sh.) p\u00ebr krijesat e Tij dhe se si Ai e ka l\u00ebn\u00eb t\u00eb hapur der\u00ebn e pendimit p\u00ebr ata q\u00eb vrapojn\u00eb drejt saj, deri n\u00eb momentet e fundit t\u00eb jet\u00ebs s\u00eb tyre, duke iu referuar ajetit kur\u2019anor: \u201cKush b\u00ebn ndonj\u00eb t\u00eb keqe ose e ngarkon veten, pastaj k\u00ebrkon falje tek All-llahu, ai e gjen All-llahun Fal\u00ebs dhe M\u00ebshirues\u201d[2].     Namazin e jacis\u00eb dhe teravin\u00eb e drejtoi imami i ri Safet Resulbegu, nj\u00eb djal\u00eb i hajth\u00ebm, dashamir\u00eb n\u00eb pamje t\u00eb par\u00eb dhe komunikues. Me z\u00ebrin e tij karakteristik, t\u00eb fort\u00eb e t\u00eb \u00ebmb\u00ebl, na dhuron k\u00ebnaq\u00ebsin\u00eb e p\u00ebrjetimit t\u00eb \u00e7do ajeti q\u00eb lexon n\u00eb nj\u00ebzet rekatet e teravis\u00eb, pa p\u00ebrmendur jacin\u00eb me vitrin e saj.     N\u00eb p\u00ebrfundim t\u00eb virdit, p\u00ebrqafimet e ngrohta hapin dyert e njohjeve t\u00eb reja p\u00ebr mua, n\u00eb xhamin\u00eb e Kryepazarit, n\u00eb Ulqin. Imami i xhamis\u00eb, Rifat efendiu, m\u00eb prezanton me imamin e Qendr\u00ebs Islame Shqiptare Amerikane, n\u00eb Kuins t\u00eb Nju Jorkut (ShBA), z. Jusuf Bolaj, i cili ka ardhur nga shum\u00eb larg p\u00ebr t\u00eb kaluar Ramazanin e k\u00ebtij viti me t\u00eb af\u00ebrmit e miqt\u00eb e tij n\u00eb Ulqin.     Pas prezantimit t\u00eb par\u00eb, biseda jon\u00eb sillet rreth aktiviteteve t\u00eb Qendr\u00ebs Islame atje, themelimit t\u00eb saj, kontributit p\u00ebr tubimin e shqiptar\u00ebve atje dhe t\u00eb tjera \u00e7\u00ebshtje q\u00eb lidhen me p\u00ebrparimin e Thirrjes Islame n\u00eb qendrat tona t\u00eb banimit e t\u00eb veprimtaris\u00eb thirr\u00ebse.     Nata e nj\u00ebzet\u00eb e k\u00ebtij Ramazani n\u00eb Ulqin, ishte si nj\u00eb frym\u00ebmarrje e re p\u00ebr ne, edhe p\u00ebr faktin e takimit me disa prej hoxhallar\u00ebve t\u00eb nderuar t\u00eb k\u00ebtij qytetit, njohjen me imamin shqiptar me aktivitet n\u00eb Nju Jork, vasin para xhematit ulqinak, k\u00ebmbimin e eksperiencave personale n\u00eb sh\u00ebrbim t\u00eb Thirrjes Islame etj.     Kthimi p\u00ebr n\u00eb Shkod\u00ebr, ndon\u00ebse n\u00eb nj\u00eb or\u00eb t\u00eb von\u00eb, shoq\u00ebrohet nga qet\u00ebsia e mesnat\u00ebs, drita e h\u00ebn\u00ebs q\u00eb rrezaton \u00ebmb\u00ebl mbi ne, freskia e vjesht\u00ebs e z\u00ebri i \u00ebmb\u00ebl i Gamidiut, q\u00eb me ajetet e Librit, i shton k\u00ebsaj nate t\u00eb begat\u00eb p\u00ebrshpirt\u00ebsi dhe prehje...     N\u00eb or\u00ebt e para t\u00eb nj\u00eb dite t\u00eb re q\u00eb \u00ebsht\u00eb nisur drejt nesh, Shkodra \u00ebsht\u00eb thuajse e p\u00ebrgjumur. Sheshi para xhamis\u00eb s\u00eb Parruc\u00ebs prehet n\u00eb paqe. Me siguri, edhe ai ka kaluar nj\u00eb dit\u00eb t\u00eb lodhshme (iftarin e madh t\u00eb shtruar n\u00eb mes t\u00eb sheshit, nga minibashkia \u201cBajram Pasha\u201d e Stambollit), por t\u00eb k\u00ebndshme, sikurse edhe ne, p\u00ebrtej kufirit... Autor \/ Thirr\u00ebsi islam Muhamed Sytari\" width=\"294\" height=\"393\" srcset=\"https:\/\/www.visit-ulcinj.com\/blog\/wp-content\/uploads\/2008\/11\/xhamia-e-kryepazarit-ulqin-224x300.jpg 224w, https:\/\/www.visit-ulcinj.com\/blog\/wp-content\/uploads\/2008\/11\/xhamia-e-kryepazarit-ulqin.jpg 500w\" sizes=\"(max-width: 294px) 100vw, 294px\" \/><\/a><strong>Hajnat marrin me vehte 10 euro<\/strong><br \/>\nPersona akoma t\u00eb panjohur nga ana e policis\u00eb s\u00eb Ulqinit, t\u00eb markuren n\u00eb or\u00ebt e hershme t\u00eb m\u00ebngjesit kan\u00eb p\u00ebrdhosur objektin e Xhamis t\u00eb Kryepazarit, n\u00eb Ulqin.Sipas p\u00ebrfaq\u00ebsuesve t\u00eb k\u00ebsaj xhamie, ata fillimisht kan\u00eb thyer der\u00ebn kryesore t\u00eb sekretarit t\u00eb Bashkesis Islame t\u00eb Ulqinit,duke kontrolluar zyren ku ndodhet dokumentacioni i xhamis\u00eb duke vjedhur vet\u00ebm 10 euro q\u00eb pati n\u00eb fiok.<br \/>\nSupozohet se ky akt vandal \u00ebsht\u00eb kryer nga persona t\u00eb rritur, p\u00ebr shkak se p\u00ebr t\u00eb hapur dyert kan\u00eb p\u00ebrdorur mjete t\u00eb forta metalike ternokopin(Cap\u00ebn).<br \/>\nT\u00eb shqet\u00ebsuar p\u00ebr k\u00ebt\u00eb akt ishte edhe nj\u00ebri nder\u00a0 imamet i xhamis\u00eb s\u00eb Ulqinit\u00a0 i cili deklaroi p\u00ebr gazet\u00ebn e p\u00ebrditeshme Vijesti se personat q\u00eb kan\u00eb hyr\u00eb n\u00eb xhami nuk kan\u00eb mundur t\u00eb gjejn\u00eb asnj\u00eb gj\u00eb q\u00eb atyre do t&#8217;u hynte n\u00eb pun\u00eb. &#8220;N\u00eb zyr\u00ebn e xhamis\u00eb i kishin kontrolluar t\u00eb gjitha dokumentet,por nuk kan\u00eb marr\u00eb me vete asnj\u00eb gj\u00eb&#8221;vet\u00ebm 10 euro, theksoi ai. Dyshohet se ata mund t\u00eb ken\u00eb hyr\u00eb p\u00ebr t\u00eb k\u00ebrkuar para m\u00eb teper se kan gjetur, b\u00ebn\u00eb t\u00eb ditur an\u00ebtar\u00eb t\u00eb k\u00ebshillit t\u00eb xhamis\u00eb. Ata q\u00eb n\u00eb m\u00ebngjes e kan\u00eb lajm\u00ebruar policin\u00eb e Ulqinit, e cila ka kryer hetimin n\u00eb vendin e ngjarjes, ku \u00ebsht\u00eb konstatuar se d\u00ebmi i shkaktuar kap vler\u00ebn e mij\u00ebra eurove duke haruar ternokopin n\u00eb vend t\u00eb ngjarjes.Ky \u00ebsht\u00eb rasti i par\u00eb q\u00eb n\u00eb sh\u00ebnjest\u00ebr t\u00eb hajnave t\u00eb jet\u00eb ndonj\u00eb objekt fetar n\u00eb komun t\u00eb Ulqinit.<br \/>\nBanor\u00ebt e Ulqinit e vler\u00ebsojn\u00eb k\u00ebt\u00eb veprim si nj\u00eb akt t\u00eb ul\u00ebt moral.<br \/>\n<strong>H.B<br \/>\nLajme nga Ulqini<\/strong><\/p>\n\n\t\t<style type=\"text\/css\">\n\t\t\t#gallery-1 {\n\t\t\t\tmargin: auto;\n\t\t\t}\n\t\t\t#gallery-1 .gallery-item {\n\t\t\t\tfloat: left;\n\t\t\t\tmargin-top: 10px;\n\t\t\t\ttext-align: center;\n\t\t\t\twidth: 33%;\n\t\t\t}\n\t\t\t#gallery-1 img {\n\t\t\t\tborder: 2px solid #cfcfcf;\n\t\t\t}\n\t\t\t#gallery-1 .gallery-caption {\n\t\t\t\tmargin-left: 0;\n\t\t\t}\n\t\t\t\/* see gallery_shortcode() in wp-includes\/media.php *\/\n\t\t<\/style>\n\t\t<div id='gallery-1' class='gallery galleryid-6032 gallery-columns-3 gallery-size-thumbnail'><dl class='gallery-item'>\n\t\t\t<dt class='gallery-icon portrait'>\n\t\t\t\t<a href='https:\/\/www.visit-ulcinj.com\/blog\/2008\/11\/15\/plackitje-ne-xhamine-e-kryepazaritulqin\/xhamia-e-kryepazarit-ulqin\/'><img width=\"150\" height=\"150\" src=\"https:\/\/www.visit-ulcinj.com\/blog\/wp-content\/uploads\/2008\/11\/xhamia-e-kryepazarit-ulqin-150x150.jpg\" class=\"attachment-thumbnail size-thumbnail\" alt=\"\" loading=\"lazy\" \/><\/a>\n\t\t\t<\/dt><\/dl><dl class='gallery-item'>\n\t\t\t<dt class='gallery-icon landscape'>\n\t\t\t\t<a href='https:\/\/www.visit-ulcinj.com\/blog\/2008\/11\/15\/plackitje-ne-xhamine-e-kryepazaritulqin\/xhamia-e-kryepazarit-ulqin00\/'><img width=\"150\" height=\"150\" src=\"https:\/\/www.visit-ulcinj.com\/blog\/wp-content\/uploads\/2008\/11\/xhamia-e-kryepazarit-ulqin00-150x150.jpg\" class=\"attachment-thumbnail size-thumbnail\" alt=\"\" loading=\"lazy\" \/><\/a>\n\t\t\t<\/dt><\/dl><dl class='gallery-item'>\n\t\t\t<dt class='gallery-icon landscape'>\n\t\t\t\t<a href='https:\/\/www.visit-ulcinj.com\/blog\/2008\/11\/15\/plackitje-ne-xhamine-e-kryepazaritulqin\/teravia-ne-xhamin-e-kryepazarit-ulqin01\/'><img width=\"150\" height=\"150\" src=\"https:\/\/www.visit-ulcinj.com\/blog\/wp-content\/uploads\/2008\/11\/teravia-ne-xhamin-e-kryepazarit-ulqin01-150x150.jpg\" class=\"attachment-thumbnail size-thumbnail\" alt=\"\" loading=\"lazy\" \/><\/a>\n\t\t\t<\/dt><\/dl><br style=\"clear: both\" \/>\n\t\t<\/div>\n\n","protected":false},"excerpt":{"rendered":"<p>Hajnat marrin me vehte 10 euro Persona akoma t\u00eb panjohur nga ana e policis\u00eb s\u00eb Ulqinit, t\u00eb markuren n\u00eb or\u00ebt e hershme t\u00eb m\u00ebngjesit kan\u00eb p\u00ebrdhosur objektin e Xhamis t\u00eb Kryepazarit, n\u00eb Ulqin.Sipas p\u00ebrfaq\u00ebsuesve t\u00eb k\u00ebsaj xhamie, ata fillimisht kan\u00eb thyer der\u00ebn kryesore t\u00eb sekretarit t\u00eb Bashkesis Islame t\u00eb Ulqinit,duke kontrolluar zyren ku ndodhet dokumentacioni [&hellip;]<\/p>\n","protected":false},"author":1,"featured_media":0,"comment_status":"open","ping_status":"closed","sticky":false,"template":"","format":"standard","meta":{"spay_email":"","jetpack_publicize_message":"","jetpack_is_tweetstorm":false,"jetpack_publicize_feature_enabled":true},"categories":[1],"tags":[5029,5028],"jetpack_publicize_connections":[],"yoast_head":"<!-- This site is optimized with the Yoast SEO plugin v19.1 - https:\/\/yoast.com\/wordpress\/plugins\/seo\/ -->\n<title>Pla\u00e7kitje n\u00eb &quot;Xhamin\u00eb e Kryepazarit&quot;Ulqin - Lajme nga Ulqini<\/title>\n<meta name=\"description\" content=\"Hajnat marrin me vehte 10 euro Persona akoma t\u00eb panjohur nga ana e policis\u00eb s\u00eb Ulqinit, t\u00eb markuren n\u00eb or\u00ebt e hershme t\u00eb m\u00ebngjesit kan\u00eb p\u00ebrdhosur objektin\" \/>\n<meta name=\"robots\" content=\"index, follow, max-snippet:-1, max-image-preview:large, max-video-preview:-1\" \/>\n<link rel=\"canonical\" href=\"https:\/\/www.visit-ulcinj.com\/blog\/2008\/11\/15\/plackitje-ne-xhamine-e-kryepazaritulqin\/\" \/>\n<meta property=\"og:locale\" content=\"en_US\" \/>\n<meta property=\"og:type\" content=\"article\" \/>\n<meta property=\"og:title\" content=\"Pla\u00e7kitje n\u00eb &quot;Xhamin\u00eb e Kryepazarit&quot;Ulqin - Lajme nga Ulqini\" \/>\n<meta property=\"og:description\" content=\"Hajnat marrin me vehte 10 euro Persona akoma t\u00eb panjohur nga ana e policis\u00eb s\u00eb Ulqinit, t\u00eb markuren n\u00eb or\u00ebt e hershme t\u00eb m\u00ebngjesit kan\u00eb p\u00ebrdhosur objektin\" \/>\n<meta property=\"og:url\" content=\"https:\/\/www.visit-ulcinj.com\/blog\/2008\/11\/15\/plackitje-ne-xhamine-e-kryepazaritulqin\/\" \/>\n<meta property=\"og:site_name\" content=\"Lajme nga Ulqini\" \/>\n<meta property=\"article:published_time\" content=\"2008-11-15T12:34:08+00:00\" \/>\n<meta property=\"article:modified_time\" content=\"2008-11-15T12:58:51+00:00\" \/>\n<meta property=\"og:image\" content=\"https:\/\/www.visit-ulcinj.com\/blog\/wp-content\/uploads\/2008\/11\/xhamia-e-kryepazarit-ulqin-150x150.jpg\" \/>\n<meta name=\"twitter:label1\" content=\"Written by\" \/>\n\t<meta name=\"twitter:data1\" content=\"ulqini\" \/>\n\t<meta name=\"twitter:label2\" content=\"Est. reading time\" \/>\n\t<meta name=\"twitter:data2\" content=\"1 minute\" \/>\n<script type=\"application\/ld+json\" class=\"yoast-schema-graph\">{\"@context\":\"https:\/\/schema.org\",\"@graph\":[{\"@type\":\"WebSite\",\"@id\":\"https:\/\/www.visit-ulcinj.com\/blog\/#website\",\"url\":\"https:\/\/www.visit-ulcinj.com\/blog\/\",\"name\":\"Lajme nga Ulqini\",\"description\":\"Lajme,Vijesti,Ulqini,Ulqin,Crna Gora,Mali i Zi\",\"potentialAction\":[{\"@type\":\"SearchAction\",\"target\":{\"@type\":\"EntryPoint\",\"urlTemplate\":\"https:\/\/www.visit-ulcinj.com\/blog\/?s={search_term_string}\"},\"query-input\":\"required name=search_term_string\"}],\"inLanguage\":\"en-US\"},{\"@type\":\"ImageObject\",\"inLanguage\":\"en-US\",\"@id\":\"https:\/\/www.visit-ulcinj.com\/blog\/2008\/11\/15\/plackitje-ne-xhamine-e-kryepazaritulqin\/#primaryimage\",\"url\":\"http:\/\/www.visit-ulcinj.com\/blog\/wp-content\/uploads\/2008\/11\/xhamia-e-kryepazarit-ulqin-224x300.jpg\",\"contentUrl\":\"http:\/\/www.visit-ulcinj.com\/blog\/wp-content\/uploads\/2008\/11\/xhamia-e-kryepazarit-ulqin-224x300.jpg\"},{\"@type\":\"WebPage\",\"@id\":\"https:\/\/www.visit-ulcinj.com\/blog\/2008\/11\/15\/plackitje-ne-xhamine-e-kryepazaritulqin\/#webpage\",\"url\":\"https:\/\/www.visit-ulcinj.com\/blog\/2008\/11\/15\/plackitje-ne-xhamine-e-kryepazaritulqin\/\",\"name\":\"Pla\u00e7kitje n\u00eb \\\"Xhamin\u00eb e Kryepazarit\\\"Ulqin - Lajme nga Ulqini\",\"isPartOf\":{\"@id\":\"https:\/\/www.visit-ulcinj.com\/blog\/#website\"},\"primaryImageOfPage\":{\"@id\":\"https:\/\/www.visit-ulcinj.com\/blog\/2008\/11\/15\/plackitje-ne-xhamine-e-kryepazaritulqin\/#primaryimage\"},\"datePublished\":\"2008-11-15T12:34:08+00:00\",\"dateModified\":\"2008-11-15T12:58:51+00:00\",\"author\":{\"@id\":\"https:\/\/www.visit-ulcinj.com\/blog\/#\/schema\/person\/dcab619c614d3038751c63bc2aadc06d\"},\"description\":\"Hajnat marrin me vehte 10 euro Persona akoma t\u00eb panjohur nga ana e policis\u00eb s\u00eb Ulqinit, t\u00eb markuren n\u00eb or\u00ebt e hershme t\u00eb m\u00ebngjesit kan\u00eb p\u00ebrdhosur objektin\",\"breadcrumb\":{\"@id\":\"https:\/\/www.visit-ulcinj.com\/blog\/2008\/11\/15\/plackitje-ne-xhamine-e-kryepazaritulqin\/#breadcrumb\"},\"inLanguage\":\"en-US\",\"potentialAction\":[{\"@type\":\"ReadAction\",\"target\":[\"https:\/\/www.visit-ulcinj.com\/blog\/2008\/11\/15\/plackitje-ne-xhamine-e-kryepazaritulqin\/\"]}]},{\"@type\":\"BreadcrumbList\",\"@id\":\"https:\/\/www.visit-ulcinj.com\/blog\/2008\/11\/15\/plackitje-ne-xhamine-e-kryepazaritulqin\/#breadcrumb\",\"itemListElement\":[{\"@type\":\"ListItem\",\"position\":1,\"name\":\"Pla\u00e7kitje n\u00eb &#8220;Xhamin\u00eb e Kryepazarit&#8221;Ulqin\"}]},{\"@type\":\"Person\",\"@id\":\"https:\/\/www.visit-ulcinj.com\/blog\/#\/schema\/person\/dcab619c614d3038751c63bc2aadc06d\",\"name\":\"ulqini\",\"sameAs\":[\"http:\/\/www.visit-ulcinj.com\"],\"url\":\"https:\/\/www.visit-ulcinj.com\/blog\/author\/admin\/\"}]}<\/script>\n<!-- \/ Yoast SEO plugin. -->","yoast_head_json":{"title":"Pla\u00e7kitje n\u00eb \"Xhamin\u00eb e Kryepazarit\"Ulqin - Lajme nga Ulqini","description":"Hajnat marrin me vehte 10 euro Persona akoma t\u00eb panjohur nga ana e policis\u00eb s\u00eb Ulqinit, t\u00eb markuren n\u00eb or\u00ebt e hershme t\u00eb m\u00ebngjesit kan\u00eb p\u00ebrdhosur objektin","robots":{"index":"index","follow":"follow","max-snippet":"max-snippet:-1","max-image-preview":"max-image-preview:large","max-video-preview":"max-video-preview:-1"},"canonical":"https:\/\/www.visit-ulcinj.com\/blog\/2008\/11\/15\/plackitje-ne-xhamine-e-kryepazaritulqin\/","og_locale":"en_US","og_type":"article","og_title":"Pla\u00e7kitje n\u00eb \"Xhamin\u00eb e Kryepazarit\"Ulqin - Lajme nga Ulqini","og_description":"Hajnat marrin me vehte 10 euro Persona akoma t\u00eb panjohur nga ana e policis\u00eb s\u00eb Ulqinit, t\u00eb markuren n\u00eb or\u00ebt e hershme t\u00eb m\u00ebngjesit kan\u00eb p\u00ebrdhosur objektin","og_url":"https:\/\/www.visit-ulcinj.com\/blog\/2008\/11\/15\/plackitje-ne-xhamine-e-kryepazaritulqin\/","og_site_name":"Lajme nga Ulqini","article_published_time":"2008-11-15T12:34:08+00:00","article_modified_time":"2008-11-15T12:58:51+00:00","og_image":[{"url":"https:\/\/www.visit-ulcinj.com\/blog\/wp-content\/uploads\/2008\/11\/xhamia-e-kryepazarit-ulqin-150x150.jpg"}],"twitter_misc":{"Written by":"ulqini","Est. reading time":"1 minute"},"schema":{"@context":"https:\/\/schema.org","@graph":[{"@type":"WebSite","@id":"https:\/\/www.visit-ulcinj.com\/blog\/#website","url":"https:\/\/www.visit-ulcinj.com\/blog\/","name":"Lajme nga Ulqini","description":"Lajme,Vijesti,Ulqini,Ulqin,Crna Gora,Mali i Zi","potentialAction":[{"@type":"SearchAction","target":{"@type":"EntryPoint","urlTemplate":"https:\/\/www.visit-ulcinj.com\/blog\/?s={search_term_string}"},"query-input":"required name=search_term_string"}],"inLanguage":"en-US"},{"@type":"ImageObject","inLanguage":"en-US","@id":"https:\/\/www.visit-ulcinj.com\/blog\/2008\/11\/15\/plackitje-ne-xhamine-e-kryepazaritulqin\/#primaryimage","url":"http:\/\/www.visit-ulcinj.com\/blog\/wp-content\/uploads\/2008\/11\/xhamia-e-kryepazarit-ulqin-224x300.jpg","contentUrl":"http:\/\/www.visit-ulcinj.com\/blog\/wp-content\/uploads\/2008\/11\/xhamia-e-kryepazarit-ulqin-224x300.jpg"},{"@type":"WebPage","@id":"https:\/\/www.visit-ulcinj.com\/blog\/2008\/11\/15\/plackitje-ne-xhamine-e-kryepazaritulqin\/#webpage","url":"https:\/\/www.visit-ulcinj.com\/blog\/2008\/11\/15\/plackitje-ne-xhamine-e-kryepazaritulqin\/","name":"Pla\u00e7kitje n\u00eb \"Xhamin\u00eb e Kryepazarit\"Ulqin - Lajme nga Ulqini","isPartOf":{"@id":"https:\/\/www.visit-ulcinj.com\/blog\/#website"},"primaryImageOfPage":{"@id":"https:\/\/www.visit-ulcinj.com\/blog\/2008\/11\/15\/plackitje-ne-xhamine-e-kryepazaritulqin\/#primaryimage"},"datePublished":"2008-11-15T12:34:08+00:00","dateModified":"2008-11-15T12:58:51+00:00","author":{"@id":"https:\/\/www.visit-ulcinj.com\/blog\/#\/schema\/person\/dcab619c614d3038751c63bc2aadc06d"},"description":"Hajnat marrin me vehte 10 euro Persona akoma t\u00eb panjohur nga ana e policis\u00eb s\u00eb Ulqinit, t\u00eb markuren n\u00eb or\u00ebt e hershme t\u00eb m\u00ebngjesit kan\u00eb p\u00ebrdhosur objektin","breadcrumb":{"@id":"https:\/\/www.visit-ulcinj.com\/blog\/2008\/11\/15\/plackitje-ne-xhamine-e-kryepazaritulqin\/#breadcrumb"},"inLanguage":"en-US","potentialAction":[{"@type":"ReadAction","target":["https:\/\/www.visit-ulcinj.com\/blog\/2008\/11\/15\/plackitje-ne-xhamine-e-kryepazaritulqin\/"]}]},{"@type":"BreadcrumbList","@id":"https:\/\/www.visit-ulcinj.com\/blog\/2008\/11\/15\/plackitje-ne-xhamine-e-kryepazaritulqin\/#breadcrumb","itemListElement":[{"@type":"ListItem","position":1,"name":"Pla\u00e7kitje n\u00eb &#8220;Xhamin\u00eb e Kryepazarit&#8221;Ulqin"}]},{"@type":"Person","@id":"https:\/\/www.visit-ulcinj.com\/blog\/#\/schema\/person\/dcab619c614d3038751c63bc2aadc06d","name":"ulqini","sameAs":["http:\/\/www.visit-ulcinj.com"],"url":"https:\/\/www.visit-ulcinj.com\/blog\/author\/admin\/"}]}},"jetpack_featured_media_url":"","jetpack_sharing_enabled":true,"jetpack_shortlink":"https:\/\/wp.me\/pe6lTn-1zi","_links":{"self":[{"href":"https:\/\/www.visit-ulcinj.com\/blog\/wp-json\/wp\/v2\/posts\/6032"}],"collection":[{"href":"https:\/\/www.visit-ulcinj.com\/blog\/wp-json\/wp\/v2\/posts"}],"about":[{"href":"https:\/\/www.visit-ulcinj.com\/blog\/wp-json\/wp\/v2\/types\/post"}],"author":[{"embeddable":true,"href":"https:\/\/www.visit-ulcinj.com\/blog\/wp-json\/wp\/v2\/users\/1"}],"replies":[{"embeddable":true,"href":"https:\/\/www.visit-ulcinj.com\/blog\/wp-json\/wp\/v2\/comments?post=6032"}],"version-history":[{"count":0,"href":"https:\/\/www.visit-ulcinj.com\/blog\/wp-json\/wp\/v2\/posts\/6032\/revisions"}],"wp:attachment":[{"href":"https:\/\/www.visit-ulcinj.com\/blog\/wp-json\/wp\/v2\/media?parent=6032"}],"wp:term":[{"taxonomy":"category","embeddable":true,"href":"https:\/\/www.visit-ulcinj.com\/blog\/wp-json\/wp\/v2\/categories?post=6032"},{"taxonomy":"post_tag","embeddable":true,"href":"https:\/\/www.visit-ulcinj.com\/blog\/wp-json\/wp\/v2\/tags?post=6032"}],"curies":[{"name":"wp","href":"https:\/\/api.w.org\/{rel}","templated":true}]}}