{"id":60339,"date":"2012-05-12T08:18:34","date_gmt":"2012-05-12T07:18:34","guid":{"rendered":"http:\/\/www.visit-ulcinj.com\/blog\/?p=60339"},"modified":"2012-05-12T13:45:24","modified_gmt":"2012-05-12T12:45:24","slug":"u-ulcinju-odrzana-vii-redovna-sjednica-socijalnog-savjeta-crne-gore","status":"publish","type":"post","link":"https:\/\/www.visit-ulcinj.com\/blog\/2012\/05\/12\/u-ulcinju-odrzana-vii-redovna-sjednica-socijalnog-savjeta-crne-gore\/","title":{"rendered":"U Ulcinju odr\u017eana VII redovna sjednica Socijalnog savjeta Crne Gore"},"content":{"rendered":"<p><a href=\"http:\/\/www.visit-ulcinj.com\/blog\/wp-content\/uploads\/2012\/05\/Suad-Numanovic-u-Ulcinj.jpg\"><img loading=\"lazy\" class=\"alignleft size-full wp-image-60341\" title=\"Suad Numanovic u Ulcinj\" src=\"http:\/\/www.visit-ulcinj.com\/blog\/wp-content\/uploads\/2012\/05\/Suad-Numanovic-u-Ulcinj.jpg\" alt=\"\" width=\"508\" height=\"339\" srcset=\"https:\/\/www.visit-ulcinj.com\/blog\/wp-content\/uploads\/2012\/05\/Suad-Numanovic-u-Ulcinj.jpg 508w, https:\/\/www.visit-ulcinj.com\/blog\/wp-content\/uploads\/2012\/05\/Suad-Numanovic-u-Ulcinj-300x200.jpg 300w\" sizes=\"(max-width: 508px) 100vw, 508px\" \/><\/a>Danas je u Ulcinju odr\u017eana VII redovna sjednica Socijalnog savjeta Crne Gore, kojom je predsjedavao ministar rada i socijalnog staranja i predsjednik Socijalnog savjeta dr Suad Numanovi\u0107.<\/p>\n<p>Sjednici je prisustvovao i predsjednik Op\u0161tine Ulcinj Nazif Cungu, koji je prisutne upoznao sa socioekonomskom situcijom u toj op\u0161tini. On je naglasio da je u Ulcinju u prethodnom periodu postignut napredak, jer je u posljednjih 6 mjeseci usvojeno 16 urbanisti\u010do &#8211; planskih dokumenata. Uskoro \u0107e biti zavr\u0161en i Regionalni vodovod u toj op\u0161tini, a o\u010dekuju da \u0107e se ubrzo zavr\u0161iti i realizacija projekta mosta preko Porta Milene, vrijednosti 14 miliona eura. Predsjednik Cungu ja kazao da je ovoj op\u0161tini potrebna pomo\u0107 pri naplati taksi, te da u tom smislu o\u010dekuju jo\u0161 ve\u0107e uklju\u010divanje inspekcija. On je izrazio zadovoljstvo time \u0161to pokazatelji tokom prvomajskih praznika, kada je boravio ve\u0107i broj turista, ukazuju da \u0107e ova turisti\u010dka sezona biti bolja od pro\u0161logodi\u0161nje.<\/p>\n<p>Na sjednici je potpisan Sporazum o osnivanju Socijalnog savjeta Ulcinj.<\/p>\n<p>Na sjednici se diskutovalo i o pripremi predstoje\u0107e turisti\u010dke sezone, o obavezama subjekata u sektoru turizma, inspekcijskom nadzoru, kao i sezonskom zapo\u0161ljavanju doma\u0107e radne snage.<\/p>\n<p>Ministar Numanovi\u0107 je ukazao da je tokom turisti\u010de sezone neophodno anga\u017eovati doma\u0107u radnu snagu, te da postoji prostor za njihovo zapo\u0161ljavanje na sezonskim poslovima, jer je samo tokom pro\u0161le godine izdato oko 20.000 dozvola za rad stranim dr\u017eavljanima. Ministar je kazao da je obaveza svih da se pobolj\u0161a plasman crnogorskih proizvoda, naro\u010dito kroz turisti\u010dku ponudu. Naglasio je da je neophodno da se kroz legalne tokove registruju svi kapaciteti privatnog smje\u0161taja, kao i da naplata boravi\u0161ne takse bude jo\u0161 efikasnija.<br \/>\n<a href=\"http:\/\/www.visit-ulcinj.com\/blog\/wp-content\/uploads\/2012\/05\/Nazif-Cungu_Ministar-Suad-Nimanovic_Ulcinj.jpg\"><img loading=\"lazy\" class=\"alignleft  wp-image-60376\" title=\"Nazif Cungu_Ministar Suad Nimanovic_Ulcinj\" src=\"http:\/\/www.visit-ulcinj.com\/blog\/wp-content\/uploads\/2012\/05\/Nazif-Cungu_Ministar-Suad-Nimanovic_Ulcinj.jpg\" alt=\"\" width=\"508\" height=\"300\" \/><\/a><\/p>\n<p>Nakon diskusije na sjednici su donijeti sljede\u0107i zaklju\u010dci:<\/p>\n<p>1. Socijalni savjet daje podr\u0161ku za zavr\u0161etak kapitalnih investicija u op\u0161tini Ulcinj, jer je to preduslov za privla\u010denje novih stranih investicija. Socijalni savjet podr\u017eava rad Koordinacionog tijela za suzbijanje sive ekonomije, a od socijalnih<br \/>\npartnera se o\u010dekuje da svojim sugestijama pomognu u radu ovog tijela.<br \/>\n2. Preporu\u010duje se poslodavcima iz sektora turizma i ugostiteljstva da, prilikom zapo\u0161ljavanja radne snage u toku turisti\u010dke sezone, u maksimalnoj mjeri iskoriste potencijal doma\u0107e ponude radne snage, do mjere koja ne\u0107e ugroziti obim i kvalitet turisti\u010dkih usluga.<br \/>\n3. Preporu\u010duje se Uniji poslodavaca da, zajedno sa Ministarstvom rada i socijalnog staranja i Zavodom za zapo\u0161ljavanje, podstakne \u0161to ve\u0107i broj poslodavaca da iskoriste povoljnosti koje nudi Uredba o subvencijama za zapo\u0161ljavanje odre\u0111enih kategorija nezaposlenih lica, naro\u010dito u dijelu koji se odnosi na sezonsko zapo\u0161ljavanje doma\u0107e radne snage.<br \/>\n4. Preporu\u010duje se Zavodu za zapo\u0161ljavanje da, u saradnji sa Unijom poslodavaca, promovi\u0161e realizaciju projekata kojima se omogu\u0107ava sezonsko zapo\u0161ljavanje mladih, maturanata i studenata (Projekti \u201eZaposlimo na\u0161e mlade\u201c, i \u201dLjeto za zaradu\u201c), sa naglaskom za \u0161to ve\u0107im anga\u017eovanjem nezaposlenih na sezonskim poslovima, imaju\u0107i u vidu nezaposlenost u sjevernom regionu Crne Gore.<br \/>\n5. Preporu\u010duje se Uniji poslodavaca kao reprezentativnom udru\u017eenju da, kroz pokretanje dijaloga me\u0111u svojim \u010dlanicama, pomogne ja\u010danju svijesti o potebi ve\u0107e zastupljenosti doma\u0107ih proizvoda u ugostiteljskim objektima, sa ciljem stvaranja autenti\u010dnog doma\u0107eg turisti\u010dko-ugostiteljskog proizvoda i podizanja njihove konkurentnosti na tr\u017ei\u0161tu.<\/p>\n<p><a href=\"http:\/\/www.gov.me\/naslovna\/vijesti-iz-ministarstava\/113840\/Odrzana-VII-redovna-sjednica-Socijalnog-savjeta.htmlhttp:\/\/\" target=\"_blank\"><strong>Izvor: Ministarstvo rada i socijalnog staranja<\/strong><\/a><\/p>\n","protected":false},"excerpt":{"rendered":"<p>Danas je u Ulcinju odr\u017eana VII redovna sjednica Socijalnog savjeta Crne Gore, kojom je predsjedavao ministar rada i socijalnog staranja i predsjednik Socijalnog savjeta dr Suad Numanovi\u0107. Sjednici je prisustvovao i predsjednik Op\u0161tine Ulcinj Nazif Cungu, koji je prisutne upoznao sa socioekonomskom situcijom u toj op\u0161tini. On je naglasio da je u Ulcinju u prethodnom [&hellip;]<\/p>\n","protected":false},"author":1,"featured_media":0,"comment_status":"open","ping_status":"closed","sticky":false,"template":"","format":"standard","meta":{"spay_email":"","jetpack_publicize_message":"","jetpack_is_tweetstorm":false,"jetpack_publicize_feature_enabled":true},"categories":[8337],"tags":[118,13510,19],"jetpack_publicize_connections":[],"yoast_head":"<!-- This site is optimized with the Yoast SEO plugin v19.1 - https:\/\/yoast.com\/wordpress\/plugins\/seo\/ -->\n<title>U Ulcinju odr\u017eana VII redovna sjednica Socijalnog savjeta Crne Gore - Lajme nga Ulqini<\/title>\n<meta name=\"description\" content=\"Danas je u Ulcinju odr\u017eana VII redovna sjednica Socijalnog savjeta Crne Gore, kojom je predsjedavao ministar rada i socijalnog staranja i predsjednik\" \/>\n<meta name=\"robots\" content=\"index, follow, max-snippet:-1, max-image-preview:large, max-video-preview:-1\" \/>\n<link rel=\"canonical\" href=\"https:\/\/www.visit-ulcinj.com\/blog\/2012\/05\/12\/u-ulcinju-odrzana-vii-redovna-sjednica-socijalnog-savjeta-crne-gore\/\" \/>\n<meta property=\"og:locale\" content=\"en_US\" \/>\n<meta property=\"og:type\" content=\"article\" \/>\n<meta property=\"og:title\" content=\"U Ulcinju odr\u017eana VII redovna sjednica Socijalnog savjeta Crne Gore - Lajme nga Ulqini\" \/>\n<meta property=\"og:description\" content=\"Danas je u Ulcinju odr\u017eana VII redovna sjednica Socijalnog savjeta Crne Gore, kojom je predsjedavao ministar rada i socijalnog staranja i predsjednik\" \/>\n<meta property=\"og:url\" content=\"https:\/\/www.visit-ulcinj.com\/blog\/2012\/05\/12\/u-ulcinju-odrzana-vii-redovna-sjednica-socijalnog-savjeta-crne-gore\/\" \/>\n<meta property=\"og:site_name\" content=\"Lajme nga Ulqini\" \/>\n<meta property=\"article:published_time\" content=\"2012-05-12T07:18:34+00:00\" \/>\n<meta property=\"article:modified_time\" content=\"2012-05-12T12:45:24+00:00\" \/>\n<meta property=\"og:image\" content=\"http:\/\/www.visit-ulcinj.com\/blog\/wp-content\/uploads\/2012\/05\/Suad-Numanovic-u-Ulcinj.jpg\" \/>\n<meta name=\"twitter:label1\" content=\"Written by\" \/>\n\t<meta name=\"twitter:data1\" content=\"ulqini\" \/>\n\t<meta name=\"twitter:label2\" content=\"Est. reading time\" \/>\n\t<meta name=\"twitter:data2\" content=\"3 minutes\" \/>\n<script type=\"application\/ld+json\" class=\"yoast-schema-graph\">{\"@context\":\"https:\/\/schema.org\",\"@graph\":[{\"@type\":\"WebSite\",\"@id\":\"https:\/\/www.visit-ulcinj.com\/blog\/#website\",\"url\":\"https:\/\/www.visit-ulcinj.com\/blog\/\",\"name\":\"Lajme nga Ulqini\",\"description\":\"Lajme,Vijesti,Ulqini,Ulqin,Crna Gora,Mali i Zi\",\"potentialAction\":[{\"@type\":\"SearchAction\",\"target\":{\"@type\":\"EntryPoint\",\"urlTemplate\":\"https:\/\/www.visit-ulcinj.com\/blog\/?s={search_term_string}\"},\"query-input\":\"required name=search_term_string\"}],\"inLanguage\":\"en-US\"},{\"@type\":\"ImageObject\",\"inLanguage\":\"en-US\",\"@id\":\"https:\/\/www.visit-ulcinj.com\/blog\/2012\/05\/12\/u-ulcinju-odrzana-vii-redovna-sjednica-socijalnog-savjeta-crne-gore\/#primaryimage\",\"url\":\"https:\/\/www.visit-ulcinj.com\/blog\/wp-content\/uploads\/2012\/05\/Suad-Numanovic-u-Ulcinj.jpg\",\"contentUrl\":\"https:\/\/www.visit-ulcinj.com\/blog\/wp-content\/uploads\/2012\/05\/Suad-Numanovic-u-Ulcinj.jpg\",\"width\":\"508\",\"height\":\"339\"},{\"@type\":\"WebPage\",\"@id\":\"https:\/\/www.visit-ulcinj.com\/blog\/2012\/05\/12\/u-ulcinju-odrzana-vii-redovna-sjednica-socijalnog-savjeta-crne-gore\/#webpage\",\"url\":\"https:\/\/www.visit-ulcinj.com\/blog\/2012\/05\/12\/u-ulcinju-odrzana-vii-redovna-sjednica-socijalnog-savjeta-crne-gore\/\",\"name\":\"U Ulcinju odr\u017eana VII redovna sjednica Socijalnog savjeta Crne Gore - Lajme nga Ulqini\",\"isPartOf\":{\"@id\":\"https:\/\/www.visit-ulcinj.com\/blog\/#website\"},\"primaryImageOfPage\":{\"@id\":\"https:\/\/www.visit-ulcinj.com\/blog\/2012\/05\/12\/u-ulcinju-odrzana-vii-redovna-sjednica-socijalnog-savjeta-crne-gore\/#primaryimage\"},\"datePublished\":\"2012-05-12T07:18:34+00:00\",\"dateModified\":\"2012-05-12T12:45:24+00:00\",\"author\":{\"@id\":\"https:\/\/www.visit-ulcinj.com\/blog\/#\/schema\/person\/dcab619c614d3038751c63bc2aadc06d\"},\"description\":\"Danas je u Ulcinju odr\u017eana VII redovna sjednica Socijalnog savjeta Crne Gore, kojom je predsjedavao ministar rada i socijalnog staranja i predsjednik\",\"breadcrumb\":{\"@id\":\"https:\/\/www.visit-ulcinj.com\/blog\/2012\/05\/12\/u-ulcinju-odrzana-vii-redovna-sjednica-socijalnog-savjeta-crne-gore\/#breadcrumb\"},\"inLanguage\":\"en-US\",\"potentialAction\":[{\"@type\":\"ReadAction\",\"target\":[\"https:\/\/www.visit-ulcinj.com\/blog\/2012\/05\/12\/u-ulcinju-odrzana-vii-redovna-sjednica-socijalnog-savjeta-crne-gore\/\"]}]},{\"@type\":\"BreadcrumbList\",\"@id\":\"https:\/\/www.visit-ulcinj.com\/blog\/2012\/05\/12\/u-ulcinju-odrzana-vii-redovna-sjednica-socijalnog-savjeta-crne-gore\/#breadcrumb\",\"itemListElement\":[{\"@type\":\"ListItem\",\"position\":1,\"name\":\"U Ulcinju odr\u017eana VII redovna sjednica Socijalnog savjeta Crne Gore\"}]},{\"@type\":\"Person\",\"@id\":\"https:\/\/www.visit-ulcinj.com\/blog\/#\/schema\/person\/dcab619c614d3038751c63bc2aadc06d\",\"name\":\"ulqini\",\"sameAs\":[\"http:\/\/www.visit-ulcinj.com\"],\"url\":\"https:\/\/www.visit-ulcinj.com\/blog\/author\/admin\/\"}]}<\/script>\n<!-- \/ Yoast SEO plugin. -->","yoast_head_json":{"title":"U Ulcinju odr\u017eana VII redovna sjednica Socijalnog savjeta Crne Gore - Lajme nga Ulqini","description":"Danas je u Ulcinju odr\u017eana VII redovna sjednica Socijalnog savjeta Crne Gore, kojom je predsjedavao ministar rada i socijalnog staranja i predsjednik","robots":{"index":"index","follow":"follow","max-snippet":"max-snippet:-1","max-image-preview":"max-image-preview:large","max-video-preview":"max-video-preview:-1"},"canonical":"https:\/\/www.visit-ulcinj.com\/blog\/2012\/05\/12\/u-ulcinju-odrzana-vii-redovna-sjednica-socijalnog-savjeta-crne-gore\/","og_locale":"en_US","og_type":"article","og_title":"U Ulcinju odr\u017eana VII redovna sjednica Socijalnog savjeta Crne Gore - Lajme nga Ulqini","og_description":"Danas je u Ulcinju odr\u017eana VII redovna sjednica Socijalnog savjeta Crne Gore, kojom je predsjedavao ministar rada i socijalnog staranja i predsjednik","og_url":"https:\/\/www.visit-ulcinj.com\/blog\/2012\/05\/12\/u-ulcinju-odrzana-vii-redovna-sjednica-socijalnog-savjeta-crne-gore\/","og_site_name":"Lajme nga Ulqini","article_published_time":"2012-05-12T07:18:34+00:00","article_modified_time":"2012-05-12T12:45:24+00:00","og_image":[{"url":"http:\/\/www.visit-ulcinj.com\/blog\/wp-content\/uploads\/2012\/05\/Suad-Numanovic-u-Ulcinj.jpg"}],"twitter_misc":{"Written by":"ulqini","Est. reading time":"3 minutes"},"schema":{"@context":"https:\/\/schema.org","@graph":[{"@type":"WebSite","@id":"https:\/\/www.visit-ulcinj.com\/blog\/#website","url":"https:\/\/www.visit-ulcinj.com\/blog\/","name":"Lajme nga Ulqini","description":"Lajme,Vijesti,Ulqini,Ulqin,Crna Gora,Mali i Zi","potentialAction":[{"@type":"SearchAction","target":{"@type":"EntryPoint","urlTemplate":"https:\/\/www.visit-ulcinj.com\/blog\/?s={search_term_string}"},"query-input":"required name=search_term_string"}],"inLanguage":"en-US"},{"@type":"ImageObject","inLanguage":"en-US","@id":"https:\/\/www.visit-ulcinj.com\/blog\/2012\/05\/12\/u-ulcinju-odrzana-vii-redovna-sjednica-socijalnog-savjeta-crne-gore\/#primaryimage","url":"https:\/\/www.visit-ulcinj.com\/blog\/wp-content\/uploads\/2012\/05\/Suad-Numanovic-u-Ulcinj.jpg","contentUrl":"https:\/\/www.visit-ulcinj.com\/blog\/wp-content\/uploads\/2012\/05\/Suad-Numanovic-u-Ulcinj.jpg","width":"508","height":"339"},{"@type":"WebPage","@id":"https:\/\/www.visit-ulcinj.com\/blog\/2012\/05\/12\/u-ulcinju-odrzana-vii-redovna-sjednica-socijalnog-savjeta-crne-gore\/#webpage","url":"https:\/\/www.visit-ulcinj.com\/blog\/2012\/05\/12\/u-ulcinju-odrzana-vii-redovna-sjednica-socijalnog-savjeta-crne-gore\/","name":"U Ulcinju odr\u017eana VII redovna sjednica Socijalnog savjeta Crne Gore - Lajme nga Ulqini","isPartOf":{"@id":"https:\/\/www.visit-ulcinj.com\/blog\/#website"},"primaryImageOfPage":{"@id":"https:\/\/www.visit-ulcinj.com\/blog\/2012\/05\/12\/u-ulcinju-odrzana-vii-redovna-sjednica-socijalnog-savjeta-crne-gore\/#primaryimage"},"datePublished":"2012-05-12T07:18:34+00:00","dateModified":"2012-05-12T12:45:24+00:00","author":{"@id":"https:\/\/www.visit-ulcinj.com\/blog\/#\/schema\/person\/dcab619c614d3038751c63bc2aadc06d"},"description":"Danas je u Ulcinju odr\u017eana VII redovna sjednica Socijalnog savjeta Crne Gore, kojom je predsjedavao ministar rada i socijalnog staranja i predsjednik","breadcrumb":{"@id":"https:\/\/www.visit-ulcinj.com\/blog\/2012\/05\/12\/u-ulcinju-odrzana-vii-redovna-sjednica-socijalnog-savjeta-crne-gore\/#breadcrumb"},"inLanguage":"en-US","potentialAction":[{"@type":"ReadAction","target":["https:\/\/www.visit-ulcinj.com\/blog\/2012\/05\/12\/u-ulcinju-odrzana-vii-redovna-sjednica-socijalnog-savjeta-crne-gore\/"]}]},{"@type":"BreadcrumbList","@id":"https:\/\/www.visit-ulcinj.com\/blog\/2012\/05\/12\/u-ulcinju-odrzana-vii-redovna-sjednica-socijalnog-savjeta-crne-gore\/#breadcrumb","itemListElement":[{"@type":"ListItem","position":1,"name":"U Ulcinju odr\u017eana VII redovna sjednica Socijalnog savjeta Crne Gore"}]},{"@type":"Person","@id":"https:\/\/www.visit-ulcinj.com\/blog\/#\/schema\/person\/dcab619c614d3038751c63bc2aadc06d","name":"ulqini","sameAs":["http:\/\/www.visit-ulcinj.com"],"url":"https:\/\/www.visit-ulcinj.com\/blog\/author\/admin\/"}]}},"jetpack_featured_media_url":"","jetpack_sharing_enabled":true,"jetpack_shortlink":"https:\/\/wp.me\/pe6lTn-fHd","_links":{"self":[{"href":"https:\/\/www.visit-ulcinj.com\/blog\/wp-json\/wp\/v2\/posts\/60339"}],"collection":[{"href":"https:\/\/www.visit-ulcinj.com\/blog\/wp-json\/wp\/v2\/posts"}],"about":[{"href":"https:\/\/www.visit-ulcinj.com\/blog\/wp-json\/wp\/v2\/types\/post"}],"author":[{"embeddable":true,"href":"https:\/\/www.visit-ulcinj.com\/blog\/wp-json\/wp\/v2\/users\/1"}],"replies":[{"embeddable":true,"href":"https:\/\/www.visit-ulcinj.com\/blog\/wp-json\/wp\/v2\/comments?post=60339"}],"version-history":[{"count":2,"href":"https:\/\/www.visit-ulcinj.com\/blog\/wp-json\/wp\/v2\/posts\/60339\/revisions"}],"predecessor-version":[{"id":60377,"href":"https:\/\/www.visit-ulcinj.com\/blog\/wp-json\/wp\/v2\/posts\/60339\/revisions\/60377"}],"wp:attachment":[{"href":"https:\/\/www.visit-ulcinj.com\/blog\/wp-json\/wp\/v2\/media?parent=60339"}],"wp:term":[{"taxonomy":"category","embeddable":true,"href":"https:\/\/www.visit-ulcinj.com\/blog\/wp-json\/wp\/v2\/categories?post=60339"},{"taxonomy":"post_tag","embeddable":true,"href":"https:\/\/www.visit-ulcinj.com\/blog\/wp-json\/wp\/v2\/tags?post=60339"}],"curies":[{"name":"wp","href":"https:\/\/api.w.org\/{rel}","templated":true}]}}