{"id":60344,"date":"2012-05-12T09:25:06","date_gmt":"2012-05-12T08:25:06","guid":{"rendered":"http:\/\/www.visit-ulcinj.com\/blog\/?p=60344"},"modified":"2012-05-14T16:48:38","modified_gmt":"2012-05-14T15:48:38","slug":"a-do-jete-elvir-resulanifitues-i-collezione-albania2012","status":"publish","type":"post","link":"https:\/\/www.visit-ulcinj.com\/blog\/2012\/05\/12\/a-do-jete-elvir-resulanifitues-i-collezione-albania2012\/","title":{"rendered":"A do jet\u00eb Elvir Resulani,fitues i \u201cCollezione Albania\u201d2012"},"content":{"rendered":"<p><a href=\"http:\/\/www.visit-ulcinj.com\/blog\/wp-content\/uploads\/2012\/05\/Elvir-Resulani-nga-Ulqini.jpg\"><img loading=\"lazy\" class=\"alignleft  wp-image-60345\" title=\"Elvir Resulani nga Ulqini\" src=\"http:\/\/www.visit-ulcinj.com\/blog\/wp-content\/uploads\/2012\/05\/Elvir-Resulani-nga-Ulqini.jpg\" alt=\"\" width=\"508\" height=\"360\" \/><\/a>Sot ka p\u00ebrfunduar edicioni i spektaklit, ku ne oren 12:00 do te shpallen fituesit \u201cCollezione Albania\u201d, ku fitues i k\u00ebtij edicioni nuk \u00ebsht\u00eb i shpallur ende askush, ende i panjohur p\u00ebr shikuesit e spektaklit \u201cCollezione Albania\u201d,si Elvir Resulani,sa duket ulqinak\u00ebt nuk kan votuar ne mas\u00eb t\u00eb madhe.<\/p>\n<p>Me k\u00ebt\u00eb rast, n\u00ebqofse Elvir Resulani ka fituar \u00e7mimin kryesor, Vendi i pare &#8211; 15000 Leke blerje ne collezione, Vendi i Dyte &#8211; 10000 Leke blerje ne collezione dhe Vendi i trete &#8211; 5000 Leke blerje ne collezione. Konkurimi do te mbyllet ne dat\u00ebn.12 Maj 2012 n\u00eb ora 12\u00a0:00 ku dhe do shpallen fituesit.<\/p>\n<p>Megjith\u00eb shikueshm\u00ebrin\u00eb e lart\u00eb t\u00eb k\u00ebtij reality show, kritika m\u00eb e madhe shkon p\u00ebr drejtuesen e k\u00ebtij spektakli,ku nuk e ben spektaklin e tyre shum\u00eb t\u00eb njohur n\u00eb mediat.<\/p>\n<p>Elvir Resulani pasi q\u00eb n\u00eb k\u00ebt\u00eb spektak\u00ebl shum\u00eb t\u00eb shikuar, ai ka fituar edhe fam\u00eb n\u00eb mediat e Best Style Fachion 2012 Albania .<\/p>\n<p>Elvir Resulani \u00ebsht\u00eb ulqinak, i lindur m\u00eb 14 shtator 1985. Shkoll\u00ebn fillore dhe gjimnazin i kreu n\u00eb Ulqin.Punon dhe vepron n\u00eb Ulqin si Elektri\u00e7ist\u00eb.<\/p>\n<p><a href=\"https:\/\/www.facebook.com\/photo.php?fbid=417815808231364&amp;set=a.417219441624334.102378.148912745121673&amp;type=3&amp;theater\" target=\"_blank\"><strong>Collezione Albania Facebook<\/strong><\/a><\/p>\n<!--YouTube Error: bad URL entered-->\n","protected":false},"excerpt":{"rendered":"<p>Sot ka p\u00ebrfunduar edicioni i spektaklit, ku ne oren 12:00 do te shpallen fituesit \u201cCollezione Albania\u201d, ku fitues i k\u00ebtij edicioni nuk \u00ebsht\u00eb i shpallur ende askush, ende i panjohur p\u00ebr shikuesit e spektaklit \u201cCollezione Albania\u201d,si Elvir Resulani,sa duket ulqinak\u00ebt nuk kan votuar ne mas\u00eb t\u00eb madhe. Me k\u00ebt\u00eb rast, n\u00ebqofse Elvir Resulani ka fituar [&hellip;]<\/p>\n","protected":false},"author":1,"featured_media":0,"comment_status":"open","ping_status":"closed","sticky":false,"template":"","format":"standard","meta":{"spay_email":"","jetpack_publicize_message":"","jetpack_is_tweetstorm":false,"jetpack_publicize_feature_enabled":true},"categories":[1],"tags":[11593,20452,20451,20455,20450,20453,7103,20454,6693,3797,18,19460],"jetpack_publicize_connections":[],"yoast_head":"<!-- This site is optimized with the Yoast SEO plugin v19.1 - https:\/\/yoast.com\/wordpress\/plugins\/seo\/ -->\n<title>A do jet\u00eb Elvir Resulani,fitues i \u201cCollezione Albania\u201d2012 - Lajme nga Ulqini<\/title>\n<meta name=\"description\" content=\"Sot ka p\u00ebrfunduar edicioni i spektaklit, ku ne oren 12:00 do te shpallen fituesit \u201cCollezione Albania\u201d, ku fitues i k\u00ebtij edicioni nuk \u00ebsht\u00eb i shpallur\" \/>\n<meta name=\"robots\" content=\"index, follow, max-snippet:-1, max-image-preview:large, max-video-preview:-1\" \/>\n<link rel=\"canonical\" href=\"https:\/\/www.visit-ulcinj.com\/blog\/2012\/05\/12\/a-do-jete-elvir-resulanifitues-i-collezione-albania2012\/\" \/>\n<meta property=\"og:locale\" content=\"en_US\" \/>\n<meta property=\"og:type\" content=\"article\" \/>\n<meta property=\"og:title\" content=\"A do jet\u00eb Elvir Resulani,fitues i \u201cCollezione Albania\u201d2012 - Lajme nga Ulqini\" \/>\n<meta property=\"og:description\" content=\"Sot ka p\u00ebrfunduar edicioni i spektaklit, ku ne oren 12:00 do te shpallen fituesit \u201cCollezione Albania\u201d, ku fitues i k\u00ebtij edicioni nuk \u00ebsht\u00eb i shpallur\" \/>\n<meta property=\"og:url\" content=\"https:\/\/www.visit-ulcinj.com\/blog\/2012\/05\/12\/a-do-jete-elvir-resulanifitues-i-collezione-albania2012\/\" \/>\n<meta property=\"og:site_name\" content=\"Lajme nga Ulqini\" \/>\n<meta property=\"article:published_time\" content=\"2012-05-12T08:25:06+00:00\" \/>\n<meta property=\"article:modified_time\" content=\"2012-05-14T15:48:38+00:00\" \/>\n<meta property=\"og:image\" content=\"http:\/\/www.visit-ulcinj.com\/blog\/wp-content\/uploads\/2012\/05\/Elvir-Resulani-nga-Ulqini.jpg\" \/>\n<meta name=\"twitter:label1\" content=\"Written by\" \/>\n\t<meta name=\"twitter:data1\" content=\"ulqini\" \/>\n\t<meta name=\"twitter:label2\" content=\"Est. reading time\" \/>\n\t<meta name=\"twitter:data2\" content=\"1 minute\" \/>\n<script type=\"application\/ld+json\" class=\"yoast-schema-graph\">{\"@context\":\"https:\/\/schema.org\",\"@graph\":[{\"@type\":\"WebSite\",\"@id\":\"https:\/\/www.visit-ulcinj.com\/blog\/#website\",\"url\":\"https:\/\/www.visit-ulcinj.com\/blog\/\",\"name\":\"Lajme nga Ulqini\",\"description\":\"Lajme,Vijesti,Ulqini,Ulqin,Crna Gora,Mali i Zi\",\"potentialAction\":[{\"@type\":\"SearchAction\",\"target\":{\"@type\":\"EntryPoint\",\"urlTemplate\":\"https:\/\/www.visit-ulcinj.com\/blog\/?s={search_term_string}\"},\"query-input\":\"required name=search_term_string\"}],\"inLanguage\":\"en-US\"},{\"@type\":\"ImageObject\",\"inLanguage\":\"en-US\",\"@id\":\"https:\/\/www.visit-ulcinj.com\/blog\/2012\/05\/12\/a-do-jete-elvir-resulanifitues-i-collezione-albania2012\/#primaryimage\",\"url\":\"https:\/\/www.visit-ulcinj.com\/blog\/wp-content\/uploads\/2012\/05\/Elvir-Resulani-nga-Ulqini.jpg\",\"contentUrl\":\"https:\/\/www.visit-ulcinj.com\/blog\/wp-content\/uploads\/2012\/05\/Elvir-Resulani-nga-Ulqini.jpg\",\"width\":\"720\",\"height\":\"540\"},{\"@type\":\"WebPage\",\"@id\":\"https:\/\/www.visit-ulcinj.com\/blog\/2012\/05\/12\/a-do-jete-elvir-resulanifitues-i-collezione-albania2012\/#webpage\",\"url\":\"https:\/\/www.visit-ulcinj.com\/blog\/2012\/05\/12\/a-do-jete-elvir-resulanifitues-i-collezione-albania2012\/\",\"name\":\"A do jet\u00eb Elvir Resulani,fitues i \u201cCollezione Albania\u201d2012 - Lajme nga Ulqini\",\"isPartOf\":{\"@id\":\"https:\/\/www.visit-ulcinj.com\/blog\/#website\"},\"primaryImageOfPage\":{\"@id\":\"https:\/\/www.visit-ulcinj.com\/blog\/2012\/05\/12\/a-do-jete-elvir-resulanifitues-i-collezione-albania2012\/#primaryimage\"},\"datePublished\":\"2012-05-12T08:25:06+00:00\",\"dateModified\":\"2012-05-14T15:48:38+00:00\",\"author\":{\"@id\":\"https:\/\/www.visit-ulcinj.com\/blog\/#\/schema\/person\/dcab619c614d3038751c63bc2aadc06d\"},\"description\":\"Sot ka p\u00ebrfunduar edicioni i spektaklit, ku ne oren 12:00 do te shpallen fituesit \u201cCollezione Albania\u201d, ku fitues i k\u00ebtij edicioni nuk \u00ebsht\u00eb i shpallur\",\"breadcrumb\":{\"@id\":\"https:\/\/www.visit-ulcinj.com\/blog\/2012\/05\/12\/a-do-jete-elvir-resulanifitues-i-collezione-albania2012\/#breadcrumb\"},\"inLanguage\":\"en-US\",\"potentialAction\":[{\"@type\":\"ReadAction\",\"target\":[\"https:\/\/www.visit-ulcinj.com\/blog\/2012\/05\/12\/a-do-jete-elvir-resulanifitues-i-collezione-albania2012\/\"]}]},{\"@type\":\"BreadcrumbList\",\"@id\":\"https:\/\/www.visit-ulcinj.com\/blog\/2012\/05\/12\/a-do-jete-elvir-resulanifitues-i-collezione-albania2012\/#breadcrumb\",\"itemListElement\":[{\"@type\":\"ListItem\",\"position\":1,\"name\":\"A do jet\u00eb Elvir Resulani,fitues i \u201cCollezione Albania\u201d2012\"}]},{\"@type\":\"Person\",\"@id\":\"https:\/\/www.visit-ulcinj.com\/blog\/#\/schema\/person\/dcab619c614d3038751c63bc2aadc06d\",\"name\":\"ulqini\",\"sameAs\":[\"http:\/\/www.visit-ulcinj.com\"],\"url\":\"https:\/\/www.visit-ulcinj.com\/blog\/author\/admin\/\"}]}<\/script>\n<!-- \/ Yoast SEO plugin. -->","yoast_head_json":{"title":"A do jet\u00eb Elvir Resulani,fitues i \u201cCollezione Albania\u201d2012 - Lajme nga Ulqini","description":"Sot ka p\u00ebrfunduar edicioni i spektaklit, ku ne oren 12:00 do te shpallen fituesit \u201cCollezione Albania\u201d, ku fitues i k\u00ebtij edicioni nuk \u00ebsht\u00eb i shpallur","robots":{"index":"index","follow":"follow","max-snippet":"max-snippet:-1","max-image-preview":"max-image-preview:large","max-video-preview":"max-video-preview:-1"},"canonical":"https:\/\/www.visit-ulcinj.com\/blog\/2012\/05\/12\/a-do-jete-elvir-resulanifitues-i-collezione-albania2012\/","og_locale":"en_US","og_type":"article","og_title":"A do jet\u00eb Elvir Resulani,fitues i \u201cCollezione Albania\u201d2012 - Lajme nga Ulqini","og_description":"Sot ka p\u00ebrfunduar edicioni i spektaklit, ku ne oren 12:00 do te shpallen fituesit \u201cCollezione Albania\u201d, ku fitues i k\u00ebtij edicioni nuk \u00ebsht\u00eb i shpallur","og_url":"https:\/\/www.visit-ulcinj.com\/blog\/2012\/05\/12\/a-do-jete-elvir-resulanifitues-i-collezione-albania2012\/","og_site_name":"Lajme nga Ulqini","article_published_time":"2012-05-12T08:25:06+00:00","article_modified_time":"2012-05-14T15:48:38+00:00","og_image":[{"url":"http:\/\/www.visit-ulcinj.com\/blog\/wp-content\/uploads\/2012\/05\/Elvir-Resulani-nga-Ulqini.jpg"}],"twitter_misc":{"Written by":"ulqini","Est. reading time":"1 minute"},"schema":{"@context":"https:\/\/schema.org","@graph":[{"@type":"WebSite","@id":"https:\/\/www.visit-ulcinj.com\/blog\/#website","url":"https:\/\/www.visit-ulcinj.com\/blog\/","name":"Lajme nga Ulqini","description":"Lajme,Vijesti,Ulqini,Ulqin,Crna Gora,Mali i Zi","potentialAction":[{"@type":"SearchAction","target":{"@type":"EntryPoint","urlTemplate":"https:\/\/www.visit-ulcinj.com\/blog\/?s={search_term_string}"},"query-input":"required name=search_term_string"}],"inLanguage":"en-US"},{"@type":"ImageObject","inLanguage":"en-US","@id":"https:\/\/www.visit-ulcinj.com\/blog\/2012\/05\/12\/a-do-jete-elvir-resulanifitues-i-collezione-albania2012\/#primaryimage","url":"https:\/\/www.visit-ulcinj.com\/blog\/wp-content\/uploads\/2012\/05\/Elvir-Resulani-nga-Ulqini.jpg","contentUrl":"https:\/\/www.visit-ulcinj.com\/blog\/wp-content\/uploads\/2012\/05\/Elvir-Resulani-nga-Ulqini.jpg","width":"720","height":"540"},{"@type":"WebPage","@id":"https:\/\/www.visit-ulcinj.com\/blog\/2012\/05\/12\/a-do-jete-elvir-resulanifitues-i-collezione-albania2012\/#webpage","url":"https:\/\/www.visit-ulcinj.com\/blog\/2012\/05\/12\/a-do-jete-elvir-resulanifitues-i-collezione-albania2012\/","name":"A do jet\u00eb Elvir Resulani,fitues i \u201cCollezione Albania\u201d2012 - Lajme nga Ulqini","isPartOf":{"@id":"https:\/\/www.visit-ulcinj.com\/blog\/#website"},"primaryImageOfPage":{"@id":"https:\/\/www.visit-ulcinj.com\/blog\/2012\/05\/12\/a-do-jete-elvir-resulanifitues-i-collezione-albania2012\/#primaryimage"},"datePublished":"2012-05-12T08:25:06+00:00","dateModified":"2012-05-14T15:48:38+00:00","author":{"@id":"https:\/\/www.visit-ulcinj.com\/blog\/#\/schema\/person\/dcab619c614d3038751c63bc2aadc06d"},"description":"Sot ka p\u00ebrfunduar edicioni i spektaklit, ku ne oren 12:00 do te shpallen fituesit \u201cCollezione Albania\u201d, ku fitues i k\u00ebtij edicioni nuk \u00ebsht\u00eb i shpallur","breadcrumb":{"@id":"https:\/\/www.visit-ulcinj.com\/blog\/2012\/05\/12\/a-do-jete-elvir-resulanifitues-i-collezione-albania2012\/#breadcrumb"},"inLanguage":"en-US","potentialAction":[{"@type":"ReadAction","target":["https:\/\/www.visit-ulcinj.com\/blog\/2012\/05\/12\/a-do-jete-elvir-resulanifitues-i-collezione-albania2012\/"]}]},{"@type":"BreadcrumbList","@id":"https:\/\/www.visit-ulcinj.com\/blog\/2012\/05\/12\/a-do-jete-elvir-resulanifitues-i-collezione-albania2012\/#breadcrumb","itemListElement":[{"@type":"ListItem","position":1,"name":"A do jet\u00eb Elvir Resulani,fitues i \u201cCollezione Albania\u201d2012"}]},{"@type":"Person","@id":"https:\/\/www.visit-ulcinj.com\/blog\/#\/schema\/person\/dcab619c614d3038751c63bc2aadc06d","name":"ulqini","sameAs":["http:\/\/www.visit-ulcinj.com"],"url":"https:\/\/www.visit-ulcinj.com\/blog\/author\/admin\/"}]}},"jetpack_featured_media_url":"","jetpack_sharing_enabled":true,"jetpack_shortlink":"https:\/\/wp.me\/pe6lTn-fHi","_links":{"self":[{"href":"https:\/\/www.visit-ulcinj.com\/blog\/wp-json\/wp\/v2\/posts\/60344"}],"collection":[{"href":"https:\/\/www.visit-ulcinj.com\/blog\/wp-json\/wp\/v2\/posts"}],"about":[{"href":"https:\/\/www.visit-ulcinj.com\/blog\/wp-json\/wp\/v2\/types\/post"}],"author":[{"embeddable":true,"href":"https:\/\/www.visit-ulcinj.com\/blog\/wp-json\/wp\/v2\/users\/1"}],"replies":[{"embeddable":true,"href":"https:\/\/www.visit-ulcinj.com\/blog\/wp-json\/wp\/v2\/comments?post=60344"}],"version-history":[{"count":7,"href":"https:\/\/www.visit-ulcinj.com\/blog\/wp-json\/wp\/v2\/posts\/60344\/revisions"}],"predecessor-version":[{"id":60425,"href":"https:\/\/www.visit-ulcinj.com\/blog\/wp-json\/wp\/v2\/posts\/60344\/revisions\/60425"}],"wp:attachment":[{"href":"https:\/\/www.visit-ulcinj.com\/blog\/wp-json\/wp\/v2\/media?parent=60344"}],"wp:term":[{"taxonomy":"category","embeddable":true,"href":"https:\/\/www.visit-ulcinj.com\/blog\/wp-json\/wp\/v2\/categories?post=60344"},{"taxonomy":"post_tag","embeddable":true,"href":"https:\/\/www.visit-ulcinj.com\/blog\/wp-json\/wp\/v2\/tags?post=60344"}],"curies":[{"name":"wp","href":"https:\/\/api.w.org\/{rel}","templated":true}]}}