{"id":60365,"date":"2012-05-12T11:25:32","date_gmt":"2012-05-12T10:25:32","guid":{"rendered":"http:\/\/www.visit-ulcinj.com\/blog\/?p=60365"},"modified":"2012-05-12T11:27:07","modified_gmt":"2012-05-12T10:27:07","slug":"dafina-zeqiri-parashikon-fundin-e-lidhjes-me-ledrin","status":"publish","type":"post","link":"https:\/\/www.visit-ulcinj.com\/blog\/2012\/05\/12\/dafina-zeqiri-parashikon-fundin-e-lidhjes-me-ledrin\/","title":{"rendered":"Dafina Zeqiri parashikon fundin e lidhjes me Ledrin?"},"content":{"rendered":"<p><a href=\"http:\/\/www.visit-ulcinj.com\/blog\/wp-content\/uploads\/2012\/05\/Dafina-Zeqiri_Ledri-Vula.jpg\"><img loading=\"lazy\" class=\"alignleft size-full wp-image-60366\" title=\"Dafina Zeqiri_Ledri Vula\" src=\"http:\/\/www.visit-ulcinj.com\/blog\/wp-content\/uploads\/2012\/05\/Dafina-Zeqiri_Ledri-Vula.jpg\" alt=\"\" width=\"508\" height=\"380\" \/><\/a>Dafina Zeqiri e cila duket shum\u00eb e lumtur n\u00eb krah\u00ebt e t\u00eb dashurit t\u00eb saj t\u00eb ri Ledri Vula duket se po parashikon fundin e lidhjes s\u00eb saj. N\u00eb t\u00eb v\u00ebrtet\u00eb \u00e7ifti duken m\u00eb t\u00eb lumtur se kurr\u00eb. P\u00ebr k\u00ebt\u00eb arsye Dafina shkruan n\u00eb statusin e saj n\u00eb Facebook: \u201cMy Baby never lets me down, thats why I never let him go\u2026.\u201d qe me pak fjale ne shqip perkthehet: \u201cI dashuri im nuk me zhgenjen kurre prandaj une skam per ta lene kurre te me ike\u201d.<br \/>\n<a href=\"http:\/\/www.visit-ulcinj.com\/blog\/wp-content\/uploads\/2012\/05\/Dafina-Zeqiri_Ledri-Vula.1.jpg\"><img loading=\"lazy\" class=\"alignleft size-full wp-image-60367\" title=\"Dafina Zeqiri_Ledri Vula.1\" src=\"http:\/\/www.visit-ulcinj.com\/blog\/wp-content\/uploads\/2012\/05\/Dafina-Zeqiri_Ledri-Vula.1.jpg\" alt=\"\" width=\"508\" height=\"360\" \/><\/a><br \/>\nPor pak a shume ne te njejten menyre Dafina deklaronte dashurine per ish te dashurin Krenarin me te cilin u shfaq dhe ne klipin \u201cDangerous in Love\u201d, dhe nuk venoi shume dhe lidhja e tyre mori fund.<br \/>\n<a href=\"http:\/\/www.visit-ulcinj.com\/blog\/wp-content\/uploads\/2012\/05\/Dafina-Zeqiri_Ledri-Vula.2.jpg\"><img loading=\"lazy\" class=\"alignleft size-full wp-image-60368\" title=\"Dafina Zeqiri_Ledri Vula.2\" src=\"http:\/\/www.visit-ulcinj.com\/blog\/wp-content\/uploads\/2012\/05\/Dafina-Zeqiri_Ledri-Vula.2.jpg\" alt=\"\" width=\"508\" height=\"360\" \/><\/a><br \/>\nA ka gjasa qe historia te perseritet? kjo mbetet thjesht per tu pare ne ditet ne vazhdim, sepse pikerisht atehere kur Dafina duket me e dashuruar se kurre, atehere ajo i ka dhen fund lidhjes se saj.<\/p>\n<p><strong>Bluetooth<\/strong><br \/>\n<!--YouTube Error: bad URL entered--><\/p>\n","protected":false},"excerpt":{"rendered":"<p>Dafina Zeqiri e cila duket shum\u00eb e lumtur n\u00eb krah\u00ebt e t\u00eb dashurit t\u00eb saj t\u00eb ri Ledri Vula duket se po parashikon fundin e lidhjes s\u00eb saj. N\u00eb t\u00eb v\u00ebrtet\u00eb \u00e7ifti duken m\u00eb t\u00eb lumtur se kurr\u00eb. P\u00ebr k\u00ebt\u00eb arsye Dafina shkruan n\u00eb statusin e saj n\u00eb Facebook: \u201cMy Baby never lets me down, [&hellip;]<\/p>\n","protected":false},"author":1,"featured_media":0,"comment_status":"open","ping_status":"closed","sticky":false,"template":"","format":"standard","meta":{"spay_email":"","jetpack_publicize_message":"","jetpack_is_tweetstorm":false,"jetpack_publicize_feature_enabled":true},"categories":[1],"tags":[19677,20458,4926,19806,16036,19514,9004,19511,6693,4684,19460],"jetpack_publicize_connections":[],"yoast_head":"<!-- This site is optimized with the Yoast SEO plugin v19.1 - https:\/\/yoast.com\/wordpress\/plugins\/seo\/ -->\n<title>Dafina Zeqiri parashikon fundin e lidhjes me Ledrin? - Lajme nga Ulqini<\/title>\n<meta name=\"description\" content=\"Dafina Zeqiri e cila duket shum\u00eb e lumtur n\u00eb krah\u00ebt e t\u00eb dashurit t\u00eb saj t\u00eb ri Ledri Vula duket se po parashikon fundin e lidhjes s\u00eb saj. N\u00eb t\u00eb v\u00ebrtet\u00eb\" \/>\n<meta name=\"robots\" content=\"index, follow, max-snippet:-1, max-image-preview:large, max-video-preview:-1\" \/>\n<link rel=\"canonical\" href=\"https:\/\/www.visit-ulcinj.com\/blog\/2012\/05\/12\/dafina-zeqiri-parashikon-fundin-e-lidhjes-me-ledrin\/\" \/>\n<meta property=\"og:locale\" content=\"en_US\" \/>\n<meta property=\"og:type\" content=\"article\" \/>\n<meta property=\"og:title\" content=\"Dafina Zeqiri parashikon fundin e lidhjes me Ledrin? - Lajme nga Ulqini\" \/>\n<meta property=\"og:description\" content=\"Dafina Zeqiri e cila duket shum\u00eb e lumtur n\u00eb krah\u00ebt e t\u00eb dashurit t\u00eb saj t\u00eb ri Ledri Vula duket se po parashikon fundin e lidhjes s\u00eb saj. N\u00eb t\u00eb v\u00ebrtet\u00eb\" \/>\n<meta property=\"og:url\" content=\"https:\/\/www.visit-ulcinj.com\/blog\/2012\/05\/12\/dafina-zeqiri-parashikon-fundin-e-lidhjes-me-ledrin\/\" \/>\n<meta property=\"og:site_name\" content=\"Lajme nga Ulqini\" \/>\n<meta property=\"article:published_time\" content=\"2012-05-12T10:25:32+00:00\" \/>\n<meta property=\"article:modified_time\" content=\"2012-05-12T10:27:07+00:00\" \/>\n<meta property=\"og:image\" content=\"http:\/\/www.visit-ulcinj.com\/blog\/wp-content\/uploads\/2012\/05\/Dafina-Zeqiri_Ledri-Vula.jpg\" \/>\n<meta name=\"twitter:label1\" content=\"Written by\" \/>\n\t<meta name=\"twitter:data1\" content=\"ulqini\" \/>\n\t<meta name=\"twitter:label2\" content=\"Est. reading time\" \/>\n\t<meta name=\"twitter:data2\" content=\"1 minute\" \/>\n<script type=\"application\/ld+json\" class=\"yoast-schema-graph\">{\"@context\":\"https:\/\/schema.org\",\"@graph\":[{\"@type\":\"WebSite\",\"@id\":\"https:\/\/www.visit-ulcinj.com\/blog\/#website\",\"url\":\"https:\/\/www.visit-ulcinj.com\/blog\/\",\"name\":\"Lajme nga Ulqini\",\"description\":\"Lajme,Vijesti,Ulqini,Ulqin,Crna Gora,Mali i Zi\",\"potentialAction\":[{\"@type\":\"SearchAction\",\"target\":{\"@type\":\"EntryPoint\",\"urlTemplate\":\"https:\/\/www.visit-ulcinj.com\/blog\/?s={search_term_string}\"},\"query-input\":\"required name=search_term_string\"}],\"inLanguage\":\"en-US\"},{\"@type\":\"ImageObject\",\"inLanguage\":\"en-US\",\"@id\":\"https:\/\/www.visit-ulcinj.com\/blog\/2012\/05\/12\/dafina-zeqiri-parashikon-fundin-e-lidhjes-me-ledrin\/#primaryimage\",\"url\":\"http:\/\/www.visit-ulcinj.com\/blog\/wp-content\/uploads\/2012\/05\/Dafina-Zeqiri_Ledri-Vula.jpg\",\"contentUrl\":\"http:\/\/www.visit-ulcinj.com\/blog\/wp-content\/uploads\/2012\/05\/Dafina-Zeqiri_Ledri-Vula.jpg\"},{\"@type\":\"WebPage\",\"@id\":\"https:\/\/www.visit-ulcinj.com\/blog\/2012\/05\/12\/dafina-zeqiri-parashikon-fundin-e-lidhjes-me-ledrin\/#webpage\",\"url\":\"https:\/\/www.visit-ulcinj.com\/blog\/2012\/05\/12\/dafina-zeqiri-parashikon-fundin-e-lidhjes-me-ledrin\/\",\"name\":\"Dafina Zeqiri parashikon fundin e lidhjes me Ledrin? - Lajme nga Ulqini\",\"isPartOf\":{\"@id\":\"https:\/\/www.visit-ulcinj.com\/blog\/#website\"},\"primaryImageOfPage\":{\"@id\":\"https:\/\/www.visit-ulcinj.com\/blog\/2012\/05\/12\/dafina-zeqiri-parashikon-fundin-e-lidhjes-me-ledrin\/#primaryimage\"},\"datePublished\":\"2012-05-12T10:25:32+00:00\",\"dateModified\":\"2012-05-12T10:27:07+00:00\",\"author\":{\"@id\":\"https:\/\/www.visit-ulcinj.com\/blog\/#\/schema\/person\/dcab619c614d3038751c63bc2aadc06d\"},\"description\":\"Dafina Zeqiri e cila duket shum\u00eb e lumtur n\u00eb krah\u00ebt e t\u00eb dashurit t\u00eb saj t\u00eb ri Ledri Vula duket se po parashikon fundin e lidhjes s\u00eb saj. N\u00eb t\u00eb v\u00ebrtet\u00eb\",\"breadcrumb\":{\"@id\":\"https:\/\/www.visit-ulcinj.com\/blog\/2012\/05\/12\/dafina-zeqiri-parashikon-fundin-e-lidhjes-me-ledrin\/#breadcrumb\"},\"inLanguage\":\"en-US\",\"potentialAction\":[{\"@type\":\"ReadAction\",\"target\":[\"https:\/\/www.visit-ulcinj.com\/blog\/2012\/05\/12\/dafina-zeqiri-parashikon-fundin-e-lidhjes-me-ledrin\/\"]}]},{\"@type\":\"BreadcrumbList\",\"@id\":\"https:\/\/www.visit-ulcinj.com\/blog\/2012\/05\/12\/dafina-zeqiri-parashikon-fundin-e-lidhjes-me-ledrin\/#breadcrumb\",\"itemListElement\":[{\"@type\":\"ListItem\",\"position\":1,\"name\":\"Dafina Zeqiri parashikon fundin e lidhjes me Ledrin?\"}]},{\"@type\":\"Person\",\"@id\":\"https:\/\/www.visit-ulcinj.com\/blog\/#\/schema\/person\/dcab619c614d3038751c63bc2aadc06d\",\"name\":\"ulqini\",\"sameAs\":[\"http:\/\/www.visit-ulcinj.com\"],\"url\":\"https:\/\/www.visit-ulcinj.com\/blog\/author\/admin\/\"}]}<\/script>\n<!-- \/ Yoast SEO plugin. -->","yoast_head_json":{"title":"Dafina Zeqiri parashikon fundin e lidhjes me Ledrin? - Lajme nga Ulqini","description":"Dafina Zeqiri e cila duket shum\u00eb e lumtur n\u00eb krah\u00ebt e t\u00eb dashurit t\u00eb saj t\u00eb ri Ledri Vula duket se po parashikon fundin e lidhjes s\u00eb saj. N\u00eb t\u00eb v\u00ebrtet\u00eb","robots":{"index":"index","follow":"follow","max-snippet":"max-snippet:-1","max-image-preview":"max-image-preview:large","max-video-preview":"max-video-preview:-1"},"canonical":"https:\/\/www.visit-ulcinj.com\/blog\/2012\/05\/12\/dafina-zeqiri-parashikon-fundin-e-lidhjes-me-ledrin\/","og_locale":"en_US","og_type":"article","og_title":"Dafina Zeqiri parashikon fundin e lidhjes me Ledrin? - Lajme nga Ulqini","og_description":"Dafina Zeqiri e cila duket shum\u00eb e lumtur n\u00eb krah\u00ebt e t\u00eb dashurit t\u00eb saj t\u00eb ri Ledri Vula duket se po parashikon fundin e lidhjes s\u00eb saj. N\u00eb t\u00eb v\u00ebrtet\u00eb","og_url":"https:\/\/www.visit-ulcinj.com\/blog\/2012\/05\/12\/dafina-zeqiri-parashikon-fundin-e-lidhjes-me-ledrin\/","og_site_name":"Lajme nga Ulqini","article_published_time":"2012-05-12T10:25:32+00:00","article_modified_time":"2012-05-12T10:27:07+00:00","og_image":[{"url":"http:\/\/www.visit-ulcinj.com\/blog\/wp-content\/uploads\/2012\/05\/Dafina-Zeqiri_Ledri-Vula.jpg"}],"twitter_misc":{"Written by":"ulqini","Est. reading time":"1 minute"},"schema":{"@context":"https:\/\/schema.org","@graph":[{"@type":"WebSite","@id":"https:\/\/www.visit-ulcinj.com\/blog\/#website","url":"https:\/\/www.visit-ulcinj.com\/blog\/","name":"Lajme nga Ulqini","description":"Lajme,Vijesti,Ulqini,Ulqin,Crna Gora,Mali i Zi","potentialAction":[{"@type":"SearchAction","target":{"@type":"EntryPoint","urlTemplate":"https:\/\/www.visit-ulcinj.com\/blog\/?s={search_term_string}"},"query-input":"required name=search_term_string"}],"inLanguage":"en-US"},{"@type":"ImageObject","inLanguage":"en-US","@id":"https:\/\/www.visit-ulcinj.com\/blog\/2012\/05\/12\/dafina-zeqiri-parashikon-fundin-e-lidhjes-me-ledrin\/#primaryimage","url":"http:\/\/www.visit-ulcinj.com\/blog\/wp-content\/uploads\/2012\/05\/Dafina-Zeqiri_Ledri-Vula.jpg","contentUrl":"http:\/\/www.visit-ulcinj.com\/blog\/wp-content\/uploads\/2012\/05\/Dafina-Zeqiri_Ledri-Vula.jpg"},{"@type":"WebPage","@id":"https:\/\/www.visit-ulcinj.com\/blog\/2012\/05\/12\/dafina-zeqiri-parashikon-fundin-e-lidhjes-me-ledrin\/#webpage","url":"https:\/\/www.visit-ulcinj.com\/blog\/2012\/05\/12\/dafina-zeqiri-parashikon-fundin-e-lidhjes-me-ledrin\/","name":"Dafina Zeqiri parashikon fundin e lidhjes me Ledrin? - Lajme nga Ulqini","isPartOf":{"@id":"https:\/\/www.visit-ulcinj.com\/blog\/#website"},"primaryImageOfPage":{"@id":"https:\/\/www.visit-ulcinj.com\/blog\/2012\/05\/12\/dafina-zeqiri-parashikon-fundin-e-lidhjes-me-ledrin\/#primaryimage"},"datePublished":"2012-05-12T10:25:32+00:00","dateModified":"2012-05-12T10:27:07+00:00","author":{"@id":"https:\/\/www.visit-ulcinj.com\/blog\/#\/schema\/person\/dcab619c614d3038751c63bc2aadc06d"},"description":"Dafina Zeqiri e cila duket shum\u00eb e lumtur n\u00eb krah\u00ebt e t\u00eb dashurit t\u00eb saj t\u00eb ri Ledri Vula duket se po parashikon fundin e lidhjes s\u00eb saj. N\u00eb t\u00eb v\u00ebrtet\u00eb","breadcrumb":{"@id":"https:\/\/www.visit-ulcinj.com\/blog\/2012\/05\/12\/dafina-zeqiri-parashikon-fundin-e-lidhjes-me-ledrin\/#breadcrumb"},"inLanguage":"en-US","potentialAction":[{"@type":"ReadAction","target":["https:\/\/www.visit-ulcinj.com\/blog\/2012\/05\/12\/dafina-zeqiri-parashikon-fundin-e-lidhjes-me-ledrin\/"]}]},{"@type":"BreadcrumbList","@id":"https:\/\/www.visit-ulcinj.com\/blog\/2012\/05\/12\/dafina-zeqiri-parashikon-fundin-e-lidhjes-me-ledrin\/#breadcrumb","itemListElement":[{"@type":"ListItem","position":1,"name":"Dafina Zeqiri parashikon fundin e lidhjes me Ledrin?"}]},{"@type":"Person","@id":"https:\/\/www.visit-ulcinj.com\/blog\/#\/schema\/person\/dcab619c614d3038751c63bc2aadc06d","name":"ulqini","sameAs":["http:\/\/www.visit-ulcinj.com"],"url":"https:\/\/www.visit-ulcinj.com\/blog\/author\/admin\/"}]}},"jetpack_featured_media_url":"","jetpack_sharing_enabled":true,"jetpack_shortlink":"https:\/\/wp.me\/pe6lTn-fHD","_links":{"self":[{"href":"https:\/\/www.visit-ulcinj.com\/blog\/wp-json\/wp\/v2\/posts\/60365"}],"collection":[{"href":"https:\/\/www.visit-ulcinj.com\/blog\/wp-json\/wp\/v2\/posts"}],"about":[{"href":"https:\/\/www.visit-ulcinj.com\/blog\/wp-json\/wp\/v2\/types\/post"}],"author":[{"embeddable":true,"href":"https:\/\/www.visit-ulcinj.com\/blog\/wp-json\/wp\/v2\/users\/1"}],"replies":[{"embeddable":true,"href":"https:\/\/www.visit-ulcinj.com\/blog\/wp-json\/wp\/v2\/comments?post=60365"}],"version-history":[{"count":4,"href":"https:\/\/www.visit-ulcinj.com\/blog\/wp-json\/wp\/v2\/posts\/60365\/revisions"}],"predecessor-version":[{"id":60372,"href":"https:\/\/www.visit-ulcinj.com\/blog\/wp-json\/wp\/v2\/posts\/60365\/revisions\/60372"}],"wp:attachment":[{"href":"https:\/\/www.visit-ulcinj.com\/blog\/wp-json\/wp\/v2\/media?parent=60365"}],"wp:term":[{"taxonomy":"category","embeddable":true,"href":"https:\/\/www.visit-ulcinj.com\/blog\/wp-json\/wp\/v2\/categories?post=60365"},{"taxonomy":"post_tag","embeddable":true,"href":"https:\/\/www.visit-ulcinj.com\/blog\/wp-json\/wp\/v2\/tags?post=60365"}],"curies":[{"name":"wp","href":"https:\/\/api.w.org\/{rel}","templated":true}]}}