{"id":60373,"date":"2012-05-12T13:17:18","date_gmt":"2012-05-12T12:17:18","guid":{"rendered":"http:\/\/www.visit-ulcinj.com\/blog\/?p=60373"},"modified":"2012-05-16T17:47:58","modified_gmt":"2012-05-16T16:47:58","slug":"ftese-per-diten-e-shkolles-fillore-bedri-elezaga-katerkolle-15-maj-ne-ora-900","status":"publish","type":"post","link":"https:\/\/www.visit-ulcinj.com\/blog\/2012\/05\/12\/ftese-per-diten-e-shkolles-fillore-bedri-elezaga-katerkolle-15-maj-ne-ora-900\/","title":{"rendered":"Ftes\u00eb p\u00ebr Dit\u00ebn e Shkoll\u00ebs Fillore &#8216;Bedri Elezaga&#8217; Kat\u00ebrkoll\u00eb 15.maj n\u00eb ora 9:00"},"content":{"rendered":"<p align=\"center\"><strong><a href=\"http:\/\/www.visit-ulcinj.com\/blog\/wp-content\/uploads\/2012\/05\/Ftes\u00eb-p\u00ebr-Dit\u00ebn-e-Shkoll\u00ebs-Fillore-Bedri-Elezaga-Kat\u00ebrkoll\u00eb.jpg\"><img loading=\"lazy\" class=\"alignleft size-full wp-image-60374\" title=\"Ftes\u00eb p\u00ebr Dit\u00ebn e Shkoll\u00ebs Fillore Bedri Elezaga Kat\u00ebrkoll\u00eb\" src=\"http:\/\/www.visit-ulcinj.com\/blog\/wp-content\/uploads\/2012\/05\/Ftes\u00eb-p\u00ebr-Dit\u00ebn-e-Shkoll\u00ebs-Fillore-Bedri-Elezaga-Kat\u00ebrkoll\u00eb.jpg\" alt=\"\" width=\"508\" height=\"265\" srcset=\"https:\/\/www.visit-ulcinj.com\/blog\/wp-content\/uploads\/2012\/05\/Ftes\u00eb-p\u00ebr-Dit\u00ebn-e-Shkoll\u00ebs-Fillore-Bedri-Elezaga-Kat\u00ebrkoll\u00eb.jpg 508w, https:\/\/www.visit-ulcinj.com\/blog\/wp-content\/uploads\/2012\/05\/Ftes\u00eb-p\u00ebr-Dit\u00ebn-e-Shkoll\u00ebs-Fillore-Bedri-Elezaga-Kat\u00ebrkoll\u00eb-300x156.jpg 300w\" sizes=\"(max-width: 508px) 100vw, 508px\" \/><\/a>F T E S \u00cb\u00a0 <\/strong><\/p>\n<p>&nbsp;<\/p>\n<p style=\"text-align: left;\" align=\"center\"><strong>Ju ftojm\u00eb q\u00eb t\u00eb merrni pjes\u00eb n\u00eb manifestimin shkollor, me rastin e dit\u00ebs s\u00eb shkoll\u00ebs Fillore \u201cBedri Elezaga\u201d Kat\u00ebrkoll\u00eb .<\/strong><\/p>\n<p style=\"text-align: left;\" align=\"center\">Me 15 maj 2012 n\u00eb ora 9:00 t\u00eb m\u00ebngjesit do filloj kremtimi i Dit\u00ebs se Shkoll\u00ebs Fillore &#8220;Bedri Elezaga&#8221; n\u00eb Kat\u00ebrkoll\u00eb .Shkolla ka organizua nj\u00eb program kulturo-arg\u00ebtues me k\u00ebng\u00eb t\u00eb ndryshme, vall\u00ebzime moderne dhe popullore, pjese humoristike si dhe recitime.<\/p>\n<p style=\"text-align: left;\" align=\"center\">Gjate k\u00ebtij programi, do behet shp\u00ebrblimi i nx\u00ebn\u00ebsve m\u00eb t\u00eb mir\u00eb n\u00eb shkoll\u00ebn fillore \u201cBedri Elezaga\u201d.<\/p>\n<p>Pjes\u00ebmarrja juaj do ta gjall\u00ebroj\u00eb dhe madheshtoj\u00eb k\u00ebt\u00eb manifestim. Ejani dhe binduni n\u00eb p\u00ebrpjekjet e nx\u00ebn\u00ebsve t\u00eb shkoll\u00ebs son\u00eb.<br \/>\nKy manifestim do t\u00eb mbahet n\u00eb dit\u00ebn e marte m\u00eb 15 maj 2012 n\u00eb shkoll\u00ebn fillore \u201cBedri Elezaga\u201d Kat\u00ebrkoll\u00eb n\u00eb or\u00ebn 9:00..<br \/>\nP\u00ebrzem\u00ebrisht, nga udh\u00ebheq\u00ebsia e shkoll\u00ebs fillore \u201cBedri Elezaga\u201d Kat\u00ebrkoll\u00eb<strong>.<\/strong><\/p>\n<p style=\"text-align: left;\" align=\"center\"><strong>Lajme nga Ulqini<br \/>\n<\/strong><\/p>\n","protected":false},"excerpt":{"rendered":"<p>F T E S \u00cb\u00a0 &nbsp; Ju ftojm\u00eb q\u00eb t\u00eb merrni pjes\u00eb n\u00eb manifestimin shkollor, me rastin e dit\u00ebs s\u00eb shkoll\u00ebs Fillore \u201cBedri Elezaga\u201d Kat\u00ebrkoll\u00eb . Me 15 maj 2012 n\u00eb ora 9:00 t\u00eb m\u00ebngjesit do filloj kremtimi i Dit\u00ebs se Shkoll\u00ebs Fillore &#8220;Bedri Elezaga&#8221; n\u00eb Kat\u00ebrkoll\u00eb .Shkolla ka organizua nj\u00eb program kulturo-arg\u00ebtues me k\u00ebng\u00eb [&hellip;]<\/p>\n","protected":false},"author":1,"featured_media":0,"comment_status":"open","ping_status":"closed","sticky":false,"template":"","format":"standard","meta":{"spay_email":"","jetpack_publicize_message":"","jetpack_is_tweetstorm":false,"jetpack_publicize_feature_enabled":true},"categories":[8],"tags":[212,17828,17834,20461,18370,17811,17831,18362,14353,17808,14354,12340,17840,17839,18363,17835,17814,17810,17816,17071,17807,20459,3516,14652,17837,17827,14358,19579,222,17802,17812,17803,17820,17825,17817,17805,305,17823,17832,3506,17818,214,17680,14362,14363,18371,3507,17800,498,3500,115,14364,17799,3327,17841,17826,15213,18236,3512,17806,11648,18289,17838,95,17813,17804,15141,17836,14366,79,17073,18294,118,18368,18369,1653,1909,14367,17801,18360,17822,14368,14369,17824,14370,18291,2083,3231,14371,41,3617,20460,14372,17844,17821,18372,17830,17077,18295,14375,17833,17829,200,18,17819,17809,14376],"jetpack_publicize_connections":[],"yoast_head":"<!-- This site is optimized with the Yoast SEO plugin v19.1 - https:\/\/yoast.com\/wordpress\/plugins\/seo\/ -->\n<title>Ftes\u00eb p\u00ebr Dit\u00ebn e Shkoll\u00ebs Fillore &#039;Bedri Elezaga&#039; Kat\u00ebrkoll\u00eb 15.maj n\u00eb ora 9:00 - Lajme nga Ulqini<\/title>\n<meta name=\"description\" content=\"F T E S \u00cb\u00a0 &nbsp; Ju ftojm\u00eb q\u00eb t\u00eb merrni pjes\u00eb n\u00eb manifestimin shkollor, me rastin e dit\u00ebs s\u00eb shkoll\u00ebs Fillore \u201cBedri Elezaga\u201d Kat\u00ebrkoll\u00eb . Me 15 maj 2012\" \/>\n<meta name=\"robots\" content=\"index, follow, max-snippet:-1, max-image-preview:large, max-video-preview:-1\" \/>\n<link rel=\"canonical\" href=\"https:\/\/www.visit-ulcinj.com\/blog\/2012\/05\/12\/ftese-per-diten-e-shkolles-fillore-bedri-elezaga-katerkolle-15-maj-ne-ora-900\/\" \/>\n<meta property=\"og:locale\" content=\"en_US\" \/>\n<meta property=\"og:type\" content=\"article\" \/>\n<meta property=\"og:title\" content=\"Ftes\u00eb p\u00ebr Dit\u00ebn e Shkoll\u00ebs Fillore &#039;Bedri Elezaga&#039; Kat\u00ebrkoll\u00eb 15.maj n\u00eb ora 9:00 - Lajme nga Ulqini\" \/>\n<meta property=\"og:description\" content=\"F T E S \u00cb\u00a0 &nbsp; Ju ftojm\u00eb q\u00eb t\u00eb merrni pjes\u00eb n\u00eb manifestimin shkollor, me rastin e dit\u00ebs s\u00eb shkoll\u00ebs Fillore \u201cBedri Elezaga\u201d Kat\u00ebrkoll\u00eb . Me 15 maj 2012\" \/>\n<meta property=\"og:url\" content=\"https:\/\/www.visit-ulcinj.com\/blog\/2012\/05\/12\/ftese-per-diten-e-shkolles-fillore-bedri-elezaga-katerkolle-15-maj-ne-ora-900\/\" \/>\n<meta property=\"og:site_name\" content=\"Lajme nga Ulqini\" \/>\n<meta property=\"article:published_time\" content=\"2012-05-12T12:17:18+00:00\" \/>\n<meta property=\"article:modified_time\" content=\"2012-05-16T16:47:58+00:00\" \/>\n<meta name=\"twitter:label1\" content=\"Written by\" \/>\n\t<meta name=\"twitter:data1\" content=\"ulqini\" \/>\n\t<meta name=\"twitter:label2\" content=\"Est. reading time\" \/>\n\t<meta name=\"twitter:data2\" content=\"1 minute\" \/>\n<script type=\"application\/ld+json\" class=\"yoast-schema-graph\">{\"@context\":\"https:\/\/schema.org\",\"@graph\":[{\"@type\":\"WebSite\",\"@id\":\"https:\/\/www.visit-ulcinj.com\/blog\/#website\",\"url\":\"https:\/\/www.visit-ulcinj.com\/blog\/\",\"name\":\"Lajme nga Ulqini\",\"description\":\"Lajme,Vijesti,Ulqini,Ulqin,Crna Gora,Mali i Zi\",\"potentialAction\":[{\"@type\":\"SearchAction\",\"target\":{\"@type\":\"EntryPoint\",\"urlTemplate\":\"https:\/\/www.visit-ulcinj.com\/blog\/?s={search_term_string}\"},\"query-input\":\"required name=search_term_string\"}],\"inLanguage\":\"en-US\"},{\"@type\":\"WebPage\",\"@id\":\"https:\/\/www.visit-ulcinj.com\/blog\/2012\/05\/12\/ftese-per-diten-e-shkolles-fillore-bedri-elezaga-katerkolle-15-maj-ne-ora-900\/#webpage\",\"url\":\"https:\/\/www.visit-ulcinj.com\/blog\/2012\/05\/12\/ftese-per-diten-e-shkolles-fillore-bedri-elezaga-katerkolle-15-maj-ne-ora-900\/\",\"name\":\"Ftes\u00eb p\u00ebr Dit\u00ebn e Shkoll\u00ebs Fillore 'Bedri Elezaga' Kat\u00ebrkoll\u00eb 15.maj n\u00eb ora 9:00 - Lajme nga Ulqini\",\"isPartOf\":{\"@id\":\"https:\/\/www.visit-ulcinj.com\/blog\/#website\"},\"datePublished\":\"2012-05-12T12:17:18+00:00\",\"dateModified\":\"2012-05-16T16:47:58+00:00\",\"author\":{\"@id\":\"https:\/\/www.visit-ulcinj.com\/blog\/#\/schema\/person\/dcab619c614d3038751c63bc2aadc06d\"},\"description\":\"F T E S \u00cb\u00a0 &nbsp; Ju ftojm\u00eb q\u00eb t\u00eb merrni pjes\u00eb n\u00eb manifestimin shkollor, me rastin e dit\u00ebs s\u00eb shkoll\u00ebs Fillore \u201cBedri Elezaga\u201d Kat\u00ebrkoll\u00eb . Me 15 maj 2012\",\"breadcrumb\":{\"@id\":\"https:\/\/www.visit-ulcinj.com\/blog\/2012\/05\/12\/ftese-per-diten-e-shkolles-fillore-bedri-elezaga-katerkolle-15-maj-ne-ora-900\/#breadcrumb\"},\"inLanguage\":\"en-US\",\"potentialAction\":[{\"@type\":\"ReadAction\",\"target\":[\"https:\/\/www.visit-ulcinj.com\/blog\/2012\/05\/12\/ftese-per-diten-e-shkolles-fillore-bedri-elezaga-katerkolle-15-maj-ne-ora-900\/\"]}]},{\"@type\":\"BreadcrumbList\",\"@id\":\"https:\/\/www.visit-ulcinj.com\/blog\/2012\/05\/12\/ftese-per-diten-e-shkolles-fillore-bedri-elezaga-katerkolle-15-maj-ne-ora-900\/#breadcrumb\",\"itemListElement\":[{\"@type\":\"ListItem\",\"position\":1,\"name\":\"Ftes\u00eb p\u00ebr Dit\u00ebn e Shkoll\u00ebs Fillore &#8216;Bedri Elezaga&#8217; Kat\u00ebrkoll\u00eb 15.maj n\u00eb ora 9:00\"}]},{\"@type\":\"Person\",\"@id\":\"https:\/\/www.visit-ulcinj.com\/blog\/#\/schema\/person\/dcab619c614d3038751c63bc2aadc06d\",\"name\":\"ulqini\",\"sameAs\":[\"http:\/\/www.visit-ulcinj.com\"],\"url\":\"https:\/\/www.visit-ulcinj.com\/blog\/author\/admin\/\"}]}<\/script>\n<!-- \/ Yoast SEO plugin. -->","yoast_head_json":{"title":"Ftes\u00eb p\u00ebr Dit\u00ebn e Shkoll\u00ebs Fillore 'Bedri Elezaga' Kat\u00ebrkoll\u00eb 15.maj n\u00eb ora 9:00 - Lajme nga Ulqini","description":"F T E S \u00cb\u00a0 &nbsp; Ju ftojm\u00eb q\u00eb t\u00eb merrni pjes\u00eb n\u00eb manifestimin shkollor, me rastin e dit\u00ebs s\u00eb shkoll\u00ebs Fillore \u201cBedri Elezaga\u201d Kat\u00ebrkoll\u00eb . Me 15 maj 2012","robots":{"index":"index","follow":"follow","max-snippet":"max-snippet:-1","max-image-preview":"max-image-preview:large","max-video-preview":"max-video-preview:-1"},"canonical":"https:\/\/www.visit-ulcinj.com\/blog\/2012\/05\/12\/ftese-per-diten-e-shkolles-fillore-bedri-elezaga-katerkolle-15-maj-ne-ora-900\/","og_locale":"en_US","og_type":"article","og_title":"Ftes\u00eb p\u00ebr Dit\u00ebn e Shkoll\u00ebs Fillore 'Bedri Elezaga' Kat\u00ebrkoll\u00eb 15.maj n\u00eb ora 9:00 - Lajme nga Ulqini","og_description":"F T E S \u00cb\u00a0 &nbsp; Ju ftojm\u00eb q\u00eb t\u00eb merrni pjes\u00eb n\u00eb manifestimin shkollor, me rastin e dit\u00ebs s\u00eb shkoll\u00ebs Fillore \u201cBedri Elezaga\u201d Kat\u00ebrkoll\u00eb . Me 15 maj 2012","og_url":"https:\/\/www.visit-ulcinj.com\/blog\/2012\/05\/12\/ftese-per-diten-e-shkolles-fillore-bedri-elezaga-katerkolle-15-maj-ne-ora-900\/","og_site_name":"Lajme nga Ulqini","article_published_time":"2012-05-12T12:17:18+00:00","article_modified_time":"2012-05-16T16:47:58+00:00","twitter_misc":{"Written by":"ulqini","Est. reading time":"1 minute"},"schema":{"@context":"https:\/\/schema.org","@graph":[{"@type":"WebSite","@id":"https:\/\/www.visit-ulcinj.com\/blog\/#website","url":"https:\/\/www.visit-ulcinj.com\/blog\/","name":"Lajme nga Ulqini","description":"Lajme,Vijesti,Ulqini,Ulqin,Crna Gora,Mali i Zi","potentialAction":[{"@type":"SearchAction","target":{"@type":"EntryPoint","urlTemplate":"https:\/\/www.visit-ulcinj.com\/blog\/?s={search_term_string}"},"query-input":"required name=search_term_string"}],"inLanguage":"en-US"},{"@type":"WebPage","@id":"https:\/\/www.visit-ulcinj.com\/blog\/2012\/05\/12\/ftese-per-diten-e-shkolles-fillore-bedri-elezaga-katerkolle-15-maj-ne-ora-900\/#webpage","url":"https:\/\/www.visit-ulcinj.com\/blog\/2012\/05\/12\/ftese-per-diten-e-shkolles-fillore-bedri-elezaga-katerkolle-15-maj-ne-ora-900\/","name":"Ftes\u00eb p\u00ebr Dit\u00ebn e Shkoll\u00ebs Fillore 'Bedri Elezaga' Kat\u00ebrkoll\u00eb 15.maj n\u00eb ora 9:00 - Lajme nga Ulqini","isPartOf":{"@id":"https:\/\/www.visit-ulcinj.com\/blog\/#website"},"datePublished":"2012-05-12T12:17:18+00:00","dateModified":"2012-05-16T16:47:58+00:00","author":{"@id":"https:\/\/www.visit-ulcinj.com\/blog\/#\/schema\/person\/dcab619c614d3038751c63bc2aadc06d"},"description":"F T E S \u00cb\u00a0 &nbsp; Ju ftojm\u00eb q\u00eb t\u00eb merrni pjes\u00eb n\u00eb manifestimin shkollor, me rastin e dit\u00ebs s\u00eb shkoll\u00ebs Fillore \u201cBedri Elezaga\u201d Kat\u00ebrkoll\u00eb . Me 15 maj 2012","breadcrumb":{"@id":"https:\/\/www.visit-ulcinj.com\/blog\/2012\/05\/12\/ftese-per-diten-e-shkolles-fillore-bedri-elezaga-katerkolle-15-maj-ne-ora-900\/#breadcrumb"},"inLanguage":"en-US","potentialAction":[{"@type":"ReadAction","target":["https:\/\/www.visit-ulcinj.com\/blog\/2012\/05\/12\/ftese-per-diten-e-shkolles-fillore-bedri-elezaga-katerkolle-15-maj-ne-ora-900\/"]}]},{"@type":"BreadcrumbList","@id":"https:\/\/www.visit-ulcinj.com\/blog\/2012\/05\/12\/ftese-per-diten-e-shkolles-fillore-bedri-elezaga-katerkolle-15-maj-ne-ora-900\/#breadcrumb","itemListElement":[{"@type":"ListItem","position":1,"name":"Ftes\u00eb p\u00ebr Dit\u00ebn e Shkoll\u00ebs Fillore &#8216;Bedri Elezaga&#8217; Kat\u00ebrkoll\u00eb 15.maj n\u00eb ora 9:00"}]},{"@type":"Person","@id":"https:\/\/www.visit-ulcinj.com\/blog\/#\/schema\/person\/dcab619c614d3038751c63bc2aadc06d","name":"ulqini","sameAs":["http:\/\/www.visit-ulcinj.com"],"url":"https:\/\/www.visit-ulcinj.com\/blog\/author\/admin\/"}]}},"jetpack_featured_media_url":"","jetpack_sharing_enabled":true,"jetpack_shortlink":"https:\/\/wp.me\/pe6lTn-fHL","_links":{"self":[{"href":"https:\/\/www.visit-ulcinj.com\/blog\/wp-json\/wp\/v2\/posts\/60373"}],"collection":[{"href":"https:\/\/www.visit-ulcinj.com\/blog\/wp-json\/wp\/v2\/posts"}],"about":[{"href":"https:\/\/www.visit-ulcinj.com\/blog\/wp-json\/wp\/v2\/types\/post"}],"author":[{"embeddable":true,"href":"https:\/\/www.visit-ulcinj.com\/blog\/wp-json\/wp\/v2\/users\/1"}],"replies":[{"embeddable":true,"href":"https:\/\/www.visit-ulcinj.com\/blog\/wp-json\/wp\/v2\/comments?post=60373"}],"version-history":[{"count":2,"href":"https:\/\/www.visit-ulcinj.com\/blog\/wp-json\/wp\/v2\/posts\/60373\/revisions"}],"predecessor-version":[{"id":60487,"href":"https:\/\/www.visit-ulcinj.com\/blog\/wp-json\/wp\/v2\/posts\/60373\/revisions\/60487"}],"wp:attachment":[{"href":"https:\/\/www.visit-ulcinj.com\/blog\/wp-json\/wp\/v2\/media?parent=60373"}],"wp:term":[{"taxonomy":"category","embeddable":true,"href":"https:\/\/www.visit-ulcinj.com\/blog\/wp-json\/wp\/v2\/categories?post=60373"},{"taxonomy":"post_tag","embeddable":true,"href":"https:\/\/www.visit-ulcinj.com\/blog\/wp-json\/wp\/v2\/tags?post=60373"}],"curies":[{"name":"wp","href":"https:\/\/api.w.org\/{rel}","templated":true}]}}