{"id":60379,"date":"2012-05-12T19:28:33","date_gmt":"2012-05-12T18:28:33","guid":{"rendered":"http:\/\/www.visit-ulcinj.com\/blog\/?p=60379"},"modified":"2012-05-12T19:29:55","modified_gmt":"2012-05-12T18:29:55","slug":"radnici-%e2%80%9eotranta-autima-blokirali-hotel","status":"publish","type":"post","link":"https:\/\/www.visit-ulcinj.com\/blog\/2012\/05\/12\/radnici-%e2%80%9eotranta-autima-blokirali-hotel\/","title":{"rendered":"Radnici \u201eOtranta\u201d Autima blokirali hotel"},"content":{"rendered":"<div id=\"attachment_60380\" style=\"width: 518px\" class=\"wp-caption alignleft\"><a href=\"http:\/\/www.visit-ulcinj.com\/blog\/wp-content\/uploads\/2012\/05\/Radnici-Otranta-Autima-blokirali-hotel.jpg\"><img aria-describedby=\"caption-attachment-60380\" loading=\"lazy\" class=\"size-full wp-image-60380\" title=\"Radnici Otranta - Autima blokirali hotel\" src=\"http:\/\/www.visit-ulcinj.com\/blog\/wp-content\/uploads\/2012\/05\/Radnici-Otranta-Autima-blokirali-hotel.jpg\" alt=\"\" width=\"508\" height=\"377\" srcset=\"https:\/\/www.visit-ulcinj.com\/blog\/wp-content\/uploads\/2012\/05\/Radnici-Otranta-Autima-blokirali-hotel.jpg 508w, https:\/\/www.visit-ulcinj.com\/blog\/wp-content\/uploads\/2012\/05\/Radnici-Otranta-Autima-blokirali-hotel-300x222.jpg 300w\" sizes=\"(max-width: 508px) 100vw, 508px\" \/><\/a><p id=\"caption-attachment-60380\" class=\"wp-caption-text\">Foto: DAN.co.me<\/p><\/div>\n<p>Radnici \u201eOtranta\u201c automobilima su ju\u010de na pola sata blokirali ulaz u hotel, jer im biv\u0161i i sada\u0161nji vlasnici, kompanija \u201eBarkli Montenegro\u201c i NLB Interfinans banka duguju osam bruto plata. Ogor\u010deni su \u0161to im se niko od nadle\u017enih nije obratio, iako cijelu sedmicu \u0161trajkuju pred kapijom hotela. Predstavnik sindikata \u201eOtranta\u201c Ivo Luki\u0107 poru\u010dio je ju\u010de da \u0107e svakodnevno blokirati ulaz sve dok Ministarstvo turizma ne na\u0111e na\u010din da natjera vlasnike da i izmire dug.<br \/>\n\u2013 Neko mora da odgovara za ovo \u0161to nam se de\u0161ava, prvenstveno ljudi koji su privatizovali hotel, a biv\u0161i i sada\u0161nji vlasnik moraju da po\u0161tuju zakon i obaveze. Novi vlasnik se obavezao da minimum godinu preuzmu sve radnike \u2013 kazao je Luki\u0107 i dodao da mu je \u017eao zbog posledica koje bi \u0161trajk mogao da nanese zakupcima hotela, ulcinjskoj firmi \u201eArgos\u201c.<br \/>\n\u2013 Oni su najmanje krivi. Zaposlili su dio radnika na molbu Ministarstva turizma, ali neka se ne ljute na nas, jer moramo ostvariti svoja prava, a du\u017enik nam je ovaj hotel. Da ima pravde i zakona ne bi se ni mogao otvoriti dok se ne vrate svi dugove i zbrinu radnici \u2013 rekao je Luki\u0107, dok je Amir Resulbegovi\u0107 optu\u017eio potpredsjednika op\u0161tine D\u017eaudeta Cakulija da radi protiv radnika.<br \/>\n\u2013 Ka\u017ee nam da ovo nije kapija \u017deljezare ili KAP-a i da ne mo\u017eemo protestovati i na taj na\u010din braniti drugu stranu. Neka se presabere jer je ovo izborna godina \u2013 poru\u010dio je Resulbegovi\u0107 i dodao da ih poslanici u dr\u017eavnom i op\u0161tinskom parlamentu nijednom nijesu obi\u0161li.<br \/>\nRadnike \u201eOtranta\u201c podr\u017eali su sindikati hotela \u201eGaleb\u201c i Solane, \u010diji su predstavnici do\u0161li pred kapiju.<br \/>\n\u2013 Apelujemo na sve nadle\u017ene da preispitaju odluke, jer smo sigurni da posla ima i za njih \u2013 kazao je predsjednik Sindikata Solane Marko Miranovi\u0107.<br \/>\n\u201eOtrant\u201csu 2004. kupili Rusi za 2,5 miliona, uz obavezu da investiraju jo\u0161 4,5 miliona na tenderu zbog kojeg se \u017ealila drugorangirana kompanija \u201e\u0160ajo grupa\u201c \u017darka Rak\u010devi\u0107a. Krajem novembra 2011. \u201eOtrant\u201d je pre\u0161ao u vlasni\u0161tvo NLB Interfinans banke zbog kreditnog duga Barklija od 10,6 miliona, koja ga je iznajmila firmi \u201eArgos\u201c.<\/p>\n<p><a href=\"http:\/\/www.dan.co.me\/?nivo=3&amp;rubrika=Ekonomija&amp;clanak=331067&amp;datum=2012-05-12&amp;naslov=Autima%20blokirali%20hotel\" target=\"_blank\"><strong>M.K.<\/strong><br \/>\n<strong> Izvor: DAN<br \/>\n<\/strong><\/a><strong><!--YouTube Error: bad URL entered--><\/strong><a href=\"http:\/\/www.dan.co.me\/?nivo=3&amp;rubrika=Ekonomija&amp;clanak=331067&amp;datum=2012-05-12&amp;naslov=Autima%20blokirali%20hotel\" target=\"_blank\"><strong><br \/>\n<\/strong><\/a><\/p>\n","protected":false},"excerpt":{"rendered":"<p>Radnici \u201eOtranta\u201c automobilima su ju\u010de na pola sata blokirali ulaz u hotel, jer im biv\u0161i i sada\u0161nji vlasnici, kompanija \u201eBarkli Montenegro\u201c i NLB Interfinans banka duguju osam bruto plata. Ogor\u010deni su \u0161to im se niko od nadle\u017enih nije obratio, iako cijelu sedmicu \u0161trajkuju pred kapijom hotela. Predstavnik sindikata \u201eOtranta\u201c Ivo Luki\u0107 poru\u010dio je ju\u010de da [&hellip;]<\/p>\n","protected":false},"author":1,"featured_media":0,"comment_status":"open","ping_status":"closed","sticky":false,"template":"","format":"standard","meta":{"spay_email":"","jetpack_publicize_message":"","jetpack_is_tweetstorm":false,"jetpack_publicize_feature_enabled":true},"categories":[8337],"tags":[855,20113,20462,19],"jetpack_publicize_connections":[],"yoast_head":"<!-- This site is optimized with the Yoast SEO plugin v19.1 - https:\/\/yoast.com\/wordpress\/plugins\/seo\/ -->\n<title>Radnici \u201eOtranta\u201d Autima blokirali hotel - Lajme nga Ulqini<\/title>\n<meta name=\"description\" content=\"Radnici \u201eOtranta\u201c automobilima su ju\u010de na pola sata blokirali ulaz u hotel, jer im biv\u0161i i sada\u0161nji vlasnici, kompanija \u201eBarkli Montenegro\u201c i NLB\" \/>\n<meta name=\"robots\" content=\"index, follow, max-snippet:-1, max-image-preview:large, max-video-preview:-1\" \/>\n<link rel=\"canonical\" href=\"https:\/\/www.visit-ulcinj.com\/blog\/2012\/05\/12\/radnici-\u201eotranta-autima-blokirali-hotel\/\" \/>\n<meta property=\"og:locale\" content=\"en_US\" \/>\n<meta property=\"og:type\" content=\"article\" \/>\n<meta property=\"og:title\" content=\"Radnici \u201eOtranta\u201d Autima blokirali hotel - Lajme nga Ulqini\" \/>\n<meta property=\"og:description\" content=\"Radnici \u201eOtranta\u201c automobilima su ju\u010de na pola sata blokirali ulaz u hotel, jer im biv\u0161i i sada\u0161nji vlasnici, kompanija \u201eBarkli Montenegro\u201c i NLB\" \/>\n<meta property=\"og:url\" content=\"https:\/\/www.visit-ulcinj.com\/blog\/2012\/05\/12\/radnici-\u201eotranta-autima-blokirali-hotel\/\" \/>\n<meta property=\"og:site_name\" content=\"Lajme nga Ulqini\" \/>\n<meta property=\"article:published_time\" content=\"2012-05-12T18:28:33+00:00\" \/>\n<meta property=\"article:modified_time\" content=\"2012-05-12T18:29:55+00:00\" \/>\n<meta property=\"og:image\" content=\"http:\/\/www.visit-ulcinj.com\/blog\/wp-content\/uploads\/2012\/05\/Radnici-Otranta-Autima-blokirali-hotel.jpg\" \/>\n<meta name=\"twitter:label1\" content=\"Written by\" \/>\n\t<meta name=\"twitter:data1\" content=\"ulqini\" \/>\n\t<meta name=\"twitter:label2\" content=\"Est. reading time\" \/>\n\t<meta name=\"twitter:data2\" content=\"2 minutes\" \/>\n<script type=\"application\/ld+json\" class=\"yoast-schema-graph\">{\"@context\":\"https:\/\/schema.org\",\"@graph\":[{\"@type\":\"WebSite\",\"@id\":\"https:\/\/www.visit-ulcinj.com\/blog\/#website\",\"url\":\"https:\/\/www.visit-ulcinj.com\/blog\/\",\"name\":\"Lajme nga Ulqini\",\"description\":\"Lajme,Vijesti,Ulqini,Ulqin,Crna Gora,Mali i Zi\",\"potentialAction\":[{\"@type\":\"SearchAction\",\"target\":{\"@type\":\"EntryPoint\",\"urlTemplate\":\"https:\/\/www.visit-ulcinj.com\/blog\/?s={search_term_string}\"},\"query-input\":\"required name=search_term_string\"}],\"inLanguage\":\"en-US\"},{\"@type\":\"ImageObject\",\"inLanguage\":\"en-US\",\"@id\":\"https:\/\/www.visit-ulcinj.com\/blog\/2012\/05\/12\/radnici-%e2%80%9eotranta-autima-blokirali-hotel\/#primaryimage\",\"url\":\"https:\/\/www.visit-ulcinj.com\/blog\/wp-content\/uploads\/2012\/05\/Radnici-Otranta-Autima-blokirali-hotel.jpg\",\"contentUrl\":\"https:\/\/www.visit-ulcinj.com\/blog\/wp-content\/uploads\/2012\/05\/Radnici-Otranta-Autima-blokirali-hotel.jpg\",\"width\":\"508\",\"height\":\"377\"},{\"@type\":\"WebPage\",\"@id\":\"https:\/\/www.visit-ulcinj.com\/blog\/2012\/05\/12\/radnici-%e2%80%9eotranta-autima-blokirali-hotel\/#webpage\",\"url\":\"https:\/\/www.visit-ulcinj.com\/blog\/2012\/05\/12\/radnici-%e2%80%9eotranta-autima-blokirali-hotel\/\",\"name\":\"Radnici \u201eOtranta\u201d Autima blokirali hotel - Lajme nga Ulqini\",\"isPartOf\":{\"@id\":\"https:\/\/www.visit-ulcinj.com\/blog\/#website\"},\"primaryImageOfPage\":{\"@id\":\"https:\/\/www.visit-ulcinj.com\/blog\/2012\/05\/12\/radnici-%e2%80%9eotranta-autima-blokirali-hotel\/#primaryimage\"},\"datePublished\":\"2012-05-12T18:28:33+00:00\",\"dateModified\":\"2012-05-12T18:29:55+00:00\",\"author\":{\"@id\":\"https:\/\/www.visit-ulcinj.com\/blog\/#\/schema\/person\/dcab619c614d3038751c63bc2aadc06d\"},\"description\":\"Radnici \u201eOtranta\u201c automobilima su ju\u010de na pola sata blokirali ulaz u hotel, jer im biv\u0161i i sada\u0161nji vlasnici, kompanija \u201eBarkli Montenegro\u201c i NLB\",\"breadcrumb\":{\"@id\":\"https:\/\/www.visit-ulcinj.com\/blog\/2012\/05\/12\/radnici-%e2%80%9eotranta-autima-blokirali-hotel\/#breadcrumb\"},\"inLanguage\":\"en-US\",\"potentialAction\":[{\"@type\":\"ReadAction\",\"target\":[\"https:\/\/www.visit-ulcinj.com\/blog\/2012\/05\/12\/radnici-%e2%80%9eotranta-autima-blokirali-hotel\/\"]}]},{\"@type\":\"BreadcrumbList\",\"@id\":\"https:\/\/www.visit-ulcinj.com\/blog\/2012\/05\/12\/radnici-%e2%80%9eotranta-autima-blokirali-hotel\/#breadcrumb\",\"itemListElement\":[{\"@type\":\"ListItem\",\"position\":1,\"name\":\"Radnici \u201eOtranta\u201d Autima blokirali hotel\"}]},{\"@type\":\"Person\",\"@id\":\"https:\/\/www.visit-ulcinj.com\/blog\/#\/schema\/person\/dcab619c614d3038751c63bc2aadc06d\",\"name\":\"ulqini\",\"sameAs\":[\"http:\/\/www.visit-ulcinj.com\"],\"url\":\"https:\/\/www.visit-ulcinj.com\/blog\/author\/admin\/\"}]}<\/script>\n<!-- \/ Yoast SEO plugin. -->","yoast_head_json":{"title":"Radnici \u201eOtranta\u201d Autima blokirali hotel - Lajme nga Ulqini","description":"Radnici \u201eOtranta\u201c automobilima su ju\u010de na pola sata blokirali ulaz u hotel, jer im biv\u0161i i sada\u0161nji vlasnici, kompanija \u201eBarkli Montenegro\u201c i NLB","robots":{"index":"index","follow":"follow","max-snippet":"max-snippet:-1","max-image-preview":"max-image-preview:large","max-video-preview":"max-video-preview:-1"},"canonical":"https:\/\/www.visit-ulcinj.com\/blog\/2012\/05\/12\/radnici-\u201eotranta-autima-blokirali-hotel\/","og_locale":"en_US","og_type":"article","og_title":"Radnici \u201eOtranta\u201d Autima blokirali hotel - Lajme nga Ulqini","og_description":"Radnici \u201eOtranta\u201c automobilima su ju\u010de na pola sata blokirali ulaz u hotel, jer im biv\u0161i i sada\u0161nji vlasnici, kompanija \u201eBarkli Montenegro\u201c i NLB","og_url":"https:\/\/www.visit-ulcinj.com\/blog\/2012\/05\/12\/radnici-\u201eotranta-autima-blokirali-hotel\/","og_site_name":"Lajme nga Ulqini","article_published_time":"2012-05-12T18:28:33+00:00","article_modified_time":"2012-05-12T18:29:55+00:00","og_image":[{"url":"http:\/\/www.visit-ulcinj.com\/blog\/wp-content\/uploads\/2012\/05\/Radnici-Otranta-Autima-blokirali-hotel.jpg"}],"twitter_misc":{"Written by":"ulqini","Est. reading time":"2 minutes"},"schema":{"@context":"https:\/\/schema.org","@graph":[{"@type":"WebSite","@id":"https:\/\/www.visit-ulcinj.com\/blog\/#website","url":"https:\/\/www.visit-ulcinj.com\/blog\/","name":"Lajme nga Ulqini","description":"Lajme,Vijesti,Ulqini,Ulqin,Crna Gora,Mali i Zi","potentialAction":[{"@type":"SearchAction","target":{"@type":"EntryPoint","urlTemplate":"https:\/\/www.visit-ulcinj.com\/blog\/?s={search_term_string}"},"query-input":"required name=search_term_string"}],"inLanguage":"en-US"},{"@type":"ImageObject","inLanguage":"en-US","@id":"https:\/\/www.visit-ulcinj.com\/blog\/2012\/05\/12\/radnici-%e2%80%9eotranta-autima-blokirali-hotel\/#primaryimage","url":"https:\/\/www.visit-ulcinj.com\/blog\/wp-content\/uploads\/2012\/05\/Radnici-Otranta-Autima-blokirali-hotel.jpg","contentUrl":"https:\/\/www.visit-ulcinj.com\/blog\/wp-content\/uploads\/2012\/05\/Radnici-Otranta-Autima-blokirali-hotel.jpg","width":"508","height":"377"},{"@type":"WebPage","@id":"https:\/\/www.visit-ulcinj.com\/blog\/2012\/05\/12\/radnici-%e2%80%9eotranta-autima-blokirali-hotel\/#webpage","url":"https:\/\/www.visit-ulcinj.com\/blog\/2012\/05\/12\/radnici-%e2%80%9eotranta-autima-blokirali-hotel\/","name":"Radnici \u201eOtranta\u201d Autima blokirali hotel - Lajme nga Ulqini","isPartOf":{"@id":"https:\/\/www.visit-ulcinj.com\/blog\/#website"},"primaryImageOfPage":{"@id":"https:\/\/www.visit-ulcinj.com\/blog\/2012\/05\/12\/radnici-%e2%80%9eotranta-autima-blokirali-hotel\/#primaryimage"},"datePublished":"2012-05-12T18:28:33+00:00","dateModified":"2012-05-12T18:29:55+00:00","author":{"@id":"https:\/\/www.visit-ulcinj.com\/blog\/#\/schema\/person\/dcab619c614d3038751c63bc2aadc06d"},"description":"Radnici \u201eOtranta\u201c automobilima su ju\u010de na pola sata blokirali ulaz u hotel, jer im biv\u0161i i sada\u0161nji vlasnici, kompanija \u201eBarkli Montenegro\u201c i NLB","breadcrumb":{"@id":"https:\/\/www.visit-ulcinj.com\/blog\/2012\/05\/12\/radnici-%e2%80%9eotranta-autima-blokirali-hotel\/#breadcrumb"},"inLanguage":"en-US","potentialAction":[{"@type":"ReadAction","target":["https:\/\/www.visit-ulcinj.com\/blog\/2012\/05\/12\/radnici-%e2%80%9eotranta-autima-blokirali-hotel\/"]}]},{"@type":"BreadcrumbList","@id":"https:\/\/www.visit-ulcinj.com\/blog\/2012\/05\/12\/radnici-%e2%80%9eotranta-autima-blokirali-hotel\/#breadcrumb","itemListElement":[{"@type":"ListItem","position":1,"name":"Radnici \u201eOtranta\u201d Autima blokirali hotel"}]},{"@type":"Person","@id":"https:\/\/www.visit-ulcinj.com\/blog\/#\/schema\/person\/dcab619c614d3038751c63bc2aadc06d","name":"ulqini","sameAs":["http:\/\/www.visit-ulcinj.com"],"url":"https:\/\/www.visit-ulcinj.com\/blog\/author\/admin\/"}]}},"jetpack_featured_media_url":"","jetpack_sharing_enabled":true,"jetpack_shortlink":"https:\/\/wp.me\/pe6lTn-fHR","_links":{"self":[{"href":"https:\/\/www.visit-ulcinj.com\/blog\/wp-json\/wp\/v2\/posts\/60379"}],"collection":[{"href":"https:\/\/www.visit-ulcinj.com\/blog\/wp-json\/wp\/v2\/posts"}],"about":[{"href":"https:\/\/www.visit-ulcinj.com\/blog\/wp-json\/wp\/v2\/types\/post"}],"author":[{"embeddable":true,"href":"https:\/\/www.visit-ulcinj.com\/blog\/wp-json\/wp\/v2\/users\/1"}],"replies":[{"embeddable":true,"href":"https:\/\/www.visit-ulcinj.com\/blog\/wp-json\/wp\/v2\/comments?post=60379"}],"version-history":[{"count":2,"href":"https:\/\/www.visit-ulcinj.com\/blog\/wp-json\/wp\/v2\/posts\/60379\/revisions"}],"predecessor-version":[{"id":60382,"href":"https:\/\/www.visit-ulcinj.com\/blog\/wp-json\/wp\/v2\/posts\/60379\/revisions\/60382"}],"wp:attachment":[{"href":"https:\/\/www.visit-ulcinj.com\/blog\/wp-json\/wp\/v2\/media?parent=60379"}],"wp:term":[{"taxonomy":"category","embeddable":true,"href":"https:\/\/www.visit-ulcinj.com\/blog\/wp-json\/wp\/v2\/categories?post=60379"},{"taxonomy":"post_tag","embeddable":true,"href":"https:\/\/www.visit-ulcinj.com\/blog\/wp-json\/wp\/v2\/tags?post=60379"}],"curies":[{"name":"wp","href":"https:\/\/api.w.org\/{rel}","templated":true}]}}