{"id":60383,"date":"2012-05-12T21:18:49","date_gmt":"2012-05-12T20:18:49","guid":{"rendered":"http:\/\/www.visit-ulcinj.com\/blog\/?p=60383"},"modified":"2012-05-14T16:48:00","modified_gmt":"2012-05-14T15:48:00","slug":"shtyhet-data-e-inagurimit-te-ures-mbi-port-milene","status":"publish","type":"post","link":"https:\/\/www.visit-ulcinj.com\/blog\/2012\/05\/12\/shtyhet-data-e-inagurimit-te-ures-mbi-port-milene\/","title":{"rendered":"Shtyhet data e inagurimit t\u00eb ur\u00ebs mbi Port Milen\u00eb"},"content":{"rendered":"<p><a href=\"http:\/\/www.visit-ulcinj.com\/blog\/wp-content\/uploads\/2012\/05\/Shtyhet-data-e-inagurimit-t\u00eb-ur\u00ebs-mbi-Port-Milen\u00eb_Ulqin.jpg\"><img loading=\"lazy\" class=\"alignleft  wp-image-60384\" title=\"Shtyhet data e inagurimit t\u00eb ur\u00ebs mbi Port Milen\u00eb_Ulqin\" src=\"http:\/\/www.visit-ulcinj.com\/blog\/wp-content\/uploads\/2012\/05\/Shtyhet-data-e-inagurimit-t\u00eb-ur\u00ebs-mbi-Port-Milen\u00eb_Ulqin.jpg\" alt=\"\" width=\"508\" height=\"360\" \/><\/a>Ura e re e Port Milen\u00ebs \u00a0tashme eshte nje realitet per qytetin e Ulqinit.Duke parashikuar n\u00eb \u00a0nje ceremony festive per inagurimin e 21 majit 2012,por simbas gjasave data e inagurimit t\u00eb ur\u00ebs duhet t\u00eb pritet ndonji date tjeter \u00a0tha p\u00ebr TV Teuten kryetari I Ulqinit z.Nazif Cungu.<\/p>\n<p>Edhe pse po punohet pa pushim 24 or\u00eb pa nderprerje,ku \u00a0dje ne vizit\u00eb q\u00eblloi edhe ministri per komunikacion Andria Lompar,bashk\u00eb me Drejtorin e \u00a0Drejtoris\u00eb s\u00eb Komunikacionit, Veselin Grboviq kan b\u00eb t\u00eb ditur p\u00ebr \u201cPortalin Analitika\u201dduke premtuar gjat\u00eb vizit\u00ebs s\u00eb tyre n\u00eb Ulqin se deri n\u00eb fillim t\u00eb sezonit t\u00eb ardhsh\u00ebm turistik n\u00eb Ulqin do t\u00eb p\u00ebrfundojn\u00eb kat\u00ebr projekte t\u00eb m\u00ebdha infrastrukturore. \u201cDo t\u00eb p\u00ebrfundoj\u00eb nd\u00ebrtimi i Ur\u00ebs s\u00eb Port Milen\u00ebs,por data e l\u00ebshimit n\u00eb p\u00ebrdorim dhe inagurimi qe e pamundur te lallxohet.<br \/>\n<a href=\"http:\/\/www.visit-ulcinj.com\/blog\/wp-content\/uploads\/2012\/05\/Shtyhet-data-e-inagurimit-t\u00eb-ur\u00ebs-mbi-Port-Milen\u00eb_Ulqin.1.jpg\"><img loading=\"lazy\" class=\"alignleft  wp-image-60385\" title=\"Shtyhet data e inagurimit t\u00eb ur\u00ebs mbi Port Milen\u00eb_Ulqin.1\" src=\"http:\/\/www.visit-ulcinj.com\/blog\/wp-content\/uploads\/2012\/05\/Shtyhet-data-e-inagurimit-t\u00eb-ur\u00ebs-mbi-Port-Milen\u00eb_Ulqin.1.jpg\" alt=\"\" width=\"508\" height=\"300\" \/><\/a><\/p>\n<p>N\u00eb nj\u00eb intervist\u00eb nga Tv Teuta,kryetari I Ulqinit z.Nazif Cungu tha se inagurimi I ur\u00ebs n\u00eb Port Milen\u00eb do behet ne muajin korrik,kurse ne aksin rrugor Kat\u00ebrkoll\u00eb \u2013 Sukubin\u00eb,rruga do l\u00ebshohet n\u00eb p\u00ebrdorim para afatit t\u00eb parapar\u00eb t\u00eb muajit gusht.K\u00ebto \u00a0objekte ifrastrukturore jan\u00eb \u00a0me r\u00ebnd\u00ebsi p\u00ebr komun\u00ebn e Ulqinit p\u00ebr rritjen e cil\u00ebsis\u00eb s\u00eb jet\u00ebs s\u00eb komunitetit qytetar t\u00eb Ulqinit dhe zhvillimin e turizmit.<br \/>\n<a href=\"http:\/\/www.visit-ulcinj.com\/blog\/wp-content\/uploads\/2012\/05\/Shtyhet-data-e-inagurimit-t\u00eb-ur\u00ebs-mbi-Port-Milen\u00eb_Ulqin.2.jpg\"><img loading=\"lazy\" class=\"alignleft  wp-image-60386\" title=\"Shtyhet data e inagurimit t\u00eb ur\u00ebs mbi Port Milen\u00eb_Ulqin.2\" src=\"http:\/\/www.visit-ulcinj.com\/blog\/wp-content\/uploads\/2012\/05\/Shtyhet-data-e-inagurimit-t\u00eb-ur\u00ebs-mbi-Port-Milen\u00eb_Ulqin.2.jpg\" alt=\"\" width=\"508\" height=\"300\" \/><\/a><\/p>\n<p>Rruga Ulqin \u2013 Sukubin \u2013 Muriqan do t\u00eb jet\u00eb rruga e fluksit t\u00eb madh turistik. K\u00ebt\u00eb ver\u00eb qindra e mij\u00ebra qytetar\u00eb me origjin\u00eb shqiptare dhe jo shqiptare, do kalojn\u00eb pushimet n\u00eb brigjet e detit t\u00eb Ulqinit. Ne shprehim mir\u00ebnjohjen m\u00eb t\u00eb thell\u00eb ndaj tyre dhe b\u00ebjm\u00eb zotimin solemn se do t\u00eb b\u00ebjm\u00eb \u00e7do gj\u00eb q\u00eb at\u00eb ta p\u00ebrfundojm\u00eb rrug\u00ebn mbrenda afatit t\u00eb parapar\u00eb,n\u00eb m\u00ebnyr\u00eb q\u00eb turistet t\u00eb vijn\u00eb n\u00eb Ulqin n\u00eb kushtet m\u00eb komode.<\/p>\n<p><strong>Lajme nga Ulqini<\/strong><br \/>\n<object width=\"508\" height=\"360\" classid=\"clsid:d27cdb6e-ae6d-11cf-96b8-444553540000\" codebase=\"http:\/\/download.macromedia.com\/pub\/shockwave\/cabs\/flash\/swflash.cab#version=6,0,40,0\"><param name=\"allowFullScreen\" value=\"true\" \/><param name=\"allowscriptaccess\" value=\"always\" \/><param name=\"src\" value=\"http:\/\/www.youtube-nocookie.com\/v\/qA4QAdTajbg?version=3&amp;hl=fr_FR&amp;rel=0\" \/><param name=\"allowfullscreen\" value=\"true\" \/><\/object><\/p>\n","protected":false},"excerpt":{"rendered":"<p>Ura e re e Port Milen\u00ebs \u00a0tashme eshte nje realitet per qytetin e Ulqinit.Duke parashikuar n\u00eb \u00a0nje ceremony festive per inagurimin e 21 majit 2012,por simbas gjasave data e inagurimit t\u00eb ur\u00ebs duhet t\u00eb pritet ndonji date tjeter \u00a0tha p\u00ebr TV Teuten kryetari I Ulqinit z.Nazif Cungu. Edhe pse po punohet pa pushim 24 or\u00eb [&hellip;]<\/p>\n","protected":false},"author":1,"featured_media":0,"comment_status":"open","ping_status":"closed","sticky":false,"template":"","format":"standard","meta":{"spay_email":"","jetpack_publicize_message":"","jetpack_is_tweetstorm":false,"jetpack_publicize_feature_enabled":true},"categories":[1,14249],"tags":[229,118,295,20463,200,18,16056,2210],"jetpack_publicize_connections":[],"yoast_head":"<!-- This site is optimized with the Yoast SEO plugin v19.1 - https:\/\/yoast.com\/wordpress\/plugins\/seo\/ -->\n<title>Shtyhet data e inagurimit t\u00eb ur\u00ebs mbi Port Milen\u00eb - Lajme nga Ulqini<\/title>\n<meta name=\"description\" content=\"Ura e re e Port Milen\u00ebs \u00a0tashme eshte nje realitet per qytetin e Ulqinit.Duke parashikuar n\u00eb \u00a0nje ceremony festive per inagurimin e 21 majit 2012,por\" \/>\n<meta name=\"robots\" content=\"index, follow, max-snippet:-1, max-image-preview:large, max-video-preview:-1\" \/>\n<link rel=\"canonical\" href=\"https:\/\/www.visit-ulcinj.com\/blog\/2012\/05\/12\/shtyhet-data-e-inagurimit-te-ures-mbi-port-milene\/\" \/>\n<meta property=\"og:locale\" content=\"en_US\" \/>\n<meta property=\"og:type\" content=\"article\" \/>\n<meta property=\"og:title\" content=\"Shtyhet data e inagurimit t\u00eb ur\u00ebs mbi Port Milen\u00eb - Lajme nga Ulqini\" \/>\n<meta property=\"og:description\" content=\"Ura e re e Port Milen\u00ebs \u00a0tashme eshte nje realitet per qytetin e Ulqinit.Duke parashikuar n\u00eb \u00a0nje ceremony festive per inagurimin e 21 majit 2012,por\" \/>\n<meta property=\"og:url\" content=\"https:\/\/www.visit-ulcinj.com\/blog\/2012\/05\/12\/shtyhet-data-e-inagurimit-te-ures-mbi-port-milene\/\" \/>\n<meta property=\"og:site_name\" content=\"Lajme nga Ulqini\" \/>\n<meta property=\"article:published_time\" content=\"2012-05-12T20:18:49+00:00\" \/>\n<meta property=\"article:modified_time\" content=\"2012-05-14T15:48:00+00:00\" \/>\n<meta name=\"twitter:label1\" content=\"Written by\" \/>\n\t<meta name=\"twitter:data1\" content=\"ulqini\" \/>\n\t<meta name=\"twitter:label2\" content=\"Est. reading time\" \/>\n\t<meta name=\"twitter:data2\" content=\"2 minutes\" \/>\n<script type=\"application\/ld+json\" class=\"yoast-schema-graph\">{\"@context\":\"https:\/\/schema.org\",\"@graph\":[{\"@type\":\"WebSite\",\"@id\":\"https:\/\/www.visit-ulcinj.com\/blog\/#website\",\"url\":\"https:\/\/www.visit-ulcinj.com\/blog\/\",\"name\":\"Lajme nga Ulqini\",\"description\":\"Lajme,Vijesti,Ulqini,Ulqin,Crna Gora,Mali i Zi\",\"potentialAction\":[{\"@type\":\"SearchAction\",\"target\":{\"@type\":\"EntryPoint\",\"urlTemplate\":\"https:\/\/www.visit-ulcinj.com\/blog\/?s={search_term_string}\"},\"query-input\":\"required name=search_term_string\"}],\"inLanguage\":\"en-US\"},{\"@type\":\"WebPage\",\"@id\":\"https:\/\/www.visit-ulcinj.com\/blog\/2012\/05\/12\/shtyhet-data-e-inagurimit-te-ures-mbi-port-milene\/#webpage\",\"url\":\"https:\/\/www.visit-ulcinj.com\/blog\/2012\/05\/12\/shtyhet-data-e-inagurimit-te-ures-mbi-port-milene\/\",\"name\":\"Shtyhet data e inagurimit t\u00eb ur\u00ebs mbi Port Milen\u00eb - Lajme nga Ulqini\",\"isPartOf\":{\"@id\":\"https:\/\/www.visit-ulcinj.com\/blog\/#website\"},\"datePublished\":\"2012-05-12T20:18:49+00:00\",\"dateModified\":\"2012-05-14T15:48:00+00:00\",\"author\":{\"@id\":\"https:\/\/www.visit-ulcinj.com\/blog\/#\/schema\/person\/dcab619c614d3038751c63bc2aadc06d\"},\"description\":\"Ura e re e Port Milen\u00ebs \u00a0tashme eshte nje realitet per qytetin e Ulqinit.Duke parashikuar n\u00eb \u00a0nje ceremony festive per inagurimin e 21 majit 2012,por\",\"breadcrumb\":{\"@id\":\"https:\/\/www.visit-ulcinj.com\/blog\/2012\/05\/12\/shtyhet-data-e-inagurimit-te-ures-mbi-port-milene\/#breadcrumb\"},\"inLanguage\":\"en-US\",\"potentialAction\":[{\"@type\":\"ReadAction\",\"target\":[\"https:\/\/www.visit-ulcinj.com\/blog\/2012\/05\/12\/shtyhet-data-e-inagurimit-te-ures-mbi-port-milene\/\"]}]},{\"@type\":\"BreadcrumbList\",\"@id\":\"https:\/\/www.visit-ulcinj.com\/blog\/2012\/05\/12\/shtyhet-data-e-inagurimit-te-ures-mbi-port-milene\/#breadcrumb\",\"itemListElement\":[{\"@type\":\"ListItem\",\"position\":1,\"name\":\"Shtyhet data e inagurimit t\u00eb ur\u00ebs mbi Port Milen\u00eb\"}]},{\"@type\":\"Person\",\"@id\":\"https:\/\/www.visit-ulcinj.com\/blog\/#\/schema\/person\/dcab619c614d3038751c63bc2aadc06d\",\"name\":\"ulqini\",\"sameAs\":[\"http:\/\/www.visit-ulcinj.com\"],\"url\":\"https:\/\/www.visit-ulcinj.com\/blog\/author\/admin\/\"}]}<\/script>\n<!-- \/ Yoast SEO plugin. -->","yoast_head_json":{"title":"Shtyhet data e inagurimit t\u00eb ur\u00ebs mbi Port Milen\u00eb - Lajme nga Ulqini","description":"Ura e re e Port Milen\u00ebs \u00a0tashme eshte nje realitet per qytetin e Ulqinit.Duke parashikuar n\u00eb \u00a0nje ceremony festive per inagurimin e 21 majit 2012,por","robots":{"index":"index","follow":"follow","max-snippet":"max-snippet:-1","max-image-preview":"max-image-preview:large","max-video-preview":"max-video-preview:-1"},"canonical":"https:\/\/www.visit-ulcinj.com\/blog\/2012\/05\/12\/shtyhet-data-e-inagurimit-te-ures-mbi-port-milene\/","og_locale":"en_US","og_type":"article","og_title":"Shtyhet data e inagurimit t\u00eb ur\u00ebs mbi Port Milen\u00eb - Lajme nga Ulqini","og_description":"Ura e re e Port Milen\u00ebs \u00a0tashme eshte nje realitet per qytetin e Ulqinit.Duke parashikuar n\u00eb \u00a0nje ceremony festive per inagurimin e 21 majit 2012,por","og_url":"https:\/\/www.visit-ulcinj.com\/blog\/2012\/05\/12\/shtyhet-data-e-inagurimit-te-ures-mbi-port-milene\/","og_site_name":"Lajme nga Ulqini","article_published_time":"2012-05-12T20:18:49+00:00","article_modified_time":"2012-05-14T15:48:00+00:00","twitter_misc":{"Written by":"ulqini","Est. reading time":"2 minutes"},"schema":{"@context":"https:\/\/schema.org","@graph":[{"@type":"WebSite","@id":"https:\/\/www.visit-ulcinj.com\/blog\/#website","url":"https:\/\/www.visit-ulcinj.com\/blog\/","name":"Lajme nga Ulqini","description":"Lajme,Vijesti,Ulqini,Ulqin,Crna Gora,Mali i Zi","potentialAction":[{"@type":"SearchAction","target":{"@type":"EntryPoint","urlTemplate":"https:\/\/www.visit-ulcinj.com\/blog\/?s={search_term_string}"},"query-input":"required name=search_term_string"}],"inLanguage":"en-US"},{"@type":"WebPage","@id":"https:\/\/www.visit-ulcinj.com\/blog\/2012\/05\/12\/shtyhet-data-e-inagurimit-te-ures-mbi-port-milene\/#webpage","url":"https:\/\/www.visit-ulcinj.com\/blog\/2012\/05\/12\/shtyhet-data-e-inagurimit-te-ures-mbi-port-milene\/","name":"Shtyhet data e inagurimit t\u00eb ur\u00ebs mbi Port Milen\u00eb - Lajme nga Ulqini","isPartOf":{"@id":"https:\/\/www.visit-ulcinj.com\/blog\/#website"},"datePublished":"2012-05-12T20:18:49+00:00","dateModified":"2012-05-14T15:48:00+00:00","author":{"@id":"https:\/\/www.visit-ulcinj.com\/blog\/#\/schema\/person\/dcab619c614d3038751c63bc2aadc06d"},"description":"Ura e re e Port Milen\u00ebs \u00a0tashme eshte nje realitet per qytetin e Ulqinit.Duke parashikuar n\u00eb \u00a0nje ceremony festive per inagurimin e 21 majit 2012,por","breadcrumb":{"@id":"https:\/\/www.visit-ulcinj.com\/blog\/2012\/05\/12\/shtyhet-data-e-inagurimit-te-ures-mbi-port-milene\/#breadcrumb"},"inLanguage":"en-US","potentialAction":[{"@type":"ReadAction","target":["https:\/\/www.visit-ulcinj.com\/blog\/2012\/05\/12\/shtyhet-data-e-inagurimit-te-ures-mbi-port-milene\/"]}]},{"@type":"BreadcrumbList","@id":"https:\/\/www.visit-ulcinj.com\/blog\/2012\/05\/12\/shtyhet-data-e-inagurimit-te-ures-mbi-port-milene\/#breadcrumb","itemListElement":[{"@type":"ListItem","position":1,"name":"Shtyhet data e inagurimit t\u00eb ur\u00ebs mbi Port Milen\u00eb"}]},{"@type":"Person","@id":"https:\/\/www.visit-ulcinj.com\/blog\/#\/schema\/person\/dcab619c614d3038751c63bc2aadc06d","name":"ulqini","sameAs":["http:\/\/www.visit-ulcinj.com"],"url":"https:\/\/www.visit-ulcinj.com\/blog\/author\/admin\/"}]}},"jetpack_featured_media_url":"","jetpack_sharing_enabled":true,"jetpack_shortlink":"https:\/\/wp.me\/pe6lTn-fHV","_links":{"self":[{"href":"https:\/\/www.visit-ulcinj.com\/blog\/wp-json\/wp\/v2\/posts\/60383"}],"collection":[{"href":"https:\/\/www.visit-ulcinj.com\/blog\/wp-json\/wp\/v2\/posts"}],"about":[{"href":"https:\/\/www.visit-ulcinj.com\/blog\/wp-json\/wp\/v2\/types\/post"}],"author":[{"embeddable":true,"href":"https:\/\/www.visit-ulcinj.com\/blog\/wp-json\/wp\/v2\/users\/1"}],"replies":[{"embeddable":true,"href":"https:\/\/www.visit-ulcinj.com\/blog\/wp-json\/wp\/v2\/comments?post=60383"}],"version-history":[{"count":4,"href":"https:\/\/www.visit-ulcinj.com\/blog\/wp-json\/wp\/v2\/posts\/60383\/revisions"}],"predecessor-version":[{"id":60424,"href":"https:\/\/www.visit-ulcinj.com\/blog\/wp-json\/wp\/v2\/posts\/60383\/revisions\/60424"}],"wp:attachment":[{"href":"https:\/\/www.visit-ulcinj.com\/blog\/wp-json\/wp\/v2\/media?parent=60383"}],"wp:term":[{"taxonomy":"category","embeddable":true,"href":"https:\/\/www.visit-ulcinj.com\/blog\/wp-json\/wp\/v2\/categories?post=60383"},{"taxonomy":"post_tag","embeddable":true,"href":"https:\/\/www.visit-ulcinj.com\/blog\/wp-json\/wp\/v2\/tags?post=60383"}],"curies":[{"name":"wp","href":"https:\/\/api.w.org\/{rel}","templated":true}]}}