{"id":60391,"date":"2012-05-13T12:41:19","date_gmt":"2012-05-13T11:41:19","guid":{"rendered":"http:\/\/www.visit-ulcinj.com\/blog\/?p=60391"},"modified":"2012-05-13T12:42:47","modified_gmt":"2012-05-13T11:42:47","slug":"art-club-ben-perurimin-e-librit-vrasja-e-frikes-te-hajredin-kovacit","status":"publish","type":"post","link":"https:\/\/www.visit-ulcinj.com\/blog\/2012\/05\/13\/art-club-ben-perurimin-e-librit-vrasja-e-frikes-te-hajredin-kovacit\/","title":{"rendered":"\u201cArt Club\u201d b\u00ebn p\u00ebrurimin e librit \u201cVrasja e frik\u00ebs\u201d t\u00eb Hajredin Kova\u00e7it"},"content":{"rendered":"<p><a href=\"http:\/\/www.visit-ulcinj.com\/blog\/wp-content\/uploads\/2012\/05\/Shoqata-Art-Club-Ulqin.1.jpg\"><img loading=\"lazy\" class=\"alignleft  wp-image-60188\" title=\"Shoqata Art Club Ulqin.1\" src=\"http:\/\/www.visit-ulcinj.com\/blog\/wp-content\/uploads\/2012\/05\/Shoqata-Art-Club-Ulqin.1.jpg\" alt=\"\" width=\"508\" height=\"138\" \/><\/a><\/p>\n<p style=\"text-align: center;\"><strong>Njoftim p\u00ebr media <\/strong><\/p>\n<p style=\"text-align: center;\"><strong>\u201cArt Club\u201d b\u00ebn p\u00ebrurimin e librit \u201cVrasja e frik\u00ebs\u201d t\u00eb Hajredin Kova\u00e7it<\/strong><\/p>\n<p><a href=\"http:\/\/www.visit-ulcinj.com\/blog\/wp-content\/uploads\/2012\/05\/Hajredin-Kovaci-libri-Vrasja-e-frikes.jpg\"><img loading=\"lazy\" class=\"alignleft size-medium wp-image-60394\" title=\"Hajredin-Kovaci-libri-Vrasja-e-frikes\" src=\"http:\/\/www.visit-ulcinj.com\/blog\/wp-content\/uploads\/2012\/05\/Hajredin-Kovaci-libri-Vrasja-e-frikes-187x300.jpg\" alt=\"\" width=\"187\" height=\"300\" srcset=\"https:\/\/www.visit-ulcinj.com\/blog\/wp-content\/uploads\/2012\/05\/Hajredin-Kovaci-libri-Vrasja-e-frikes-187x300.jpg 187w, https:\/\/www.visit-ulcinj.com\/blog\/wp-content\/uploads\/2012\/05\/Hajredin-Kovaci-libri-Vrasja-e-frikes-638x1024.jpg 638w, https:\/\/www.visit-ulcinj.com\/blog\/wp-content\/uploads\/2012\/05\/Hajredin-Kovaci-libri-Vrasja-e-frikes.jpg 709w\" sizes=\"(max-width: 187px) 100vw, 187px\" \/><\/a>Shoqata e Artist\u00ebve dhe Intelektual\u00ebve \u201cArt Club\u201d do t\u00eb b\u00ebj\u00eb p\u00ebrurimin e librit \u201cVrasja e frik\u00ebs\u201d t\u00eb poetit Hajredin Kova\u00e7i. Libri \u00ebsht\u00eb botuar dit\u00eb m\u00eb par\u00eb n\u00eb kuad\u00ebr t\u00eb edicionit botues t\u00eb k\u00ebsaj shoqate. Kjo \u00ebsht\u00eb p\u00ebrmbledhja e tret\u00eb e k\u00ebtij autori i cili m\u00eb par\u00eb ka botuar v\u00ebllimet me poezi \u201cEcje pa mbarim\u201d dhe \u201cFundi \u00ebsht\u00eb larg\u201d.<\/p>\n<p>P\u00ebr librin \u201cVrasja e frik\u00ebs\u201d do t\u00eb flasin studiuesit mr. Haxhi Shabani dhe mr. Anton Goj\u00e7aj.<\/p>\n<p>P\u00ebrurimi do t\u00eb b\u00ebhet t\u00eb h\u00ebn\u00ebn, m\u00eb 14 maj 2012, n\u00eb or\u00ebn 20:00, n\u00eb mjediset e Bibliotek\u00ebs s\u00eb Qytetit n\u00eb Ulqin.<\/p>\n<p>Ulqin, m\u00eb 13 maj 2012<\/p>\n","protected":false},"excerpt":{"rendered":"<p>Njoftim p\u00ebr media \u201cArt Club\u201d b\u00ebn p\u00ebrurimin e librit \u201cVrasja e frik\u00ebs\u201d t\u00eb Hajredin Kova\u00e7it Shoqata e Artist\u00ebve dhe Intelektual\u00ebve \u201cArt Club\u201d do t\u00eb b\u00ebj\u00eb p\u00ebrurimin e librit \u201cVrasja e frik\u00ebs\u201d t\u00eb poetit Hajredin Kova\u00e7i. Libri \u00ebsht\u00eb botuar dit\u00eb m\u00eb par\u00eb n\u00eb kuad\u00ebr t\u00eb edicionit botues t\u00eb k\u00ebsaj shoqate. Kjo \u00ebsht\u00eb p\u00ebrmbledhja e tret\u00eb e [&hellip;]<\/p>\n","protected":false},"author":1,"featured_media":0,"comment_status":"open","ping_status":"closed","sticky":false,"template":"","format":"standard","meta":{"spay_email":"","jetpack_publicize_message":"","jetpack_is_tweetstorm":false,"jetpack_publicize_feature_enabled":true},"categories":[4],"tags":[16830,4187,200,18,20356],"jetpack_publicize_connections":[],"yoast_head":"<!-- This site is optimized with the Yoast SEO plugin v19.1 - https:\/\/yoast.com\/wordpress\/plugins\/seo\/ -->\n<title>\u201cArt Club\u201d b\u00ebn p\u00ebrurimin e librit \u201cVrasja e frik\u00ebs\u201d t\u00eb Hajredin Kova\u00e7it - Lajme nga Ulqini<\/title>\n<meta name=\"description\" content=\"Njoftim p\u00ebr media \u201cArt Club\u201d b\u00ebn p\u00ebrurimin e librit \u201cVrasja e frik\u00ebs\u201d t\u00eb Hajredin Kova\u00e7it Shoqata e Artist\u00ebve dhe Intelektual\u00ebve \u201cArt Club\u201d do t\u00eb b\u00ebj\u00eb\" \/>\n<meta name=\"robots\" content=\"index, follow, max-snippet:-1, max-image-preview:large, max-video-preview:-1\" \/>\n<link rel=\"canonical\" href=\"https:\/\/www.visit-ulcinj.com\/blog\/2012\/05\/13\/art-club-ben-perurimin-e-librit-vrasja-e-frikes-te-hajredin-kovacit\/\" \/>\n<meta property=\"og:locale\" content=\"en_US\" \/>\n<meta property=\"og:type\" content=\"article\" \/>\n<meta property=\"og:title\" content=\"\u201cArt Club\u201d b\u00ebn p\u00ebrurimin e librit \u201cVrasja e frik\u00ebs\u201d t\u00eb Hajredin Kova\u00e7it - Lajme nga Ulqini\" \/>\n<meta property=\"og:description\" content=\"Njoftim p\u00ebr media \u201cArt Club\u201d b\u00ebn p\u00ebrurimin e librit \u201cVrasja e frik\u00ebs\u201d t\u00eb Hajredin Kova\u00e7it Shoqata e Artist\u00ebve dhe Intelektual\u00ebve \u201cArt Club\u201d do t\u00eb b\u00ebj\u00eb\" \/>\n<meta property=\"og:url\" content=\"https:\/\/www.visit-ulcinj.com\/blog\/2012\/05\/13\/art-club-ben-perurimin-e-librit-vrasja-e-frikes-te-hajredin-kovacit\/\" \/>\n<meta property=\"og:site_name\" content=\"Lajme nga Ulqini\" \/>\n<meta property=\"article:published_time\" content=\"2012-05-13T11:41:19+00:00\" \/>\n<meta property=\"article:modified_time\" content=\"2012-05-13T11:42:47+00:00\" \/>\n<meta property=\"og:image\" content=\"http:\/\/www.visit-ulcinj.com\/blog\/wp-content\/uploads\/2012\/05\/Shoqata-Art-Club-Ulqin.1.jpg\" \/>\n<meta name=\"twitter:label1\" content=\"Written by\" \/>\n\t<meta name=\"twitter:data1\" content=\"ulqini\" \/>\n\t<meta name=\"twitter:label2\" content=\"Est. reading time\" \/>\n\t<meta name=\"twitter:data2\" content=\"1 minute\" \/>\n<script type=\"application\/ld+json\" class=\"yoast-schema-graph\">{\"@context\":\"https:\/\/schema.org\",\"@graph\":[{\"@type\":\"WebSite\",\"@id\":\"https:\/\/www.visit-ulcinj.com\/blog\/#website\",\"url\":\"https:\/\/www.visit-ulcinj.com\/blog\/\",\"name\":\"Lajme nga Ulqini\",\"description\":\"Lajme,Vijesti,Ulqini,Ulqin,Crna Gora,Mali i Zi\",\"potentialAction\":[{\"@type\":\"SearchAction\",\"target\":{\"@type\":\"EntryPoint\",\"urlTemplate\":\"https:\/\/www.visit-ulcinj.com\/blog\/?s={search_term_string}\"},\"query-input\":\"required name=search_term_string\"}],\"inLanguage\":\"en-US\"},{\"@type\":\"ImageObject\",\"inLanguage\":\"en-US\",\"@id\":\"https:\/\/www.visit-ulcinj.com\/blog\/2012\/05\/13\/art-club-ben-perurimin-e-librit-vrasja-e-frikes-te-hajredin-kovacit\/#primaryimage\",\"url\":\"https:\/\/www.visit-ulcinj.com\/blog\/wp-content\/uploads\/2012\/05\/Shoqata-Art-Club-Ulqin.1.jpg\",\"contentUrl\":\"https:\/\/www.visit-ulcinj.com\/blog\/wp-content\/uploads\/2012\/05\/Shoqata-Art-Club-Ulqin.1.jpg\",\"width\":\"625\",\"height\":\"138\"},{\"@type\":\"WebPage\",\"@id\":\"https:\/\/www.visit-ulcinj.com\/blog\/2012\/05\/13\/art-club-ben-perurimin-e-librit-vrasja-e-frikes-te-hajredin-kovacit\/#webpage\",\"url\":\"https:\/\/www.visit-ulcinj.com\/blog\/2012\/05\/13\/art-club-ben-perurimin-e-librit-vrasja-e-frikes-te-hajredin-kovacit\/\",\"name\":\"\u201cArt Club\u201d b\u00ebn p\u00ebrurimin e librit \u201cVrasja e frik\u00ebs\u201d t\u00eb Hajredin Kova\u00e7it - Lajme nga Ulqini\",\"isPartOf\":{\"@id\":\"https:\/\/www.visit-ulcinj.com\/blog\/#website\"},\"primaryImageOfPage\":{\"@id\":\"https:\/\/www.visit-ulcinj.com\/blog\/2012\/05\/13\/art-club-ben-perurimin-e-librit-vrasja-e-frikes-te-hajredin-kovacit\/#primaryimage\"},\"datePublished\":\"2012-05-13T11:41:19+00:00\",\"dateModified\":\"2012-05-13T11:42:47+00:00\",\"author\":{\"@id\":\"https:\/\/www.visit-ulcinj.com\/blog\/#\/schema\/person\/dcab619c614d3038751c63bc2aadc06d\"},\"description\":\"Njoftim p\u00ebr media \u201cArt Club\u201d b\u00ebn p\u00ebrurimin e librit \u201cVrasja e frik\u00ebs\u201d t\u00eb Hajredin Kova\u00e7it Shoqata e Artist\u00ebve dhe Intelektual\u00ebve \u201cArt Club\u201d do t\u00eb b\u00ebj\u00eb\",\"breadcrumb\":{\"@id\":\"https:\/\/www.visit-ulcinj.com\/blog\/2012\/05\/13\/art-club-ben-perurimin-e-librit-vrasja-e-frikes-te-hajredin-kovacit\/#breadcrumb\"},\"inLanguage\":\"en-US\",\"potentialAction\":[{\"@type\":\"ReadAction\",\"target\":[\"https:\/\/www.visit-ulcinj.com\/blog\/2012\/05\/13\/art-club-ben-perurimin-e-librit-vrasja-e-frikes-te-hajredin-kovacit\/\"]}]},{\"@type\":\"BreadcrumbList\",\"@id\":\"https:\/\/www.visit-ulcinj.com\/blog\/2012\/05\/13\/art-club-ben-perurimin-e-librit-vrasja-e-frikes-te-hajredin-kovacit\/#breadcrumb\",\"itemListElement\":[{\"@type\":\"ListItem\",\"position\":1,\"name\":\"\u201cArt Club\u201d b\u00ebn p\u00ebrurimin e librit \u201cVrasja e frik\u00ebs\u201d t\u00eb Hajredin Kova\u00e7it\"}]},{\"@type\":\"Person\",\"@id\":\"https:\/\/www.visit-ulcinj.com\/blog\/#\/schema\/person\/dcab619c614d3038751c63bc2aadc06d\",\"name\":\"ulqini\",\"sameAs\":[\"http:\/\/www.visit-ulcinj.com\"],\"url\":\"https:\/\/www.visit-ulcinj.com\/blog\/author\/admin\/\"}]}<\/script>\n<!-- \/ Yoast SEO plugin. -->","yoast_head_json":{"title":"\u201cArt Club\u201d b\u00ebn p\u00ebrurimin e librit \u201cVrasja e frik\u00ebs\u201d t\u00eb Hajredin Kova\u00e7it - Lajme nga Ulqini","description":"Njoftim p\u00ebr media \u201cArt Club\u201d b\u00ebn p\u00ebrurimin e librit \u201cVrasja e frik\u00ebs\u201d t\u00eb Hajredin Kova\u00e7it Shoqata e Artist\u00ebve dhe Intelektual\u00ebve \u201cArt Club\u201d do t\u00eb b\u00ebj\u00eb","robots":{"index":"index","follow":"follow","max-snippet":"max-snippet:-1","max-image-preview":"max-image-preview:large","max-video-preview":"max-video-preview:-1"},"canonical":"https:\/\/www.visit-ulcinj.com\/blog\/2012\/05\/13\/art-club-ben-perurimin-e-librit-vrasja-e-frikes-te-hajredin-kovacit\/","og_locale":"en_US","og_type":"article","og_title":"\u201cArt Club\u201d b\u00ebn p\u00ebrurimin e librit \u201cVrasja e frik\u00ebs\u201d t\u00eb Hajredin Kova\u00e7it - Lajme nga Ulqini","og_description":"Njoftim p\u00ebr media \u201cArt Club\u201d b\u00ebn p\u00ebrurimin e librit \u201cVrasja e frik\u00ebs\u201d t\u00eb Hajredin Kova\u00e7it Shoqata e Artist\u00ebve dhe Intelektual\u00ebve \u201cArt Club\u201d do t\u00eb b\u00ebj\u00eb","og_url":"https:\/\/www.visit-ulcinj.com\/blog\/2012\/05\/13\/art-club-ben-perurimin-e-librit-vrasja-e-frikes-te-hajredin-kovacit\/","og_site_name":"Lajme nga Ulqini","article_published_time":"2012-05-13T11:41:19+00:00","article_modified_time":"2012-05-13T11:42:47+00:00","og_image":[{"url":"http:\/\/www.visit-ulcinj.com\/blog\/wp-content\/uploads\/2012\/05\/Shoqata-Art-Club-Ulqin.1.jpg"}],"twitter_misc":{"Written by":"ulqini","Est. reading time":"1 minute"},"schema":{"@context":"https:\/\/schema.org","@graph":[{"@type":"WebSite","@id":"https:\/\/www.visit-ulcinj.com\/blog\/#website","url":"https:\/\/www.visit-ulcinj.com\/blog\/","name":"Lajme nga Ulqini","description":"Lajme,Vijesti,Ulqini,Ulqin,Crna Gora,Mali i Zi","potentialAction":[{"@type":"SearchAction","target":{"@type":"EntryPoint","urlTemplate":"https:\/\/www.visit-ulcinj.com\/blog\/?s={search_term_string}"},"query-input":"required name=search_term_string"}],"inLanguage":"en-US"},{"@type":"ImageObject","inLanguage":"en-US","@id":"https:\/\/www.visit-ulcinj.com\/blog\/2012\/05\/13\/art-club-ben-perurimin-e-librit-vrasja-e-frikes-te-hajredin-kovacit\/#primaryimage","url":"https:\/\/www.visit-ulcinj.com\/blog\/wp-content\/uploads\/2012\/05\/Shoqata-Art-Club-Ulqin.1.jpg","contentUrl":"https:\/\/www.visit-ulcinj.com\/blog\/wp-content\/uploads\/2012\/05\/Shoqata-Art-Club-Ulqin.1.jpg","width":"625","height":"138"},{"@type":"WebPage","@id":"https:\/\/www.visit-ulcinj.com\/blog\/2012\/05\/13\/art-club-ben-perurimin-e-librit-vrasja-e-frikes-te-hajredin-kovacit\/#webpage","url":"https:\/\/www.visit-ulcinj.com\/blog\/2012\/05\/13\/art-club-ben-perurimin-e-librit-vrasja-e-frikes-te-hajredin-kovacit\/","name":"\u201cArt Club\u201d b\u00ebn p\u00ebrurimin e librit \u201cVrasja e frik\u00ebs\u201d t\u00eb Hajredin Kova\u00e7it - Lajme nga Ulqini","isPartOf":{"@id":"https:\/\/www.visit-ulcinj.com\/blog\/#website"},"primaryImageOfPage":{"@id":"https:\/\/www.visit-ulcinj.com\/blog\/2012\/05\/13\/art-club-ben-perurimin-e-librit-vrasja-e-frikes-te-hajredin-kovacit\/#primaryimage"},"datePublished":"2012-05-13T11:41:19+00:00","dateModified":"2012-05-13T11:42:47+00:00","author":{"@id":"https:\/\/www.visit-ulcinj.com\/blog\/#\/schema\/person\/dcab619c614d3038751c63bc2aadc06d"},"description":"Njoftim p\u00ebr media \u201cArt Club\u201d b\u00ebn p\u00ebrurimin e librit \u201cVrasja e frik\u00ebs\u201d t\u00eb Hajredin Kova\u00e7it Shoqata e Artist\u00ebve dhe Intelektual\u00ebve \u201cArt Club\u201d do t\u00eb b\u00ebj\u00eb","breadcrumb":{"@id":"https:\/\/www.visit-ulcinj.com\/blog\/2012\/05\/13\/art-club-ben-perurimin-e-librit-vrasja-e-frikes-te-hajredin-kovacit\/#breadcrumb"},"inLanguage":"en-US","potentialAction":[{"@type":"ReadAction","target":["https:\/\/www.visit-ulcinj.com\/blog\/2012\/05\/13\/art-club-ben-perurimin-e-librit-vrasja-e-frikes-te-hajredin-kovacit\/"]}]},{"@type":"BreadcrumbList","@id":"https:\/\/www.visit-ulcinj.com\/blog\/2012\/05\/13\/art-club-ben-perurimin-e-librit-vrasja-e-frikes-te-hajredin-kovacit\/#breadcrumb","itemListElement":[{"@type":"ListItem","position":1,"name":"\u201cArt Club\u201d b\u00ebn p\u00ebrurimin e librit \u201cVrasja e frik\u00ebs\u201d t\u00eb Hajredin Kova\u00e7it"}]},{"@type":"Person","@id":"https:\/\/www.visit-ulcinj.com\/blog\/#\/schema\/person\/dcab619c614d3038751c63bc2aadc06d","name":"ulqini","sameAs":["http:\/\/www.visit-ulcinj.com"],"url":"https:\/\/www.visit-ulcinj.com\/blog\/author\/admin\/"}]}},"jetpack_featured_media_url":"","jetpack_sharing_enabled":true,"jetpack_shortlink":"https:\/\/wp.me\/pe6lTn-fI3","_links":{"self":[{"href":"https:\/\/www.visit-ulcinj.com\/blog\/wp-json\/wp\/v2\/posts\/60391"}],"collection":[{"href":"https:\/\/www.visit-ulcinj.com\/blog\/wp-json\/wp\/v2\/posts"}],"about":[{"href":"https:\/\/www.visit-ulcinj.com\/blog\/wp-json\/wp\/v2\/types\/post"}],"author":[{"embeddable":true,"href":"https:\/\/www.visit-ulcinj.com\/blog\/wp-json\/wp\/v2\/users\/1"}],"replies":[{"embeddable":true,"href":"https:\/\/www.visit-ulcinj.com\/blog\/wp-json\/wp\/v2\/comments?post=60391"}],"version-history":[{"count":4,"href":"https:\/\/www.visit-ulcinj.com\/blog\/wp-json\/wp\/v2\/posts\/60391\/revisions"}],"predecessor-version":[{"id":60397,"href":"https:\/\/www.visit-ulcinj.com\/blog\/wp-json\/wp\/v2\/posts\/60391\/revisions\/60397"}],"wp:attachment":[{"href":"https:\/\/www.visit-ulcinj.com\/blog\/wp-json\/wp\/v2\/media?parent=60391"}],"wp:term":[{"taxonomy":"category","embeddable":true,"href":"https:\/\/www.visit-ulcinj.com\/blog\/wp-json\/wp\/v2\/categories?post=60391"},{"taxonomy":"post_tag","embeddable":true,"href":"https:\/\/www.visit-ulcinj.com\/blog\/wp-json\/wp\/v2\/tags?post=60391"}],"curies":[{"name":"wp","href":"https:\/\/api.w.org\/{rel}","templated":true}]}}