{"id":60398,"date":"2012-05-13T13:53:03","date_gmt":"2012-05-13T12:53:03","guid":{"rendered":"http:\/\/www.visit-ulcinj.com\/blog\/?p=60398"},"modified":"2012-05-13T13:54:20","modified_gmt":"2012-05-13T12:54:20","slug":"elvana-gjata-rrefen-klipi-gjaku-im-dhe-prapaskenat","status":"publish","type":"post","link":"https:\/\/www.visit-ulcinj.com\/blog\/2012\/05\/13\/elvana-gjata-rrefen-klipi-gjaku-im-dhe-prapaskenat\/","title":{"rendered":"Elvana Gjata rr\u00ebfen: Klipi \u201cGjaku im\u201d dhe prapaskenat"},"content":{"rendered":"<p><a href=\"http:\/\/www.visit-ulcinj.com\/blog\/wp-content\/uploads\/2012\/05\/Elvana-GjataGJAKUIM.jpg\"><img loading=\"lazy\" class=\"alignleft  wp-image-60399\" title=\"Elvana Gjata,GJAKUIM\" src=\"http:\/\/www.visit-ulcinj.com\/blog\/wp-content\/uploads\/2012\/05\/Elvana-GjataGJAKUIM.jpg\" alt=\"\" width=\"508\" height=\"600\" \/><\/a>\u00c7do projekt apo angazhim i saj n\u00eb art, p\u00ebrkthehet gjithnj\u00eb me sukses. B\u00ebhet fjal\u00eb p\u00ebr k\u00ebng\u00ebtaren e mir\u00ebnjohur, Elvana Gjata, e cila koh\u00ebt e fundit nxorri n\u00eb treg k\u00ebng\u00ebn e saj \u201c Gjaku im\u201d. Si \u00e7do k\u00ebng\u00eb edhe ky projekt i ri i saj, \u00ebsht\u00eb p\u00eblqyer shum\u00eb nga publiku.<\/p>\n<p>Duke e cil\u00ebsuar at\u00eb si nga projektet e saj m\u00eb t\u00eb mira, Elvana shprehet se, kjo k\u00ebng\u00eb trajton nj\u00eb tem\u00eb q\u00eb ka e shqet\u00ebsuar v\u00ebrtet mendjen dhe zemr\u00ebn e saj. K\u00ebng\u00ebtarja thot\u00eb se, k\u00ebt\u00eb k\u00ebng\u00eb e ka interpretuar me aq ndjenj\u00eb, saq\u00eb nga duart e saj t\u00eb lidhur me zinxhir\u00eb, ka dal v\u00ebrtet gjak.<br \/>\nPor nuk \u00ebsht\u00eb vet\u00ebm muzika ajo q\u00eb z\u00eb nj\u00eb vend t\u00eb r\u00ebnd\u00ebsish\u00ebm p\u00ebr Elvan\u00ebn. Prej 7 jav\u00ebsh publiku shqiptar, po e shikon k\u00ebng\u00ebtaren t\u00eb mb\u00ebrthyer nga ethet e gar\u00ebs t\u00eb \u201cDancing With the Stars\u201d. E shoq\u00ebruar n\u00eb k\u00ebt\u00eb kompeticion nga balerini Gerd Vaso, Elvana edhe n\u00eb k\u00ebt\u00eb angazhim t\u00eb ri t\u00eb sajin, duket se po ec\u00ebn mjaft mir\u00eb duke u renditur, nd\u00ebr konkurrentet e para m\u00eb t\u00eb votuara dhe t\u00eb p\u00eblqyera nga publiku shqiptar. Ndon\u00ebse gara n\u00eb DWS po b\u00ebhet m\u00eb e fort\u00eb, edhe Elvana Gjata, po p\u00ebrgatitet m\u00eb shum\u00eb p\u00ebr t\u00eb arritur suksesin n\u00eb k\u00ebt\u00eb kompeticion. Por sfidat p\u00ebr artisten nuk p\u00ebrfundojn\u00eb k\u00ebtu.<\/p>\n<p>Pjes\u00eb e axhend\u00ebs s\u00eb saj artistike, do t\u00eb jet\u00eb edhe nj\u00eb tjet\u00ebr konkurs i r\u00ebnd\u00ebsish\u00ebm, si\u00e7 \u00ebsht\u00eb \u201cBalkan Music Award\u201d, ku Elvana konkurron me klipin e saj \u201c Af\u00ebr dhe Larg\u201d, p\u00ebrkrah\u00eb emrave t\u00eb njohur t\u00eb muzik\u00ebs ballkanike.<\/p>\n<p><strong>Ka pak jav\u00eb q\u00eb \u00ebsht\u00eb lan\u00e7uar, k\u00ebnga juaj \u201cGjaku im\u201d, dhe duket se ka marr m\u00eb shum\u00eb se 280 mij\u00eb klikime, si ndiheni?<\/strong><\/p>\n<p>Ndihem shum\u00eb mir\u00eb q\u00eb interesimi i publikut sa vjen dhe rritet ndaj projekteve t\u00eb mia m\u00eb t\u00eb reja. Kjo mb\u00ebshtetje e publikut m\u00eb motivon shum\u00eb p\u00ebr pun\u00eb edhe m\u00eb t\u00eb mira.<\/p>\n<p><strong>N\u00eb k\u00ebt\u00eb k\u00ebng\u00eb vini ndryshe, n\u00eb rrym\u00ebn n\u00eb pop rock, pse kjo zgjedhje?<\/strong><\/p>\n<p>Gjithmon\u00eb kam dashur t\u00eb vij ndryshe. Larmishm\u00ebria p\u00ebr nj\u00eb artist \u00ebsht\u00eb m\u00eb se e nevojshme, p\u00ebr t\u00eb pasuruar figur\u00ebn e tij. Duke qen\u00eb nj\u00eb k\u00ebng\u00eb me mesazh t\u00eb fort\u00eb nj\u00eb rrym\u00eb e till\u00eb i p\u00ebrputhet m\u00eb s\u00eb miri. Por n\u00eb repertorin tim nuk \u00ebsht\u00eb e vetmja k\u00ebng\u00eb n\u00eb k\u00ebt\u00eb rrym\u00eb, pasi edhe k\u00ebtu e gjej veten shum\u00eb mir\u00eb.<\/p>\n<p><strong>Edhe kjo k\u00ebng\u00eb mban vul\u00ebn e kompozitorit Flori Mumajesi, pse ja besoni gjithnj\u00eb Florit k\u00ebng\u00ebt tuaja?<\/strong><\/p>\n<p>Do thoja q\u00eb \u00ebsht\u00eb nj\u00eb marr\u00ebdh\u00ebnie reciproke.<\/p>\n<p><strong>Do t\u00eb kemi nj\u00eb tjet\u00ebr projekt muzikor nga ju, meq\u00ebnese vjen edhe sezoni veror? Keni ndonj\u00eb projekt gati?<\/strong><\/p>\n<p>Po jam duke punuar p\u00ebr nj\u00eb sing\u00ebll t\u00eb ri.<\/p>\n<p><strong>Sa ju pengon Dancing p\u00ebr tu marr me muzik\u00eb?<\/strong><\/p>\n<p>Asgj\u00eb nuk m\u00eb pengon t\u00eb merrem m\u00eb muzik\u00eb (qesh), edhe pse m\u00eb duhet t\u00eb pranoj q\u00eb pjes\u00ebmarrja n\u00eb \u201cDancing with the Stars\u201d, k\u00ebrkon nj\u00eb impenjim dhe p\u00ebrkushtim maksimal. Megjithat\u00eb jam e aft\u00eb ta organizoj dit\u00ebn n\u00eb m\u00ebnyr\u00eb, q\u00eb t\u00eb b\u00ebj at\u00eb \u00e7\u2019ka duhet me energjit\u00eb e duhura, duke p\u00ebrfshir\u00eb muzik\u00ebn dhe k\u00ebrcimin.<\/p>\n<p><strong>Jemi n\u00eb jav\u00ebn e shtat\u00eb t\u00eb DWS, sa e p\u00ebrgatitur ndihet Elvana tani kur gara po b\u00ebhet akoma m\u00eb e fort\u00eb?<\/strong><\/p>\n<p>Sa m\u00eb e fort\u00eb b\u00ebhet gara aq m\u00eb e fort\u00eb b\u00ebhem edhe un (qesh). M\u00eb shtohet d\u00ebshira p\u00ebr t\u00eb punuar dhe k\u00ebrcyer \u00e7do dit\u00eb e m\u00eb shum\u00eb. Po e shijoj shum\u00eb si eksperienc\u00eb. E ndjej q\u00eb po plot\u00ebson dhe pasuron nj\u00eb pjes\u00eb t\u00eb r\u00ebnd\u00ebsishme t\u00eb figur\u00ebs time artisike.<\/p>\n<p><strong>E shikoni veten n\u00eb finalen e k\u00ebtij spektakli?<\/strong><\/p>\n<p>T\u00eb them t\u00eb drejt\u00ebn besoj shum\u00eb, tek aft\u00ebsia ime p\u00ebr t\u00eb k\u00ebrcyer, por kjo gj\u00eb b\u00ebhet dhe m\u00eb e fort\u00eb kur e ndjen, q\u00eb ke nj\u00eb publik mbar\u00eb shqiptar q\u00eb t\u00eb mb\u00ebshtet.<\/p>\n<p><strong>Sa suport e keni Gerdin n\u00eb k\u00ebt\u00eb kompeticion?<\/strong><\/p>\n<p>Gerdi \u00ebsht\u00eb partneri m\u00eb perfekt q\u00eb mund t\u00eb m\u00eb shoq\u00ebronte gjat\u00eb k\u00ebtij kompeticioni. Profesionalizmi i tij m\u00eb shtyn p\u00ebr t\u00eb dhen\u00eb m\u00eb t\u00eb mir\u00ebn time. T\u00eb k\u00ebrcesh me nj\u00eb yll t\u00eb baletit shqiptar, \u00ebsht\u00eb jo vet\u00ebm k\u00ebnaq\u00ebsi por edhe p\u00ebrgjegj\u00ebsi shum\u00eb e madhe p\u00ebr mua.<\/p>\n<p><strong>Mendoni q\u00eb pjes\u00ebmarrja n\u00eb Dancing do t\u2019iu ndihmoj\u00eb, gjat\u00eb performancave n\u00eb k\u00ebng\u00ebt tuaja?<\/strong><\/p>\n<p>Po besoj q\u00eb k\u00ebrcimi do t\u00eb z\u00eb nj\u00eb vend shum\u00eb t\u00eb r\u00ebnd\u00ebsish\u00ebm n\u00eb vazhdim\u00ebsi.<\/p>\n<p><strong>N\u00eb cil\u00ebn nga disiplinat, ndiheni m\u00eb komode?<\/strong><\/p>\n<p>N\u00eb k\u00ebrcimet latine. Tango, Pasodoble, Rumba i ndjej shum\u00eb af\u00ebr vetes. Jan\u00eb disiplina q\u00eb k\u00ebrkojn\u00eb shum\u00eb interpretim,\u00a0 ndjenj\u00eb, personalitet, forc\u00eb.<\/p>\n<p><strong>Cili ju duket k\u00ebrcimi m\u00eb i v\u00ebshtir\u00eb?<\/strong><\/p>\n<p>Deri tani m\u00eb e siklet\u00ebshme ka qen\u00eb Jive.<\/p>\n<p><strong>Elvan\u00eb 10 pik\u00ebshin tuaj t\u00eb par\u00eb n\u00eb DWS, e keni marr nga ish- profesori juaj, Alfred Ka\u00e7inari, si u ndjet\u00eb?<\/strong><\/p>\n<p>Shum\u00eb mir\u00eb. Uroj t\u00eb m\u00eb shoq\u00ebroj deri n\u00eb fund (qesh). M\u00eb riktheu edhe nj\u00eb her\u00eb n\u00eb kujtimet e \u201cEtheve\u201d dhe pse jam koshiente p\u00ebr vitet q\u00eb kan\u00eb kaluar. U binda edhe nj\u00eb her\u00eb q\u00eb koha \u00ebsht\u00eb treguesi m\u00eb i mir\u00eb.<\/p>\n<p><strong>N\u00eb fakt si i merrni vler\u00ebsimet e juris\u00eb, jeni m\u00ebrzitur me komentet e tyre?<\/strong><\/p>\n<p>Un\u00eb e vler\u00ebsoj gjykimin e juris\u00eb, qoft\u00eb pozitiv apo negativ. N\u00eb rastin tim kan\u00eb sh\u00ebrbyer p\u00ebr mir\u00eb, pasi kam rregulluar defektet e mija. Pastaj un\u00eb jam pro slloganit t\u00eb k\u00ebtij kompeticioni, \u201cJuria gjykon, publiku vendos\u201d.<\/p>\n<p><strong>Tani q\u00eb provuat eksperienc\u00ebn e k\u00ebrcimit, jeni penduar q\u00eb e lat\u00eb baletin?<\/strong><\/p>\n<p>Jo. Mendoj q\u00eb \u00e7do gj\u00eb ka ardhur n\u00eb koh\u00ebn dhe momentin e duhur.<\/p>\n<p><strong>Cilin shikoni si konkurrentin m\u00eb t\u00eb fort\u00eb t\u00eb DWS?<\/strong><\/p>\n<p>Gjithsecili prej konkurruesve ka nj\u00eb karakteristik\u00eb, q\u00eb i b\u00ebn konkurrent t\u00eb fort\u00eb.<\/p>\n<p><strong>Me cil\u00ebn nga konkurrent\u00ebt keni m\u00eb shum\u00eb miq\u00ebsi?<\/strong><\/p>\n<p>Me t\u00eb gjith\u00eb kam raporte shum\u00eb t\u00eb mira.<\/p>\n<p><strong>Keni rivale n\u00eb k\u00ebt\u00eb gar\u00eb, nisur edhe nga fakti q\u00eb ky edicion i tret\u00eb \u00ebsht\u00eb cil\u00ebsuar si nj\u00eb nga spektaklet me konkurrentet me t\u00eb bukura femra?<\/strong><\/p>\n<p>Po \u00ebsht\u00eb e v\u00ebrtet q\u00eb ka pasur femra shum\u00eb t\u00eb bukura konkurrente k\u00ebt\u00eb vit, por kjo nuk p\u00ebrb\u00ebn kriterin kryesor t\u00eb konkurrimit. P\u00ebr mua k\u00ebrcimi \u00ebsht\u00eb ai q\u00eb duhet evidentuar dhe vler\u00ebsuar m\u00eb tep\u00ebr.<\/p>\n<p><strong>Elvana sapo t\u00eb mbaroj\u00eb Dancing, ju keni nj\u00eb tjet\u00ebr kompeticion t\u00eb r\u00ebnd\u00ebsish\u00ebm ku do t\u00eb merrni pjes\u00eb dhe q\u00eb \u00ebsht\u00eb , \u201cBalkan Music Award\u201d, ndiheni e emocionuar?<\/strong><\/p>\n<p>Vitin e kaluar kur kam performuar n\u00eb Sofie, n\u00eb \u201cBalkan Music Award\u201d me shum\u00eb artist\u00eb t\u00eb tjer\u00eb t\u00eb m\u00ebdhenj ballkanas si, Alexandea Stan, Ana Vissi, Akcent, Inna etj dhe jam ndjer\u00eb shum\u00eb krenare. K\u00ebt\u00eb vit nominimi i videos \u201cAf\u00ebr dhe Larg\u201d me Provideo n\u00eb 5 videot m\u00eb t\u00eb mira n\u00eb Ballkan, duke p\u00ebrfshir\u00eb dhe Alexandra Stan dhe grupin nga\u00a0 t\u00eb cil\u00ebt jan\u00eb t\u00eb nominuar, m\u00eb b\u00ebn t\u00eb ndihem dhe m\u00eb shum\u00eb. M\u00eb emociononte pa mas\u00eb p\u00ebrkrahja e publikut shqiptar duke votuar n\u00eb \u00e7do form\u00eb, q\u00eb kjo k\u00ebng\u00eb dhe video t\u00eb fitonte. Jam e lumtur q\u00eb kam mund\u00ebsin\u00eb t\u00eb p\u00ebrfaq\u00ebsoj Shqip\u00ebrin\u00eb, me pun\u00ebn time.<\/p>\n<p><strong>Do ti vazhdoni m\u00eb tej bashk\u00ebpunimet tuaja me Pro video?<\/strong><\/p>\n<p>Pro video \u00ebsht\u00eb nj\u00eb nga produksionet m\u00eb t\u00eb mira shqiptare, me nj\u00eb staf profesional. Ka treguar q\u00eb kur bashkohet me \u201cThredoots\u201d, japin gjithmon\u00eb nj\u00eb produkt t\u00eb sukssesh\u00ebm. Un\u00eb jam shum\u00eb e k\u00ebnaqur me \u00e7do bashk\u00ebpunim tonin, secili ka nga nj\u00eb sukses m\u00eb vete. Video \u201cMe ty\u201d \u201cAfer dhe Larg\u201d dhe \u201cGjaku im\u201d.<\/p>\n<p><strong>I keni ndjekur videot e tjera pjes\u00ebmarr\u00ebse, si ju duken ato?<\/strong><\/p>\n<p>Padyshim konkurrimi m\u00eb duket shum\u00eb i fort\u00eb, duke p\u00ebrmendur artiste si Alexandra Stan, Lepa Brena, Severina, Manga.etj<\/p>\n<p><strong>Kujt i trembeni m\u00eb shum\u00eb?<\/strong><\/p>\n<p>P\u00ebr mua \u00ebsht\u00eb arritje, q\u00eb ndodhem e nominuar krah\u00eb k\u00ebtyre artist\u00ebve dhe ky fakt vet\u00ebm m\u00eb g\u00ebzon.<\/p>\n<p><strong>Ku q\u00ebndron e ve\u00e7anta e klipit \u2018Af\u00ebr dhe larg\u201d?<\/strong><\/p>\n<p>Ve\u00e7antia e tij q\u00ebndron n\u00eb koncept dhe kombimini i vendodhjes s\u00eb, xhirimit me fabul\u00ebn e tekstit vjen shum\u00eb natyrshem dhe i drejt\u00ebp\u00ebrdrejt. Pa len\u00eb pas dhe fotografin\u00eb dhe kualitetin e videos.<\/p>\n<p><strong>Nga t\u00eb gjitha klipet dhe k\u00ebng\u00ebt tuaja cil\u00ebn keni m\u00eb t\u00eb preferuar?<\/strong><\/p>\n<p>Do ve\u00e7oja \u201cGjaku im\u201d projektin tim m\u00eb t\u00eb fundit. Trajton nj\u00eb tem\u00eb q\u00eb ka shqet\u00ebsuar v\u00ebrtet mendjen dhe zemr\u00ebn time. Jetojm\u00eb n\u00eb nj\u00eb tok\u00eb me bukuri t\u00eb rralla natyrore por t\u00eb varf\u00ebr dhe me shum\u00eb probleme dhe kemi kaluar koh\u00eb e situata t\u00eb v\u00ebshtira. K\u00ebto dhe shum\u00eb faktor\u00eb t\u00eb tjer\u00eb kan\u00eb bre\u00eb, q\u00eb ne t\u00eb jemi t\u00eb pasigurt, t\u00eb prirur drejt se keqes, mos t\u00eb kemi besim n\u00eb vetvete ndaj dhe vendosa t\u00eb b\u00ebj nj\u00eb thirrje p\u00ebr t\u00eb gjith\u00eb kombin shqiptar. P\u00ebr t\u00eb reflektuar dhe besuar n\u00eb vetvete dhe n\u00eb at\u00eb c\u2019ka quhet \u201cGjaku jon\u00eb\u201d, gjak shqiptari. Besoj se ne jemi njer\u00ebz shum\u00eb t\u00eb zgjuar dhe me zem\u00ebr shum\u00eb t\u00eb madhe ndaj mos t\u00eb kemi frik\u00eb, n\u00ebse rritemi ngadal\u00eb, por t\u00eb mendojm\u00eb sesi t\u00eb rritemi dhe nj\u00eb dit\u00eb t\u00eb arrijm\u00eb aty ku meritojm\u00eb t\u00eb jemi. Dua t\u00eb ndaj dhe nj\u00eb moment gjat\u00eb xhirimeve me publikun. N\u00eb k\u00ebt\u00eb video kam interpetuar me aq ndjenj\u00eb saq\u00eb nga duart e lidhur me zinxhir\u00eb, t\u00eb v\u00ebrtet hekuri ka dal gjak realisht. Dhe kjo do t\u00eb shihet n\u00eb nj\u00eb \u201cMaking OFF\u201d, q\u00eb \u00ebsht\u00eb b\u00ebr\u00eb dhe do t\u00eb transmetohet shum\u00eb shpejt.<\/p>\n<p><strong>Do t\u00eb merrni pjes\u00eb n\u00eb ndonj\u00eb nga festivalet e r\u00ebndesishme shqiptare k\u00ebt\u00eb vit ?<\/strong><\/p>\n<p>Deri tani nuk kam di\u00e7ka n\u00eb plan.<\/p>\n<p><strong>Jeni aktualisht \u201cmbret\u00ebresha\u201d n\u00eb fuqi, e Top Fest e keni ndjekur sadopak Top fest 9. Kujt ia uroni fitoren?<\/strong><\/p>\n<p>Shikoj q\u00eb edhe k\u00ebt\u00eb vit ka prurje muzikore shum\u00eb t\u00eb mira dhe duket q\u00eb disa prej tyre kan\u00eb zen\u00eb vend, n\u00eb zemrat e publikut. Un\u00eb kam shum\u00eb t\u00eb preferuara k\u00ebt\u00eb vit si \u201cP\u00ebr mua je dashuri\u201d Julka, \u201cFishekzjarre\u201d nga Besa ,\u201dSi shiu\u201d, Argjentina Ramosaj\u201d, \u201cAjo \u00ebsht\u00eb ajo\u201d nga Eric dhe superhiti \u201cMamica\u201d i k\u00ebng\u00ebtarit, Klajdi Haruni. Uroj q\u00eb ashtu si\u00e7 ndodhi vjet me mua fituesi, t\u00eb jet\u00eb ai q\u00eb ka mb\u00ebshtetjen absolute t\u00eb publikut!<\/p>\n<p><strong>Koh\u00ebt e fundit ka qarkulluar n\u00eb media lajmi, se ju do t\u00eb jeni imazhi i \u201cTring dixhital\u201d, sa t\u00eb v\u00ebrteta jan\u00eb k\u00ebto thashetheme?<\/strong><\/p>\n<p>Nuk ka asgj\u00eb t\u00eb v\u00ebrtet.<\/p>\n<p><strong>Elvana keni nj\u00eb njeri q\u00eb ju frym\u00ebzon n\u00eb jet\u00eb?<\/strong><\/p>\n<p>Kam familjen time q\u00eb e kam shum\u00eb t\u00eb shtrenjt\u00eb dhe miq t\u00eb mi t\u00eb zemr\u00ebs, q\u00eb m\u00eb japin dashuri \u00e7do dit\u00eb.<\/p>\n<p><strong>Kujt ia dedikoni suksesin tuaj?<\/strong><\/p>\n<p>Falemindeit Zotit, q\u00eb n\u00eb jet\u00eb m\u00eb dha njer\u00ebzit, m\u00eb t\u00eb cil\u00ebt ndaj \u00e7do sukses dhe g\u00ebzim.<\/p>\n<p><strong>Duket se keni fituar nj\u00eb popullaritet t\u00eb madh n\u00eb publik, si \u00ebsht\u00eb raporti juaj me fansat?<\/strong><\/p>\n<p>Fansat jan\u00eb nj\u00eb shtyll\u00eb shum\u00eb e fort\u00eb e karrier\u00ebs time. Falenderime t\u00eb sinqerta. Gjithmon nuk do rreshtin s\u00eb daluri nga zemra ime p\u00ebr ta.<\/p>\n<p><strong>E konsideroni veten nj\u00eb njeri me fat?<\/strong><\/p>\n<p>Kur shikoj familjen, miqt\u00eb q\u00eb kam pran\u00eb, Shqip\u00ebrin\u00eb e bukur ku jetoj, muzik\u00ebn q\u00eb b\u00ebj, p\u00ebr at\u00eb c\u2019ka sot jam, po jam me fat!<\/p>\n<p><strong>\u00cbsht\u00eb e dashuruar Elvana Gjata?<\/strong><\/p>\n<p>E v\u00ebrteta \u00ebsht\u00eb q\u00eb jam dashuruar me makin\u00ebn time t\u00eb re FIAT 500. M\u00eb b\u00ebn t\u00eb ndihem kaq mir\u00eb (qesh).<\/p>\n<p><strong>Cila \u00ebsht\u00eb blerja juaj m\u00eb e \u201c\u00e7mendur\u201d?<\/strong><\/p>\n<p>\u00c7do blerje n\u00eb vetvete \u00ebsht\u00eb nj\u00eb \u00e7menduri m\u00eb vete (qesh). Sidomos kur jan\u00eb me vlera t\u00eb konsiderueshme.<\/p>\n<p><strong>Ku do ti kaloni pushimet verore?<\/strong><\/p>\n<p>Ende nuk kam vendosur asgj\u00eb, pasi bashk\u00eb me menaxherin tim Andy Dj, kemi nj\u00eb axhend\u00eb shum\u00eb impenjative, k\u00ebt\u00eb ver\u00eb me koncerte.<\/p>\n<p>(xh.k\/shqiptarja.com)<br \/>\n<!--YouTube Error: bad URL entered--><\/p>\n","protected":false},"excerpt":{"rendered":"<p>\u00c7do projekt apo angazhim i saj n\u00eb art, p\u00ebrkthehet gjithnj\u00eb me sukses. B\u00ebhet fjal\u00eb p\u00ebr k\u00ebng\u00ebtaren e mir\u00ebnjohur, Elvana Gjata, e cila koh\u00ebt e fundit nxorri n\u00eb treg k\u00ebng\u00ebn e saj \u201c Gjaku im\u201d. Si \u00e7do k\u00ebng\u00eb edhe ky projekt i ri i saj, \u00ebsht\u00eb p\u00eblqyer shum\u00eb nga publiku. Duke e cil\u00ebsuar at\u00eb si nga [&hellip;]<\/p>\n","protected":false},"author":1,"featured_media":0,"comment_status":"open","ping_status":"closed","sticky":false,"template":"","format":"standard","meta":{"spay_email":"","jetpack_publicize_message":"","jetpack_is_tweetstorm":false,"jetpack_publicize_feature_enabled":true},"categories":[1],"tags":[19677,7760,19806,16036,8966,19514,19511,4684,19460],"jetpack_publicize_connections":[],"yoast_head":"<!-- This site is optimized with the Yoast SEO plugin v19.1 - https:\/\/yoast.com\/wordpress\/plugins\/seo\/ -->\n<title>Elvana Gjata rr\u00ebfen: Klipi \u201cGjaku im\u201d dhe prapaskenat - Lajme nga Ulqini<\/title>\n<meta name=\"description\" content=\"\u00c7do projekt apo angazhim i saj n\u00eb art, p\u00ebrkthehet gjithnj\u00eb me sukses. B\u00ebhet fjal\u00eb p\u00ebr k\u00ebng\u00ebtaren e mir\u00ebnjohur, Elvana Gjata, e cila koh\u00ebt e fundit nxorri\" \/>\n<meta name=\"robots\" content=\"index, follow, max-snippet:-1, max-image-preview:large, max-video-preview:-1\" \/>\n<link rel=\"canonical\" href=\"https:\/\/www.visit-ulcinj.com\/blog\/2012\/05\/13\/elvana-gjata-rrefen-klipi-gjaku-im-dhe-prapaskenat\/\" \/>\n<meta property=\"og:locale\" content=\"en_US\" \/>\n<meta property=\"og:type\" content=\"article\" \/>\n<meta property=\"og:title\" content=\"Elvana Gjata rr\u00ebfen: Klipi \u201cGjaku im\u201d dhe prapaskenat - Lajme nga Ulqini\" \/>\n<meta property=\"og:description\" content=\"\u00c7do projekt apo angazhim i saj n\u00eb art, p\u00ebrkthehet gjithnj\u00eb me sukses. B\u00ebhet fjal\u00eb p\u00ebr k\u00ebng\u00ebtaren e mir\u00ebnjohur, Elvana Gjata, e cila koh\u00ebt e fundit nxorri\" \/>\n<meta property=\"og:url\" content=\"https:\/\/www.visit-ulcinj.com\/blog\/2012\/05\/13\/elvana-gjata-rrefen-klipi-gjaku-im-dhe-prapaskenat\/\" \/>\n<meta property=\"og:site_name\" content=\"Lajme nga Ulqini\" \/>\n<meta property=\"article:published_time\" content=\"2012-05-13T12:53:03+00:00\" \/>\n<meta property=\"article:modified_time\" content=\"2012-05-13T12:54:20+00:00\" \/>\n<meta property=\"og:image\" content=\"http:\/\/www.visit-ulcinj.com\/blog\/wp-content\/uploads\/2012\/05\/Elvana-GjataGJAKUIM.jpg\" \/>\n<meta name=\"twitter:label1\" content=\"Written by\" \/>\n\t<meta name=\"twitter:data1\" content=\"ulqini\" \/>\n\t<meta name=\"twitter:label2\" content=\"Est. reading time\" \/>\n\t<meta name=\"twitter:data2\" content=\"10 minutes\" \/>\n<script type=\"application\/ld+json\" class=\"yoast-schema-graph\">{\"@context\":\"https:\/\/schema.org\",\"@graph\":[{\"@type\":\"WebSite\",\"@id\":\"https:\/\/www.visit-ulcinj.com\/blog\/#website\",\"url\":\"https:\/\/www.visit-ulcinj.com\/blog\/\",\"name\":\"Lajme nga Ulqini\",\"description\":\"Lajme,Vijesti,Ulqini,Ulqin,Crna Gora,Mali i Zi\",\"potentialAction\":[{\"@type\":\"SearchAction\",\"target\":{\"@type\":\"EntryPoint\",\"urlTemplate\":\"https:\/\/www.visit-ulcinj.com\/blog\/?s={search_term_string}\"},\"query-input\":\"required name=search_term_string\"}],\"inLanguage\":\"en-US\"},{\"@type\":\"ImageObject\",\"inLanguage\":\"en-US\",\"@id\":\"https:\/\/www.visit-ulcinj.com\/blog\/2012\/05\/13\/elvana-gjata-rrefen-klipi-gjaku-im-dhe-prapaskenat\/#primaryimage\",\"url\":\"https:\/\/www.visit-ulcinj.com\/blog\/wp-content\/uploads\/2012\/05\/Elvana-GjataGJAKUIM.jpg\",\"contentUrl\":\"https:\/\/www.visit-ulcinj.com\/blog\/wp-content\/uploads\/2012\/05\/Elvana-GjataGJAKUIM.jpg\",\"width\":\"560\",\"height\":\"794\"},{\"@type\":\"WebPage\",\"@id\":\"https:\/\/www.visit-ulcinj.com\/blog\/2012\/05\/13\/elvana-gjata-rrefen-klipi-gjaku-im-dhe-prapaskenat\/#webpage\",\"url\":\"https:\/\/www.visit-ulcinj.com\/blog\/2012\/05\/13\/elvana-gjata-rrefen-klipi-gjaku-im-dhe-prapaskenat\/\",\"name\":\"Elvana Gjata rr\u00ebfen: Klipi \u201cGjaku im\u201d dhe prapaskenat - Lajme nga Ulqini\",\"isPartOf\":{\"@id\":\"https:\/\/www.visit-ulcinj.com\/blog\/#website\"},\"primaryImageOfPage\":{\"@id\":\"https:\/\/www.visit-ulcinj.com\/blog\/2012\/05\/13\/elvana-gjata-rrefen-klipi-gjaku-im-dhe-prapaskenat\/#primaryimage\"},\"datePublished\":\"2012-05-13T12:53:03+00:00\",\"dateModified\":\"2012-05-13T12:54:20+00:00\",\"author\":{\"@id\":\"https:\/\/www.visit-ulcinj.com\/blog\/#\/schema\/person\/dcab619c614d3038751c63bc2aadc06d\"},\"description\":\"\u00c7do projekt apo angazhim i saj n\u00eb art, p\u00ebrkthehet gjithnj\u00eb me sukses. B\u00ebhet fjal\u00eb p\u00ebr k\u00ebng\u00ebtaren e mir\u00ebnjohur, Elvana Gjata, e cila koh\u00ebt e fundit nxorri\",\"breadcrumb\":{\"@id\":\"https:\/\/www.visit-ulcinj.com\/blog\/2012\/05\/13\/elvana-gjata-rrefen-klipi-gjaku-im-dhe-prapaskenat\/#breadcrumb\"},\"inLanguage\":\"en-US\",\"potentialAction\":[{\"@type\":\"ReadAction\",\"target\":[\"https:\/\/www.visit-ulcinj.com\/blog\/2012\/05\/13\/elvana-gjata-rrefen-klipi-gjaku-im-dhe-prapaskenat\/\"]}]},{\"@type\":\"BreadcrumbList\",\"@id\":\"https:\/\/www.visit-ulcinj.com\/blog\/2012\/05\/13\/elvana-gjata-rrefen-klipi-gjaku-im-dhe-prapaskenat\/#breadcrumb\",\"itemListElement\":[{\"@type\":\"ListItem\",\"position\":1,\"name\":\"Elvana Gjata rr\u00ebfen: Klipi \u201cGjaku im\u201d dhe prapaskenat\"}]},{\"@type\":\"Person\",\"@id\":\"https:\/\/www.visit-ulcinj.com\/blog\/#\/schema\/person\/dcab619c614d3038751c63bc2aadc06d\",\"name\":\"ulqini\",\"sameAs\":[\"http:\/\/www.visit-ulcinj.com\"],\"url\":\"https:\/\/www.visit-ulcinj.com\/blog\/author\/admin\/\"}]}<\/script>\n<!-- \/ Yoast SEO plugin. -->","yoast_head_json":{"title":"Elvana Gjata rr\u00ebfen: Klipi \u201cGjaku im\u201d dhe prapaskenat - Lajme nga Ulqini","description":"\u00c7do projekt apo angazhim i saj n\u00eb art, p\u00ebrkthehet gjithnj\u00eb me sukses. B\u00ebhet fjal\u00eb p\u00ebr k\u00ebng\u00ebtaren e mir\u00ebnjohur, Elvana Gjata, e cila koh\u00ebt e fundit nxorri","robots":{"index":"index","follow":"follow","max-snippet":"max-snippet:-1","max-image-preview":"max-image-preview:large","max-video-preview":"max-video-preview:-1"},"canonical":"https:\/\/www.visit-ulcinj.com\/blog\/2012\/05\/13\/elvana-gjata-rrefen-klipi-gjaku-im-dhe-prapaskenat\/","og_locale":"en_US","og_type":"article","og_title":"Elvana Gjata rr\u00ebfen: Klipi \u201cGjaku im\u201d dhe prapaskenat - Lajme nga Ulqini","og_description":"\u00c7do projekt apo angazhim i saj n\u00eb art, p\u00ebrkthehet gjithnj\u00eb me sukses. B\u00ebhet fjal\u00eb p\u00ebr k\u00ebng\u00ebtaren e mir\u00ebnjohur, Elvana Gjata, e cila koh\u00ebt e fundit nxorri","og_url":"https:\/\/www.visit-ulcinj.com\/blog\/2012\/05\/13\/elvana-gjata-rrefen-klipi-gjaku-im-dhe-prapaskenat\/","og_site_name":"Lajme nga Ulqini","article_published_time":"2012-05-13T12:53:03+00:00","article_modified_time":"2012-05-13T12:54:20+00:00","og_image":[{"url":"http:\/\/www.visit-ulcinj.com\/blog\/wp-content\/uploads\/2012\/05\/Elvana-GjataGJAKUIM.jpg"}],"twitter_misc":{"Written by":"ulqini","Est. reading time":"10 minutes"},"schema":{"@context":"https:\/\/schema.org","@graph":[{"@type":"WebSite","@id":"https:\/\/www.visit-ulcinj.com\/blog\/#website","url":"https:\/\/www.visit-ulcinj.com\/blog\/","name":"Lajme nga Ulqini","description":"Lajme,Vijesti,Ulqini,Ulqin,Crna Gora,Mali i Zi","potentialAction":[{"@type":"SearchAction","target":{"@type":"EntryPoint","urlTemplate":"https:\/\/www.visit-ulcinj.com\/blog\/?s={search_term_string}"},"query-input":"required name=search_term_string"}],"inLanguage":"en-US"},{"@type":"ImageObject","inLanguage":"en-US","@id":"https:\/\/www.visit-ulcinj.com\/blog\/2012\/05\/13\/elvana-gjata-rrefen-klipi-gjaku-im-dhe-prapaskenat\/#primaryimage","url":"https:\/\/www.visit-ulcinj.com\/blog\/wp-content\/uploads\/2012\/05\/Elvana-GjataGJAKUIM.jpg","contentUrl":"https:\/\/www.visit-ulcinj.com\/blog\/wp-content\/uploads\/2012\/05\/Elvana-GjataGJAKUIM.jpg","width":"560","height":"794"},{"@type":"WebPage","@id":"https:\/\/www.visit-ulcinj.com\/blog\/2012\/05\/13\/elvana-gjata-rrefen-klipi-gjaku-im-dhe-prapaskenat\/#webpage","url":"https:\/\/www.visit-ulcinj.com\/blog\/2012\/05\/13\/elvana-gjata-rrefen-klipi-gjaku-im-dhe-prapaskenat\/","name":"Elvana Gjata rr\u00ebfen: Klipi \u201cGjaku im\u201d dhe prapaskenat - Lajme nga Ulqini","isPartOf":{"@id":"https:\/\/www.visit-ulcinj.com\/blog\/#website"},"primaryImageOfPage":{"@id":"https:\/\/www.visit-ulcinj.com\/blog\/2012\/05\/13\/elvana-gjata-rrefen-klipi-gjaku-im-dhe-prapaskenat\/#primaryimage"},"datePublished":"2012-05-13T12:53:03+00:00","dateModified":"2012-05-13T12:54:20+00:00","author":{"@id":"https:\/\/www.visit-ulcinj.com\/blog\/#\/schema\/person\/dcab619c614d3038751c63bc2aadc06d"},"description":"\u00c7do projekt apo angazhim i saj n\u00eb art, p\u00ebrkthehet gjithnj\u00eb me sukses. B\u00ebhet fjal\u00eb p\u00ebr k\u00ebng\u00ebtaren e mir\u00ebnjohur, Elvana Gjata, e cila koh\u00ebt e fundit nxorri","breadcrumb":{"@id":"https:\/\/www.visit-ulcinj.com\/blog\/2012\/05\/13\/elvana-gjata-rrefen-klipi-gjaku-im-dhe-prapaskenat\/#breadcrumb"},"inLanguage":"en-US","potentialAction":[{"@type":"ReadAction","target":["https:\/\/www.visit-ulcinj.com\/blog\/2012\/05\/13\/elvana-gjata-rrefen-klipi-gjaku-im-dhe-prapaskenat\/"]}]},{"@type":"BreadcrumbList","@id":"https:\/\/www.visit-ulcinj.com\/blog\/2012\/05\/13\/elvana-gjata-rrefen-klipi-gjaku-im-dhe-prapaskenat\/#breadcrumb","itemListElement":[{"@type":"ListItem","position":1,"name":"Elvana Gjata rr\u00ebfen: Klipi \u201cGjaku im\u201d dhe prapaskenat"}]},{"@type":"Person","@id":"https:\/\/www.visit-ulcinj.com\/blog\/#\/schema\/person\/dcab619c614d3038751c63bc2aadc06d","name":"ulqini","sameAs":["http:\/\/www.visit-ulcinj.com"],"url":"https:\/\/www.visit-ulcinj.com\/blog\/author\/admin\/"}]}},"jetpack_featured_media_url":"","jetpack_sharing_enabled":true,"jetpack_shortlink":"https:\/\/wp.me\/pe6lTn-fIa","_links":{"self":[{"href":"https:\/\/www.visit-ulcinj.com\/blog\/wp-json\/wp\/v2\/posts\/60398"}],"collection":[{"href":"https:\/\/www.visit-ulcinj.com\/blog\/wp-json\/wp\/v2\/posts"}],"about":[{"href":"https:\/\/www.visit-ulcinj.com\/blog\/wp-json\/wp\/v2\/types\/post"}],"author":[{"embeddable":true,"href":"https:\/\/www.visit-ulcinj.com\/blog\/wp-json\/wp\/v2\/users\/1"}],"replies":[{"embeddable":true,"href":"https:\/\/www.visit-ulcinj.com\/blog\/wp-json\/wp\/v2\/comments?post=60398"}],"version-history":[{"count":3,"href":"https:\/\/www.visit-ulcinj.com\/blog\/wp-json\/wp\/v2\/posts\/60398\/revisions"}],"predecessor-version":[{"id":60402,"href":"https:\/\/www.visit-ulcinj.com\/blog\/wp-json\/wp\/v2\/posts\/60398\/revisions\/60402"}],"wp:attachment":[{"href":"https:\/\/www.visit-ulcinj.com\/blog\/wp-json\/wp\/v2\/media?parent=60398"}],"wp:term":[{"taxonomy":"category","embeddable":true,"href":"https:\/\/www.visit-ulcinj.com\/blog\/wp-json\/wp\/v2\/categories?post=60398"},{"taxonomy":"post_tag","embeddable":true,"href":"https:\/\/www.visit-ulcinj.com\/blog\/wp-json\/wp\/v2\/tags?post=60398"}],"curies":[{"name":"wp","href":"https:\/\/api.w.org\/{rel}","templated":true}]}}