{"id":60420,"date":"2012-05-14T16:46:53","date_gmt":"2012-05-14T15:46:53","guid":{"rendered":"http:\/\/www.visit-ulcinj.com\/blog\/?p=60420"},"modified":"2012-05-14T17:39:07","modified_gmt":"2012-05-14T16:39:07","slug":"marreveshja-per-themelimin-e-keshillit-social-te-ulqinit","status":"publish","type":"post","link":"https:\/\/www.visit-ulcinj.com\/blog\/2012\/05\/14\/marreveshja-per-themelimin-e-keshillit-social-te-ulqinit\/","title":{"rendered":"Marr\u00ebveshja p\u00ebr themelimin e K\u00ebshillit social t\u00eb Ulqinit"},"content":{"rendered":"<p><a href=\"http:\/\/www.visit-ulcinj.com\/blog\/wp-content\/uploads\/2012\/05\/Marr\u00ebveshja-p\u00ebr-themelimin-e-K\u00ebshillit-social-t\u00eb-Ulqinit.jpg\"><img loading=\"lazy\" class=\"alignleft  wp-image-60421\" title=\"Marr\u00ebveshja p\u00ebr themelimin e K\u00ebshillit social t\u00eb Ulqinit\" src=\"http:\/\/www.visit-ulcinj.com\/blog\/wp-content\/uploads\/2012\/05\/Marr\u00ebveshja-p\u00ebr-themelimin-e-K\u00ebshillit-social-t\u00eb-Ulqinit.jpg\" alt=\"\" width=\"508\" height=\"380\" \/><\/a>\u00cbsht\u00eb mbajtur n\u00eb Ulqin mbledhja e VII \u2013 t\u00eb e rregullt e K\u00ebshillit social t\u00eb Malit t\u00eb Zi, t\u00eb cil\u00ebn e ka kryesuar ministri i pun\u00ebs dhe p\u00ebrkujdesjes sociale dhe Kryetari i k\u00ebshillit dr Suad Numanoviq.<\/p>\n<p>N\u00eb mbledhje ka marr\u00eb pjes\u00eb edhe Kryetari i Komun\u00ebs s\u00eb Ulqinit Nazif Cungu, i cili i ka njoftuar t\u00eb pranishmit me situat\u00ebn social ekonomike n\u00eb at\u00eb komun\u00eb. Ai ka theksuar se n\u00eb Ulqin n\u00eb periudh\u00ebn e kaluar \u00ebsht\u00eb sh\u00ebnuar progres, sepse 6 muajt e fundit jan\u00eb miratuar 16 dokumente urbanistike \u2013 planifikuese. S\u00eb shpejti do t\u00eb p\u00ebrfundoj\u00eb edhe Uj\u00ebsjell\u00ebsi regjional n\u00eb at\u00eb komun\u00eb, e pritet q\u00eb s\u00eb shpejti t\u00eb p\u00ebrfundoj\u00eb edhe realizimi i projektit t\u00eb ur\u00ebs n\u00eb Port Milen\u00eb, me vler\u00eb 14 milion\u00eb Euro. Kryetari Cungu ka th\u00ebn\u00eb se kjo komun\u00eb ka nevoj\u00eb p\u00ebr ndihm\u00eb me rastin e pages\u00ebs s\u00eb taksave dhe se n\u00eb k\u00ebt\u00eb aspekt pret p\u00ebrfshirjen m\u00eb t\u00eb madhe t\u00eb inspekcioneve. Ai ka shprehur k\u00ebnaq\u00ebsin\u00eb q\u00eb treguesit gjat\u00eb fest\u00ebs s\u00eb Nj\u00eb Majit, kur na kan\u00eb vizituar nj\u00eb num\u00ebr i madh i turist\u00ebve, v\u00ebrtetojn\u00eb q\u00eb ky sezon turistik do t\u00eb jet\u00eb m\u00eb i mir\u00eb se ai i vitit t\u00eb kaluar.<\/p>\n<p>N\u00eb mbledhje \u00ebsht\u00eb n\u00ebnshkruar Marr\u00ebveshja p\u00ebr themelimin e K\u00ebshillit social t\u00eb Ulqinit.<\/p>\n<p>N\u00eb mbledhje \u00ebsht\u00eb diskutuar edhe p\u00ebr p\u00ebrgatitjen e sezonit t\u00eb ardhsh\u00ebm turistik, p\u00ebr obligimet e subjekteve n\u00eb sektorin e turizmit, mbik\u00ebqyrjen e inspekcionit, si dhe p\u00ebr pun\u00ebsimin sezonal t\u00eb fuqis\u00eb pun\u00ebtore lokale.<\/p>\n<p>Ministri Numanoviq tha se gjat\u00eb sezonit turistik \u00ebsht\u00eb e nevojshme t\u00eb angazhohet fuqia pun\u00ebtore lokale, dhe se ka vend p\u00ebr pun\u00ebsimin e tyre n\u00eb pun\u00ebt sezonale, sepse vet\u00ebm gjat\u00eb vitit t\u00eb kaluar jan\u00eb l\u00ebshuar rreth 20.000 leje pune p\u00ebr shtetasit e huaj. Ministri tha se \u00ebsht\u00eb obligim i t\u00eb gjith\u00ebve q\u00eb t\u00eb p\u00ebrmir\u00ebsohet shitja e prodhimeve malazeze, posa\u00e7\u00ebrisht p\u00ebrmes ofert\u00ebs turistike. Ka theksuar q\u00eb \u00ebsht\u00eb e nevojshme q\u00eb p\u00ebrmes rrjedhave legale t\u00eb regjistrohen t\u00eb gjith\u00eb kapacitetet e akomodimit privat, si dhe pagesa e taks\u00ebs s\u00eb banimit t\u00eb jet\u00eb edhe m\u00eb efikase.<\/p>\n<p><a href=\"http:\/\/www.visit-ulcinj.com\/blog\/wp-content\/uploads\/2012\/05\/Marr\u00ebveshja-p\u00ebr-themelimin-e-K\u00ebshillit-social-t\u00eb-Ulqinit.1.jpg\"><img loading=\"lazy\" class=\"alignleft size-full wp-image-60422\" title=\"Marr\u00ebveshja p\u00ebr themelimin e K\u00ebshillit social t\u00eb Ulqinit.1\" src=\"http:\/\/www.visit-ulcinj.com\/blog\/wp-content\/uploads\/2012\/05\/Marr\u00ebveshja-p\u00ebr-themelimin-e-K\u00ebshillit-social-t\u00eb-Ulqinit.1.jpg\" alt=\"\" width=\"508\" height=\"339\" srcset=\"https:\/\/www.visit-ulcinj.com\/blog\/wp-content\/uploads\/2012\/05\/Marr\u00ebveshja-p\u00ebr-themelimin-e-K\u00ebshillit-social-t\u00eb-Ulqinit.1.jpg 508w, https:\/\/www.visit-ulcinj.com\/blog\/wp-content\/uploads\/2012\/05\/Marr\u00ebveshja-p\u00ebr-themelimin-e-K\u00ebshillit-social-t\u00eb-Ulqinit.1-300x200.jpg 300w\" sizes=\"(max-width: 508px) 100vw, 508px\" \/><\/a><\/p>\n<p>Pas diskutimeve n\u00eb mbledhje jan\u00eb sjell\u00eb k\u00ebto p\u00ebrfundime:<\/p>\n<p>1. K\u00ebshilli Social i p\u00ebrkrahjen p\u00ebr p\u00ebrfundimin e investimeve kapitale n\u00eb Komun\u00ebn e Ulqinit, sepse<\/p>\n<p>nj\u00eb gj\u00eb e till\u00eb \u00ebsht\u00eb parakusht p\u00ebr t\u00ebrheqjen e investimeve t\u00eb huaja, k\u00ebshilli Social p\u00ebrkrah\u00ebn pun\u00ebn e Trupit koordinues p\u00ebr luftimin e ekonomis\u00eb gri, kurse prej partner\u00ebve social pret q\u00eb me sugjerimet e veta t\u00eb ndihmojn\u00eb n\u00eb pun\u00ebn e k\u00ebtij trupi.<\/p>\n<p>2. Ju rekomandohet pun\u00ebdh\u00ebn\u00ebsve t\u00eb sektorit t\u00eb turizmit dhe hoteleris\u00eb, me rastin e pun\u00ebsimit t\u00eb<\/p>\n<p>fuqis\u00eb pun\u00ebtore gjat\u00eb sezonit turistik, n\u00eb maksimum t\u00eb shfryt\u00ebzojn\u00eb potencialin e fuqis\u00eb pun\u00ebtore lokale, deri n\u00eb mas\u00ebn q\u00eb nuk do t\u00eb rrezikoj\u00eb v\u00ebllimin dhe cil\u00ebsin\u00eb e sh\u00ebrbimeve turistike.<\/p>\n<p>3. I rekomandohet Unionit t\u00eb pun\u00ebdh\u00ebn\u00ebsve q\u00eb, bashk\u00eb me Ministrin\u00eb e pun\u00ebs dhe p\u00ebrkujdesjes<\/p>\n<p>sociale dhe Entit p\u00ebr pun\u00ebsim, t\u00eb nxis\u00eb nj\u00eb num\u00ebr sa m\u00eb t\u00eb madh t\u00eb pun\u00ebdh\u00ebn\u00ebsve t\u00eb shfryt\u00ebzojn\u00eb avantazhet q\u00eb ofron Urdh\u00ebresa p\u00ebr subvencionet p\u00ebr pun\u00ebsimin e kategorive t\u00eb caktuara t\u00eb personave t\u00eb pa pun\u00ebsuar, posa\u00e7\u00ebrisht n\u00eb pjes\u00ebn q\u00eb ka t\u00eb b\u00ebj me pun\u00ebsimin sezonal t\u00eb fuqis\u00eb pun\u00ebtore lokale.<\/p>\n<p>4. I rekomandohet Entit p\u00ebr Pun\u00ebsim q\u00eb n\u00eb bashk\u00ebpunim me Unionin e pun\u00ebdh\u00ebn\u00ebsve, t\u00eb promovoj\u00eb<\/p>\n<p>realizimin e projekteve me t\u00eb cil\u00ebt mund\u00ebsohet pun\u00ebsimi sezonal i t\u00eb rinjve, maturant\u00ebve dhe student\u00ebve (projektet &#8220;T\u00eb pun\u00ebsojm\u00eb t\u00eb rinjt\u00eb tan\u00eb&#8221; dhe &#8220;Vera p\u00ebr fitim&#8221;), me theks p\u00ebr angazhimin sa m\u00eb t\u00eb madh t\u00eb pa pun\u00ebve n\u00eb pun\u00ebt sezonale, duke pasur parasysh papun\u00ebsin\u00eb n\u00eb regjionin verior t\u00eb Malit t\u00eb Zi.<\/p>\n<p>5. I rekomandohet Unionit t\u00eb pun\u00ebdh\u00ebn\u00ebsve si shoqat\u00eb p\u00ebrfaq\u00ebsuese, q\u00eb p\u00ebrmes inicimit t\u00eb dialogut<\/p>\n<p>me shoqatat simotra, t\u00eb ndihmoj\u00eb forcimin e vet\u00ebdijet p\u00ebr nevoj\u00ebn p\u00ebrfaq\u00ebsimit m\u00eb t\u00eb madh t\u00eb prodhimeve vendore n\u00eb objektet hoteliere, me q\u00ebllim t\u00eb krijimit t\u00eb prodhimit autentik turistik \u2013 hotelier dhe rritjen e konkurrenc\u00ebs s\u00eb tyre n\u00eb treg.<\/p>\n<p>Komuna e Ulqinit<\/p>\n","protected":false},"excerpt":{"rendered":"<p>\u00cbsht\u00eb mbajtur n\u00eb Ulqin mbledhja e VII \u2013 t\u00eb e rregullt e K\u00ebshillit social t\u00eb Malit t\u00eb Zi, t\u00eb cil\u00ebn e ka kryesuar ministri i pun\u00ebs dhe p\u00ebrkujdesjes sociale dhe Kryetari i k\u00ebshillit dr Suad Numanoviq. N\u00eb mbledhje ka marr\u00eb pjes\u00eb edhe Kryetari i Komun\u00ebs s\u00eb Ulqinit Nazif Cungu, i cili i ka njoftuar t\u00eb [&hellip;]<\/p>\n","protected":false},"author":1,"featured_media":0,"comment_status":"open","ping_status":"closed","sticky":false,"template":"","format":"standard","meta":{"spay_email":"","jetpack_publicize_message":"","jetpack_is_tweetstorm":false,"jetpack_publicize_feature_enabled":true},"categories":[1,6],"tags":[16426,200,18],"jetpack_publicize_connections":[],"yoast_head":"<!-- This site is optimized with the Yoast SEO plugin v19.1 - https:\/\/yoast.com\/wordpress\/plugins\/seo\/ -->\n<title>Marr\u00ebveshja p\u00ebr themelimin e K\u00ebshillit social t\u00eb Ulqinit - Lajme nga Ulqini<\/title>\n<meta name=\"description\" content=\"\u00cbsht\u00eb mbajtur n\u00eb Ulqin mbledhja e VII \u2013 t\u00eb e rregullt e K\u00ebshillit social t\u00eb Malit t\u00eb Zi, t\u00eb cil\u00ebn e ka kryesuar ministri i pun\u00ebs dhe p\u00ebrkujdesjes sociale\" \/>\n<meta name=\"robots\" content=\"index, follow, max-snippet:-1, max-image-preview:large, max-video-preview:-1\" \/>\n<link rel=\"canonical\" href=\"https:\/\/www.visit-ulcinj.com\/blog\/2012\/05\/14\/marreveshja-per-themelimin-e-keshillit-social-te-ulqinit\/\" \/>\n<meta property=\"og:locale\" content=\"en_US\" \/>\n<meta property=\"og:type\" content=\"article\" \/>\n<meta property=\"og:title\" content=\"Marr\u00ebveshja p\u00ebr themelimin e K\u00ebshillit social t\u00eb Ulqinit - Lajme nga Ulqini\" \/>\n<meta property=\"og:description\" content=\"\u00cbsht\u00eb mbajtur n\u00eb Ulqin mbledhja e VII \u2013 t\u00eb e rregullt e K\u00ebshillit social t\u00eb Malit t\u00eb Zi, t\u00eb cil\u00ebn e ka kryesuar ministri i pun\u00ebs dhe p\u00ebrkujdesjes sociale\" \/>\n<meta property=\"og:url\" content=\"https:\/\/www.visit-ulcinj.com\/blog\/2012\/05\/14\/marreveshja-per-themelimin-e-keshillit-social-te-ulqinit\/\" \/>\n<meta property=\"og:site_name\" content=\"Lajme nga Ulqini\" \/>\n<meta property=\"article:published_time\" content=\"2012-05-14T15:46:53+00:00\" \/>\n<meta property=\"article:modified_time\" content=\"2012-05-14T16:39:07+00:00\" \/>\n<meta name=\"twitter:label1\" content=\"Written by\" \/>\n\t<meta name=\"twitter:data1\" content=\"ulqini\" \/>\n\t<meta name=\"twitter:label2\" content=\"Est. reading time\" \/>\n\t<meta name=\"twitter:data2\" content=\"4 minutes\" \/>\n<script type=\"application\/ld+json\" class=\"yoast-schema-graph\">{\"@context\":\"https:\/\/schema.org\",\"@graph\":[{\"@type\":\"WebSite\",\"@id\":\"https:\/\/www.visit-ulcinj.com\/blog\/#website\",\"url\":\"https:\/\/www.visit-ulcinj.com\/blog\/\",\"name\":\"Lajme nga Ulqini\",\"description\":\"Lajme,Vijesti,Ulqini,Ulqin,Crna Gora,Mali i Zi\",\"potentialAction\":[{\"@type\":\"SearchAction\",\"target\":{\"@type\":\"EntryPoint\",\"urlTemplate\":\"https:\/\/www.visit-ulcinj.com\/blog\/?s={search_term_string}\"},\"query-input\":\"required name=search_term_string\"}],\"inLanguage\":\"en-US\"},{\"@type\":\"WebPage\",\"@id\":\"https:\/\/www.visit-ulcinj.com\/blog\/2012\/05\/14\/marreveshja-per-themelimin-e-keshillit-social-te-ulqinit\/#webpage\",\"url\":\"https:\/\/www.visit-ulcinj.com\/blog\/2012\/05\/14\/marreveshja-per-themelimin-e-keshillit-social-te-ulqinit\/\",\"name\":\"Marr\u00ebveshja p\u00ebr themelimin e K\u00ebshillit social t\u00eb Ulqinit - Lajme nga Ulqini\",\"isPartOf\":{\"@id\":\"https:\/\/www.visit-ulcinj.com\/blog\/#website\"},\"datePublished\":\"2012-05-14T15:46:53+00:00\",\"dateModified\":\"2012-05-14T16:39:07+00:00\",\"author\":{\"@id\":\"https:\/\/www.visit-ulcinj.com\/blog\/#\/schema\/person\/dcab619c614d3038751c63bc2aadc06d\"},\"description\":\"\u00cbsht\u00eb mbajtur n\u00eb Ulqin mbledhja e VII \u2013 t\u00eb e rregullt e K\u00ebshillit social t\u00eb Malit t\u00eb Zi, t\u00eb cil\u00ebn e ka kryesuar ministri i pun\u00ebs dhe p\u00ebrkujdesjes sociale\",\"breadcrumb\":{\"@id\":\"https:\/\/www.visit-ulcinj.com\/blog\/2012\/05\/14\/marreveshja-per-themelimin-e-keshillit-social-te-ulqinit\/#breadcrumb\"},\"inLanguage\":\"en-US\",\"potentialAction\":[{\"@type\":\"ReadAction\",\"target\":[\"https:\/\/www.visit-ulcinj.com\/blog\/2012\/05\/14\/marreveshja-per-themelimin-e-keshillit-social-te-ulqinit\/\"]}]},{\"@type\":\"BreadcrumbList\",\"@id\":\"https:\/\/www.visit-ulcinj.com\/blog\/2012\/05\/14\/marreveshja-per-themelimin-e-keshillit-social-te-ulqinit\/#breadcrumb\",\"itemListElement\":[{\"@type\":\"ListItem\",\"position\":1,\"name\":\"Marr\u00ebveshja p\u00ebr themelimin e K\u00ebshillit social t\u00eb Ulqinit\"}]},{\"@type\":\"Person\",\"@id\":\"https:\/\/www.visit-ulcinj.com\/blog\/#\/schema\/person\/dcab619c614d3038751c63bc2aadc06d\",\"name\":\"ulqini\",\"sameAs\":[\"http:\/\/www.visit-ulcinj.com\"],\"url\":\"https:\/\/www.visit-ulcinj.com\/blog\/author\/admin\/\"}]}<\/script>\n<!-- \/ Yoast SEO plugin. -->","yoast_head_json":{"title":"Marr\u00ebveshja p\u00ebr themelimin e K\u00ebshillit social t\u00eb Ulqinit - Lajme nga Ulqini","description":"\u00cbsht\u00eb mbajtur n\u00eb Ulqin mbledhja e VII \u2013 t\u00eb e rregullt e K\u00ebshillit social t\u00eb Malit t\u00eb Zi, t\u00eb cil\u00ebn e ka kryesuar ministri i pun\u00ebs dhe p\u00ebrkujdesjes sociale","robots":{"index":"index","follow":"follow","max-snippet":"max-snippet:-1","max-image-preview":"max-image-preview:large","max-video-preview":"max-video-preview:-1"},"canonical":"https:\/\/www.visit-ulcinj.com\/blog\/2012\/05\/14\/marreveshja-per-themelimin-e-keshillit-social-te-ulqinit\/","og_locale":"en_US","og_type":"article","og_title":"Marr\u00ebveshja p\u00ebr themelimin e K\u00ebshillit social t\u00eb Ulqinit - Lajme nga Ulqini","og_description":"\u00cbsht\u00eb mbajtur n\u00eb Ulqin mbledhja e VII \u2013 t\u00eb e rregullt e K\u00ebshillit social t\u00eb Malit t\u00eb Zi, t\u00eb cil\u00ebn e ka kryesuar ministri i pun\u00ebs dhe p\u00ebrkujdesjes sociale","og_url":"https:\/\/www.visit-ulcinj.com\/blog\/2012\/05\/14\/marreveshja-per-themelimin-e-keshillit-social-te-ulqinit\/","og_site_name":"Lajme nga Ulqini","article_published_time":"2012-05-14T15:46:53+00:00","article_modified_time":"2012-05-14T16:39:07+00:00","twitter_misc":{"Written by":"ulqini","Est. reading time":"4 minutes"},"schema":{"@context":"https:\/\/schema.org","@graph":[{"@type":"WebSite","@id":"https:\/\/www.visit-ulcinj.com\/blog\/#website","url":"https:\/\/www.visit-ulcinj.com\/blog\/","name":"Lajme nga Ulqini","description":"Lajme,Vijesti,Ulqini,Ulqin,Crna Gora,Mali i Zi","potentialAction":[{"@type":"SearchAction","target":{"@type":"EntryPoint","urlTemplate":"https:\/\/www.visit-ulcinj.com\/blog\/?s={search_term_string}"},"query-input":"required name=search_term_string"}],"inLanguage":"en-US"},{"@type":"WebPage","@id":"https:\/\/www.visit-ulcinj.com\/blog\/2012\/05\/14\/marreveshja-per-themelimin-e-keshillit-social-te-ulqinit\/#webpage","url":"https:\/\/www.visit-ulcinj.com\/blog\/2012\/05\/14\/marreveshja-per-themelimin-e-keshillit-social-te-ulqinit\/","name":"Marr\u00ebveshja p\u00ebr themelimin e K\u00ebshillit social t\u00eb Ulqinit - Lajme nga Ulqini","isPartOf":{"@id":"https:\/\/www.visit-ulcinj.com\/blog\/#website"},"datePublished":"2012-05-14T15:46:53+00:00","dateModified":"2012-05-14T16:39:07+00:00","author":{"@id":"https:\/\/www.visit-ulcinj.com\/blog\/#\/schema\/person\/dcab619c614d3038751c63bc2aadc06d"},"description":"\u00cbsht\u00eb mbajtur n\u00eb Ulqin mbledhja e VII \u2013 t\u00eb e rregullt e K\u00ebshillit social t\u00eb Malit t\u00eb Zi, t\u00eb cil\u00ebn e ka kryesuar ministri i pun\u00ebs dhe p\u00ebrkujdesjes sociale","breadcrumb":{"@id":"https:\/\/www.visit-ulcinj.com\/blog\/2012\/05\/14\/marreveshja-per-themelimin-e-keshillit-social-te-ulqinit\/#breadcrumb"},"inLanguage":"en-US","potentialAction":[{"@type":"ReadAction","target":["https:\/\/www.visit-ulcinj.com\/blog\/2012\/05\/14\/marreveshja-per-themelimin-e-keshillit-social-te-ulqinit\/"]}]},{"@type":"BreadcrumbList","@id":"https:\/\/www.visit-ulcinj.com\/blog\/2012\/05\/14\/marreveshja-per-themelimin-e-keshillit-social-te-ulqinit\/#breadcrumb","itemListElement":[{"@type":"ListItem","position":1,"name":"Marr\u00ebveshja p\u00ebr themelimin e K\u00ebshillit social t\u00eb Ulqinit"}]},{"@type":"Person","@id":"https:\/\/www.visit-ulcinj.com\/blog\/#\/schema\/person\/dcab619c614d3038751c63bc2aadc06d","name":"ulqini","sameAs":["http:\/\/www.visit-ulcinj.com"],"url":"https:\/\/www.visit-ulcinj.com\/blog\/author\/admin\/"}]}},"jetpack_featured_media_url":"","jetpack_sharing_enabled":true,"jetpack_shortlink":"https:\/\/wp.me\/pe6lTn-fIw","_links":{"self":[{"href":"https:\/\/www.visit-ulcinj.com\/blog\/wp-json\/wp\/v2\/posts\/60420"}],"collection":[{"href":"https:\/\/www.visit-ulcinj.com\/blog\/wp-json\/wp\/v2\/posts"}],"about":[{"href":"https:\/\/www.visit-ulcinj.com\/blog\/wp-json\/wp\/v2\/types\/post"}],"author":[{"embeddable":true,"href":"https:\/\/www.visit-ulcinj.com\/blog\/wp-json\/wp\/v2\/users\/1"}],"replies":[{"embeddable":true,"href":"https:\/\/www.visit-ulcinj.com\/blog\/wp-json\/wp\/v2\/comments?post=60420"}],"version-history":[{"count":2,"href":"https:\/\/www.visit-ulcinj.com\/blog\/wp-json\/wp\/v2\/posts\/60420\/revisions"}],"predecessor-version":[{"id":60429,"href":"https:\/\/www.visit-ulcinj.com\/blog\/wp-json\/wp\/v2\/posts\/60420\/revisions\/60429"}],"wp:attachment":[{"href":"https:\/\/www.visit-ulcinj.com\/blog\/wp-json\/wp\/v2\/media?parent=60420"}],"wp:term":[{"taxonomy":"category","embeddable":true,"href":"https:\/\/www.visit-ulcinj.com\/blog\/wp-json\/wp\/v2\/categories?post=60420"},{"taxonomy":"post_tag","embeddable":true,"href":"https:\/\/www.visit-ulcinj.com\/blog\/wp-json\/wp\/v2\/tags?post=60420"}],"curies":[{"name":"wp","href":"https:\/\/api.w.org\/{rel}","templated":true}]}}