{"id":6045,"date":"2008-11-15T10:26:33","date_gmt":"2008-11-15T15:26:33","guid":{"rendered":"http:\/\/www.visit-ulcinj.com\/blog\/?p=6045"},"modified":"2008-11-15T10:26:33","modified_gmt":"2008-11-15T15:26:33","slug":"tadiqte-rivendosen-marredheniet-me-shkupin-dhe-podgoricen","status":"publish","type":"post","link":"https:\/\/www.visit-ulcinj.com\/blog\/2008\/11\/15\/tadiqte-rivendosen-marredheniet-me-shkupin-dhe-podgoricen\/","title":{"rendered":"Tadiq:T\u00eb rivendosen marr\u00ebdh\u00ebniet me Shkupin dhe Podgoric\u00ebn"},"content":{"rendered":"<p><a href=\"http:\/\/www.visit-ulcinj.com\/blog\/wp-content\/uploads\/2008\/11\/boris-tadic_barroso.jpg\"><img loading=\"lazy\" class=\"alignleft size-medium wp-image-6046\" title=\"Boris Tadic_Barroso\" src=\"http:\/\/www.visit-ulcinj.com\/blog\/wp-content\/uploads\/2008\/11\/boris-tadic_barroso-300x215.jpg\" alt=\"\" width=\"300\" height=\"215\" \/><\/a>Presidenti serb ftoi Maqedonin\u00eb dhe dhe Malin e Zi t\u00eb dalin me propozime p\u00ebr ambasador\u00eb t\u00eb ri n\u00eb Beograd, nd\u00ebrsa Serbia do t\u00eb sjell\u00eb vendimin e duhur.<br \/>\nSerbia d\u00ebshiron t\u00eb ket\u00eb marr\u00ebdh\u00ebnie t\u00eb shk\u00eblqyera me Maqedonin\u00eb dhe me Malin e Zi, mir\u00ebpo tani qeverit\u00eb e tyre jan\u00eb n\u00eb radh\u00eb ta nd\u00ebrmarrin hapin e par\u00eb, deklaroi kryetari serb Boris Tadiq. Ai vler\u00ebson se s\u00eb pari duhet q\u00eb Maqedonia dhe Mali i zi t\u00eb dalin me propozime p\u00ebr ambasador\u00eb t\u00eb ri n\u00eb Beograd, p\u00ebr t\u00eb cil\u00ebn Serbia do t\u00eb duhet ta vler\u00ebsoj\u00eb situat\u00ebn dhe t\u00eb sjell\u00eb vendimin e duhur. Sipas Tadiqit, Serbia nuk i ka ulur marr\u00ebdh\u00ebniet diplomatike me Malin e Zi dhe Maqedonin\u00eb, n\u00eb nivel m\u00eb t\u00eb ul\u00ebt, duke theksuar se n\u00eb &#8220;kuptimin teknik diplomatik, \u00ebsht\u00eb l\u00ebn\u00eb hap\u00ebsir\u00eb p\u00ebr rip\u00ebrtrirjen e marr\u00ebdh\u00ebnieve&#8221;. &#8220;Me at\u00eb edhe nj\u00eb her\u00eb treguam se kemi p\u00ebr q\u00ebllim t\u00eb mbajm\u00eb bashk\u00ebpunim t\u00eb mir\u00eb nd\u00ebr fqinj\u00ebsor dhe marr\u00ebdh\u00ebnie m\u00eb t\u00eb mira t\u00eb mundshme n\u00eb k\u00ebto rethana politike, me q\u00ebllim q\u00eb qytetar\u00ebt e dy vendeve mos t\u00eb p\u00ebsojn\u00eb d\u00ebme&#8221;, tha Tadiq n\u00eb intervist\u00ebn p\u00ebr agjencin\u00eb Beta. Serbia nj\u00ebansh\u00ebm e anuloi mikpritjen e ambasador\u00ebve t\u00eb Maqedonis\u00eb dhe t\u00eb Malit t\u00eb zi, prej se ata e pranuan pavar\u00ebsin\u00eb e Kosov\u00ebs.<br \/>\n<strong>ALSAT<\/strong><\/p>\n","protected":false},"excerpt":{"rendered":"<p>Presidenti serb ftoi Maqedonin\u00eb dhe dhe Malin e Zi t\u00eb dalin me propozime p\u00ebr ambasador\u00eb t\u00eb ri n\u00eb Beograd, nd\u00ebrsa Serbia do t\u00eb sjell\u00eb vendimin e duhur. Serbia d\u00ebshiron t\u00eb ket\u00eb marr\u00ebdh\u00ebnie t\u00eb shk\u00eblqyera me Maqedonin\u00eb dhe me Malin e Zi, mir\u00ebpo tani qeverit\u00eb e tyre jan\u00eb n\u00eb radh\u00eb ta nd\u00ebrmarrin hapin e par\u00eb, deklaroi [&hellip;]<\/p>\n","protected":false},"author":1,"featured_media":0,"comment_status":"open","ping_status":"closed","sticky":false,"template":"","format":"standard","meta":{"spay_email":"","jetpack_publicize_message":"","jetpack_is_tweetstorm":false,"jetpack_publicize_feature_enabled":true},"categories":[14],"tags":[926],"jetpack_publicize_connections":[],"yoast_head":"<!-- This site is optimized with the Yoast SEO plugin v19.1 - https:\/\/yoast.com\/wordpress\/plugins\/seo\/ -->\n<title>Tadiq:T\u00eb rivendosen marr\u00ebdh\u00ebniet me Shkupin dhe Podgoric\u00ebn - Lajme nga Ulqini<\/title>\n<meta name=\"description\" content=\"Presidenti serb ftoi Maqedonin\u00eb dhe dhe Malin e Zi t\u00eb dalin me propozime p\u00ebr ambasador\u00eb t\u00eb ri n\u00eb Beograd, nd\u00ebrsa Serbia do t\u00eb sjell\u00eb vendimin e duhur.\" \/>\n<meta name=\"robots\" content=\"index, follow, max-snippet:-1, max-image-preview:large, max-video-preview:-1\" \/>\n<link rel=\"canonical\" href=\"https:\/\/www.visit-ulcinj.com\/blog\/2008\/11\/15\/tadiqte-rivendosen-marredheniet-me-shkupin-dhe-podgoricen\/\" \/>\n<meta property=\"og:locale\" content=\"en_US\" \/>\n<meta property=\"og:type\" content=\"article\" \/>\n<meta property=\"og:title\" content=\"Tadiq:T\u00eb rivendosen marr\u00ebdh\u00ebniet me Shkupin dhe Podgoric\u00ebn - Lajme nga Ulqini\" \/>\n<meta property=\"og:description\" content=\"Presidenti serb ftoi Maqedonin\u00eb dhe dhe Malin e Zi t\u00eb dalin me propozime p\u00ebr ambasador\u00eb t\u00eb ri n\u00eb Beograd, nd\u00ebrsa Serbia do t\u00eb sjell\u00eb vendimin e duhur.\" \/>\n<meta property=\"og:url\" content=\"https:\/\/www.visit-ulcinj.com\/blog\/2008\/11\/15\/tadiqte-rivendosen-marredheniet-me-shkupin-dhe-podgoricen\/\" \/>\n<meta property=\"og:site_name\" content=\"Lajme nga Ulqini\" \/>\n<meta property=\"article:published_time\" content=\"2008-11-15T15:26:33+00:00\" \/>\n<meta property=\"og:image\" content=\"http:\/\/www.visit-ulcinj.com\/blog\/wp-content\/uploads\/2008\/11\/boris-tadic_barroso-300x215.jpg\" \/>\n<meta name=\"twitter:label1\" content=\"Written by\" \/>\n\t<meta name=\"twitter:data1\" content=\"ulqini\" \/>\n\t<meta name=\"twitter:label2\" content=\"Est. reading time\" \/>\n\t<meta name=\"twitter:data2\" content=\"1 minute\" \/>\n<script type=\"application\/ld+json\" class=\"yoast-schema-graph\">{\"@context\":\"https:\/\/schema.org\",\"@graph\":[{\"@type\":\"WebSite\",\"@id\":\"https:\/\/www.visit-ulcinj.com\/blog\/#website\",\"url\":\"https:\/\/www.visit-ulcinj.com\/blog\/\",\"name\":\"Lajme nga Ulqini\",\"description\":\"Lajme,Vijesti,Ulqini,Ulqin,Crna Gora,Mali i Zi\",\"potentialAction\":[{\"@type\":\"SearchAction\",\"target\":{\"@type\":\"EntryPoint\",\"urlTemplate\":\"https:\/\/www.visit-ulcinj.com\/blog\/?s={search_term_string}\"},\"query-input\":\"required name=search_term_string\"}],\"inLanguage\":\"en-US\"},{\"@type\":\"ImageObject\",\"inLanguage\":\"en-US\",\"@id\":\"https:\/\/www.visit-ulcinj.com\/blog\/2008\/11\/15\/tadiqte-rivendosen-marredheniet-me-shkupin-dhe-podgoricen\/#primaryimage\",\"url\":\"http:\/\/www.visit-ulcinj.com\/blog\/wp-content\/uploads\/2008\/11\/boris-tadic_barroso-300x215.jpg\",\"contentUrl\":\"http:\/\/www.visit-ulcinj.com\/blog\/wp-content\/uploads\/2008\/11\/boris-tadic_barroso-300x215.jpg\"},{\"@type\":\"WebPage\",\"@id\":\"https:\/\/www.visit-ulcinj.com\/blog\/2008\/11\/15\/tadiqte-rivendosen-marredheniet-me-shkupin-dhe-podgoricen\/#webpage\",\"url\":\"https:\/\/www.visit-ulcinj.com\/blog\/2008\/11\/15\/tadiqte-rivendosen-marredheniet-me-shkupin-dhe-podgoricen\/\",\"name\":\"Tadiq:T\u00eb rivendosen marr\u00ebdh\u00ebniet me Shkupin dhe Podgoric\u00ebn - Lajme nga Ulqini\",\"isPartOf\":{\"@id\":\"https:\/\/www.visit-ulcinj.com\/blog\/#website\"},\"primaryImageOfPage\":{\"@id\":\"https:\/\/www.visit-ulcinj.com\/blog\/2008\/11\/15\/tadiqte-rivendosen-marredheniet-me-shkupin-dhe-podgoricen\/#primaryimage\"},\"datePublished\":\"2008-11-15T15:26:33+00:00\",\"dateModified\":\"2008-11-15T15:26:33+00:00\",\"author\":{\"@id\":\"https:\/\/www.visit-ulcinj.com\/blog\/#\/schema\/person\/dcab619c614d3038751c63bc2aadc06d\"},\"description\":\"Presidenti serb ftoi Maqedonin\u00eb dhe dhe Malin e Zi t\u00eb dalin me propozime p\u00ebr ambasador\u00eb t\u00eb ri n\u00eb Beograd, nd\u00ebrsa Serbia do t\u00eb sjell\u00eb vendimin e duhur.\",\"breadcrumb\":{\"@id\":\"https:\/\/www.visit-ulcinj.com\/blog\/2008\/11\/15\/tadiqte-rivendosen-marredheniet-me-shkupin-dhe-podgoricen\/#breadcrumb\"},\"inLanguage\":\"en-US\",\"potentialAction\":[{\"@type\":\"ReadAction\",\"target\":[\"https:\/\/www.visit-ulcinj.com\/blog\/2008\/11\/15\/tadiqte-rivendosen-marredheniet-me-shkupin-dhe-podgoricen\/\"]}]},{\"@type\":\"BreadcrumbList\",\"@id\":\"https:\/\/www.visit-ulcinj.com\/blog\/2008\/11\/15\/tadiqte-rivendosen-marredheniet-me-shkupin-dhe-podgoricen\/#breadcrumb\",\"itemListElement\":[{\"@type\":\"ListItem\",\"position\":1,\"name\":\"Tadiq:T\u00eb rivendosen marr\u00ebdh\u00ebniet me Shkupin dhe Podgoric\u00ebn\"}]},{\"@type\":\"Person\",\"@id\":\"https:\/\/www.visit-ulcinj.com\/blog\/#\/schema\/person\/dcab619c614d3038751c63bc2aadc06d\",\"name\":\"ulqini\",\"sameAs\":[\"http:\/\/www.visit-ulcinj.com\"],\"url\":\"https:\/\/www.visit-ulcinj.com\/blog\/author\/admin\/\"}]}<\/script>\n<!-- \/ Yoast SEO plugin. -->","yoast_head_json":{"title":"Tadiq:T\u00eb rivendosen marr\u00ebdh\u00ebniet me Shkupin dhe Podgoric\u00ebn - Lajme nga Ulqini","description":"Presidenti serb ftoi Maqedonin\u00eb dhe dhe Malin e Zi t\u00eb dalin me propozime p\u00ebr ambasador\u00eb t\u00eb ri n\u00eb Beograd, nd\u00ebrsa Serbia do t\u00eb sjell\u00eb vendimin e duhur.","robots":{"index":"index","follow":"follow","max-snippet":"max-snippet:-1","max-image-preview":"max-image-preview:large","max-video-preview":"max-video-preview:-1"},"canonical":"https:\/\/www.visit-ulcinj.com\/blog\/2008\/11\/15\/tadiqte-rivendosen-marredheniet-me-shkupin-dhe-podgoricen\/","og_locale":"en_US","og_type":"article","og_title":"Tadiq:T\u00eb rivendosen marr\u00ebdh\u00ebniet me Shkupin dhe Podgoric\u00ebn - Lajme nga Ulqini","og_description":"Presidenti serb ftoi Maqedonin\u00eb dhe dhe Malin e Zi t\u00eb dalin me propozime p\u00ebr ambasador\u00eb t\u00eb ri n\u00eb Beograd, nd\u00ebrsa Serbia do t\u00eb sjell\u00eb vendimin e duhur.","og_url":"https:\/\/www.visit-ulcinj.com\/blog\/2008\/11\/15\/tadiqte-rivendosen-marredheniet-me-shkupin-dhe-podgoricen\/","og_site_name":"Lajme nga Ulqini","article_published_time":"2008-11-15T15:26:33+00:00","og_image":[{"url":"http:\/\/www.visit-ulcinj.com\/blog\/wp-content\/uploads\/2008\/11\/boris-tadic_barroso-300x215.jpg"}],"twitter_misc":{"Written by":"ulqini","Est. reading time":"1 minute"},"schema":{"@context":"https:\/\/schema.org","@graph":[{"@type":"WebSite","@id":"https:\/\/www.visit-ulcinj.com\/blog\/#website","url":"https:\/\/www.visit-ulcinj.com\/blog\/","name":"Lajme nga Ulqini","description":"Lajme,Vijesti,Ulqini,Ulqin,Crna Gora,Mali i Zi","potentialAction":[{"@type":"SearchAction","target":{"@type":"EntryPoint","urlTemplate":"https:\/\/www.visit-ulcinj.com\/blog\/?s={search_term_string}"},"query-input":"required name=search_term_string"}],"inLanguage":"en-US"},{"@type":"ImageObject","inLanguage":"en-US","@id":"https:\/\/www.visit-ulcinj.com\/blog\/2008\/11\/15\/tadiqte-rivendosen-marredheniet-me-shkupin-dhe-podgoricen\/#primaryimage","url":"http:\/\/www.visit-ulcinj.com\/blog\/wp-content\/uploads\/2008\/11\/boris-tadic_barroso-300x215.jpg","contentUrl":"http:\/\/www.visit-ulcinj.com\/blog\/wp-content\/uploads\/2008\/11\/boris-tadic_barroso-300x215.jpg"},{"@type":"WebPage","@id":"https:\/\/www.visit-ulcinj.com\/blog\/2008\/11\/15\/tadiqte-rivendosen-marredheniet-me-shkupin-dhe-podgoricen\/#webpage","url":"https:\/\/www.visit-ulcinj.com\/blog\/2008\/11\/15\/tadiqte-rivendosen-marredheniet-me-shkupin-dhe-podgoricen\/","name":"Tadiq:T\u00eb rivendosen marr\u00ebdh\u00ebniet me Shkupin dhe Podgoric\u00ebn - Lajme nga Ulqini","isPartOf":{"@id":"https:\/\/www.visit-ulcinj.com\/blog\/#website"},"primaryImageOfPage":{"@id":"https:\/\/www.visit-ulcinj.com\/blog\/2008\/11\/15\/tadiqte-rivendosen-marredheniet-me-shkupin-dhe-podgoricen\/#primaryimage"},"datePublished":"2008-11-15T15:26:33+00:00","dateModified":"2008-11-15T15:26:33+00:00","author":{"@id":"https:\/\/www.visit-ulcinj.com\/blog\/#\/schema\/person\/dcab619c614d3038751c63bc2aadc06d"},"description":"Presidenti serb ftoi Maqedonin\u00eb dhe dhe Malin e Zi t\u00eb dalin me propozime p\u00ebr ambasador\u00eb t\u00eb ri n\u00eb Beograd, nd\u00ebrsa Serbia do t\u00eb sjell\u00eb vendimin e duhur.","breadcrumb":{"@id":"https:\/\/www.visit-ulcinj.com\/blog\/2008\/11\/15\/tadiqte-rivendosen-marredheniet-me-shkupin-dhe-podgoricen\/#breadcrumb"},"inLanguage":"en-US","potentialAction":[{"@type":"ReadAction","target":["https:\/\/www.visit-ulcinj.com\/blog\/2008\/11\/15\/tadiqte-rivendosen-marredheniet-me-shkupin-dhe-podgoricen\/"]}]},{"@type":"BreadcrumbList","@id":"https:\/\/www.visit-ulcinj.com\/blog\/2008\/11\/15\/tadiqte-rivendosen-marredheniet-me-shkupin-dhe-podgoricen\/#breadcrumb","itemListElement":[{"@type":"ListItem","position":1,"name":"Tadiq:T\u00eb rivendosen marr\u00ebdh\u00ebniet me Shkupin dhe Podgoric\u00ebn"}]},{"@type":"Person","@id":"https:\/\/www.visit-ulcinj.com\/blog\/#\/schema\/person\/dcab619c614d3038751c63bc2aadc06d","name":"ulqini","sameAs":["http:\/\/www.visit-ulcinj.com"],"url":"https:\/\/www.visit-ulcinj.com\/blog\/author\/admin\/"}]}},"jetpack_featured_media_url":"","jetpack_sharing_enabled":true,"jetpack_shortlink":"https:\/\/wp.me\/pe6lTn-1zv","_links":{"self":[{"href":"https:\/\/www.visit-ulcinj.com\/blog\/wp-json\/wp\/v2\/posts\/6045"}],"collection":[{"href":"https:\/\/www.visit-ulcinj.com\/blog\/wp-json\/wp\/v2\/posts"}],"about":[{"href":"https:\/\/www.visit-ulcinj.com\/blog\/wp-json\/wp\/v2\/types\/post"}],"author":[{"embeddable":true,"href":"https:\/\/www.visit-ulcinj.com\/blog\/wp-json\/wp\/v2\/users\/1"}],"replies":[{"embeddable":true,"href":"https:\/\/www.visit-ulcinj.com\/blog\/wp-json\/wp\/v2\/comments?post=6045"}],"version-history":[{"count":0,"href":"https:\/\/www.visit-ulcinj.com\/blog\/wp-json\/wp\/v2\/posts\/6045\/revisions"}],"wp:attachment":[{"href":"https:\/\/www.visit-ulcinj.com\/blog\/wp-json\/wp\/v2\/media?parent=6045"}],"wp:term":[{"taxonomy":"category","embeddable":true,"href":"https:\/\/www.visit-ulcinj.com\/blog\/wp-json\/wp\/v2\/categories?post=6045"},{"taxonomy":"post_tag","embeddable":true,"href":"https:\/\/www.visit-ulcinj.com\/blog\/wp-json\/wp\/v2\/tags?post=6045"}],"curies":[{"name":"wp","href":"https:\/\/api.w.org\/{rel}","templated":true}]}}