{"id":60453,"date":"2012-05-16T07:11:25","date_gmt":"2012-05-16T06:11:25","guid":{"rendered":"http:\/\/www.visit-ulcinj.com\/blog\/?p=60453"},"modified":"2012-05-16T07:11:25","modified_gmt":"2012-05-16T06:11:25","slug":"sekulic-sezona-u-ulcinju-nije-za-pohvalu","status":"publish","type":"post","link":"https:\/\/www.visit-ulcinj.com\/blog\/2012\/05\/16\/sekulic-sezona-u-ulcinju-nije-za-pohvalu\/","title":{"rendered":"Sekuli\u0107: Sezona u Ulcinju nije za pohvalu"},"content":{"rendered":"<p><a href=\"http:\/\/www.visit-ulcinj.com\/blog\/wp-content\/uploads\/2012\/05\/cungu_sekulic-u-ulcinj.jpg\"><img loading=\"lazy\" class=\"alignleft  wp-image-60454\" title=\"cungu_sekulic u ulcinj\" src=\"http:\/\/www.visit-ulcinj.com\/blog\/wp-content\/uploads\/2012\/05\/cungu_sekulic-u-ulcinj.jpg\" alt=\"\" width=\"508\" height=\"352\" \/><\/a>Ulcinj je jedna od op\u0161tina sa najve\u0107im potencijalima,\u00a0ipak razvoj turizma nije na zadovoljavaju\u0107em nivou, saop\u0161tio je ministar odr\u017eivog razvoja i turizma Predrag Sekuli\u0107 tokom posjete najju\u017enijoj op\u0161tini.<\/p>\n<p>\u201e\u0160to se ti\u010de turizma ne mo\u017eemo biti zadovoljni sa onim \u0161to sada imamo nekih 850 do 900 hiljada registoravanih no\u0107enja. Zajedni\u010dki \u0107emo realizovati akciju registacije privatnog smje\u0161taja i da zajedni\u010dki dovedemo na minimum broj neprijavljenih turista\u201c, poru\u010dio je Sekuli\u0107.<\/p>\n<p>Ipak ministar tvrdi da niko ne sumnja da \u0107e ovo biti jedna \u201eberi\u0107etna sezona\u201c. On ka\u017ee da je trenutno va\u017eno i pitanje planske dokumentacije u Ulcinju.<\/p>\n<p>\u201eNadam se da \u0107emo za par mjeseci imati priliku da predstavimo prostorni plan Ulcinja i da u taj dokument budu ugra\u0111ene zajedni\u010dke vizije razvoja. Ve\u0107 sada mo\u017eemo re\u0107i da idemo u pravom pravcu i da su planirane investicije najisplativije\u201c, zaklju\u010dio je Sekuli\u0107.<\/p>\n<p>On isti\u010de da treba rije\u0161ti i pitanje ekolo\u0161kih problema na Port Mileni.<\/p>\n<p>Predsjednik op\u0161tine Ulcinj Nazif Cungu je saop\u0161tio da je za \u0161est mjeseci usvojeno 16 planskih dokumenata.<\/p>\n<p>\u201eMi smo utvrdili prioritete za pomo\u0107 ministarstva op\u0161tini, a to je komunalna infrastruktura i Port Milena. Priprema sezone je sada najbitnija i tu \u0107emo imati podr\u0161ku ministarstva\u201c, saop\u0161tio je Cungu na konferenciji za medija.<\/p>\n<p>On ka\u017ee da bi do kraja godine bi trebalo da po\u010dne gradnja bar jednog hotela. Sekuli\u0107 i Cungu su razgovarali i o problemima radnika Otranta.<\/p>\n<p><strong> <a href=\"http:\/\/www.cafemontenegro.com\/index.php?group=43&amp;news=248857\" target=\"_blank\">Izvor: CdM<\/a><\/strong><\/p>\n","protected":false},"excerpt":{"rendered":"<p>Ulcinj je jedna od op\u0161tina sa najve\u0107im potencijalima,\u00a0ipak razvoj turizma nije na zadovoljavaju\u0107em nivou, saop\u0161tio je ministar odr\u017eivog razvoja i turizma Predrag Sekuli\u0107 tokom posjete najju\u017enijoj op\u0161tini. \u201e\u0160to se ti\u010de turizma ne mo\u017eemo biti zadovoljni sa onim \u0161to sada imamo nekih 850 do 900 hiljada registoravanih no\u0107enja. Zajedni\u010dki \u0107emo realizovati akciju registacije privatnog smje\u0161taja i [&hellip;]<\/p>\n","protected":false},"author":1,"featured_media":0,"comment_status":"open","ping_status":"closed","sticky":false,"template":"","format":"standard","meta":{"spay_email":"","jetpack_publicize_message":"","jetpack_is_tweetstorm":false,"jetpack_publicize_feature_enabled":true},"categories":[8337],"tags":[118,1054,19],"jetpack_publicize_connections":[],"yoast_head":"<!-- This site is optimized with the Yoast SEO plugin v19.1 - https:\/\/yoast.com\/wordpress\/plugins\/seo\/ -->\n<title>Sekuli\u0107: Sezona u Ulcinju nije za pohvalu - Lajme nga Ulqini<\/title>\n<meta name=\"description\" content=\"Ulcinj je jedna od op\u0161tina sa najve\u0107im potencijalima,\u00a0ipak razvoj turizma nije na zadovoljavaju\u0107em nivou, saop\u0161tio je ministar odr\u017eivog razvoja i turizma\" \/>\n<meta name=\"robots\" content=\"index, follow, max-snippet:-1, max-image-preview:large, max-video-preview:-1\" \/>\n<link rel=\"canonical\" href=\"https:\/\/www.visit-ulcinj.com\/blog\/2012\/05\/16\/sekulic-sezona-u-ulcinju-nije-za-pohvalu\/\" \/>\n<meta property=\"og:locale\" content=\"en_US\" \/>\n<meta property=\"og:type\" content=\"article\" \/>\n<meta property=\"og:title\" content=\"Sekuli\u0107: Sezona u Ulcinju nije za pohvalu - Lajme nga Ulqini\" \/>\n<meta property=\"og:description\" content=\"Ulcinj je jedna od op\u0161tina sa najve\u0107im potencijalima,\u00a0ipak razvoj turizma nije na zadovoljavaju\u0107em nivou, saop\u0161tio je ministar odr\u017eivog razvoja i turizma\" \/>\n<meta property=\"og:url\" content=\"https:\/\/www.visit-ulcinj.com\/blog\/2012\/05\/16\/sekulic-sezona-u-ulcinju-nije-za-pohvalu\/\" \/>\n<meta property=\"og:site_name\" content=\"Lajme nga Ulqini\" \/>\n<meta property=\"article:published_time\" content=\"2012-05-16T06:11:25+00:00\" \/>\n<meta property=\"og:image\" content=\"http:\/\/www.visit-ulcinj.com\/blog\/wp-content\/uploads\/2012\/05\/cungu_sekulic-u-ulcinj.jpg\" \/>\n<meta name=\"twitter:label1\" content=\"Written by\" \/>\n\t<meta name=\"twitter:data1\" content=\"ulqini\" \/>\n\t<meta name=\"twitter:label2\" content=\"Est. reading time\" \/>\n\t<meta name=\"twitter:data2\" content=\"1 minute\" \/>\n<script type=\"application\/ld+json\" class=\"yoast-schema-graph\">{\"@context\":\"https:\/\/schema.org\",\"@graph\":[{\"@type\":\"WebSite\",\"@id\":\"https:\/\/www.visit-ulcinj.com\/blog\/#website\",\"url\":\"https:\/\/www.visit-ulcinj.com\/blog\/\",\"name\":\"Lajme nga Ulqini\",\"description\":\"Lajme,Vijesti,Ulqini,Ulqin,Crna Gora,Mali i Zi\",\"potentialAction\":[{\"@type\":\"SearchAction\",\"target\":{\"@type\":\"EntryPoint\",\"urlTemplate\":\"https:\/\/www.visit-ulcinj.com\/blog\/?s={search_term_string}\"},\"query-input\":\"required name=search_term_string\"}],\"inLanguage\":\"en-US\"},{\"@type\":\"ImageObject\",\"inLanguage\":\"en-US\",\"@id\":\"https:\/\/www.visit-ulcinj.com\/blog\/2012\/05\/16\/sekulic-sezona-u-ulcinju-nije-za-pohvalu\/#primaryimage\",\"url\":\"https:\/\/www.visit-ulcinj.com\/blog\/wp-content\/uploads\/2012\/05\/cungu_sekulic-u-ulcinj.jpg\",\"contentUrl\":\"https:\/\/www.visit-ulcinj.com\/blog\/wp-content\/uploads\/2012\/05\/cungu_sekulic-u-ulcinj.jpg\",\"width\":\"470\",\"height\":\"352\"},{\"@type\":\"WebPage\",\"@id\":\"https:\/\/www.visit-ulcinj.com\/blog\/2012\/05\/16\/sekulic-sezona-u-ulcinju-nije-za-pohvalu\/#webpage\",\"url\":\"https:\/\/www.visit-ulcinj.com\/blog\/2012\/05\/16\/sekulic-sezona-u-ulcinju-nije-za-pohvalu\/\",\"name\":\"Sekuli\u0107: Sezona u Ulcinju nije za pohvalu - Lajme nga Ulqini\",\"isPartOf\":{\"@id\":\"https:\/\/www.visit-ulcinj.com\/blog\/#website\"},\"primaryImageOfPage\":{\"@id\":\"https:\/\/www.visit-ulcinj.com\/blog\/2012\/05\/16\/sekulic-sezona-u-ulcinju-nije-za-pohvalu\/#primaryimage\"},\"datePublished\":\"2012-05-16T06:11:25+00:00\",\"dateModified\":\"2012-05-16T06:11:25+00:00\",\"author\":{\"@id\":\"https:\/\/www.visit-ulcinj.com\/blog\/#\/schema\/person\/dcab619c614d3038751c63bc2aadc06d\"},\"description\":\"Ulcinj je jedna od op\u0161tina sa najve\u0107im potencijalima,\u00a0ipak razvoj turizma nije na zadovoljavaju\u0107em nivou, saop\u0161tio je ministar odr\u017eivog razvoja i turizma\",\"breadcrumb\":{\"@id\":\"https:\/\/www.visit-ulcinj.com\/blog\/2012\/05\/16\/sekulic-sezona-u-ulcinju-nije-za-pohvalu\/#breadcrumb\"},\"inLanguage\":\"en-US\",\"potentialAction\":[{\"@type\":\"ReadAction\",\"target\":[\"https:\/\/www.visit-ulcinj.com\/blog\/2012\/05\/16\/sekulic-sezona-u-ulcinju-nije-za-pohvalu\/\"]}]},{\"@type\":\"BreadcrumbList\",\"@id\":\"https:\/\/www.visit-ulcinj.com\/blog\/2012\/05\/16\/sekulic-sezona-u-ulcinju-nije-za-pohvalu\/#breadcrumb\",\"itemListElement\":[{\"@type\":\"ListItem\",\"position\":1,\"name\":\"Sekuli\u0107: Sezona u Ulcinju nije za pohvalu\"}]},{\"@type\":\"Person\",\"@id\":\"https:\/\/www.visit-ulcinj.com\/blog\/#\/schema\/person\/dcab619c614d3038751c63bc2aadc06d\",\"name\":\"ulqini\",\"sameAs\":[\"http:\/\/www.visit-ulcinj.com\"],\"url\":\"https:\/\/www.visit-ulcinj.com\/blog\/author\/admin\/\"}]}<\/script>\n<!-- \/ Yoast SEO plugin. -->","yoast_head_json":{"title":"Sekuli\u0107: Sezona u Ulcinju nije za pohvalu - Lajme nga Ulqini","description":"Ulcinj je jedna od op\u0161tina sa najve\u0107im potencijalima,\u00a0ipak razvoj turizma nije na zadovoljavaju\u0107em nivou, saop\u0161tio je ministar odr\u017eivog razvoja i turizma","robots":{"index":"index","follow":"follow","max-snippet":"max-snippet:-1","max-image-preview":"max-image-preview:large","max-video-preview":"max-video-preview:-1"},"canonical":"https:\/\/www.visit-ulcinj.com\/blog\/2012\/05\/16\/sekulic-sezona-u-ulcinju-nije-za-pohvalu\/","og_locale":"en_US","og_type":"article","og_title":"Sekuli\u0107: Sezona u Ulcinju nije za pohvalu - Lajme nga Ulqini","og_description":"Ulcinj je jedna od op\u0161tina sa najve\u0107im potencijalima,\u00a0ipak razvoj turizma nije na zadovoljavaju\u0107em nivou, saop\u0161tio je ministar odr\u017eivog razvoja i turizma","og_url":"https:\/\/www.visit-ulcinj.com\/blog\/2012\/05\/16\/sekulic-sezona-u-ulcinju-nije-za-pohvalu\/","og_site_name":"Lajme nga Ulqini","article_published_time":"2012-05-16T06:11:25+00:00","og_image":[{"url":"http:\/\/www.visit-ulcinj.com\/blog\/wp-content\/uploads\/2012\/05\/cungu_sekulic-u-ulcinj.jpg"}],"twitter_misc":{"Written by":"ulqini","Est. reading time":"1 minute"},"schema":{"@context":"https:\/\/schema.org","@graph":[{"@type":"WebSite","@id":"https:\/\/www.visit-ulcinj.com\/blog\/#website","url":"https:\/\/www.visit-ulcinj.com\/blog\/","name":"Lajme nga Ulqini","description":"Lajme,Vijesti,Ulqini,Ulqin,Crna Gora,Mali i Zi","potentialAction":[{"@type":"SearchAction","target":{"@type":"EntryPoint","urlTemplate":"https:\/\/www.visit-ulcinj.com\/blog\/?s={search_term_string}"},"query-input":"required name=search_term_string"}],"inLanguage":"en-US"},{"@type":"ImageObject","inLanguage":"en-US","@id":"https:\/\/www.visit-ulcinj.com\/blog\/2012\/05\/16\/sekulic-sezona-u-ulcinju-nije-za-pohvalu\/#primaryimage","url":"https:\/\/www.visit-ulcinj.com\/blog\/wp-content\/uploads\/2012\/05\/cungu_sekulic-u-ulcinj.jpg","contentUrl":"https:\/\/www.visit-ulcinj.com\/blog\/wp-content\/uploads\/2012\/05\/cungu_sekulic-u-ulcinj.jpg","width":"470","height":"352"},{"@type":"WebPage","@id":"https:\/\/www.visit-ulcinj.com\/blog\/2012\/05\/16\/sekulic-sezona-u-ulcinju-nije-za-pohvalu\/#webpage","url":"https:\/\/www.visit-ulcinj.com\/blog\/2012\/05\/16\/sekulic-sezona-u-ulcinju-nije-za-pohvalu\/","name":"Sekuli\u0107: Sezona u Ulcinju nije za pohvalu - Lajme nga Ulqini","isPartOf":{"@id":"https:\/\/www.visit-ulcinj.com\/blog\/#website"},"primaryImageOfPage":{"@id":"https:\/\/www.visit-ulcinj.com\/blog\/2012\/05\/16\/sekulic-sezona-u-ulcinju-nije-za-pohvalu\/#primaryimage"},"datePublished":"2012-05-16T06:11:25+00:00","dateModified":"2012-05-16T06:11:25+00:00","author":{"@id":"https:\/\/www.visit-ulcinj.com\/blog\/#\/schema\/person\/dcab619c614d3038751c63bc2aadc06d"},"description":"Ulcinj je jedna od op\u0161tina sa najve\u0107im potencijalima,\u00a0ipak razvoj turizma nije na zadovoljavaju\u0107em nivou, saop\u0161tio je ministar odr\u017eivog razvoja i turizma","breadcrumb":{"@id":"https:\/\/www.visit-ulcinj.com\/blog\/2012\/05\/16\/sekulic-sezona-u-ulcinju-nije-za-pohvalu\/#breadcrumb"},"inLanguage":"en-US","potentialAction":[{"@type":"ReadAction","target":["https:\/\/www.visit-ulcinj.com\/blog\/2012\/05\/16\/sekulic-sezona-u-ulcinju-nije-za-pohvalu\/"]}]},{"@type":"BreadcrumbList","@id":"https:\/\/www.visit-ulcinj.com\/blog\/2012\/05\/16\/sekulic-sezona-u-ulcinju-nije-za-pohvalu\/#breadcrumb","itemListElement":[{"@type":"ListItem","position":1,"name":"Sekuli\u0107: Sezona u Ulcinju nije za pohvalu"}]},{"@type":"Person","@id":"https:\/\/www.visit-ulcinj.com\/blog\/#\/schema\/person\/dcab619c614d3038751c63bc2aadc06d","name":"ulqini","sameAs":["http:\/\/www.visit-ulcinj.com"],"url":"https:\/\/www.visit-ulcinj.com\/blog\/author\/admin\/"}]}},"jetpack_featured_media_url":"","jetpack_sharing_enabled":true,"jetpack_shortlink":"https:\/\/wp.me\/pe6lTn-fJ3","_links":{"self":[{"href":"https:\/\/www.visit-ulcinj.com\/blog\/wp-json\/wp\/v2\/posts\/60453"}],"collection":[{"href":"https:\/\/www.visit-ulcinj.com\/blog\/wp-json\/wp\/v2\/posts"}],"about":[{"href":"https:\/\/www.visit-ulcinj.com\/blog\/wp-json\/wp\/v2\/types\/post"}],"author":[{"embeddable":true,"href":"https:\/\/www.visit-ulcinj.com\/blog\/wp-json\/wp\/v2\/users\/1"}],"replies":[{"embeddable":true,"href":"https:\/\/www.visit-ulcinj.com\/blog\/wp-json\/wp\/v2\/comments?post=60453"}],"version-history":[{"count":1,"href":"https:\/\/www.visit-ulcinj.com\/blog\/wp-json\/wp\/v2\/posts\/60453\/revisions"}],"predecessor-version":[{"id":60455,"href":"https:\/\/www.visit-ulcinj.com\/blog\/wp-json\/wp\/v2\/posts\/60453\/revisions\/60455"}],"wp:attachment":[{"href":"https:\/\/www.visit-ulcinj.com\/blog\/wp-json\/wp\/v2\/media?parent=60453"}],"wp:term":[{"taxonomy":"category","embeddable":true,"href":"https:\/\/www.visit-ulcinj.com\/blog\/wp-json\/wp\/v2\/categories?post=60453"},{"taxonomy":"post_tag","embeddable":true,"href":"https:\/\/www.visit-ulcinj.com\/blog\/wp-json\/wp\/v2\/tags?post=60453"}],"curies":[{"name":"wp","href":"https:\/\/api.w.org\/{rel}","templated":true}]}}