{"id":60456,"date":"2012-05-16T14:30:57","date_gmt":"2012-05-16T13:30:57","guid":{"rendered":"http:\/\/www.visit-ulcinj.com\/blog\/?p=60456"},"modified":"2012-05-16T17:42:41","modified_gmt":"2012-05-16T16:42:41","slug":"kremtohet-dita-e-shkollesbedri-elezaga-ne-katerkolle","status":"publish","type":"post","link":"https:\/\/www.visit-ulcinj.com\/blog\/2012\/05\/16\/kremtohet-dita-e-shkollesbedri-elezaga-ne-katerkolle\/","title":{"rendered":"Kremtohet Dita e Shkoll\u00ebs&#8221;Bedri Elezaga&#8221; n\u00eb Katerkoll\u00eb &#8211; Video"},"content":{"rendered":"<p><a href=\"http:\/\/www.visit-ulcinj.com\/blog\/wp-content\/uploads\/2012\/05\/Kremtohet-Dita-e-Shkoll\u00ebs-Bedri-Elezaga-n\u00eb-Kat\u00ebrkoll\u00eb.jpg\"><img loading=\"lazy\" class=\"alignleft  wp-image-60457\" title=\"Kremtohet Dita e Shkoll\u00ebs-Bedri Elezaga- n\u00eb Kat\u00ebrkoll\u00eb\" src=\"http:\/\/www.visit-ulcinj.com\/blog\/wp-content\/uploads\/2012\/05\/Kremtohet-Dita-e-Shkoll\u00ebs-Bedri-Elezaga-n\u00eb-Kat\u00ebrkoll\u00eb.jpg\" alt=\"\" width=\"508\" height=\"360\" \/><\/a>Me 15 maj 2012 n\u00eb ora 9:00 t\u00eb m\u00ebngjesit filloj kremtimi i Dit\u00ebs se Shkoll\u00ebs Fillore \u201cBedri Elezaga\u201d n\u00eb Kat\u00ebrkoll\u00eb .<\/p>\n<p>T\u00eb pranish\u00ebm n\u00eb k\u00ebt\u00eb manifestim p\u00ebrpos nx\u00ebn\u00ebsve, arsimtar\u00ebve, udh\u00ebheq\u00ebs t\u00eb shkoll\u00ebs ishin edhe qytetar\u00eb t\u00eb shumt\u00eb t\u00eb An\u00ebs s\u00eb Malit, ish arsimtar\u00eb t\u00eb k\u00ebsaj shkolle, musafir\u00eb t\u00eb ndrysh\u00ebm nga Ulqini si dhe p\u00ebrfaq\u00ebsues t\u00eb pushtetit lokal t\u00eb Komun\u00ebs s\u00eb Ulqinit.<\/p>\n<p>Manifestimin e kushtuar k\u00ebsaj shkolle e hapi drejtori Alim Jahaj i cili paraqiti nj\u00eb historiat t\u00eb shkurt\u00ebr t\u00eb shkoll\u00ebs q\u00eb ai drejton.<br \/>\nPas \u00a0historiatit te drejtorit te shkoll\u00ebs Alim Jahaj, u organizua nj\u00eb program kulturo-arg\u00ebtues me k\u00ebng\u00eb t\u00eb ndryshme, vall\u00ebzime moderne dhe popullore, pjese humoristike si dhe recitime.<br \/>\nGjate k\u00ebtij programi, u be shp\u00ebrblimi i nx\u00ebn\u00ebsve m\u00eb t\u00eb mir\u00eb t\u00eb Shkoll\u00ebs Fillore \u201cBedri Elezaga\u201d n\u00eb Kat\u00ebrkoll\u00eb.<\/p>\n<p><strong>Lajme nga Ulqini<\/strong><br \/>\n<!--YouTube Error: bad URL entered--><br \/>\n\n\t\t<style type=\"text\/css\">\n\t\t\t#gallery-1 {\n\t\t\t\tmargin: auto;\n\t\t\t}\n\t\t\t#gallery-1 .gallery-item {\n\t\t\t\tfloat: left;\n\t\t\t\tmargin-top: 10px;\n\t\t\t\ttext-align: center;\n\t\t\t\twidth: 33%;\n\t\t\t}\n\t\t\t#gallery-1 img {\n\t\t\t\tborder: 2px solid #cfcfcf;\n\t\t\t}\n\t\t\t#gallery-1 .gallery-caption {\n\t\t\t\tmargin-left: 0;\n\t\t\t}\n\t\t\t\/* see gallery_shortcode() in wp-includes\/media.php *\/\n\t\t<\/style>\n\t\t<div id='gallery-1' class='gallery galleryid-60456 gallery-columns-3 gallery-size-thumbnail'><dl class='gallery-item'>\n\t\t\t<dt class='gallery-icon landscape'>\n\t\t\t\t<a href='https:\/\/www.visit-ulcinj.com\/blog\/wp-content\/uploads\/2012\/05\/Kremtohet-Dita-e-Shkoll\u00ebs-Bedri-Elezaga-n\u00eb-Kat\u00ebrkoll\u00eb.jpg'><img width=\"150\" height=\"150\" src=\"https:\/\/www.visit-ulcinj.com\/blog\/wp-content\/uploads\/2012\/05\/Kremtohet-Dita-e-Shkoll\u00ebs-Bedri-Elezaga-n\u00eb-Kat\u00ebrkoll\u00eb-150x150.jpg\" class=\"attachment-thumbnail size-thumbnail\" alt=\"\" loading=\"lazy\" \/><\/a>\n\t\t\t<\/dt><\/dl><dl class='gallery-item'>\n\t\t\t<dt class='gallery-icon landscape'>\n\t\t\t\t<a href='https:\/\/www.visit-ulcinj.com\/blog\/wp-content\/uploads\/2012\/05\/Kremtohet-Dita-e-Shkoll\u00ebs-Bedri-Elezaga-n\u00eb-Kat\u00ebrkoll\u00eb.1.jpg'><img width=\"150\" height=\"150\" src=\"https:\/\/www.visit-ulcinj.com\/blog\/wp-content\/uploads\/2012\/05\/Kremtohet-Dita-e-Shkoll\u00ebs-Bedri-Elezaga-n\u00eb-Kat\u00ebrkoll\u00eb.1-150x150.jpg\" class=\"attachment-thumbnail size-thumbnail\" alt=\"\" loading=\"lazy\" \/><\/a>\n\t\t\t<\/dt><\/dl><dl class='gallery-item'>\n\t\t\t<dt class='gallery-icon landscape'>\n\t\t\t\t<a href='https:\/\/www.visit-ulcinj.com\/blog\/wp-content\/uploads\/2012\/05\/Kremtohet-Dita-e-Shkoll\u00ebs-Bedri-Elezaga-n\u00eb-Kat\u00ebrkoll\u00eb.2.jpg'><img width=\"150\" height=\"150\" src=\"https:\/\/www.visit-ulcinj.com\/blog\/wp-content\/uploads\/2012\/05\/Kremtohet-Dita-e-Shkoll\u00ebs-Bedri-Elezaga-n\u00eb-Kat\u00ebrkoll\u00eb.2-150x150.jpg\" class=\"attachment-thumbnail size-thumbnail\" alt=\"\" loading=\"lazy\" \/><\/a>\n\t\t\t<\/dt><\/dl><br style=\"clear: both\" \/><dl class='gallery-item'>\n\t\t\t<dt class='gallery-icon landscape'>\n\t\t\t\t<a href='https:\/\/www.visit-ulcinj.com\/blog\/wp-content\/uploads\/2012\/05\/Kremtohet-Dita-e-Shkoll\u00ebs-Bedri-Elezaga-n\u00eb-Kat\u00ebrkoll\u00eb.3.jpg'><img width=\"150\" height=\"150\" src=\"https:\/\/www.visit-ulcinj.com\/blog\/wp-content\/uploads\/2012\/05\/Kremtohet-Dita-e-Shkoll\u00ebs-Bedri-Elezaga-n\u00eb-Kat\u00ebrkoll\u00eb.3-150x150.jpg\" class=\"attachment-thumbnail size-thumbnail\" alt=\"\" loading=\"lazy\" \/><\/a>\n\t\t\t<\/dt><\/dl><dl class='gallery-item'>\n\t\t\t<dt class='gallery-icon landscape'>\n\t\t\t\t<a href='https:\/\/www.visit-ulcinj.com\/blog\/wp-content\/uploads\/2012\/05\/Kremtohet-Dita-e-Shkoll\u00ebs-Bedri-Elezaga-n\u00eb-Kat\u00ebrkoll\u00eb.4.jpg'><img width=\"150\" height=\"150\" src=\"https:\/\/www.visit-ulcinj.com\/blog\/wp-content\/uploads\/2012\/05\/Kremtohet-Dita-e-Shkoll\u00ebs-Bedri-Elezaga-n\u00eb-Kat\u00ebrkoll\u00eb.4-150x150.jpg\" class=\"attachment-thumbnail size-thumbnail\" alt=\"\" loading=\"lazy\" \/><\/a>\n\t\t\t<\/dt><\/dl><dl class='gallery-item'>\n\t\t\t<dt class='gallery-icon landscape'>\n\t\t\t\t<a href='https:\/\/www.visit-ulcinj.com\/blog\/wp-content\/uploads\/2012\/05\/Kremtohet-Dita-e-Shkoll\u00ebs-Bedri-Elezaga-n\u00eb-Kat\u00ebrkoll\u00eb.5.jpg'><img width=\"150\" height=\"150\" src=\"https:\/\/www.visit-ulcinj.com\/blog\/wp-content\/uploads\/2012\/05\/Kremtohet-Dita-e-Shkoll\u00ebs-Bedri-Elezaga-n\u00eb-Kat\u00ebrkoll\u00eb.5-150x150.jpg\" class=\"attachment-thumbnail size-thumbnail\" alt=\"\" loading=\"lazy\" \/><\/a>\n\t\t\t<\/dt><\/dl><br style=\"clear: both\" \/><dl class='gallery-item'>\n\t\t\t<dt class='gallery-icon landscape'>\n\t\t\t\t<a href='https:\/\/www.visit-ulcinj.com\/blog\/wp-content\/uploads\/2012\/05\/Kremtohet-Dita-e-Shkoll\u00ebs-Bedri-Elezaga-n\u00eb-Kat\u00ebrkoll\u00eb.6.jpg'><img width=\"150\" height=\"150\" src=\"https:\/\/www.visit-ulcinj.com\/blog\/wp-content\/uploads\/2012\/05\/Kremtohet-Dita-e-Shkoll\u00ebs-Bedri-Elezaga-n\u00eb-Kat\u00ebrkoll\u00eb.6-150x150.jpg\" class=\"attachment-thumbnail size-thumbnail\" alt=\"\" loading=\"lazy\" \/><\/a>\n\t\t\t<\/dt><\/dl><dl class='gallery-item'>\n\t\t\t<dt class='gallery-icon landscape'>\n\t\t\t\t<a href='https:\/\/www.visit-ulcinj.com\/blog\/wp-content\/uploads\/2012\/05\/Kremtohet-Dita-e-Shkoll\u00ebs-Bedri-Elezaga-n\u00eb-Kat\u00ebrkoll\u00eb.7.jpg'><img width=\"150\" height=\"150\" src=\"https:\/\/www.visit-ulcinj.com\/blog\/wp-content\/uploads\/2012\/05\/Kremtohet-Dita-e-Shkoll\u00ebs-Bedri-Elezaga-n\u00eb-Kat\u00ebrkoll\u00eb.7-150x150.jpg\" class=\"attachment-thumbnail size-thumbnail\" alt=\"\" loading=\"lazy\" \/><\/a>\n\t\t\t<\/dt><\/dl><dl class='gallery-item'>\n\t\t\t<dt class='gallery-icon landscape'>\n\t\t\t\t<a href='https:\/\/www.visit-ulcinj.com\/blog\/wp-content\/uploads\/2012\/05\/Kremtohet-Dita-e-Shkoll\u00ebs-Bedri-Elezaga-n\u00eb-Kat\u00ebrkoll\u00eb.8.jpg'><img width=\"150\" height=\"150\" src=\"https:\/\/www.visit-ulcinj.com\/blog\/wp-content\/uploads\/2012\/05\/Kremtohet-Dita-e-Shkoll\u00ebs-Bedri-Elezaga-n\u00eb-Kat\u00ebrkoll\u00eb.8-150x150.jpg\" class=\"attachment-thumbnail size-thumbnail\" alt=\"\" loading=\"lazy\" \/><\/a>\n\t\t\t<\/dt><\/dl><br style=\"clear: both\" \/><dl class='gallery-item'>\n\t\t\t<dt class='gallery-icon landscape'>\n\t\t\t\t<a href='https:\/\/www.visit-ulcinj.com\/blog\/wp-content\/uploads\/2012\/05\/Kremtohet-Dita-e-Shkoll\u00ebs-Bedri-Elezaga-n\u00eb-Kat\u00ebrkoll\u00eb.9.jpg'><img width=\"150\" height=\"150\" src=\"https:\/\/www.visit-ulcinj.com\/blog\/wp-content\/uploads\/2012\/05\/Kremtohet-Dita-e-Shkoll\u00ebs-Bedri-Elezaga-n\u00eb-Kat\u00ebrkoll\u00eb.9-150x150.jpg\" class=\"attachment-thumbnail size-thumbnail\" alt=\"\" loading=\"lazy\" \/><\/a>\n\t\t\t<\/dt><\/dl><dl class='gallery-item'>\n\t\t\t<dt class='gallery-icon landscape'>\n\t\t\t\t<a href='https:\/\/www.visit-ulcinj.com\/blog\/wp-content\/uploads\/2012\/05\/Kremtohet-Dita-e-Shkoll\u00ebs-Bedri-Elezaga-n\u00eb-Kat\u00ebrkoll\u00eb.10.jpg'><img width=\"150\" height=\"150\" src=\"https:\/\/www.visit-ulcinj.com\/blog\/wp-content\/uploads\/2012\/05\/Kremtohet-Dita-e-Shkoll\u00ebs-Bedri-Elezaga-n\u00eb-Kat\u00ebrkoll\u00eb.10-150x150.jpg\" class=\"attachment-thumbnail size-thumbnail\" alt=\"\" loading=\"lazy\" \/><\/a>\n\t\t\t<\/dt><\/dl><dl class='gallery-item'>\n\t\t\t<dt class='gallery-icon landscape'>\n\t\t\t\t<a href='https:\/\/www.visit-ulcinj.com\/blog\/wp-content\/uploads\/2012\/05\/Kremtohet-Dita-e-Shkoll\u00ebs-Bedri-Elezaga-n\u00eb-Kat\u00ebrkoll\u00eb.11.jpg'><img width=\"150\" height=\"150\" src=\"https:\/\/www.visit-ulcinj.com\/blog\/wp-content\/uploads\/2012\/05\/Kremtohet-Dita-e-Shkoll\u00ebs-Bedri-Elezaga-n\u00eb-Kat\u00ebrkoll\u00eb.11-150x150.jpg\" class=\"attachment-thumbnail size-thumbnail\" alt=\"\" loading=\"lazy\" \/><\/a>\n\t\t\t<\/dt><\/dl><br style=\"clear: both\" \/><dl class='gallery-item'>\n\t\t\t<dt class='gallery-icon landscape'>\n\t\t\t\t<a href='https:\/\/www.visit-ulcinj.com\/blog\/wp-content\/uploads\/2012\/05\/Kremtohet-Dita-e-Shkoll\u00ebs-Bedri-Elezaga-n\u00eb-Kat\u00ebrkoll\u00eb.12.jpg'><img width=\"150\" height=\"150\" src=\"https:\/\/www.visit-ulcinj.com\/blog\/wp-content\/uploads\/2012\/05\/Kremtohet-Dita-e-Shkoll\u00ebs-Bedri-Elezaga-n\u00eb-Kat\u00ebrkoll\u00eb.12-150x150.jpg\" class=\"attachment-thumbnail size-thumbnail\" alt=\"\" loading=\"lazy\" \/><\/a>\n\t\t\t<\/dt><\/dl><dl class='gallery-item'>\n\t\t\t<dt class='gallery-icon landscape'>\n\t\t\t\t<a href='https:\/\/www.visit-ulcinj.com\/blog\/wp-content\/uploads\/2012\/05\/Kremtohet-Dita-e-Shkoll\u00ebs-Bedri-Elezaga-n\u00eb-Kat\u00ebrkoll\u00eb.13.jpg'><img width=\"150\" height=\"150\" src=\"https:\/\/www.visit-ulcinj.com\/blog\/wp-content\/uploads\/2012\/05\/Kremtohet-Dita-e-Shkoll\u00ebs-Bedri-Elezaga-n\u00eb-Kat\u00ebrkoll\u00eb.13-150x150.jpg\" class=\"attachment-thumbnail size-thumbnail\" alt=\"\" loading=\"lazy\" \/><\/a>\n\t\t\t<\/dt><\/dl><dl class='gallery-item'>\n\t\t\t<dt class='gallery-icon landscape'>\n\t\t\t\t<a href='https:\/\/www.visit-ulcinj.com\/blog\/wp-content\/uploads\/2012\/05\/Kremtohet-Dita-e-Shkoll\u00ebs-Bedri-Elezaga-n\u00eb-Kat\u00ebrkoll\u00eb.14.jpg'><img width=\"150\" height=\"150\" src=\"https:\/\/www.visit-ulcinj.com\/blog\/wp-content\/uploads\/2012\/05\/Kremtohet-Dita-e-Shkoll\u00ebs-Bedri-Elezaga-n\u00eb-Kat\u00ebrkoll\u00eb.14-150x150.jpg\" class=\"attachment-thumbnail size-thumbnail\" alt=\"\" loading=\"lazy\" \/><\/a>\n\t\t\t<\/dt><\/dl><br style=\"clear: both\" \/>\n\t\t<\/div>\n<\/p>\n","protected":false},"excerpt":{"rendered":"<p>Me 15 maj 2012 n\u00eb ora 9:00 t\u00eb m\u00ebngjesit filloj kremtimi i Dit\u00ebs se Shkoll\u00ebs Fillore \u201cBedri Elezaga\u201d n\u00eb Kat\u00ebrkoll\u00eb . T\u00eb pranish\u00ebm n\u00eb k\u00ebt\u00eb manifestim p\u00ebrpos nx\u00ebn\u00ebsve, arsimtar\u00ebve, udh\u00ebheq\u00ebs t\u00eb shkoll\u00ebs ishin edhe qytetar\u00eb t\u00eb shumt\u00eb t\u00eb An\u00ebs s\u00eb Malit, ish arsimtar\u00eb t\u00eb k\u00ebsaj shkolle, musafir\u00eb t\u00eb ndrysh\u00ebm nga Ulqini si dhe p\u00ebrfaq\u00ebsues t\u00eb [&hellip;]<\/p>\n","protected":false},"author":1,"featured_media":0,"comment_status":"open","ping_status":"closed","sticky":false,"template":"","format":"standard","meta":{"spay_email":"","jetpack_publicize_message":"","jetpack_is_tweetstorm":false,"jetpack_publicize_feature_enabled":true},"categories":[4,1],"tags":[20470,214,20469,20460],"jetpack_publicize_connections":[],"yoast_head":"<!-- This site is optimized with the Yoast SEO plugin v19.1 - https:\/\/yoast.com\/wordpress\/plugins\/seo\/ -->\n<title>Kremtohet Dita e Shkoll\u00ebs&quot;Bedri Elezaga&quot; n\u00eb Katerkoll\u00eb - Video - Lajme nga Ulqini<\/title>\n<meta name=\"description\" content=\"Me 15 maj 2012 n\u00eb ora 9:00 t\u00eb m\u00ebngjesit filloj kremtimi i Dit\u00ebs se Shkoll\u00ebs Fillore \u201cBedri Elezaga\u201d n\u00eb Kat\u00ebrkoll\u00eb . T\u00eb pranish\u00ebm n\u00eb k\u00ebt\u00eb manifestim p\u00ebrpos\" \/>\n<meta name=\"robots\" content=\"index, follow, max-snippet:-1, max-image-preview:large, max-video-preview:-1\" \/>\n<link rel=\"canonical\" href=\"https:\/\/www.visit-ulcinj.com\/blog\/2012\/05\/16\/kremtohet-dita-e-shkollesbedri-elezaga-ne-katerkolle\/\" \/>\n<meta property=\"og:locale\" content=\"en_US\" \/>\n<meta property=\"og:type\" content=\"article\" \/>\n<meta property=\"og:title\" content=\"Kremtohet Dita e Shkoll\u00ebs&quot;Bedri Elezaga&quot; n\u00eb Katerkoll\u00eb - Video - Lajme nga Ulqini\" \/>\n<meta property=\"og:description\" content=\"Me 15 maj 2012 n\u00eb ora 9:00 t\u00eb m\u00ebngjesit filloj kremtimi i Dit\u00ebs se Shkoll\u00ebs Fillore \u201cBedri Elezaga\u201d n\u00eb Kat\u00ebrkoll\u00eb . T\u00eb pranish\u00ebm n\u00eb k\u00ebt\u00eb manifestim p\u00ebrpos\" \/>\n<meta property=\"og:url\" content=\"https:\/\/www.visit-ulcinj.com\/blog\/2012\/05\/16\/kremtohet-dita-e-shkollesbedri-elezaga-ne-katerkolle\/\" \/>\n<meta property=\"og:site_name\" content=\"Lajme nga Ulqini\" \/>\n<meta property=\"article:published_time\" content=\"2012-05-16T13:30:57+00:00\" \/>\n<meta property=\"article:modified_time\" content=\"2012-05-16T16:42:41+00:00\" \/>\n<meta property=\"og:image\" content=\"https:\/\/www.visit-ulcinj.com\/blog\/wp-content\/uploads\/2012\/05\/Kremtohet-Dita-e-Shkoll\u00ebs-Bedri-Elezaga-n\u00eb-Kat\u00ebrkoll\u00eb-150x150.jpg\" \/>\n<meta name=\"twitter:label1\" content=\"Written by\" \/>\n\t<meta name=\"twitter:data1\" content=\"ulqini\" \/>\n\t<meta name=\"twitter:label2\" content=\"Est. reading time\" \/>\n\t<meta name=\"twitter:data2\" content=\"1 minute\" \/>\n<script type=\"application\/ld+json\" class=\"yoast-schema-graph\">{\"@context\":\"https:\/\/schema.org\",\"@graph\":[{\"@type\":\"WebSite\",\"@id\":\"https:\/\/www.visit-ulcinj.com\/blog\/#website\",\"url\":\"https:\/\/www.visit-ulcinj.com\/blog\/\",\"name\":\"Lajme nga Ulqini\",\"description\":\"Lajme,Vijesti,Ulqini,Ulqin,Crna Gora,Mali i Zi\",\"potentialAction\":[{\"@type\":\"SearchAction\",\"target\":{\"@type\":\"EntryPoint\",\"urlTemplate\":\"https:\/\/www.visit-ulcinj.com\/blog\/?s={search_term_string}\"},\"query-input\":\"required name=search_term_string\"}],\"inLanguage\":\"en-US\"},{\"@type\":\"WebPage\",\"@id\":\"https:\/\/www.visit-ulcinj.com\/blog\/2012\/05\/16\/kremtohet-dita-e-shkollesbedri-elezaga-ne-katerkolle\/#webpage\",\"url\":\"https:\/\/www.visit-ulcinj.com\/blog\/2012\/05\/16\/kremtohet-dita-e-shkollesbedri-elezaga-ne-katerkolle\/\",\"name\":\"Kremtohet Dita e Shkoll\u00ebs\\\"Bedri Elezaga\\\" n\u00eb Katerkoll\u00eb - Video - Lajme nga Ulqini\",\"isPartOf\":{\"@id\":\"https:\/\/www.visit-ulcinj.com\/blog\/#website\"},\"datePublished\":\"2012-05-16T13:30:57+00:00\",\"dateModified\":\"2012-05-16T16:42:41+00:00\",\"author\":{\"@id\":\"https:\/\/www.visit-ulcinj.com\/blog\/#\/schema\/person\/dcab619c614d3038751c63bc2aadc06d\"},\"description\":\"Me 15 maj 2012 n\u00eb ora 9:00 t\u00eb m\u00ebngjesit filloj kremtimi i Dit\u00ebs se Shkoll\u00ebs Fillore \u201cBedri Elezaga\u201d n\u00eb Kat\u00ebrkoll\u00eb . T\u00eb pranish\u00ebm n\u00eb k\u00ebt\u00eb manifestim p\u00ebrpos\",\"breadcrumb\":{\"@id\":\"https:\/\/www.visit-ulcinj.com\/blog\/2012\/05\/16\/kremtohet-dita-e-shkollesbedri-elezaga-ne-katerkolle\/#breadcrumb\"},\"inLanguage\":\"en-US\",\"potentialAction\":[{\"@type\":\"ReadAction\",\"target\":[\"https:\/\/www.visit-ulcinj.com\/blog\/2012\/05\/16\/kremtohet-dita-e-shkollesbedri-elezaga-ne-katerkolle\/\"]}]},{\"@type\":\"BreadcrumbList\",\"@id\":\"https:\/\/www.visit-ulcinj.com\/blog\/2012\/05\/16\/kremtohet-dita-e-shkollesbedri-elezaga-ne-katerkolle\/#breadcrumb\",\"itemListElement\":[{\"@type\":\"ListItem\",\"position\":1,\"name\":\"Kremtohet Dita e Shkoll\u00ebs&#8221;Bedri Elezaga&#8221; n\u00eb Katerkoll\u00eb &#8211; Video\"}]},{\"@type\":\"Person\",\"@id\":\"https:\/\/www.visit-ulcinj.com\/blog\/#\/schema\/person\/dcab619c614d3038751c63bc2aadc06d\",\"name\":\"ulqini\",\"sameAs\":[\"http:\/\/www.visit-ulcinj.com\"],\"url\":\"https:\/\/www.visit-ulcinj.com\/blog\/author\/admin\/\"}]}<\/script>\n<!-- \/ Yoast SEO plugin. -->","yoast_head_json":{"title":"Kremtohet Dita e Shkoll\u00ebs\"Bedri Elezaga\" n\u00eb Katerkoll\u00eb - Video - Lajme nga Ulqini","description":"Me 15 maj 2012 n\u00eb ora 9:00 t\u00eb m\u00ebngjesit filloj kremtimi i Dit\u00ebs se Shkoll\u00ebs Fillore \u201cBedri Elezaga\u201d n\u00eb Kat\u00ebrkoll\u00eb . T\u00eb pranish\u00ebm n\u00eb k\u00ebt\u00eb manifestim p\u00ebrpos","robots":{"index":"index","follow":"follow","max-snippet":"max-snippet:-1","max-image-preview":"max-image-preview:large","max-video-preview":"max-video-preview:-1"},"canonical":"https:\/\/www.visit-ulcinj.com\/blog\/2012\/05\/16\/kremtohet-dita-e-shkollesbedri-elezaga-ne-katerkolle\/","og_locale":"en_US","og_type":"article","og_title":"Kremtohet Dita e Shkoll\u00ebs\"Bedri Elezaga\" n\u00eb Katerkoll\u00eb - Video - Lajme nga Ulqini","og_description":"Me 15 maj 2012 n\u00eb ora 9:00 t\u00eb m\u00ebngjesit filloj kremtimi i Dit\u00ebs se Shkoll\u00ebs Fillore \u201cBedri Elezaga\u201d n\u00eb Kat\u00ebrkoll\u00eb . T\u00eb pranish\u00ebm n\u00eb k\u00ebt\u00eb manifestim p\u00ebrpos","og_url":"https:\/\/www.visit-ulcinj.com\/blog\/2012\/05\/16\/kremtohet-dita-e-shkollesbedri-elezaga-ne-katerkolle\/","og_site_name":"Lajme nga Ulqini","article_published_time":"2012-05-16T13:30:57+00:00","article_modified_time":"2012-05-16T16:42:41+00:00","og_image":[{"url":"https:\/\/www.visit-ulcinj.com\/blog\/wp-content\/uploads\/2012\/05\/Kremtohet-Dita-e-Shkoll\u00ebs-Bedri-Elezaga-n\u00eb-Kat\u00ebrkoll\u00eb-150x150.jpg"}],"twitter_misc":{"Written by":"ulqini","Est. reading time":"1 minute"},"schema":{"@context":"https:\/\/schema.org","@graph":[{"@type":"WebSite","@id":"https:\/\/www.visit-ulcinj.com\/blog\/#website","url":"https:\/\/www.visit-ulcinj.com\/blog\/","name":"Lajme nga Ulqini","description":"Lajme,Vijesti,Ulqini,Ulqin,Crna Gora,Mali i Zi","potentialAction":[{"@type":"SearchAction","target":{"@type":"EntryPoint","urlTemplate":"https:\/\/www.visit-ulcinj.com\/blog\/?s={search_term_string}"},"query-input":"required name=search_term_string"}],"inLanguage":"en-US"},{"@type":"WebPage","@id":"https:\/\/www.visit-ulcinj.com\/blog\/2012\/05\/16\/kremtohet-dita-e-shkollesbedri-elezaga-ne-katerkolle\/#webpage","url":"https:\/\/www.visit-ulcinj.com\/blog\/2012\/05\/16\/kremtohet-dita-e-shkollesbedri-elezaga-ne-katerkolle\/","name":"Kremtohet Dita e Shkoll\u00ebs\"Bedri Elezaga\" n\u00eb Katerkoll\u00eb - Video - Lajme nga Ulqini","isPartOf":{"@id":"https:\/\/www.visit-ulcinj.com\/blog\/#website"},"datePublished":"2012-05-16T13:30:57+00:00","dateModified":"2012-05-16T16:42:41+00:00","author":{"@id":"https:\/\/www.visit-ulcinj.com\/blog\/#\/schema\/person\/dcab619c614d3038751c63bc2aadc06d"},"description":"Me 15 maj 2012 n\u00eb ora 9:00 t\u00eb m\u00ebngjesit filloj kremtimi i Dit\u00ebs se Shkoll\u00ebs Fillore \u201cBedri Elezaga\u201d n\u00eb Kat\u00ebrkoll\u00eb . T\u00eb pranish\u00ebm n\u00eb k\u00ebt\u00eb manifestim p\u00ebrpos","breadcrumb":{"@id":"https:\/\/www.visit-ulcinj.com\/blog\/2012\/05\/16\/kremtohet-dita-e-shkollesbedri-elezaga-ne-katerkolle\/#breadcrumb"},"inLanguage":"en-US","potentialAction":[{"@type":"ReadAction","target":["https:\/\/www.visit-ulcinj.com\/blog\/2012\/05\/16\/kremtohet-dita-e-shkollesbedri-elezaga-ne-katerkolle\/"]}]},{"@type":"BreadcrumbList","@id":"https:\/\/www.visit-ulcinj.com\/blog\/2012\/05\/16\/kremtohet-dita-e-shkollesbedri-elezaga-ne-katerkolle\/#breadcrumb","itemListElement":[{"@type":"ListItem","position":1,"name":"Kremtohet Dita e Shkoll\u00ebs&#8221;Bedri Elezaga&#8221; n\u00eb Katerkoll\u00eb &#8211; Video"}]},{"@type":"Person","@id":"https:\/\/www.visit-ulcinj.com\/blog\/#\/schema\/person\/dcab619c614d3038751c63bc2aadc06d","name":"ulqini","sameAs":["http:\/\/www.visit-ulcinj.com"],"url":"https:\/\/www.visit-ulcinj.com\/blog\/author\/admin\/"}]}},"jetpack_featured_media_url":"","jetpack_sharing_enabled":true,"jetpack_shortlink":"https:\/\/wp.me\/pe6lTn-fJ6","_links":{"self":[{"href":"https:\/\/www.visit-ulcinj.com\/blog\/wp-json\/wp\/v2\/posts\/60456"}],"collection":[{"href":"https:\/\/www.visit-ulcinj.com\/blog\/wp-json\/wp\/v2\/posts"}],"about":[{"href":"https:\/\/www.visit-ulcinj.com\/blog\/wp-json\/wp\/v2\/types\/post"}],"author":[{"embeddable":true,"href":"https:\/\/www.visit-ulcinj.com\/blog\/wp-json\/wp\/v2\/users\/1"}],"replies":[{"embeddable":true,"href":"https:\/\/www.visit-ulcinj.com\/blog\/wp-json\/wp\/v2\/comments?post=60456"}],"version-history":[{"count":6,"href":"https:\/\/www.visit-ulcinj.com\/blog\/wp-json\/wp\/v2\/posts\/60456\/revisions"}],"predecessor-version":[{"id":60474,"href":"https:\/\/www.visit-ulcinj.com\/blog\/wp-json\/wp\/v2\/posts\/60456\/revisions\/60474"}],"wp:attachment":[{"href":"https:\/\/www.visit-ulcinj.com\/blog\/wp-json\/wp\/v2\/media?parent=60456"}],"wp:term":[{"taxonomy":"category","embeddable":true,"href":"https:\/\/www.visit-ulcinj.com\/blog\/wp-json\/wp\/v2\/categories?post=60456"},{"taxonomy":"post_tag","embeddable":true,"href":"https:\/\/www.visit-ulcinj.com\/blog\/wp-json\/wp\/v2\/tags?post=60456"}],"curies":[{"name":"wp","href":"https:\/\/api.w.org\/{rel}","templated":true}]}}