{"id":60479,"date":"2012-05-16T17:41:13","date_gmt":"2012-05-16T16:41:13","guid":{"rendered":"http:\/\/www.visit-ulcinj.com\/blog\/?p=60479"},"modified":"2012-05-18T16:23:24","modified_gmt":"2012-05-18T15:23:24","slug":"otrantkomerc-fiton-gjygjin-ndaj-komunes-se-ulqinit-dhe-150-000e","status":"publish","type":"post","link":"https:\/\/www.visit-ulcinj.com\/blog\/2012\/05\/16\/otrantkomerc-fiton-gjygjin-ndaj-komunes-se-ulqinit-dhe-150-000e\/","title":{"rendered":"Otrantkomerc fiton gjygjin ndaj Komun\u00ebs s\u00eb Ulqinit dhe 150.000\u20ac"},"content":{"rendered":"<p><strong><a href=\"http:\/\/www.visit-ulcinj.com\/blog\/wp-content\/uploads\/2012\/05\/Otrantkomerc-fiton-gjygjin-ndaj-Komun\u00ebs-s\u00eb-Ulqinit-dhe-150.000\u20ac.jpg\"><img loading=\"lazy\" class=\"alignleft  wp-image-60480\" title=\"Otrantkomerc fiton gjygjin ndaj Komun\u00ebs s\u00eb Ulqinit dhe 150.000\u20ac\" src=\"http:\/\/www.visit-ulcinj.com\/blog\/wp-content\/uploads\/2012\/05\/Otrantkomerc-fiton-gjygjin-ndaj-Komun\u00ebs-s\u00eb-Ulqinit-dhe-150.000\u20ac.jpg\" alt=\"\" width=\"508\" height=\"360\" \/><\/a>Konferenc\u00eb p\u00ebr media &#8211; Otrantkomerc<\/strong><\/p>\n<p>T\u00eb nderuar qytetar\u00eb,<\/p>\n<p>E kam obligim t&#8217;ju njoftoi q\u00eb proceset gjyq\u00ebsore q\u00eb jan\u00eb duke u udhehequr kund\u00ebr Komun\u00ebs s\u00eb Ulqinit edhe m\u00eb tutje do t\u00eb ndikojn\u00eb negativisht n\u00eb gjendjen e Buxhetit, e me k\u00ebt\u00eb edhe t\u00eb ndalojn\u00eb trendin e shpejtuar t\u00eb daljes nga kriza.<\/p>\n<p>Rasti m\u00eb i ri i nd\u00ebrmarrjes &#8220;Otrantkomerc&#8221;, i cili ka filluar n\u00eb vitin 1999, dhe i cili ka p\u00ebrfunduar n\u00eb d\u00ebm t\u00eb Komun\u00ebs s\u00eb Ulqinit ka t\u00eb b\u00ebj\u00eb me eksproprijimin e nj\u00eb objekti me sip\u00ebrfaqe prej 110 m\u00b2.<\/p>\n<p>Me Vendim t\u00eb gjyqit \u00ebsht\u00eb caktuar obligimi i Komun\u00ebs s\u00eb Ulqinit ndaj nd\u00ebrmarrjes &#8220;Otrantkomerc&#8221; n\u00eb shum\u00ebn prej 252.167,00 EURO, q\u00eb do t\u00eb thot\u00eb se p\u00ebr 1 m\u00b2 t\u00eb objektit \u00ebsht\u00eb caktuar kompensimi prej gati 2.300 Euro. Gjyqi nuk \u00ebsht\u00eb p\u00ebrgjigjur n\u00eb k\u00ebrkes\u00ebn e p\u00ebrfaq\u00ebsuesit t\u00eb Komun\u00ebs s\u00eb Ulqinit q\u00eb t\u00eb rishqyrtohet shuma e kompensimit dhe q\u00eb n\u00eb pajtim me q\u00ebndrimin e Gjykat\u00ebs supreme t\u00eb Malit t\u00eb Zi t\u00eb dat\u00ebs 09. 12. 2000, procesi i konvertimit t\u00eb vleres me dinar\u00eb n\u00eb Marka Gjermane t&#8217;i besohet Bank\u00ebs qendrore t\u00eb Malit t\u00eb ZI, e jo ekspertit t\u00eb angazhuar me t\u00eb cil\u00ebn gj\u00eb \u00ebsht\u00eb b\u00ebr\u00eb shkelje thelb\u00ebsore e rregullave t\u00eb procedur\u00ebs.<\/p>\n<p>Sekretariati p\u00ebr mbrojtjen e pasuris\u00eb se Komunes se Ulqinit ka angazhuar nj\u00eb ekspert tjet\u00ebr financiar, i cili n\u00eb konstatimin e vet e ka p\u00ebrcaktuar q\u00eb kompensimi i cili me k\u00ebt\u00eb rast do t\u00eb duhej t\u00eb paguhej \u00ebsht\u00eb 9.634,00 \u20ac (kryegj\u00ebja + kamata), e jo 252.000 Euro.<\/p>\n<p>Pra, p\u00ebrfundimi i gjyqit p\u00ebr ekzekutim \u00ebsht\u00eb b\u00ebr\u00eb i plotfuqish\u00ebm, dhe me dat\u00ebn 11. 05. 2012, Banka qendrore e ka aktivizuar ndales\u00ebn dhe prej llogaris\u00eb s\u00eb Komun\u00ebs s\u00eb Ulqinit ka hequr shum\u00ebn prej rreth 150.000,00 Euro, kurse mbetet akoma shuma prej rreth 100.000,00 Euro p\u00ebr t&#8217;u hequr.<\/p>\n<p>Theksojm\u00eb gjithashtu, q\u00eb me dat\u00ebn 27. 04. 2012 \u00ebsht\u00eb mbajtur nj\u00eb mbledhje me p\u00ebrfaq\u00ebsuesit e nd\u00ebrmarrjes &#8220;Otrantkomerc&#8221; dhe se jemi marr\u00eb vesh q\u00eb p\u00ebr nj\u00eb koh\u00eb t\u00eb catuar t\u00eb shtyhet aktivizimi i ndales\u00ebs tek Banka qendrore, dhe se n\u00eb nd\u00ebrkoh\u00eb, duke marr\u00eb parasysh procedurat ligjore, zgjidhja t\u00eb gjendet n\u00eb kompensimin e k\u00ebrkes\u00ebs s\u00eb tyre, me pjes\u00ebn e tok\u00ebs tek Plazhi i vog\u00ebl, q\u00eb \u00ebsht\u00eb n\u00eb pron\u00ebsi t\u00eb Komun\u00ebs s\u00eb Ulqinit, e n\u00eb t\u00eb cil\u00ebn &#8220;Otrantkomerci&#8221; ka nj\u00eb objekt t\u00eb p\u00ebrkohsh\u00ebm.<br \/>\n<a href=\"http:\/\/www.visit-ulcinj.com\/blog\/wp-content\/uploads\/2012\/05\/Otrantkomerc-fiton-gjygjin-ndaj-Komun\u00ebs-s\u00eb-Ulqinit-dhe-150.000\u20ac.3.jpg\"><img loading=\"lazy\" class=\"alignleft  wp-image-60483\" title=\"Otrantkomerc fiton gjygjin ndaj Komun\u00ebs s\u00eb Ulqinit dhe 150.000\u20ac.3\" src=\"http:\/\/www.visit-ulcinj.com\/blog\/wp-content\/uploads\/2012\/05\/Otrantkomerc-fiton-gjygjin-ndaj-Komun\u00ebs-s\u00eb-Ulqinit-dhe-150.000\u20ac.3.jpg\" alt=\"\" width=\"508\" height=\"300\" \/><\/a><\/p>\n<p>2.<\/p>\n<p>Megjithat\u00eb p\u00ebrfaq\u00ebsuesit e &#8220;Otrantkomercit&#8221; nuk e kan\u00eb respektuar marr\u00ebveshjen, k\u00ebshtu q\u00eb me dat\u00ebn 11. 05. 2012, Banka qendrore ka hequr shum\u00ebn e p\u00ebrmendur, e cila ka qen\u00eb e planifikuar p\u00ebr pagimin e pagave t\u00eb pun\u00ebtor\u00ebve t\u00eb Komun\u00ebs s\u00eb Ulqinit e nd\u00ebrmarrjeve publike.<\/p>\n<p>Komuna e Ulqinit n\u00eb bashk\u00ebpunim me Ministrin\u00eb e financave, \u00ebsht\u00eb duke nd\u00ebrmarr\u00eb masa q\u00eb t\u00eb gjendet nj\u00eb zgjidhje dhe t\u00eb dilet nga situata e krijuar. Nj\u00ebkoh\u00ebsisht jemi duke nd\u00ebrmarr\u00eb t\u00eb gjitha masat ligjore, p\u00ebr t\u00eb p\u00ebrmir\u00ebsuar k\u00ebt\u00eb padrejt\u00ebsi dhe gabim t\u00eb gjyqit t\u00eb b\u00ebr\u00eb n\u00eb d\u00ebm t\u00eb Komun\u00ebs s\u00eb Ulqinit.<\/p>\n<p>Ulqin,16.05.2012 Nazif Cungu<\/p>\n<p>Komuna e Ulqinit<\/p>\n","protected":false},"excerpt":{"rendered":"<p>Konferenc\u00eb p\u00ebr media &#8211; Otrantkomerc T\u00eb nderuar qytetar\u00eb, E kam obligim t&#8217;ju njoftoi q\u00eb proceset gjyq\u00ebsore q\u00eb jan\u00eb duke u udhehequr kund\u00ebr Komun\u00ebs s\u00eb Ulqinit edhe m\u00eb tutje do t\u00eb ndikojn\u00eb negativisht n\u00eb gjendjen e Buxhetit, e me k\u00ebt\u00eb edhe t\u00eb ndalojn\u00eb trendin e shpejtuar t\u00eb daljes nga kriza. Rasti m\u00eb i ri i nd\u00ebrmarrjes [&hellip;]<\/p>\n","protected":false},"author":1,"featured_media":0,"comment_status":"open","ping_status":"closed","sticky":false,"template":"","format":"standard","meta":{"spay_email":"","jetpack_publicize_message":"","jetpack_is_tweetstorm":false,"jetpack_publicize_feature_enabled":true},"categories":[10,1],"tags":[118,10105,4857,200],"jetpack_publicize_connections":[],"yoast_head":"<!-- This site is optimized with the Yoast SEO plugin v19.1 - https:\/\/yoast.com\/wordpress\/plugins\/seo\/ -->\n<title>Otrantkomerc fiton gjygjin ndaj Komun\u00ebs s\u00eb Ulqinit dhe 150.000\u20ac - Lajme nga Ulqini<\/title>\n<meta name=\"description\" content=\"Konferenc\u00eb p\u00ebr media - Otrantkomerc T\u00eb nderuar qytetar\u00eb, E kam obligim t&#039;ju njoftoi q\u00eb proceset gjyq\u00ebsore q\u00eb jan\u00eb duke u udhehequr kund\u00ebr Komun\u00ebs s\u00eb\" \/>\n<meta name=\"robots\" content=\"index, follow, max-snippet:-1, max-image-preview:large, max-video-preview:-1\" \/>\n<link rel=\"canonical\" href=\"https:\/\/www.visit-ulcinj.com\/blog\/2012\/05\/16\/otrantkomerc-fiton-gjygjin-ndaj-komunes-se-ulqinit-dhe-150-000e\/\" \/>\n<meta property=\"og:locale\" content=\"en_US\" \/>\n<meta property=\"og:type\" content=\"article\" \/>\n<meta property=\"og:title\" content=\"Otrantkomerc fiton gjygjin ndaj Komun\u00ebs s\u00eb Ulqinit dhe 150.000\u20ac - Lajme nga Ulqini\" \/>\n<meta property=\"og:description\" content=\"Konferenc\u00eb p\u00ebr media - Otrantkomerc T\u00eb nderuar qytetar\u00eb, E kam obligim t&#039;ju njoftoi q\u00eb proceset gjyq\u00ebsore q\u00eb jan\u00eb duke u udhehequr kund\u00ebr Komun\u00ebs s\u00eb\" \/>\n<meta property=\"og:url\" content=\"https:\/\/www.visit-ulcinj.com\/blog\/2012\/05\/16\/otrantkomerc-fiton-gjygjin-ndaj-komunes-se-ulqinit-dhe-150-000e\/\" \/>\n<meta property=\"og:site_name\" content=\"Lajme nga Ulqini\" \/>\n<meta property=\"article:published_time\" content=\"2012-05-16T16:41:13+00:00\" \/>\n<meta property=\"article:modified_time\" content=\"2012-05-18T15:23:24+00:00\" \/>\n<meta name=\"twitter:label1\" content=\"Written by\" \/>\n\t<meta name=\"twitter:data1\" content=\"ulqini\" \/>\n\t<meta name=\"twitter:label2\" content=\"Est. reading time\" \/>\n\t<meta name=\"twitter:data2\" content=\"3 minutes\" \/>\n<script type=\"application\/ld+json\" class=\"yoast-schema-graph\">{\"@context\":\"https:\/\/schema.org\",\"@graph\":[{\"@type\":\"WebSite\",\"@id\":\"https:\/\/www.visit-ulcinj.com\/blog\/#website\",\"url\":\"https:\/\/www.visit-ulcinj.com\/blog\/\",\"name\":\"Lajme nga Ulqini\",\"description\":\"Lajme,Vijesti,Ulqini,Ulqin,Crna Gora,Mali i Zi\",\"potentialAction\":[{\"@type\":\"SearchAction\",\"target\":{\"@type\":\"EntryPoint\",\"urlTemplate\":\"https:\/\/www.visit-ulcinj.com\/blog\/?s={search_term_string}\"},\"query-input\":\"required name=search_term_string\"}],\"inLanguage\":\"en-US\"},{\"@type\":\"WebPage\",\"@id\":\"https:\/\/www.visit-ulcinj.com\/blog\/2012\/05\/16\/otrantkomerc-fiton-gjygjin-ndaj-komunes-se-ulqinit-dhe-150-000e\/#webpage\",\"url\":\"https:\/\/www.visit-ulcinj.com\/blog\/2012\/05\/16\/otrantkomerc-fiton-gjygjin-ndaj-komunes-se-ulqinit-dhe-150-000e\/\",\"name\":\"Otrantkomerc fiton gjygjin ndaj Komun\u00ebs s\u00eb Ulqinit dhe 150.000\u20ac - Lajme nga Ulqini\",\"isPartOf\":{\"@id\":\"https:\/\/www.visit-ulcinj.com\/blog\/#website\"},\"datePublished\":\"2012-05-16T16:41:13+00:00\",\"dateModified\":\"2012-05-18T15:23:24+00:00\",\"author\":{\"@id\":\"https:\/\/www.visit-ulcinj.com\/blog\/#\/schema\/person\/dcab619c614d3038751c63bc2aadc06d\"},\"description\":\"Konferenc\u00eb p\u00ebr media - Otrantkomerc T\u00eb nderuar qytetar\u00eb, E kam obligim t'ju njoftoi q\u00eb proceset gjyq\u00ebsore q\u00eb jan\u00eb duke u udhehequr kund\u00ebr Komun\u00ebs s\u00eb\",\"breadcrumb\":{\"@id\":\"https:\/\/www.visit-ulcinj.com\/blog\/2012\/05\/16\/otrantkomerc-fiton-gjygjin-ndaj-komunes-se-ulqinit-dhe-150-000e\/#breadcrumb\"},\"inLanguage\":\"en-US\",\"potentialAction\":[{\"@type\":\"ReadAction\",\"target\":[\"https:\/\/www.visit-ulcinj.com\/blog\/2012\/05\/16\/otrantkomerc-fiton-gjygjin-ndaj-komunes-se-ulqinit-dhe-150-000e\/\"]}]},{\"@type\":\"BreadcrumbList\",\"@id\":\"https:\/\/www.visit-ulcinj.com\/blog\/2012\/05\/16\/otrantkomerc-fiton-gjygjin-ndaj-komunes-se-ulqinit-dhe-150-000e\/#breadcrumb\",\"itemListElement\":[{\"@type\":\"ListItem\",\"position\":1,\"name\":\"Otrantkomerc fiton gjygjin ndaj Komun\u00ebs s\u00eb Ulqinit dhe 150.000\u20ac\"}]},{\"@type\":\"Person\",\"@id\":\"https:\/\/www.visit-ulcinj.com\/blog\/#\/schema\/person\/dcab619c614d3038751c63bc2aadc06d\",\"name\":\"ulqini\",\"sameAs\":[\"http:\/\/www.visit-ulcinj.com\"],\"url\":\"https:\/\/www.visit-ulcinj.com\/blog\/author\/admin\/\"}]}<\/script>\n<!-- \/ Yoast SEO plugin. -->","yoast_head_json":{"title":"Otrantkomerc fiton gjygjin ndaj Komun\u00ebs s\u00eb Ulqinit dhe 150.000\u20ac - Lajme nga Ulqini","description":"Konferenc\u00eb p\u00ebr media - Otrantkomerc T\u00eb nderuar qytetar\u00eb, E kam obligim t'ju njoftoi q\u00eb proceset gjyq\u00ebsore q\u00eb jan\u00eb duke u udhehequr kund\u00ebr Komun\u00ebs s\u00eb","robots":{"index":"index","follow":"follow","max-snippet":"max-snippet:-1","max-image-preview":"max-image-preview:large","max-video-preview":"max-video-preview:-1"},"canonical":"https:\/\/www.visit-ulcinj.com\/blog\/2012\/05\/16\/otrantkomerc-fiton-gjygjin-ndaj-komunes-se-ulqinit-dhe-150-000e\/","og_locale":"en_US","og_type":"article","og_title":"Otrantkomerc fiton gjygjin ndaj Komun\u00ebs s\u00eb Ulqinit dhe 150.000\u20ac - Lajme nga Ulqini","og_description":"Konferenc\u00eb p\u00ebr media - Otrantkomerc T\u00eb nderuar qytetar\u00eb, E kam obligim t'ju njoftoi q\u00eb proceset gjyq\u00ebsore q\u00eb jan\u00eb duke u udhehequr kund\u00ebr Komun\u00ebs s\u00eb","og_url":"https:\/\/www.visit-ulcinj.com\/blog\/2012\/05\/16\/otrantkomerc-fiton-gjygjin-ndaj-komunes-se-ulqinit-dhe-150-000e\/","og_site_name":"Lajme nga Ulqini","article_published_time":"2012-05-16T16:41:13+00:00","article_modified_time":"2012-05-18T15:23:24+00:00","twitter_misc":{"Written by":"ulqini","Est. reading time":"3 minutes"},"schema":{"@context":"https:\/\/schema.org","@graph":[{"@type":"WebSite","@id":"https:\/\/www.visit-ulcinj.com\/blog\/#website","url":"https:\/\/www.visit-ulcinj.com\/blog\/","name":"Lajme nga Ulqini","description":"Lajme,Vijesti,Ulqini,Ulqin,Crna Gora,Mali i Zi","potentialAction":[{"@type":"SearchAction","target":{"@type":"EntryPoint","urlTemplate":"https:\/\/www.visit-ulcinj.com\/blog\/?s={search_term_string}"},"query-input":"required name=search_term_string"}],"inLanguage":"en-US"},{"@type":"WebPage","@id":"https:\/\/www.visit-ulcinj.com\/blog\/2012\/05\/16\/otrantkomerc-fiton-gjygjin-ndaj-komunes-se-ulqinit-dhe-150-000e\/#webpage","url":"https:\/\/www.visit-ulcinj.com\/blog\/2012\/05\/16\/otrantkomerc-fiton-gjygjin-ndaj-komunes-se-ulqinit-dhe-150-000e\/","name":"Otrantkomerc fiton gjygjin ndaj Komun\u00ebs s\u00eb Ulqinit dhe 150.000\u20ac - Lajme nga Ulqini","isPartOf":{"@id":"https:\/\/www.visit-ulcinj.com\/blog\/#website"},"datePublished":"2012-05-16T16:41:13+00:00","dateModified":"2012-05-18T15:23:24+00:00","author":{"@id":"https:\/\/www.visit-ulcinj.com\/blog\/#\/schema\/person\/dcab619c614d3038751c63bc2aadc06d"},"description":"Konferenc\u00eb p\u00ebr media - Otrantkomerc T\u00eb nderuar qytetar\u00eb, E kam obligim t'ju njoftoi q\u00eb proceset gjyq\u00ebsore q\u00eb jan\u00eb duke u udhehequr kund\u00ebr Komun\u00ebs s\u00eb","breadcrumb":{"@id":"https:\/\/www.visit-ulcinj.com\/blog\/2012\/05\/16\/otrantkomerc-fiton-gjygjin-ndaj-komunes-se-ulqinit-dhe-150-000e\/#breadcrumb"},"inLanguage":"en-US","potentialAction":[{"@type":"ReadAction","target":["https:\/\/www.visit-ulcinj.com\/blog\/2012\/05\/16\/otrantkomerc-fiton-gjygjin-ndaj-komunes-se-ulqinit-dhe-150-000e\/"]}]},{"@type":"BreadcrumbList","@id":"https:\/\/www.visit-ulcinj.com\/blog\/2012\/05\/16\/otrantkomerc-fiton-gjygjin-ndaj-komunes-se-ulqinit-dhe-150-000e\/#breadcrumb","itemListElement":[{"@type":"ListItem","position":1,"name":"Otrantkomerc fiton gjygjin ndaj Komun\u00ebs s\u00eb Ulqinit dhe 150.000\u20ac"}]},{"@type":"Person","@id":"https:\/\/www.visit-ulcinj.com\/blog\/#\/schema\/person\/dcab619c614d3038751c63bc2aadc06d","name":"ulqini","sameAs":["http:\/\/www.visit-ulcinj.com"],"url":"https:\/\/www.visit-ulcinj.com\/blog\/author\/admin\/"}]}},"jetpack_featured_media_url":"","jetpack_sharing_enabled":true,"jetpack_shortlink":"https:\/\/wp.me\/pe6lTn-fJt","_links":{"self":[{"href":"https:\/\/www.visit-ulcinj.com\/blog\/wp-json\/wp\/v2\/posts\/60479"}],"collection":[{"href":"https:\/\/www.visit-ulcinj.com\/blog\/wp-json\/wp\/v2\/posts"}],"about":[{"href":"https:\/\/www.visit-ulcinj.com\/blog\/wp-json\/wp\/v2\/types\/post"}],"author":[{"embeddable":true,"href":"https:\/\/www.visit-ulcinj.com\/blog\/wp-json\/wp\/v2\/users\/1"}],"replies":[{"embeddable":true,"href":"https:\/\/www.visit-ulcinj.com\/blog\/wp-json\/wp\/v2\/comments?post=60479"}],"version-history":[{"count":2,"href":"https:\/\/www.visit-ulcinj.com\/blog\/wp-json\/wp\/v2\/posts\/60479\/revisions"}],"predecessor-version":[{"id":60564,"href":"https:\/\/www.visit-ulcinj.com\/blog\/wp-json\/wp\/v2\/posts\/60479\/revisions\/60564"}],"wp:attachment":[{"href":"https:\/\/www.visit-ulcinj.com\/blog\/wp-json\/wp\/v2\/media?parent=60479"}],"wp:term":[{"taxonomy":"category","embeddable":true,"href":"https:\/\/www.visit-ulcinj.com\/blog\/wp-json\/wp\/v2\/categories?post=60479"},{"taxonomy":"post_tag","embeddable":true,"href":"https:\/\/www.visit-ulcinj.com\/blog\/wp-json\/wp\/v2\/tags?post=60479"}],"curies":[{"name":"wp","href":"https:\/\/api.w.org\/{rel}","templated":true}]}}