{"id":6048,"date":"2008-11-15T10:46:35","date_gmt":"2008-11-15T15:46:35","guid":{"rendered":"http:\/\/www.visit-ulcinj.com\/blog\/?p=6048"},"modified":"2008-11-16T06:18:26","modified_gmt":"2008-11-16T11:18:26","slug":"mali-i-zi-kerkon-te-anetaresohet-ne-karten-e-adriatikut","status":"publish","type":"post","link":"https:\/\/www.visit-ulcinj.com\/blog\/2008\/11\/15\/mali-i-zi-kerkon-te-anetaresohet-ne-karten-e-adriatikut\/","title":{"rendered":"Mali i Zi k\u00ebrkon t\u00eb an\u00ebtar\u00ebsohet n\u00eb Kart\u00ebn e Adriatikut"},"content":{"rendered":"<p><a href=\"http:\/\/www.visit-ulcinj.com\/blog\/wp-content\/uploads\/2008\/11\/karta-e-adriatikut.jpg\"><img loading=\"lazy\" class=\"alignleft size-medium wp-image-6049\" title=\"karta-e-adriatikut\" src=\"http:\/\/www.visit-ulcinj.com\/blog\/wp-content\/uploads\/2008\/11\/karta-e-adriatikut-300x232.jpg\" alt=\"\" width=\"300\" height=\"232\" srcset=\"https:\/\/www.visit-ulcinj.com\/blog\/wp-content\/uploads\/2008\/11\/karta-e-adriatikut-300x232.jpg 300w, https:\/\/www.visit-ulcinj.com\/blog\/wp-content\/uploads\/2008\/11\/karta-e-adriatikut.jpg 514w\" sizes=\"(max-width: 300px) 100vw, 300px\" \/><\/a>Mali i Zi edhe zyrtarisht u ftua q\u00eb t\u00eb b\u00ebhet an\u00ebtare e plot\u00eb e Kart\u00ebs s\u00eb Adriatikut, ku b\u00ebjn\u00eb pjes\u00eb Maqedonia, Kroacia dhe Shqip\u00ebria.<br \/>\nFtes\u00ebn, ministrit t\u00eb Pun\u00ebve t\u00eb Jashtme t\u00eb Malit t\u00eb Zi,\u00a0 Millan Rogjen ia dor\u00ebzoi ambasadori i Maqedonis\u00eb n\u00eb Podgoric\u00eb, Stefan Nikollovski, n\u00eb em\u00ebr t\u00eb Maqedonis\u00eb e cila kryeson me Kart\u00ebn e Adriatikut. Ministri Rogjen duke i fal\u00ebnderuar p\u00ebr ftes\u00ebn e b\u00ebr\u00eb, tha se Mali i Zi me shkres\u00eb do t\u00eb v\u00ebrtetoj interesin p\u00ebr an\u00ebtar\u00ebsim n\u00eb Kart\u00ebn e Adriatikut. Shefi i diplomacis\u00eb malazeze shfryt\u00ebzoi rastin q\u00eb t&#8217;i fal\u00ebnderohet Maqedonis\u00eb p\u00ebr p\u00ebrkrahjen e dh\u00ebn\u00eb, q\u00eb paraqet edhe nj\u00eb d\u00ebshmi p\u00ebr marr\u00ebdh\u00ebniet e mira nd\u00ebrmjet k\u00ebtyre dy vendeve. Rogjen paralajm\u00ebroi se kryeministri malazez Millo Gjukanoviq do t&#8217;i b\u00ebj ftes\u00eb zyrtare homologut t\u00eb tij t\u00eb Maqedonis\u00eb, Nikolla Gruevski p\u00ebr ta vizituar Malin e Zi deri n\u00eb fund t\u00eb vitit.<br \/>\n<strong>ALSAT<\/strong><\/p>\n<!--YouTube Error: bad URL entered-->\n","protected":false},"excerpt":{"rendered":"<p>Mali i Zi edhe zyrtarisht u ftua q\u00eb t\u00eb b\u00ebhet an\u00ebtare e plot\u00eb e Kart\u00ebs s\u00eb Adriatikut, ku b\u00ebjn\u00eb pjes\u00eb Maqedonia, Kroacia dhe Shqip\u00ebria. Ftes\u00ebn, ministrit t\u00eb Pun\u00ebve t\u00eb Jashtme t\u00eb Malit t\u00eb Zi,\u00a0 Millan Rogjen ia dor\u00ebzoi ambasadori i Maqedonis\u00eb n\u00eb Podgoric\u00eb, Stefan Nikollovski, n\u00eb em\u00ebr t\u00eb Maqedonis\u00eb e cila kryeson me Kart\u00ebn e [&hellip;]<\/p>\n","protected":false},"author":1,"featured_media":0,"comment_status":"open","ping_status":"closed","sticky":false,"template":"","format":"standard","meta":{"spay_email":"","jetpack_publicize_message":"","jetpack_is_tweetstorm":false,"jetpack_publicize_feature_enabled":true},"categories":[6],"tags":[5030,95],"jetpack_publicize_connections":[],"yoast_head":"<!-- This site is optimized with the Yoast SEO plugin v19.1 - https:\/\/yoast.com\/wordpress\/plugins\/seo\/ -->\n<title>Mali i Zi k\u00ebrkon t\u00eb an\u00ebtar\u00ebsohet n\u00eb Kart\u00ebn e Adriatikut - Lajme nga Ulqini<\/title>\n<meta name=\"description\" content=\"Mali i Zi edhe zyrtarisht u ftua q\u00eb t\u00eb b\u00ebhet an\u00ebtare e plot\u00eb e Kart\u00ebs s\u00eb Adriatikut, ku b\u00ebjn\u00eb pjes\u00eb Maqedonia, Kroacia dhe Shqip\u00ebria. Ftes\u00ebn, ministrit t\u00eb\" \/>\n<meta name=\"robots\" content=\"index, follow, max-snippet:-1, max-image-preview:large, max-video-preview:-1\" \/>\n<link rel=\"canonical\" href=\"https:\/\/www.visit-ulcinj.com\/blog\/2008\/11\/15\/mali-i-zi-kerkon-te-anetaresohet-ne-karten-e-adriatikut\/\" \/>\n<meta property=\"og:locale\" content=\"en_US\" \/>\n<meta property=\"og:type\" content=\"article\" \/>\n<meta property=\"og:title\" content=\"Mali i Zi k\u00ebrkon t\u00eb an\u00ebtar\u00ebsohet n\u00eb Kart\u00ebn e Adriatikut - Lajme nga Ulqini\" \/>\n<meta property=\"og:description\" content=\"Mali i Zi edhe zyrtarisht u ftua q\u00eb t\u00eb b\u00ebhet an\u00ebtare e plot\u00eb e Kart\u00ebs s\u00eb Adriatikut, ku b\u00ebjn\u00eb pjes\u00eb Maqedonia, Kroacia dhe Shqip\u00ebria. Ftes\u00ebn, ministrit t\u00eb\" \/>\n<meta property=\"og:url\" content=\"https:\/\/www.visit-ulcinj.com\/blog\/2008\/11\/15\/mali-i-zi-kerkon-te-anetaresohet-ne-karten-e-adriatikut\/\" \/>\n<meta property=\"og:site_name\" content=\"Lajme nga Ulqini\" \/>\n<meta property=\"article:published_time\" content=\"2008-11-15T15:46:35+00:00\" \/>\n<meta property=\"article:modified_time\" content=\"2008-11-16T11:18:26+00:00\" \/>\n<meta property=\"og:image\" content=\"http:\/\/www.visit-ulcinj.com\/blog\/wp-content\/uploads\/2008\/11\/karta-e-adriatikut-300x232.jpg\" \/>\n<meta name=\"twitter:label1\" content=\"Written by\" \/>\n\t<meta name=\"twitter:data1\" content=\"ulqini\" \/>\n\t<meta name=\"twitter:label2\" content=\"Est. reading time\" \/>\n\t<meta name=\"twitter:data2\" content=\"1 minute\" \/>\n<script type=\"application\/ld+json\" class=\"yoast-schema-graph\">{\"@context\":\"https:\/\/schema.org\",\"@graph\":[{\"@type\":\"WebSite\",\"@id\":\"https:\/\/www.visit-ulcinj.com\/blog\/#website\",\"url\":\"https:\/\/www.visit-ulcinj.com\/blog\/\",\"name\":\"Lajme nga Ulqini\",\"description\":\"Lajme,Vijesti,Ulqini,Ulqin,Crna Gora,Mali i Zi\",\"potentialAction\":[{\"@type\":\"SearchAction\",\"target\":{\"@type\":\"EntryPoint\",\"urlTemplate\":\"https:\/\/www.visit-ulcinj.com\/blog\/?s={search_term_string}\"},\"query-input\":\"required name=search_term_string\"}],\"inLanguage\":\"en-US\"},{\"@type\":\"ImageObject\",\"inLanguage\":\"en-US\",\"@id\":\"https:\/\/www.visit-ulcinj.com\/blog\/2008\/11\/15\/mali-i-zi-kerkon-te-anetaresohet-ne-karten-e-adriatikut\/#primaryimage\",\"url\":\"http:\/\/www.visit-ulcinj.com\/blog\/wp-content\/uploads\/2008\/11\/karta-e-adriatikut-300x232.jpg\",\"contentUrl\":\"http:\/\/www.visit-ulcinj.com\/blog\/wp-content\/uploads\/2008\/11\/karta-e-adriatikut-300x232.jpg\"},{\"@type\":\"WebPage\",\"@id\":\"https:\/\/www.visit-ulcinj.com\/blog\/2008\/11\/15\/mali-i-zi-kerkon-te-anetaresohet-ne-karten-e-adriatikut\/#webpage\",\"url\":\"https:\/\/www.visit-ulcinj.com\/blog\/2008\/11\/15\/mali-i-zi-kerkon-te-anetaresohet-ne-karten-e-adriatikut\/\",\"name\":\"Mali i Zi k\u00ebrkon t\u00eb an\u00ebtar\u00ebsohet n\u00eb Kart\u00ebn e Adriatikut - Lajme nga Ulqini\",\"isPartOf\":{\"@id\":\"https:\/\/www.visit-ulcinj.com\/blog\/#website\"},\"primaryImageOfPage\":{\"@id\":\"https:\/\/www.visit-ulcinj.com\/blog\/2008\/11\/15\/mali-i-zi-kerkon-te-anetaresohet-ne-karten-e-adriatikut\/#primaryimage\"},\"datePublished\":\"2008-11-15T15:46:35+00:00\",\"dateModified\":\"2008-11-16T11:18:26+00:00\",\"author\":{\"@id\":\"https:\/\/www.visit-ulcinj.com\/blog\/#\/schema\/person\/dcab619c614d3038751c63bc2aadc06d\"},\"description\":\"Mali i Zi edhe zyrtarisht u ftua q\u00eb t\u00eb b\u00ebhet an\u00ebtare e plot\u00eb e Kart\u00ebs s\u00eb Adriatikut, ku b\u00ebjn\u00eb pjes\u00eb Maqedonia, Kroacia dhe Shqip\u00ebria. Ftes\u00ebn, ministrit t\u00eb\",\"breadcrumb\":{\"@id\":\"https:\/\/www.visit-ulcinj.com\/blog\/2008\/11\/15\/mali-i-zi-kerkon-te-anetaresohet-ne-karten-e-adriatikut\/#breadcrumb\"},\"inLanguage\":\"en-US\",\"potentialAction\":[{\"@type\":\"ReadAction\",\"target\":[\"https:\/\/www.visit-ulcinj.com\/blog\/2008\/11\/15\/mali-i-zi-kerkon-te-anetaresohet-ne-karten-e-adriatikut\/\"]}]},{\"@type\":\"BreadcrumbList\",\"@id\":\"https:\/\/www.visit-ulcinj.com\/blog\/2008\/11\/15\/mali-i-zi-kerkon-te-anetaresohet-ne-karten-e-adriatikut\/#breadcrumb\",\"itemListElement\":[{\"@type\":\"ListItem\",\"position\":1,\"name\":\"Mali i Zi k\u00ebrkon t\u00eb an\u00ebtar\u00ebsohet n\u00eb Kart\u00ebn e Adriatikut\"}]},{\"@type\":\"Person\",\"@id\":\"https:\/\/www.visit-ulcinj.com\/blog\/#\/schema\/person\/dcab619c614d3038751c63bc2aadc06d\",\"name\":\"ulqini\",\"sameAs\":[\"http:\/\/www.visit-ulcinj.com\"],\"url\":\"https:\/\/www.visit-ulcinj.com\/blog\/author\/admin\/\"}]}<\/script>\n<!-- \/ Yoast SEO plugin. -->","yoast_head_json":{"title":"Mali i Zi k\u00ebrkon t\u00eb an\u00ebtar\u00ebsohet n\u00eb Kart\u00ebn e Adriatikut - Lajme nga Ulqini","description":"Mali i Zi edhe zyrtarisht u ftua q\u00eb t\u00eb b\u00ebhet an\u00ebtare e plot\u00eb e Kart\u00ebs s\u00eb Adriatikut, ku b\u00ebjn\u00eb pjes\u00eb Maqedonia, Kroacia dhe Shqip\u00ebria. Ftes\u00ebn, ministrit t\u00eb","robots":{"index":"index","follow":"follow","max-snippet":"max-snippet:-1","max-image-preview":"max-image-preview:large","max-video-preview":"max-video-preview:-1"},"canonical":"https:\/\/www.visit-ulcinj.com\/blog\/2008\/11\/15\/mali-i-zi-kerkon-te-anetaresohet-ne-karten-e-adriatikut\/","og_locale":"en_US","og_type":"article","og_title":"Mali i Zi k\u00ebrkon t\u00eb an\u00ebtar\u00ebsohet n\u00eb Kart\u00ebn e Adriatikut - Lajme nga Ulqini","og_description":"Mali i Zi edhe zyrtarisht u ftua q\u00eb t\u00eb b\u00ebhet an\u00ebtare e plot\u00eb e Kart\u00ebs s\u00eb Adriatikut, ku b\u00ebjn\u00eb pjes\u00eb Maqedonia, Kroacia dhe Shqip\u00ebria. Ftes\u00ebn, ministrit t\u00eb","og_url":"https:\/\/www.visit-ulcinj.com\/blog\/2008\/11\/15\/mali-i-zi-kerkon-te-anetaresohet-ne-karten-e-adriatikut\/","og_site_name":"Lajme nga Ulqini","article_published_time":"2008-11-15T15:46:35+00:00","article_modified_time":"2008-11-16T11:18:26+00:00","og_image":[{"url":"http:\/\/www.visit-ulcinj.com\/blog\/wp-content\/uploads\/2008\/11\/karta-e-adriatikut-300x232.jpg"}],"twitter_misc":{"Written by":"ulqini","Est. reading time":"1 minute"},"schema":{"@context":"https:\/\/schema.org","@graph":[{"@type":"WebSite","@id":"https:\/\/www.visit-ulcinj.com\/blog\/#website","url":"https:\/\/www.visit-ulcinj.com\/blog\/","name":"Lajme nga Ulqini","description":"Lajme,Vijesti,Ulqini,Ulqin,Crna Gora,Mali i Zi","potentialAction":[{"@type":"SearchAction","target":{"@type":"EntryPoint","urlTemplate":"https:\/\/www.visit-ulcinj.com\/blog\/?s={search_term_string}"},"query-input":"required name=search_term_string"}],"inLanguage":"en-US"},{"@type":"ImageObject","inLanguage":"en-US","@id":"https:\/\/www.visit-ulcinj.com\/blog\/2008\/11\/15\/mali-i-zi-kerkon-te-anetaresohet-ne-karten-e-adriatikut\/#primaryimage","url":"http:\/\/www.visit-ulcinj.com\/blog\/wp-content\/uploads\/2008\/11\/karta-e-adriatikut-300x232.jpg","contentUrl":"http:\/\/www.visit-ulcinj.com\/blog\/wp-content\/uploads\/2008\/11\/karta-e-adriatikut-300x232.jpg"},{"@type":"WebPage","@id":"https:\/\/www.visit-ulcinj.com\/blog\/2008\/11\/15\/mali-i-zi-kerkon-te-anetaresohet-ne-karten-e-adriatikut\/#webpage","url":"https:\/\/www.visit-ulcinj.com\/blog\/2008\/11\/15\/mali-i-zi-kerkon-te-anetaresohet-ne-karten-e-adriatikut\/","name":"Mali i Zi k\u00ebrkon t\u00eb an\u00ebtar\u00ebsohet n\u00eb Kart\u00ebn e Adriatikut - Lajme nga Ulqini","isPartOf":{"@id":"https:\/\/www.visit-ulcinj.com\/blog\/#website"},"primaryImageOfPage":{"@id":"https:\/\/www.visit-ulcinj.com\/blog\/2008\/11\/15\/mali-i-zi-kerkon-te-anetaresohet-ne-karten-e-adriatikut\/#primaryimage"},"datePublished":"2008-11-15T15:46:35+00:00","dateModified":"2008-11-16T11:18:26+00:00","author":{"@id":"https:\/\/www.visit-ulcinj.com\/blog\/#\/schema\/person\/dcab619c614d3038751c63bc2aadc06d"},"description":"Mali i Zi edhe zyrtarisht u ftua q\u00eb t\u00eb b\u00ebhet an\u00ebtare e plot\u00eb e Kart\u00ebs s\u00eb Adriatikut, ku b\u00ebjn\u00eb pjes\u00eb Maqedonia, Kroacia dhe Shqip\u00ebria. Ftes\u00ebn, ministrit t\u00eb","breadcrumb":{"@id":"https:\/\/www.visit-ulcinj.com\/blog\/2008\/11\/15\/mali-i-zi-kerkon-te-anetaresohet-ne-karten-e-adriatikut\/#breadcrumb"},"inLanguage":"en-US","potentialAction":[{"@type":"ReadAction","target":["https:\/\/www.visit-ulcinj.com\/blog\/2008\/11\/15\/mali-i-zi-kerkon-te-anetaresohet-ne-karten-e-adriatikut\/"]}]},{"@type":"BreadcrumbList","@id":"https:\/\/www.visit-ulcinj.com\/blog\/2008\/11\/15\/mali-i-zi-kerkon-te-anetaresohet-ne-karten-e-adriatikut\/#breadcrumb","itemListElement":[{"@type":"ListItem","position":1,"name":"Mali i Zi k\u00ebrkon t\u00eb an\u00ebtar\u00ebsohet n\u00eb Kart\u00ebn e Adriatikut"}]},{"@type":"Person","@id":"https:\/\/www.visit-ulcinj.com\/blog\/#\/schema\/person\/dcab619c614d3038751c63bc2aadc06d","name":"ulqini","sameAs":["http:\/\/www.visit-ulcinj.com"],"url":"https:\/\/www.visit-ulcinj.com\/blog\/author\/admin\/"}]}},"jetpack_featured_media_url":"","jetpack_sharing_enabled":true,"jetpack_shortlink":"https:\/\/wp.me\/pe6lTn-1zy","_links":{"self":[{"href":"https:\/\/www.visit-ulcinj.com\/blog\/wp-json\/wp\/v2\/posts\/6048"}],"collection":[{"href":"https:\/\/www.visit-ulcinj.com\/blog\/wp-json\/wp\/v2\/posts"}],"about":[{"href":"https:\/\/www.visit-ulcinj.com\/blog\/wp-json\/wp\/v2\/types\/post"}],"author":[{"embeddable":true,"href":"https:\/\/www.visit-ulcinj.com\/blog\/wp-json\/wp\/v2\/users\/1"}],"replies":[{"embeddable":true,"href":"https:\/\/www.visit-ulcinj.com\/blog\/wp-json\/wp\/v2\/comments?post=6048"}],"version-history":[{"count":0,"href":"https:\/\/www.visit-ulcinj.com\/blog\/wp-json\/wp\/v2\/posts\/6048\/revisions"}],"wp:attachment":[{"href":"https:\/\/www.visit-ulcinj.com\/blog\/wp-json\/wp\/v2\/media?parent=6048"}],"wp:term":[{"taxonomy":"category","embeddable":true,"href":"https:\/\/www.visit-ulcinj.com\/blog\/wp-json\/wp\/v2\/categories?post=6048"},{"taxonomy":"post_tag","embeddable":true,"href":"https:\/\/www.visit-ulcinj.com\/blog\/wp-json\/wp\/v2\/tags?post=6048"}],"curies":[{"name":"wp","href":"https:\/\/api.w.org\/{rel}","templated":true}]}}