{"id":60492,"date":"2012-05-16T18:10:51","date_gmt":"2012-05-16T17:10:51","guid":{"rendered":"http:\/\/www.visit-ulcinj.com\/blog\/?p=60492"},"modified":"2012-05-16T18:10:51","modified_gmt":"2012-05-16T17:10:51","slug":"zbog-otrantkomerca-opstina-ulcinj-gubi-150-000e","status":"publish","type":"post","link":"https:\/\/www.visit-ulcinj.com\/blog\/2012\/05\/16\/zbog-otrantkomerca-opstina-ulcinj-gubi-150-000e\/","title":{"rendered":"Zbog Otrantkomerca Op\u0161tina Ulcinj gubi 150.000\u20ac"},"content":{"rendered":"<p><a href=\"http:\/\/www.visit-ulcinj.com\/blog\/wp-content\/uploads\/2012\/05\/Zbog-Otrantkomerca-Opstina-Ulcinj-gubi-150.000\u20ac.jpg\"><img loading=\"lazy\" class=\"alignleft  wp-image-60493\" title=\"Zbog Otrantkomerca Opstina Ulcinj gubi 150.000\u20ac\" src=\"http:\/\/www.visit-ulcinj.com\/blog\/wp-content\/uploads\/2012\/05\/Zbog-Otrantkomerca-Opstina-Ulcinj-gubi-150.000\u20ac.jpg\" alt=\"\" width=\"508\" height=\"360\" \/><\/a>Postovani gradjani,<\/p>\n<p>Imam obavezu da vas obavjestim da ce sudski procesi, koji se vode protiv Op\u0161tine Ulcinj i dalje negativno uticati na stanje bud\u017eeta a time i zaustaviti ubrzani trend izlaska iz krize.<\/p>\n<p>Najnoviji slucaj preduzeca \u201eOtrantkomerc&#8221;, koji je pokrenut 1999 god. i koji je okoncan na teret Op\u0161tine Ulcinj odnosi se na eksproprijaciju objekta povr\u0161ine od 110 m2.<\/p>\n<p>Odlukom suda odredjena je obaveza op\u0161tine Ulcinj prema preduzecu \u201eOtrantkomerc&#8221; u iznosu od 252.167,oo EUR-a, \u0161to znaci da je za 1m2 objekta odredjena naknada u iznosu od skoro 2.300 EUR-a. Sud nije odgovorio na zahtjev zastupnika op\u0161tine Ulcinj da se preispita iznos naknade i da se u skladu sa stavom Vrhovnog suda Crne Gore od 09.12.2000.godine, preracunavanje dinarskog potra\u017eivanja u DEM povjeri Centralnoj banci Crne Gore, a ne anga\u017eovanom vje\u0161taku cime je ucinjena bitna povreda pravila postupka.<\/p>\n<p><a href=\"http:\/\/www.visit-ulcinj.com\/blog\/wp-content\/uploads\/2012\/05\/Zbog-Otrantkomerca-Opstina-Ulcinj-gubi-150.000\u20ac.1.jpg\"><img loading=\"lazy\" class=\"alignleft  wp-image-60495\" title=\"Zbog Otrantkomerca Opstina Ulcinj gubi 150.000\u20ac.1\" src=\"http:\/\/www.visit-ulcinj.com\/blog\/wp-content\/uploads\/2012\/05\/Zbog-Otrantkomerca-Opstina-Ulcinj-gubi-150.000\u20ac.1.jpg\" alt=\"\" width=\"508\" height=\"300\" \/><\/a><\/p>\n<p>&nbsp;<\/p>\n<p>Dakle,zakljucak suda o izvr\u0161enju je postao pravosna\u017ean, i dana 11.05.2012.godine Centralna Banka je aktivirala zabranu i sa racuna Op\u0161tine Ulcinj skinula iznos od oko 150.000,00 eura, a ostaje jo\u0161 iznos od oko 100.000,00 eura, za skidanje po aktiviranoj zabrani.<\/p>\n<p>Isticemo takodje, da je dana 27.04.2012. godine odr\u017ean sastanak sa predstavnicima preduzeca &#8220;Otrantkomerc&#8221;, i da je dogovoreno da se na odredjeno vrijeme odlo\u017ei aktiviranje zabrane kod Centralne banke, i da se u medjuvremenu, vode\u0107i racuna o zakonskim procedurama, rje\u0161enje pronadje u kompenzaciji njihovog potra\u017eivanja, sa dijelom zemlji\u0161ta kod Male Pla\u017ee, koje je u vlasni\u0161tvu op\u0161tine Ulcinj, a na kojem &#8220;Otrantkomerc&#8221; posjeduje privremeni objekat.<\/p>\n<p>Medjutim predstavnici &#8220;Otrantkomerca&#8221; nisu ispo\u0161tovali dogovor, tako da je dana 11.05.2012. godine Centralna banka aktivirala zabranu, i skinula pomenuti iznos, koji je bio planiran za isplatu zarada radnicima op\u0161tine Ulcinj i javnih produze\u0107a.<\/p>\n<p>Op\u0161tina Ulcinj u saradnji sa Ministarstvom finansija, preduzima mjere da se iznadje rje\u0161enje i izadje iz novonastale situacije. Istovremeno preduzimamo sva pravna sredstva, kako bi ispravili ovu nepravdu i gre\u0161ku suda ucinjenu na \u0161tetu Op\u0161tine Ulcinj.<\/p>\n<p>Ulcinj,16.05.2012 Nazif Cungu<\/p>\n<p>Op\u0161tina Ulcinj<\/p>\n","protected":false},"excerpt":{"rendered":"<p>Postovani gradjani, Imam obavezu da vas obavjestim da ce sudski procesi, koji se vode protiv Op\u0161tine Ulcinj i dalje negativno uticati na stanje bud\u017eeta a time i zaustaviti ubrzani trend izlaska iz krize. Najnoviji slucaj preduzeca \u201eOtrantkomerc&#8221;, koji je pokrenut 1999 god. i koji je okoncan na teret Op\u0161tine Ulcinj odnosi se na eksproprijaciju objekta [&hellip;]<\/p>\n","protected":false},"author":1,"featured_media":0,"comment_status":"open","ping_status":"closed","sticky":false,"template":"","format":"standard","meta":{"spay_email":"","jetpack_publicize_message":"","jetpack_is_tweetstorm":false,"jetpack_publicize_feature_enabled":true},"categories":[8337],"tags":[264,10105],"jetpack_publicize_connections":[],"yoast_head":"<!-- This site is optimized with the Yoast SEO plugin v19.1 - https:\/\/yoast.com\/wordpress\/plugins\/seo\/ -->\n<title>Zbog Otrantkomerca Op\u0161tina Ulcinj gubi 150.000\u20ac - Lajme nga Ulqini<\/title>\n<meta name=\"description\" content=\"Postovani gradjani, Imam obavezu da vas obavjestim da ce sudski procesi, koji se vode protiv Op\u0161tine Ulcinj i dalje negativno uticati na stanje bud\u017eeta a\" \/>\n<meta name=\"robots\" content=\"index, follow, max-snippet:-1, max-image-preview:large, max-video-preview:-1\" \/>\n<link rel=\"canonical\" href=\"https:\/\/www.visit-ulcinj.com\/blog\/2012\/05\/16\/zbog-otrantkomerca-opstina-ulcinj-gubi-150-000e\/\" \/>\n<meta property=\"og:locale\" content=\"en_US\" \/>\n<meta property=\"og:type\" content=\"article\" \/>\n<meta property=\"og:title\" content=\"Zbog Otrantkomerca Op\u0161tina Ulcinj gubi 150.000\u20ac - Lajme nga Ulqini\" \/>\n<meta property=\"og:description\" content=\"Postovani gradjani, Imam obavezu da vas obavjestim da ce sudski procesi, koji se vode protiv Op\u0161tine Ulcinj i dalje negativno uticati na stanje bud\u017eeta a\" \/>\n<meta property=\"og:url\" content=\"https:\/\/www.visit-ulcinj.com\/blog\/2012\/05\/16\/zbog-otrantkomerca-opstina-ulcinj-gubi-150-000e\/\" \/>\n<meta property=\"og:site_name\" content=\"Lajme nga Ulqini\" \/>\n<meta property=\"article:published_time\" content=\"2012-05-16T17:10:51+00:00\" \/>\n<meta name=\"twitter:label1\" content=\"Written by\" \/>\n\t<meta name=\"twitter:data1\" content=\"ulqini\" \/>\n\t<meta name=\"twitter:label2\" content=\"Est. reading time\" \/>\n\t<meta name=\"twitter:data2\" content=\"2 minutes\" \/>\n<script type=\"application\/ld+json\" class=\"yoast-schema-graph\">{\"@context\":\"https:\/\/schema.org\",\"@graph\":[{\"@type\":\"WebSite\",\"@id\":\"https:\/\/www.visit-ulcinj.com\/blog\/#website\",\"url\":\"https:\/\/www.visit-ulcinj.com\/blog\/\",\"name\":\"Lajme nga Ulqini\",\"description\":\"Lajme,Vijesti,Ulqini,Ulqin,Crna Gora,Mali i Zi\",\"potentialAction\":[{\"@type\":\"SearchAction\",\"target\":{\"@type\":\"EntryPoint\",\"urlTemplate\":\"https:\/\/www.visit-ulcinj.com\/blog\/?s={search_term_string}\"},\"query-input\":\"required name=search_term_string\"}],\"inLanguage\":\"en-US\"},{\"@type\":\"WebPage\",\"@id\":\"https:\/\/www.visit-ulcinj.com\/blog\/2012\/05\/16\/zbog-otrantkomerca-opstina-ulcinj-gubi-150-000e\/#webpage\",\"url\":\"https:\/\/www.visit-ulcinj.com\/blog\/2012\/05\/16\/zbog-otrantkomerca-opstina-ulcinj-gubi-150-000e\/\",\"name\":\"Zbog Otrantkomerca Op\u0161tina Ulcinj gubi 150.000\u20ac - Lajme nga Ulqini\",\"isPartOf\":{\"@id\":\"https:\/\/www.visit-ulcinj.com\/blog\/#website\"},\"datePublished\":\"2012-05-16T17:10:51+00:00\",\"dateModified\":\"2012-05-16T17:10:51+00:00\",\"author\":{\"@id\":\"https:\/\/www.visit-ulcinj.com\/blog\/#\/schema\/person\/dcab619c614d3038751c63bc2aadc06d\"},\"description\":\"Postovani gradjani, Imam obavezu da vas obavjestim da ce sudski procesi, koji se vode protiv Op\u0161tine Ulcinj i dalje negativno uticati na stanje bud\u017eeta a\",\"breadcrumb\":{\"@id\":\"https:\/\/www.visit-ulcinj.com\/blog\/2012\/05\/16\/zbog-otrantkomerca-opstina-ulcinj-gubi-150-000e\/#breadcrumb\"},\"inLanguage\":\"en-US\",\"potentialAction\":[{\"@type\":\"ReadAction\",\"target\":[\"https:\/\/www.visit-ulcinj.com\/blog\/2012\/05\/16\/zbog-otrantkomerca-opstina-ulcinj-gubi-150-000e\/\"]}]},{\"@type\":\"BreadcrumbList\",\"@id\":\"https:\/\/www.visit-ulcinj.com\/blog\/2012\/05\/16\/zbog-otrantkomerca-opstina-ulcinj-gubi-150-000e\/#breadcrumb\",\"itemListElement\":[{\"@type\":\"ListItem\",\"position\":1,\"name\":\"Zbog Otrantkomerca Op\u0161tina Ulcinj gubi 150.000\u20ac\"}]},{\"@type\":\"Person\",\"@id\":\"https:\/\/www.visit-ulcinj.com\/blog\/#\/schema\/person\/dcab619c614d3038751c63bc2aadc06d\",\"name\":\"ulqini\",\"sameAs\":[\"http:\/\/www.visit-ulcinj.com\"],\"url\":\"https:\/\/www.visit-ulcinj.com\/blog\/author\/admin\/\"}]}<\/script>\n<!-- \/ Yoast SEO plugin. -->","yoast_head_json":{"title":"Zbog Otrantkomerca Op\u0161tina Ulcinj gubi 150.000\u20ac - Lajme nga Ulqini","description":"Postovani gradjani, Imam obavezu da vas obavjestim da ce sudski procesi, koji se vode protiv Op\u0161tine Ulcinj i dalje negativno uticati na stanje bud\u017eeta a","robots":{"index":"index","follow":"follow","max-snippet":"max-snippet:-1","max-image-preview":"max-image-preview:large","max-video-preview":"max-video-preview:-1"},"canonical":"https:\/\/www.visit-ulcinj.com\/blog\/2012\/05\/16\/zbog-otrantkomerca-opstina-ulcinj-gubi-150-000e\/","og_locale":"en_US","og_type":"article","og_title":"Zbog Otrantkomerca Op\u0161tina Ulcinj gubi 150.000\u20ac - Lajme nga Ulqini","og_description":"Postovani gradjani, Imam obavezu da vas obavjestim da ce sudski procesi, koji se vode protiv Op\u0161tine Ulcinj i dalje negativno uticati na stanje bud\u017eeta a","og_url":"https:\/\/www.visit-ulcinj.com\/blog\/2012\/05\/16\/zbog-otrantkomerca-opstina-ulcinj-gubi-150-000e\/","og_site_name":"Lajme nga Ulqini","article_published_time":"2012-05-16T17:10:51+00:00","twitter_misc":{"Written by":"ulqini","Est. reading time":"2 minutes"},"schema":{"@context":"https:\/\/schema.org","@graph":[{"@type":"WebSite","@id":"https:\/\/www.visit-ulcinj.com\/blog\/#website","url":"https:\/\/www.visit-ulcinj.com\/blog\/","name":"Lajme nga Ulqini","description":"Lajme,Vijesti,Ulqini,Ulqin,Crna Gora,Mali i Zi","potentialAction":[{"@type":"SearchAction","target":{"@type":"EntryPoint","urlTemplate":"https:\/\/www.visit-ulcinj.com\/blog\/?s={search_term_string}"},"query-input":"required name=search_term_string"}],"inLanguage":"en-US"},{"@type":"WebPage","@id":"https:\/\/www.visit-ulcinj.com\/blog\/2012\/05\/16\/zbog-otrantkomerca-opstina-ulcinj-gubi-150-000e\/#webpage","url":"https:\/\/www.visit-ulcinj.com\/blog\/2012\/05\/16\/zbog-otrantkomerca-opstina-ulcinj-gubi-150-000e\/","name":"Zbog Otrantkomerca Op\u0161tina Ulcinj gubi 150.000\u20ac - Lajme nga Ulqini","isPartOf":{"@id":"https:\/\/www.visit-ulcinj.com\/blog\/#website"},"datePublished":"2012-05-16T17:10:51+00:00","dateModified":"2012-05-16T17:10:51+00:00","author":{"@id":"https:\/\/www.visit-ulcinj.com\/blog\/#\/schema\/person\/dcab619c614d3038751c63bc2aadc06d"},"description":"Postovani gradjani, Imam obavezu da vas obavjestim da ce sudski procesi, koji se vode protiv Op\u0161tine Ulcinj i dalje negativno uticati na stanje bud\u017eeta a","breadcrumb":{"@id":"https:\/\/www.visit-ulcinj.com\/blog\/2012\/05\/16\/zbog-otrantkomerca-opstina-ulcinj-gubi-150-000e\/#breadcrumb"},"inLanguage":"en-US","potentialAction":[{"@type":"ReadAction","target":["https:\/\/www.visit-ulcinj.com\/blog\/2012\/05\/16\/zbog-otrantkomerca-opstina-ulcinj-gubi-150-000e\/"]}]},{"@type":"BreadcrumbList","@id":"https:\/\/www.visit-ulcinj.com\/blog\/2012\/05\/16\/zbog-otrantkomerca-opstina-ulcinj-gubi-150-000e\/#breadcrumb","itemListElement":[{"@type":"ListItem","position":1,"name":"Zbog Otrantkomerca Op\u0161tina Ulcinj gubi 150.000\u20ac"}]},{"@type":"Person","@id":"https:\/\/www.visit-ulcinj.com\/blog\/#\/schema\/person\/dcab619c614d3038751c63bc2aadc06d","name":"ulqini","sameAs":["http:\/\/www.visit-ulcinj.com"],"url":"https:\/\/www.visit-ulcinj.com\/blog\/author\/admin\/"}]}},"jetpack_featured_media_url":"","jetpack_sharing_enabled":true,"jetpack_shortlink":"https:\/\/wp.me\/pe6lTn-fJG","_links":{"self":[{"href":"https:\/\/www.visit-ulcinj.com\/blog\/wp-json\/wp\/v2\/posts\/60492"}],"collection":[{"href":"https:\/\/www.visit-ulcinj.com\/blog\/wp-json\/wp\/v2\/posts"}],"about":[{"href":"https:\/\/www.visit-ulcinj.com\/blog\/wp-json\/wp\/v2\/types\/post"}],"author":[{"embeddable":true,"href":"https:\/\/www.visit-ulcinj.com\/blog\/wp-json\/wp\/v2\/users\/1"}],"replies":[{"embeddable":true,"href":"https:\/\/www.visit-ulcinj.com\/blog\/wp-json\/wp\/v2\/comments?post=60492"}],"version-history":[{"count":1,"href":"https:\/\/www.visit-ulcinj.com\/blog\/wp-json\/wp\/v2\/posts\/60492\/revisions"}],"predecessor-version":[{"id":60496,"href":"https:\/\/www.visit-ulcinj.com\/blog\/wp-json\/wp\/v2\/posts\/60492\/revisions\/60496"}],"wp:attachment":[{"href":"https:\/\/www.visit-ulcinj.com\/blog\/wp-json\/wp\/v2\/media?parent=60492"}],"wp:term":[{"taxonomy":"category","embeddable":true,"href":"https:\/\/www.visit-ulcinj.com\/blog\/wp-json\/wp\/v2\/categories?post=60492"},{"taxonomy":"post_tag","embeddable":true,"href":"https:\/\/www.visit-ulcinj.com\/blog\/wp-json\/wp\/v2\/tags?post=60492"}],"curies":[{"name":"wp","href":"https:\/\/api.w.org\/{rel}","templated":true}]}}