{"id":60559,"date":"2012-05-18T16:21:49","date_gmt":"2012-05-18T15:21:49","guid":{"rendered":"http:\/\/www.visit-ulcinj.com\/blog\/?p=60559"},"modified":"2012-05-20T08:27:28","modified_gmt":"2012-05-20T07:27:28","slug":"ulqiniaket-ne-pritje-te-sezonit-te-ri-turistik","status":"publish","type":"post","link":"https:\/\/www.visit-ulcinj.com\/blog\/2012\/05\/18\/ulqiniaket-ne-pritje-te-sezonit-te-ri-turistik\/","title":{"rendered":"Ulqiniak\u00ebt ne pritje te sezonit te ri turistik"},"content":{"rendered":"<p><strong><a href=\"http:\/\/www.visit-ulcinj.com\/blog\/wp-content\/uploads\/2012\/05\/VIZITA-E-MINISTRIT-TE-TURIZMIT-SEKULICKOMUNES-SE-ULQINIT.jpg\"><img loading=\"lazy\" class=\"alignleft  wp-image-60560\" title=\"VIZITA E MINISTRIT TE TURIZMIT SEKULIC,KOMUNES SE ULQINIT\" src=\"http:\/\/www.visit-ulcinj.com\/blog\/wp-content\/uploads\/2012\/05\/VIZITA-E-MINISTRIT-TE-TURIZMIT-SEKULICKOMUNES-SE-ULQINIT.jpg\" alt=\"\" width=\"508\" height=\"360\" \/><\/a>Ulqiniak\u00ebt p\u00ebrgatiten p\u00ebr turiz\u00ebm<\/strong><\/p>\n<p>Jo vet\u00ebm institucionet, por edhe hotelet, plazhet\u00a0 restorantet e individ\u00ebt kan\u00eb nisur me p\u00ebrgatitje adekuate p\u00ebr realizmin e nj\u00eb sezone m\u00eb t\u00eb suksesshme turistike n\u00eb Ulqin. Shiu paksa ka penguar\u00a0dhe thuajse se ka ndalur pak\u00a0 ecjen normale t\u00eb punimeve. Edhe ministri i Turizmit t\u00eb Malit t\u00eb Zi, Predrag Sekuliq, ka vizituar Komun\u00ebn e Ulqinit ku \u00ebsht\u00eb informuar nga kryetari Nazif Cungu, rreth p\u00ebrgatitjeve p\u00ebr k\u00ebt\u00eb ver\u00eb.<\/p>\n<p><strong>Rrezart Mavriqi,<\/strong> pronar i agjencionit Argos, e cila ka me qira hotelin\u00a0 luksoz me kat\u00ebr\u00a0 yje\u00a0 n\u00eb Ulqin, tregon se kan\u00eb b\u00ebr\u00eb p\u00ebrgatitjet e duhura p\u00ebr\u00a0 realizmin e nj\u00eb sezone turistike.\u00a0 Ai tregon se kan\u00eb b\u00ebr\u00eb investime t\u00eb m\u00ebdha\u00a0 n\u00eb m\u00ebnyr\u00eb q\u00eb klient\u00ebt e juaj t\u00eb ken\u00eb kushte sa m\u00eb t\u00eb mira dhe t\u00eb cil\u00ebsis\u00eb s\u00eb lart\u00eb. Po ashtu edhe cil\u00ebsia n\u00eb sh\u00ebrbime \u00ebsht\u00eb n\u00eb nivelin m\u00eb t\u00eb lart\u00eb t\u00eb mundsh\u00ebm.<br \/>\n<a href=\"http:\/\/www.visit-ulcinj.com\/blog\/wp-content\/uploads\/2012\/05\/HOTEL-OTRANT-ULQIN.jpg\"><img loading=\"lazy\" class=\"alignleft  wp-image-60561\" title=\"HOTEL OTRANT ULQIN\" src=\"http:\/\/www.visit-ulcinj.com\/blog\/wp-content\/uploads\/2012\/05\/HOTEL-OTRANT-ULQIN.jpg\" alt=\"\" width=\"508\" height=\"300\" \/><\/a><\/p>\n<p>Ai tregon se Hoteli Otrant \u00a0ka kapacitete 134 dhoma me rreth tre qind shtret\u00ebr.<\/p>\n<p>\u201cPresim q\u00eb sivjet t\u00eb kemi nj\u00eb sezone turistike shum\u00eb m\u00eb t\u00eb mir\u00eb se n\u00eb t\u00eb kaluar\u00ebn, Kemi realizuar nj\u00eb varg kontratash me agjencione nga shtete t\u00eb ndryshme\u201d, tha\u00a0Rrezart Mavriqi.\u00a0Ai shpreson se num\u00ebr i madh i turist\u00ebve t\u00eb vijn\u00eb edhe nga Kosova. Tashm\u00eb ka kushte t\u00eb shk\u00eblqyera akomodimi, sh\u00ebrbime cil\u00ebsore dhe ushqim t\u00eb cil\u00ebsis\u00eb s\u00eb lart\u00eb.<\/p>\n<p>\u201c\u00c7mimet jan\u00eb m\u00eb t\u00eb ul\u00ebta n\u00eb krahasim me vitet e kaluara dhe sa i p\u00ebrket turist\u00ebve nga Kosova u premtoj atyre se \u00e7mimet jan\u00eb m\u00eb t\u00eb lira se n\u00eb shum\u00eb hotele t\u00eb Kosov\u00ebs\u201d, thot\u00eb Rrezarti. Ai tregon se \u00e7mimet jan\u00eb nga 25 deri n\u00eb 50 euro p\u00ebr person gjat\u00eb k\u00ebsaj vere duke llogaritur edhe ushqimin dhe kjo tregon\u00a0 se jan\u00eb m\u00eb t\u00eb lira se n\u00eb hotelet e Kosov\u00ebs, e derisa\u00a0 kushtet dhe cil\u00ebsia k\u00ebtu tek ne \u00ebsht\u00eb e nivelit shum\u00eb t\u00eb lart\u00eb. Pos k\u00ebtyre\u00a0 vetive t\u00eb mrekullueshme. Hotel Otrant,\u00a0 ofron edhe shum\u00eb t\u00eb mira tjera, sepse hoteli gjendet buz\u00eb plazhit t\u00eb madh, ku dhe ka edhe pishin\u00ebn\u00a0e vetmja e till\u00eb e k\u00ebtij lloji.<\/p>\n<p><strong>Nazif Cugnu, <\/strong>kryetar i Komun\u00ebs s\u00eb Ulqinit, tha se kan\u00eb b\u00ebr\u00eb investime t\u00eb nevojshme p\u00ebr realizmin e projekteve madhore dhe t\u00eb cila do t\u00eb ndikojn\u00eb n\u00eb p\u00ebrmir\u00ebsimin e kushteve p\u00ebr turist\u00ebt.\u00a0 Kryetari tregoi p\u00ebr projektin e nd\u00ebrtimit dhe zgjerimit t\u00eb rrug\u00ebs nga pik\u00eb kalimi kufitar Sukobin drejt Ulqinit ku mbi gjasht\u00eb kilometra do t\u00eb asfaltohen s\u00eb shpejti, po ashtu edhe nd\u00ebrtimi i Ur\u00ebs mbi Porto Milen pritet t\u00eb kryhet kah fundi i qershorit.\u00a0 Kryetari tregoi edhe p\u00ebr shum\u00eb pun\u00eb t\u00eb mira q\u00eb jan\u00eb b\u00ebr\u00eb dhe t\u00eb cilat do t\u00eb ndikojn\u00eb pozitivisht tek turist\u00ebt.<\/p>\n<p><strong>Predrag Sekuliq, <\/strong>minist\u00ebr i Turizmit t\u00eb Malit t\u00eb Zi, gjat\u00eb vizit\u00ebs q\u00eb i ka b\u00ebr\u00eb Ulqinit, tha se kan\u00eb b\u00ebr\u00eb p\u00ebrgatitjet adekuate\u00a0t\u00eb sezonit turistike. I pyetur\u00a0 nga agjencia e lajmeve \u201cKosova Info\u201d rreth leht\u00ebsirave q\u00eb kan\u00eb krijuar p\u00ebr turist\u00ebt nga Kosova, Ai i p\u00ebrgjigj se turist\u00ebt e Kosov\u00ebs\u00a0 vijn\u00eb n\u00eb mas\u00eb t\u00eb madh e n\u00eb Mali t\u00eb Zi dhe jan\u00eb munduar t\u00eb trajtojn\u00eb\u00a0 n\u00eb m\u00ebnyr\u00eb m\u00eb t\u00eb mir\u00eb me leht\u00ebsira. \u201cSivjet kemi kushte\u00a0 n\u00eb pik\u00eb kalimet kufitare\u00a0 nga hyjn\u00eb turist\u00ebt nga Kosova dhe trajtimi i tyre do t\u00eb jet\u00eb n\u00eb m\u00ebnyr\u00eb\u00a0 sa m\u00eb t\u00eb shpejt dhe nuk do t\u00eb lejohet krijimi i kolonave dhe radh\u00ebve n\u00eb pik\u00eb kalime dhe do t\u00eb reduktohen procedurat, pritjet do t\u00eb minimizohen.<br \/>\n<a href=\"http:\/\/www.visit-ulcinj.com\/blog\/wp-content\/uploads\/2012\/05\/Minir-Karamanaga-drejtor-i-Organizat\u00ebs-Turistike-t\u00eb-Ulqinit.jpg\"><img loading=\"lazy\" class=\"alignleft  wp-image-60562\" title=\"Minir Karamanaga, drejtor i Organizat\u00ebs Turistike t\u00eb Ulqinit\" src=\"http:\/\/www.visit-ulcinj.com\/blog\/wp-content\/uploads\/2012\/05\/Minir-Karamanaga-drejtor-i-Organizat\u00ebs-Turistike-t\u00eb-Ulqinit.jpg\" alt=\"\" width=\"508\" height=\"550\" \/><\/a><\/p>\n<p><strong>Minir Karamanaga<\/strong>, <strong>drejtor i Organizat\u00ebs Turistike t\u00eb Ulqinit,<\/strong> tha se kan\u00eb b\u00ebr\u00eb p\u00ebrgatitjet adekuate dhe investime n\u00eb t\u00eb gjitha fushat\u00a0 q\u00eb turist\u00ebt t\u00eb ken\u00eb kushte sa komode gjat\u00eb q\u00ebndrimit n\u00eb Ulqin dhe mos t\u00eb ken\u00eb probleme.<\/p>\n<p>\u201cOferta turistike do t\u00eb jet\u00eb m\u00eb e pasur se n\u00eb t\u00eb kaluar\u00ebn dhe\u00a0 Ulqini do t\u00eb jet\u00eb epiqend\u00ebr\u00a0 e turizmit n\u00eb rajon.\u00a0 Ai tregoi se gjat\u00eb\u00a0 bised\u00ebs q\u00eb kan\u00eb pasur me ministrin\u00eb\u00a0 e turizmit kan\u00eb k\u00ebrkuar dhe kan\u00eb marr premtimin se nuk do t\u00eb lejohet krijimi i kolonave t\u00eb gjat\u00eb\u00a0t\u00eb turist\u00ebve sikur ka ndodhur n\u00eb t\u00eb kaluar\u00ebn dhe\u00a0 pritjet dhe procedurat do t\u00eb zvog\u00eblohen.<\/p>\n<p><strong>Naser RAMADANI<br \/>\nKosova.info<\/strong><br \/>\n<!--YouTube Error: bad URL entered--><\/p>\n","protected":false},"excerpt":{"rendered":"<p>Ulqiniak\u00ebt p\u00ebrgatiten p\u00ebr turiz\u00ebm Jo vet\u00ebm institucionet, por edhe hotelet, plazhet\u00a0 restorantet e individ\u00ebt kan\u00eb nisur me p\u00ebrgatitje adekuate p\u00ebr realizmin e nj\u00eb sezone m\u00eb t\u00eb suksesshme turistike n\u00eb Ulqin. Shiu paksa ka penguar\u00a0dhe thuajse se ka ndalur pak\u00a0 ecjen normale t\u00eb punimeve. Edhe ministri i Turizmit t\u00eb Malit t\u00eb Zi, Predrag Sekuliq, ka vizituar [&hellip;]<\/p>\n","protected":false},"author":1,"featured_media":0,"comment_status":"open","ping_status":"closed","sticky":false,"template":"","format":"standard","meta":{"spay_email":"","jetpack_publicize_message":"","jetpack_is_tweetstorm":false,"jetpack_publicize_feature_enabled":true},"categories":[1,13],"tags":[20474,562,12834,15622,824,15750,20473,22016,20472,200,18],"jetpack_publicize_connections":[],"yoast_head":"<!-- This site is optimized with the Yoast SEO plugin v19.1 - https:\/\/yoast.com\/wordpress\/plugins\/seo\/ -->\n<title>Ulqiniak\u00ebt ne pritje te sezonit te ri turistik - Lajme nga Ulqini<\/title>\n<meta name=\"description\" content=\"Ulqiniak\u00ebt p\u00ebrgatiten p\u00ebr turiz\u00ebm Jo vet\u00ebm institucionet, por edhe hotelet, plazhet\u00a0 restorantet e individ\u00ebt kan\u00eb nisur me p\u00ebrgatitje adekuate p\u00ebr\" \/>\n<meta name=\"robots\" content=\"index, follow, max-snippet:-1, max-image-preview:large, max-video-preview:-1\" \/>\n<link rel=\"canonical\" href=\"https:\/\/www.visit-ulcinj.com\/blog\/2012\/05\/18\/ulqiniaket-ne-pritje-te-sezonit-te-ri-turistik\/\" \/>\n<meta property=\"og:locale\" content=\"en_US\" \/>\n<meta property=\"og:type\" content=\"article\" \/>\n<meta property=\"og:title\" content=\"Ulqiniak\u00ebt ne pritje te sezonit te ri turistik - Lajme nga Ulqini\" \/>\n<meta property=\"og:description\" content=\"Ulqiniak\u00ebt p\u00ebrgatiten p\u00ebr turiz\u00ebm Jo vet\u00ebm institucionet, por edhe hotelet, plazhet\u00a0 restorantet e individ\u00ebt kan\u00eb nisur me p\u00ebrgatitje adekuate p\u00ebr\" \/>\n<meta property=\"og:url\" content=\"https:\/\/www.visit-ulcinj.com\/blog\/2012\/05\/18\/ulqiniaket-ne-pritje-te-sezonit-te-ri-turistik\/\" \/>\n<meta property=\"og:site_name\" content=\"Lajme nga Ulqini\" \/>\n<meta property=\"article:published_time\" content=\"2012-05-18T15:21:49+00:00\" \/>\n<meta property=\"article:modified_time\" content=\"2012-05-20T07:27:28+00:00\" \/>\n<meta property=\"og:image\" content=\"http:\/\/www.visit-ulcinj.com\/blog\/wp-content\/uploads\/2012\/05\/VIZITA-E-MINISTRIT-TE-TURIZMIT-SEKULICKOMUNES-SE-ULQINIT.jpg\" \/>\n<meta name=\"twitter:label1\" content=\"Written by\" \/>\n\t<meta name=\"twitter:data1\" content=\"ulqini\" \/>\n\t<meta name=\"twitter:label2\" content=\"Est. reading time\" \/>\n\t<meta name=\"twitter:data2\" content=\"4 minutes\" \/>\n<script type=\"application\/ld+json\" class=\"yoast-schema-graph\">{\"@context\":\"https:\/\/schema.org\",\"@graph\":[{\"@type\":\"WebSite\",\"@id\":\"https:\/\/www.visit-ulcinj.com\/blog\/#website\",\"url\":\"https:\/\/www.visit-ulcinj.com\/blog\/\",\"name\":\"Lajme nga Ulqini\",\"description\":\"Lajme,Vijesti,Ulqini,Ulqin,Crna Gora,Mali i Zi\",\"potentialAction\":[{\"@type\":\"SearchAction\",\"target\":{\"@type\":\"EntryPoint\",\"urlTemplate\":\"https:\/\/www.visit-ulcinj.com\/blog\/?s={search_term_string}\"},\"query-input\":\"required name=search_term_string\"}],\"inLanguage\":\"en-US\"},{\"@type\":\"ImageObject\",\"inLanguage\":\"en-US\",\"@id\":\"https:\/\/www.visit-ulcinj.com\/blog\/2012\/05\/18\/ulqiniaket-ne-pritje-te-sezonit-te-ri-turistik\/#primaryimage\",\"url\":\"https:\/\/www.visit-ulcinj.com\/blog\/wp-content\/uploads\/2012\/05\/VIZITA-E-MINISTRIT-TE-TURIZMIT-SEKULICKOMUNES-SE-ULQINIT.jpg\",\"contentUrl\":\"https:\/\/www.visit-ulcinj.com\/blog\/wp-content\/uploads\/2012\/05\/VIZITA-E-MINISTRIT-TE-TURIZMIT-SEKULICKOMUNES-SE-ULQINIT.jpg\",\"width\":\"640\",\"height\":\"424\"},{\"@type\":\"WebPage\",\"@id\":\"https:\/\/www.visit-ulcinj.com\/blog\/2012\/05\/18\/ulqiniaket-ne-pritje-te-sezonit-te-ri-turistik\/#webpage\",\"url\":\"https:\/\/www.visit-ulcinj.com\/blog\/2012\/05\/18\/ulqiniaket-ne-pritje-te-sezonit-te-ri-turistik\/\",\"name\":\"Ulqiniak\u00ebt ne pritje te sezonit te ri turistik - Lajme nga Ulqini\",\"isPartOf\":{\"@id\":\"https:\/\/www.visit-ulcinj.com\/blog\/#website\"},\"primaryImageOfPage\":{\"@id\":\"https:\/\/www.visit-ulcinj.com\/blog\/2012\/05\/18\/ulqiniaket-ne-pritje-te-sezonit-te-ri-turistik\/#primaryimage\"},\"datePublished\":\"2012-05-18T15:21:49+00:00\",\"dateModified\":\"2012-05-20T07:27:28+00:00\",\"author\":{\"@id\":\"https:\/\/www.visit-ulcinj.com\/blog\/#\/schema\/person\/dcab619c614d3038751c63bc2aadc06d\"},\"description\":\"Ulqiniak\u00ebt p\u00ebrgatiten p\u00ebr turiz\u00ebm Jo vet\u00ebm institucionet, por edhe hotelet, plazhet\u00a0 restorantet e individ\u00ebt kan\u00eb nisur me p\u00ebrgatitje adekuate p\u00ebr\",\"breadcrumb\":{\"@id\":\"https:\/\/www.visit-ulcinj.com\/blog\/2012\/05\/18\/ulqiniaket-ne-pritje-te-sezonit-te-ri-turistik\/#breadcrumb\"},\"inLanguage\":\"en-US\",\"potentialAction\":[{\"@type\":\"ReadAction\",\"target\":[\"https:\/\/www.visit-ulcinj.com\/blog\/2012\/05\/18\/ulqiniaket-ne-pritje-te-sezonit-te-ri-turistik\/\"]}]},{\"@type\":\"BreadcrumbList\",\"@id\":\"https:\/\/www.visit-ulcinj.com\/blog\/2012\/05\/18\/ulqiniaket-ne-pritje-te-sezonit-te-ri-turistik\/#breadcrumb\",\"itemListElement\":[{\"@type\":\"ListItem\",\"position\":1,\"name\":\"Ulqiniak\u00ebt ne pritje te sezonit te ri turistik\"}]},{\"@type\":\"Person\",\"@id\":\"https:\/\/www.visit-ulcinj.com\/blog\/#\/schema\/person\/dcab619c614d3038751c63bc2aadc06d\",\"name\":\"ulqini\",\"sameAs\":[\"http:\/\/www.visit-ulcinj.com\"],\"url\":\"https:\/\/www.visit-ulcinj.com\/blog\/author\/admin\/\"}]}<\/script>\n<!-- \/ Yoast SEO plugin. -->","yoast_head_json":{"title":"Ulqiniak\u00ebt ne pritje te sezonit te ri turistik - Lajme nga Ulqini","description":"Ulqiniak\u00ebt p\u00ebrgatiten p\u00ebr turiz\u00ebm Jo vet\u00ebm institucionet, por edhe hotelet, plazhet\u00a0 restorantet e individ\u00ebt kan\u00eb nisur me p\u00ebrgatitje adekuate p\u00ebr","robots":{"index":"index","follow":"follow","max-snippet":"max-snippet:-1","max-image-preview":"max-image-preview:large","max-video-preview":"max-video-preview:-1"},"canonical":"https:\/\/www.visit-ulcinj.com\/blog\/2012\/05\/18\/ulqiniaket-ne-pritje-te-sezonit-te-ri-turistik\/","og_locale":"en_US","og_type":"article","og_title":"Ulqiniak\u00ebt ne pritje te sezonit te ri turistik - Lajme nga Ulqini","og_description":"Ulqiniak\u00ebt p\u00ebrgatiten p\u00ebr turiz\u00ebm Jo vet\u00ebm institucionet, por edhe hotelet, plazhet\u00a0 restorantet e individ\u00ebt kan\u00eb nisur me p\u00ebrgatitje adekuate p\u00ebr","og_url":"https:\/\/www.visit-ulcinj.com\/blog\/2012\/05\/18\/ulqiniaket-ne-pritje-te-sezonit-te-ri-turistik\/","og_site_name":"Lajme nga Ulqini","article_published_time":"2012-05-18T15:21:49+00:00","article_modified_time":"2012-05-20T07:27:28+00:00","og_image":[{"url":"http:\/\/www.visit-ulcinj.com\/blog\/wp-content\/uploads\/2012\/05\/VIZITA-E-MINISTRIT-TE-TURIZMIT-SEKULICKOMUNES-SE-ULQINIT.jpg"}],"twitter_misc":{"Written by":"ulqini","Est. reading time":"4 minutes"},"schema":{"@context":"https:\/\/schema.org","@graph":[{"@type":"WebSite","@id":"https:\/\/www.visit-ulcinj.com\/blog\/#website","url":"https:\/\/www.visit-ulcinj.com\/blog\/","name":"Lajme nga Ulqini","description":"Lajme,Vijesti,Ulqini,Ulqin,Crna Gora,Mali i Zi","potentialAction":[{"@type":"SearchAction","target":{"@type":"EntryPoint","urlTemplate":"https:\/\/www.visit-ulcinj.com\/blog\/?s={search_term_string}"},"query-input":"required name=search_term_string"}],"inLanguage":"en-US"},{"@type":"ImageObject","inLanguage":"en-US","@id":"https:\/\/www.visit-ulcinj.com\/blog\/2012\/05\/18\/ulqiniaket-ne-pritje-te-sezonit-te-ri-turistik\/#primaryimage","url":"https:\/\/www.visit-ulcinj.com\/blog\/wp-content\/uploads\/2012\/05\/VIZITA-E-MINISTRIT-TE-TURIZMIT-SEKULICKOMUNES-SE-ULQINIT.jpg","contentUrl":"https:\/\/www.visit-ulcinj.com\/blog\/wp-content\/uploads\/2012\/05\/VIZITA-E-MINISTRIT-TE-TURIZMIT-SEKULICKOMUNES-SE-ULQINIT.jpg","width":"640","height":"424"},{"@type":"WebPage","@id":"https:\/\/www.visit-ulcinj.com\/blog\/2012\/05\/18\/ulqiniaket-ne-pritje-te-sezonit-te-ri-turistik\/#webpage","url":"https:\/\/www.visit-ulcinj.com\/blog\/2012\/05\/18\/ulqiniaket-ne-pritje-te-sezonit-te-ri-turistik\/","name":"Ulqiniak\u00ebt ne pritje te sezonit te ri turistik - Lajme nga Ulqini","isPartOf":{"@id":"https:\/\/www.visit-ulcinj.com\/blog\/#website"},"primaryImageOfPage":{"@id":"https:\/\/www.visit-ulcinj.com\/blog\/2012\/05\/18\/ulqiniaket-ne-pritje-te-sezonit-te-ri-turistik\/#primaryimage"},"datePublished":"2012-05-18T15:21:49+00:00","dateModified":"2012-05-20T07:27:28+00:00","author":{"@id":"https:\/\/www.visit-ulcinj.com\/blog\/#\/schema\/person\/dcab619c614d3038751c63bc2aadc06d"},"description":"Ulqiniak\u00ebt p\u00ebrgatiten p\u00ebr turiz\u00ebm Jo vet\u00ebm institucionet, por edhe hotelet, plazhet\u00a0 restorantet e individ\u00ebt kan\u00eb nisur me p\u00ebrgatitje adekuate p\u00ebr","breadcrumb":{"@id":"https:\/\/www.visit-ulcinj.com\/blog\/2012\/05\/18\/ulqiniaket-ne-pritje-te-sezonit-te-ri-turistik\/#breadcrumb"},"inLanguage":"en-US","potentialAction":[{"@type":"ReadAction","target":["https:\/\/www.visit-ulcinj.com\/blog\/2012\/05\/18\/ulqiniaket-ne-pritje-te-sezonit-te-ri-turistik\/"]}]},{"@type":"BreadcrumbList","@id":"https:\/\/www.visit-ulcinj.com\/blog\/2012\/05\/18\/ulqiniaket-ne-pritje-te-sezonit-te-ri-turistik\/#breadcrumb","itemListElement":[{"@type":"ListItem","position":1,"name":"Ulqiniak\u00ebt ne pritje te sezonit te ri turistik"}]},{"@type":"Person","@id":"https:\/\/www.visit-ulcinj.com\/blog\/#\/schema\/person\/dcab619c614d3038751c63bc2aadc06d","name":"ulqini","sameAs":["http:\/\/www.visit-ulcinj.com"],"url":"https:\/\/www.visit-ulcinj.com\/blog\/author\/admin\/"}]}},"jetpack_featured_media_url":"","jetpack_sharing_enabled":true,"jetpack_shortlink":"https:\/\/wp.me\/pe6lTn-fKL","_links":{"self":[{"href":"https:\/\/www.visit-ulcinj.com\/blog\/wp-json\/wp\/v2\/posts\/60559"}],"collection":[{"href":"https:\/\/www.visit-ulcinj.com\/blog\/wp-json\/wp\/v2\/posts"}],"about":[{"href":"https:\/\/www.visit-ulcinj.com\/blog\/wp-json\/wp\/v2\/types\/post"}],"author":[{"embeddable":true,"href":"https:\/\/www.visit-ulcinj.com\/blog\/wp-json\/wp\/v2\/users\/1"}],"replies":[{"embeddable":true,"href":"https:\/\/www.visit-ulcinj.com\/blog\/wp-json\/wp\/v2\/comments?post=60559"}],"version-history":[{"count":4,"href":"https:\/\/www.visit-ulcinj.com\/blog\/wp-json\/wp\/v2\/posts\/60559\/revisions"}],"predecessor-version":[{"id":60573,"href":"https:\/\/www.visit-ulcinj.com\/blog\/wp-json\/wp\/v2\/posts\/60559\/revisions\/60573"}],"wp:attachment":[{"href":"https:\/\/www.visit-ulcinj.com\/blog\/wp-json\/wp\/v2\/media?parent=60559"}],"wp:term":[{"taxonomy":"category","embeddable":true,"href":"https:\/\/www.visit-ulcinj.com\/blog\/wp-json\/wp\/v2\/categories?post=60559"},{"taxonomy":"post_tag","embeddable":true,"href":"https:\/\/www.visit-ulcinj.com\/blog\/wp-json\/wp\/v2\/tags?post=60559"}],"curies":[{"name":"wp","href":"https:\/\/api.w.org\/{rel}","templated":true}]}}