{"id":60575,"date":"2012-05-18T17:01:45","date_gmt":"2012-05-18T16:01:45","guid":{"rendered":"http:\/\/www.visit-ulcinj.com\/blog\/?p=60575"},"modified":"2012-05-18T17:01:45","modified_gmt":"2012-05-18T16:01:45","slug":"incidente-nderetnike-ne-tuz-te-malit-te-zi-top-channel-video","status":"publish","type":"post","link":"https:\/\/www.visit-ulcinj.com\/blog\/2012\/05\/18\/incidente-nderetnike-ne-tuz-te-malit-te-zi-top-channel-video\/","title":{"rendered":"Incidente nd\u00ebretnike n\u00eb Tuz t\u00eb Malit t\u00eb Zi &#8211; Top Channel &#8211; Video"},"content":{"rendered":"<p><a href=\"http:\/\/www.visit-ulcinj.com\/blog\/wp-content\/uploads\/2012\/05\/SHKOLLA-25-MAJ-NE-TUZ.jpg\"><img loading=\"lazy\" class=\"alignleft  wp-image-60576\" title=\"SHKOLLA 25 MAJ NE TUZ\" src=\"http:\/\/www.visit-ulcinj.com\/blog\/wp-content\/uploads\/2012\/05\/SHKOLLA-25-MAJ-NE-TUZ.jpg\" alt=\"\" width=\"508\" height=\"360\" \/><\/a>Incidentet me karakter nd\u00ebretnik jan\u00eb zhvendosur n\u00eb Malin e Zi, ndon\u00ebse me p\u00ebrmasa m\u00eb t\u00eb vogla. Student\u00eb ekstremist\u00eb serbo-malazez\u00eb kan\u00eb ushtruar dhun\u00eb ndaj student\u00ebve shqiptar\u00eb n\u00eb shkoll\u00ebn e mesme \u201c25 Maji\u201d, n\u00eb Tuz t\u00eb Malit t\u00eb Zi.<\/p>\n<p>Ngjarja n\u00eb fjal\u00eb ka ndodhur n\u00eb oborrin e k\u00ebsaj shkolle, kur nj\u00eb grup student\u00ebsh serbo-malazez, t\u00eb p\u00ebrjashtuar nga shkolla, provokuan nj\u00eb grup student\u00ebsh shqiptar\u00eb. Sipas informacioneve, student\u00ebt shqiptar\u00eb fillimisht jan\u00eb fyer e m\u00eb pas jan\u00eb goditur me grushta.<\/p>\n<p>Politikan\u00eb dhe intelektual\u00eb shqiptar\u00eb t\u00eb Malit t\u00eb Zi kan\u00eb d\u00ebnuar rastin n\u00eb fjal\u00eb duke u shprehur se mediat malazeze duhet t\u00eb tregojn\u00eb kujdes pasi m\u00ebnyra se si u p\u00ebrcoll lajmi, faj\u00ebson student\u00ebt shqiptar\u00eb.<\/p>\n<p>\u201cKemi nj\u00eb situat\u00eb t\u00eb atill\u00eb, q\u00eb p\u00ebrzierja e nx\u00ebn\u00ebsve q\u00eb vijn\u00eb nga familje t\u00eb ndryshme dhe problemi i gjuh\u00ebs. Kemi student\u00eb malazez q\u00eb nuk din\u00eb shqip fare dhe kjo krijon probleme potenciale. Ajo q\u00eb ka dal\u00eb me nd\u00ebrhyrjen e organeve dhe medias, \u00ebsht\u00eb tentuar t\u2019i jepet nj\u00eb ngjyr\u00eb tjet\u00ebr, q\u00eb ne si m\u00ebsues nuk duam ta kuptojm\u00eb ashtu. N\u00eb media del se nx\u00ebn\u00ebsit shqiptar\u00eb po provokojn\u00eb nx\u00ebn\u00ebsit joshqiptar\u00eb, q\u00eb absolutisht nuk ka t\u00eb b\u00ebj\u00eb me t\u00eb v\u00ebrtet\u00ebn, nuk ka t\u00eb b\u00ebj me realitetin k\u00ebtu, porn \u00eb jemi k\u00ebtu mikprit\u00ebs t\u00eb nx\u00ebn\u00ebsve joshqiptar\u00eb\u201d, thot\u00eb nj\u00eb m\u00ebsues shqiptar n\u00eb shkoll\u00ebn \u201c25 Maji\u201d.<\/p>\n<p>N\u00eb Mal t\u00eb Zi jetojn\u00eb n\u00eb total rreth 620 mij\u00eb banor\u00eb, ku 53 p\u00ebrqind p\u00ebrb\u00ebhet nga pakicat komb\u00ebtare dhe 47 p\u00ebrqind shtetas malazez\u00eb. Nd\u00ebr k\u00ebto pakica etnike, pjes\u00ebn m\u00eb t\u00eb madhe e p\u00ebrb\u00ebjn\u00eb serb\u00ebt, boshnjak\u00ebt e m\u00eb pas shqiptar\u00ebt. Zonat m\u00eb t\u00eb populluara me shqiptar\u00eb jan\u00eb Tuzi dhe Ulqinit, bashk\u00eb me Plav\u00ebn e Gucin\u00eb, m\u00eb mbi 30 mij\u00eb banor\u00eb.<\/p>\n<p><strong>TOP CHANNEL<\/strong><\/p>\n<!--YouTube Error: bad URL entered-->\n","protected":false},"excerpt":{"rendered":"<p>Incidentet me karakter nd\u00ebretnik jan\u00eb zhvendosur n\u00eb Malin e Zi, ndon\u00ebse me p\u00ebrmasa m\u00eb t\u00eb vogla. Student\u00eb ekstremist\u00eb serbo-malazez\u00eb kan\u00eb ushtruar dhun\u00eb ndaj student\u00ebve shqiptar\u00eb n\u00eb shkoll\u00ebn e mesme \u201c25 Maji\u201d, n\u00eb Tuz t\u00eb Malit t\u00eb Zi. Ngjarja n\u00eb fjal\u00eb ka ndodhur n\u00eb oborrin e k\u00ebsaj shkolle, kur nj\u00eb grup student\u00ebsh serbo-malazez, t\u00eb p\u00ebrjashtuar nga [&hellip;]<\/p>\n","protected":false},"author":1,"featured_media":0,"comment_status":"open","ping_status":"closed","sticky":false,"template":"","format":"standard","meta":{"spay_email":"","jetpack_publicize_message":"","jetpack_is_tweetstorm":false,"jetpack_publicize_feature_enabled":true},"categories":[14],"tags":[20477,20476,95,20084,5081,1645,201],"jetpack_publicize_connections":[],"yoast_head":"<!-- This site is optimized with the Yoast SEO plugin v19.1 - https:\/\/yoast.com\/wordpress\/plugins\/seo\/ -->\n<title>Incidente nd\u00ebretnike n\u00eb Tuz t\u00eb Malit t\u00eb Zi - Top Channel - Video - Lajme nga Ulqini<\/title>\n<meta name=\"description\" content=\"Incidentet me karakter nd\u00ebretnik jan\u00eb zhvendosur n\u00eb Malin e Zi, ndon\u00ebse me p\u00ebrmasa m\u00eb t\u00eb vogla. Student\u00eb ekstremist\u00eb serbo-malazez\u00eb kan\u00eb ushtruar dhun\u00eb\" \/>\n<meta name=\"robots\" content=\"index, follow, max-snippet:-1, max-image-preview:large, max-video-preview:-1\" \/>\n<link rel=\"canonical\" href=\"https:\/\/www.visit-ulcinj.com\/blog\/2012\/05\/18\/incidente-nderetnike-ne-tuz-te-malit-te-zi-top-channel-video\/\" \/>\n<meta property=\"og:locale\" content=\"en_US\" \/>\n<meta property=\"og:type\" content=\"article\" \/>\n<meta property=\"og:title\" content=\"Incidente nd\u00ebretnike n\u00eb Tuz t\u00eb Malit t\u00eb Zi - Top Channel - Video - Lajme nga Ulqini\" \/>\n<meta property=\"og:description\" content=\"Incidentet me karakter nd\u00ebretnik jan\u00eb zhvendosur n\u00eb Malin e Zi, ndon\u00ebse me p\u00ebrmasa m\u00eb t\u00eb vogla. Student\u00eb ekstremist\u00eb serbo-malazez\u00eb kan\u00eb ushtruar dhun\u00eb\" \/>\n<meta property=\"og:url\" content=\"https:\/\/www.visit-ulcinj.com\/blog\/2012\/05\/18\/incidente-nderetnike-ne-tuz-te-malit-te-zi-top-channel-video\/\" \/>\n<meta property=\"og:site_name\" content=\"Lajme nga Ulqini\" \/>\n<meta property=\"article:published_time\" content=\"2012-05-18T16:01:45+00:00\" \/>\n<meta property=\"og:image\" content=\"http:\/\/www.visit-ulcinj.com\/blog\/wp-content\/uploads\/2012\/05\/SHKOLLA-25-MAJ-NE-TUZ.jpg\" \/>\n<meta name=\"twitter:label1\" content=\"Written by\" \/>\n\t<meta name=\"twitter:data1\" content=\"ulqini\" \/>\n\t<meta name=\"twitter:label2\" content=\"Est. reading time\" \/>\n\t<meta name=\"twitter:data2\" content=\"2 minutes\" \/>\n<script type=\"application\/ld+json\" class=\"yoast-schema-graph\">{\"@context\":\"https:\/\/schema.org\",\"@graph\":[{\"@type\":\"WebSite\",\"@id\":\"https:\/\/www.visit-ulcinj.com\/blog\/#website\",\"url\":\"https:\/\/www.visit-ulcinj.com\/blog\/\",\"name\":\"Lajme nga Ulqini\",\"description\":\"Lajme,Vijesti,Ulqini,Ulqin,Crna Gora,Mali i Zi\",\"potentialAction\":[{\"@type\":\"SearchAction\",\"target\":{\"@type\":\"EntryPoint\",\"urlTemplate\":\"https:\/\/www.visit-ulcinj.com\/blog\/?s={search_term_string}\"},\"query-input\":\"required name=search_term_string\"}],\"inLanguage\":\"en-US\"},{\"@type\":\"ImageObject\",\"inLanguage\":\"en-US\",\"@id\":\"https:\/\/www.visit-ulcinj.com\/blog\/2012\/05\/18\/incidente-nderetnike-ne-tuz-te-malit-te-zi-top-channel-video\/#primaryimage\",\"url\":\"https:\/\/www.visit-ulcinj.com\/blog\/wp-content\/uploads\/2012\/05\/SHKOLLA-25-MAJ-NE-TUZ.jpg\",\"contentUrl\":\"https:\/\/www.visit-ulcinj.com\/blog\/wp-content\/uploads\/2012\/05\/SHKOLLA-25-MAJ-NE-TUZ.jpg\",\"width\":\"900\",\"height\":\"675\"},{\"@type\":\"WebPage\",\"@id\":\"https:\/\/www.visit-ulcinj.com\/blog\/2012\/05\/18\/incidente-nderetnike-ne-tuz-te-malit-te-zi-top-channel-video\/#webpage\",\"url\":\"https:\/\/www.visit-ulcinj.com\/blog\/2012\/05\/18\/incidente-nderetnike-ne-tuz-te-malit-te-zi-top-channel-video\/\",\"name\":\"Incidente nd\u00ebretnike n\u00eb Tuz t\u00eb Malit t\u00eb Zi - Top Channel - Video - Lajme nga Ulqini\",\"isPartOf\":{\"@id\":\"https:\/\/www.visit-ulcinj.com\/blog\/#website\"},\"primaryImageOfPage\":{\"@id\":\"https:\/\/www.visit-ulcinj.com\/blog\/2012\/05\/18\/incidente-nderetnike-ne-tuz-te-malit-te-zi-top-channel-video\/#primaryimage\"},\"datePublished\":\"2012-05-18T16:01:45+00:00\",\"dateModified\":\"2012-05-18T16:01:45+00:00\",\"author\":{\"@id\":\"https:\/\/www.visit-ulcinj.com\/blog\/#\/schema\/person\/dcab619c614d3038751c63bc2aadc06d\"},\"description\":\"Incidentet me karakter nd\u00ebretnik jan\u00eb zhvendosur n\u00eb Malin e Zi, ndon\u00ebse me p\u00ebrmasa m\u00eb t\u00eb vogla. Student\u00eb ekstremist\u00eb serbo-malazez\u00eb kan\u00eb ushtruar dhun\u00eb\",\"breadcrumb\":{\"@id\":\"https:\/\/www.visit-ulcinj.com\/blog\/2012\/05\/18\/incidente-nderetnike-ne-tuz-te-malit-te-zi-top-channel-video\/#breadcrumb\"},\"inLanguage\":\"en-US\",\"potentialAction\":[{\"@type\":\"ReadAction\",\"target\":[\"https:\/\/www.visit-ulcinj.com\/blog\/2012\/05\/18\/incidente-nderetnike-ne-tuz-te-malit-te-zi-top-channel-video\/\"]}]},{\"@type\":\"BreadcrumbList\",\"@id\":\"https:\/\/www.visit-ulcinj.com\/blog\/2012\/05\/18\/incidente-nderetnike-ne-tuz-te-malit-te-zi-top-channel-video\/#breadcrumb\",\"itemListElement\":[{\"@type\":\"ListItem\",\"position\":1,\"name\":\"Incidente nd\u00ebretnike n\u00eb Tuz t\u00eb Malit t\u00eb Zi &#8211; Top Channel &#8211; Video\"}]},{\"@type\":\"Person\",\"@id\":\"https:\/\/www.visit-ulcinj.com\/blog\/#\/schema\/person\/dcab619c614d3038751c63bc2aadc06d\",\"name\":\"ulqini\",\"sameAs\":[\"http:\/\/www.visit-ulcinj.com\"],\"url\":\"https:\/\/www.visit-ulcinj.com\/blog\/author\/admin\/\"}]}<\/script>\n<!-- \/ Yoast SEO plugin. -->","yoast_head_json":{"title":"Incidente nd\u00ebretnike n\u00eb Tuz t\u00eb Malit t\u00eb Zi - Top Channel - Video - Lajme nga Ulqini","description":"Incidentet me karakter nd\u00ebretnik jan\u00eb zhvendosur n\u00eb Malin e Zi, ndon\u00ebse me p\u00ebrmasa m\u00eb t\u00eb vogla. Student\u00eb ekstremist\u00eb serbo-malazez\u00eb kan\u00eb ushtruar dhun\u00eb","robots":{"index":"index","follow":"follow","max-snippet":"max-snippet:-1","max-image-preview":"max-image-preview:large","max-video-preview":"max-video-preview:-1"},"canonical":"https:\/\/www.visit-ulcinj.com\/blog\/2012\/05\/18\/incidente-nderetnike-ne-tuz-te-malit-te-zi-top-channel-video\/","og_locale":"en_US","og_type":"article","og_title":"Incidente nd\u00ebretnike n\u00eb Tuz t\u00eb Malit t\u00eb Zi - Top Channel - Video - Lajme nga Ulqini","og_description":"Incidentet me karakter nd\u00ebretnik jan\u00eb zhvendosur n\u00eb Malin e Zi, ndon\u00ebse me p\u00ebrmasa m\u00eb t\u00eb vogla. Student\u00eb ekstremist\u00eb serbo-malazez\u00eb kan\u00eb ushtruar dhun\u00eb","og_url":"https:\/\/www.visit-ulcinj.com\/blog\/2012\/05\/18\/incidente-nderetnike-ne-tuz-te-malit-te-zi-top-channel-video\/","og_site_name":"Lajme nga Ulqini","article_published_time":"2012-05-18T16:01:45+00:00","og_image":[{"url":"http:\/\/www.visit-ulcinj.com\/blog\/wp-content\/uploads\/2012\/05\/SHKOLLA-25-MAJ-NE-TUZ.jpg"}],"twitter_misc":{"Written by":"ulqini","Est. reading time":"2 minutes"},"schema":{"@context":"https:\/\/schema.org","@graph":[{"@type":"WebSite","@id":"https:\/\/www.visit-ulcinj.com\/blog\/#website","url":"https:\/\/www.visit-ulcinj.com\/blog\/","name":"Lajme nga Ulqini","description":"Lajme,Vijesti,Ulqini,Ulqin,Crna Gora,Mali i Zi","potentialAction":[{"@type":"SearchAction","target":{"@type":"EntryPoint","urlTemplate":"https:\/\/www.visit-ulcinj.com\/blog\/?s={search_term_string}"},"query-input":"required name=search_term_string"}],"inLanguage":"en-US"},{"@type":"ImageObject","inLanguage":"en-US","@id":"https:\/\/www.visit-ulcinj.com\/blog\/2012\/05\/18\/incidente-nderetnike-ne-tuz-te-malit-te-zi-top-channel-video\/#primaryimage","url":"https:\/\/www.visit-ulcinj.com\/blog\/wp-content\/uploads\/2012\/05\/SHKOLLA-25-MAJ-NE-TUZ.jpg","contentUrl":"https:\/\/www.visit-ulcinj.com\/blog\/wp-content\/uploads\/2012\/05\/SHKOLLA-25-MAJ-NE-TUZ.jpg","width":"900","height":"675"},{"@type":"WebPage","@id":"https:\/\/www.visit-ulcinj.com\/blog\/2012\/05\/18\/incidente-nderetnike-ne-tuz-te-malit-te-zi-top-channel-video\/#webpage","url":"https:\/\/www.visit-ulcinj.com\/blog\/2012\/05\/18\/incidente-nderetnike-ne-tuz-te-malit-te-zi-top-channel-video\/","name":"Incidente nd\u00ebretnike n\u00eb Tuz t\u00eb Malit t\u00eb Zi - Top Channel - Video - Lajme nga Ulqini","isPartOf":{"@id":"https:\/\/www.visit-ulcinj.com\/blog\/#website"},"primaryImageOfPage":{"@id":"https:\/\/www.visit-ulcinj.com\/blog\/2012\/05\/18\/incidente-nderetnike-ne-tuz-te-malit-te-zi-top-channel-video\/#primaryimage"},"datePublished":"2012-05-18T16:01:45+00:00","dateModified":"2012-05-18T16:01:45+00:00","author":{"@id":"https:\/\/www.visit-ulcinj.com\/blog\/#\/schema\/person\/dcab619c614d3038751c63bc2aadc06d"},"description":"Incidentet me karakter nd\u00ebretnik jan\u00eb zhvendosur n\u00eb Malin e Zi, ndon\u00ebse me p\u00ebrmasa m\u00eb t\u00eb vogla. Student\u00eb ekstremist\u00eb serbo-malazez\u00eb kan\u00eb ushtruar dhun\u00eb","breadcrumb":{"@id":"https:\/\/www.visit-ulcinj.com\/blog\/2012\/05\/18\/incidente-nderetnike-ne-tuz-te-malit-te-zi-top-channel-video\/#breadcrumb"},"inLanguage":"en-US","potentialAction":[{"@type":"ReadAction","target":["https:\/\/www.visit-ulcinj.com\/blog\/2012\/05\/18\/incidente-nderetnike-ne-tuz-te-malit-te-zi-top-channel-video\/"]}]},{"@type":"BreadcrumbList","@id":"https:\/\/www.visit-ulcinj.com\/blog\/2012\/05\/18\/incidente-nderetnike-ne-tuz-te-malit-te-zi-top-channel-video\/#breadcrumb","itemListElement":[{"@type":"ListItem","position":1,"name":"Incidente nd\u00ebretnike n\u00eb Tuz t\u00eb Malit t\u00eb Zi &#8211; Top Channel &#8211; Video"}]},{"@type":"Person","@id":"https:\/\/www.visit-ulcinj.com\/blog\/#\/schema\/person\/dcab619c614d3038751c63bc2aadc06d","name":"ulqini","sameAs":["http:\/\/www.visit-ulcinj.com"],"url":"https:\/\/www.visit-ulcinj.com\/blog\/author\/admin\/"}]}},"jetpack_featured_media_url":"","jetpack_sharing_enabled":true,"jetpack_shortlink":"https:\/\/wp.me\/pe6lTn-fL1","_links":{"self":[{"href":"https:\/\/www.visit-ulcinj.com\/blog\/wp-json\/wp\/v2\/posts\/60575"}],"collection":[{"href":"https:\/\/www.visit-ulcinj.com\/blog\/wp-json\/wp\/v2\/posts"}],"about":[{"href":"https:\/\/www.visit-ulcinj.com\/blog\/wp-json\/wp\/v2\/types\/post"}],"author":[{"embeddable":true,"href":"https:\/\/www.visit-ulcinj.com\/blog\/wp-json\/wp\/v2\/users\/1"}],"replies":[{"embeddable":true,"href":"https:\/\/www.visit-ulcinj.com\/blog\/wp-json\/wp\/v2\/comments?post=60575"}],"version-history":[{"count":1,"href":"https:\/\/www.visit-ulcinj.com\/blog\/wp-json\/wp\/v2\/posts\/60575\/revisions"}],"predecessor-version":[{"id":60577,"href":"https:\/\/www.visit-ulcinj.com\/blog\/wp-json\/wp\/v2\/posts\/60575\/revisions\/60577"}],"wp:attachment":[{"href":"https:\/\/www.visit-ulcinj.com\/blog\/wp-json\/wp\/v2\/media?parent=60575"}],"wp:term":[{"taxonomy":"category","embeddable":true,"href":"https:\/\/www.visit-ulcinj.com\/blog\/wp-json\/wp\/v2\/categories?post=60575"},{"taxonomy":"post_tag","embeddable":true,"href":"https:\/\/www.visit-ulcinj.com\/blog\/wp-json\/wp\/v2\/tags?post=60575"}],"curies":[{"name":"wp","href":"https:\/\/api.w.org\/{rel}","templated":true}]}}