{"id":60579,"date":"2012-05-18T17:29:51","date_gmt":"2012-05-18T16:29:51","guid":{"rendered":"http:\/\/www.visit-ulcinj.com\/blog\/?p=60579"},"modified":"2012-05-18T17:34:25","modified_gmt":"2012-05-18T16:34:25","slug":"lamiga-ambjent-relaksues-per-turistetulqin-shkoder","status":"publish","type":"post","link":"https:\/\/www.visit-ulcinj.com\/blog\/2012\/05\/18\/lamiga-ambjent-relaksues-per-turistetulqin-shkoder\/","title":{"rendered":"Lamiga ambjent relaksues per turistet,Ulqin &#8211; Shkoder &#8211; Video"},"content":{"rendered":"<p><a href=\"http:\/\/www.visit-ulcinj.com\/blog\/wp-content\/uploads\/2012\/05\/Lamiga-_ambjent-relaksues-per-turistet_Ulqin_Shkoder.jpg\"><img loading=\"lazy\" class=\"alignleft  wp-image-60580\" title=\"Lamiga _ambjent relaksues per turistet_Ulqin_Shkoder\" src=\"http:\/\/www.visit-ulcinj.com\/blog\/wp-content\/uploads\/2012\/05\/Lamiga-_ambjent-relaksues-per-turistet_Ulqin_Shkoder.jpg\" alt=\"\" width=\"508\" height=\"365\" \/><\/a>Turist\u00ebt jo vet\u00ebm nga Kosova, por edhe ata nga Maqedonia e Shqip\u00ebria dhe sidomos shqiptar\u00ebt nga diaspora e turist\u00eb t\u00eb huaj kan\u00eb mund\u00ebsin\u00eb\u00a0 e shk\u00eblqyer q\u00eb gjat\u00eb rrug\u00ebtimit p\u00ebr n\u00eb Ulqin ose anasjellas\u00a0\u00a0 lodhjen e tyre ta relaksojn\u00eb\u00a0 n\u00eb nj\u00eb mjedis shum\u00eb atraktiv\u00a0 rreth tet\u00eb kilometra larg kufirit t\u00eb\u00a0 t\u00eb Malit t\u00eb Zi dhe Shqip\u00ebris\u00eb n\u00eb Ulqin konkretisht Kryth tek Qendra Tregtare Lamiga. Lamiga, kjo epiqend\u00ebr relaksuese p\u00ebr turist\u00ebt gjendet mu n\u00eb mes t\u00eb dy qyteteve Ulqinit dhe Shkodr\u00ebs. Ia vlen q\u00eb turist\u00ebt jo vet\u00ebm ata q\u00eb kalojn\u00eb aty pari, por edhe nga regjione t\u00eb tjera\u00a0 q\u00eb t\u00eb vizitojn\u00eb e shijojn\u00eb gj\u00ebrat dhe bukurin\u00eb q\u00eb ofron.<\/p>\n<p><a href=\"http:\/\/www.visit-ulcinj.com\/blog\/wp-content\/uploads\/2012\/05\/Lamiga-_ambjent-relaksues-per-turistet_Ulqin_Shkoder.1.jpg\"><img loading=\"lazy\" class=\"alignleft  wp-image-60581\" title=\"Lamiga _ambjent relaksues per turistet_Ulqin_Shkoder.1\" src=\"http:\/\/www.visit-ulcinj.com\/blog\/wp-content\/uploads\/2012\/05\/Lamiga-_ambjent-relaksues-per-turistet_Ulqin_Shkoder.1.jpg\" alt=\"\" width=\"508\" height=\"300\" \/><\/a><\/p>\n<p>Kjo qend\u00ebr ofron mund\u00ebsi dhe kushte t\u00eb shk\u00eblqyera p\u00ebr relaks t\u00eb turist\u00ebve e rrethuar nga hap\u00ebsira e pasur\u00a0 me male. Pos restorantit e barit, ka edhe super marketin,\u00a0 parkingun modern p\u00ebr\u00a0 qindra mjete t\u00eb vogla dhe autobus\u00eb dhe k\u00ebndin special me lodra t\u00eb llojeve t\u00eb ndryshme p\u00ebr arg\u00ebtimin edhe t\u00eb f\u00ebmij\u00ebve.<\/p>\n<p>Pos k\u00ebtyre kjo qend\u00ebr ofron edhe\u00a0 t\u00eb gjitha kushtet dhe infrastruktur\u00ebn moderne sipas standardeve nd\u00ebrkomb\u00ebtare.<\/p>\n<p>Lamiga, i \u00a0ka kushtuar nj\u00eb v\u00ebmendje t\u00eb ve\u00e7ant\u00eb pushimit t\u00eb turist\u00ebve\u00a0 duke i ofruar mund\u00ebsin\u00eb e nj\u00eb pushimi\u00a0 t\u00eb shpejt me shijimin e nj\u00eb\u00a0 kafeje, ushqimi \u00a0dhe relaksimi.<br \/>\n<a href=\"http:\/\/www.visit-ulcinj.com\/blog\/wp-content\/uploads\/2012\/05\/Lamiga-_ambjent-relaksues-per-turistet_Ulqin_Shkoder.2.jpg\"><img loading=\"lazy\" class=\"alignleft  wp-image-60582\" title=\"Lamiga _ambjent relaksues per turistet_Ulqin_Shkoder.2\" src=\"http:\/\/www.visit-ulcinj.com\/blog\/wp-content\/uploads\/2012\/05\/Lamiga-_ambjent-relaksues-per-turistet_Ulqin_Shkoder.2.jpg\" alt=\"\" width=\"508\" height=\"300\" \/><\/a><\/p>\n<p>Edhe pse koh\u00eb jo e mir\u00eb dhe me t\u00eb reshura t\u00eb her\u00eb pas hershme t\u00eb shiut, ka mjaft vizitor\u00eb q\u00eb kalojn\u00eb k\u00ebtej pari dhe posa shohin k\u00ebt\u00eb lokacion, nuk munden pa u ndalur p\u00ebr t\u00eb pir\u00eb ndonj\u00eb kafe, l\u00ebng\u00eb apo p\u00ebr t\u00eb ngr\u00ebn\u00eb ndonj\u00eb drek apo dark. E derisa disa turist\u00eb shijojn\u00eb\u00a0 pijet e ushqimet e tyre tek bari e restoranti dhe n\u00eb teras\u00eb, n\u00eb an\u00ebn tjet\u00ebr\u00a0 turist\u00eb t\u00eb tjer\u00eb blejn\u00eb ushqime n\u00eb supermarketin e nga ana tjet\u00ebr f\u00ebmij\u00ebt e tyre relaksohen\u00a0 tek k\u00ebndi I lodrave. Ata nuk merakosen p\u00ebr sigurin\u00eb e mjeteve t\u00eb tyre, sepse k\u00ebtu gjith\u00e7ka \u00ebsht\u00eb n\u00ebn kontroll dhe ekziston siguria e lart\u00eb.<\/p>\n<p><strong><a href=\"http:\/\/www.visit-ulcinj.com\/blog\/wp-content\/uploads\/2012\/05\/Lamiga-_ambjent-relaksues-per-turistet_Ulqin_Shkoder.3.jpg\"><img loading=\"lazy\" class=\"alignleft  wp-image-60583\" title=\"Lamiga _ambjent relaksues per turistet_Ulqin_Shkoder.3\" src=\"http:\/\/www.visit-ulcinj.com\/blog\/wp-content\/uploads\/2012\/05\/Lamiga-_ambjent-relaksues-per-turistet_Ulqin_Shkoder.3.jpg\" alt=\"\" width=\"508\" height=\"300\" \/><\/a><br \/>\n<strong>Gazmend Demiri, bashk\u00ebpronar i Qendr\u00ebs Tregtare, Lamiga<\/strong><\/strong> n\u00eb Kryth, tregon se kan\u00eb b\u00ebr\u00eb p\u00ebrgatitje adekuate p\u00ebr pritjen e turist\u00ebve q\u00eb kalojn\u00eb k\u00ebtej pari. Sips tij kjo \u00ebsht\u00eb qendra m\u00eb moderne\u00a0 n\u00eb t\u00eb gjitha aspektet jo vet\u00ebm k\u00ebtej pari, por edhe n\u00eb regjion.\u00a0 Kjo qend\u00ebr tregtare ofron\u00a0 kushte t\u00eb shk\u00eblqyera\u00a0 p\u00ebr relaksim. Ajo ka\u00a0 restorantin special\u00a0 p\u00ebr mbi 200 persona, super marketin me m\u00eb shum\u00eb se dhjet\u00eb mij\u00eb artikuj,\u00a0 e ku nuk mungojn\u00eb as prodhimet nga Kosova e ato nga Shqip\u00ebria. Pronari tregon se kan\u00eb b\u00ebr\u00eb investime edhe n\u00eb k\u00ebndin e lodrave dhe parkingun me siguri. \u201cNe ofrojm\u00eb jo vet\u00ebm kushtet m\u00eb t\u00eb mira n\u00eb rajon, sh\u00ebrbime t\u00eb cil\u00ebsis\u00eb s\u00eb lart\u00eb, por edhe siguri dhe \u00e7mimet m\u00eb t\u00eb lira n\u00eb regjion\u201d, thot\u00eb Gazmend Demiri.<\/p>\n<p>Ai edhe sivjet shpreson se numri m\u00eb i madh i klient\u00ebve do t\u00eb jet\u00eb nga Kosova, por edhe ata nga Maqedonia, Shqip\u00ebria shqiptar\u00ebt e diaspor\u00ebs dhe ata t\u00eb huaj.\u00a0 Ai thot\u00eb se siguria p\u00ebr t\u00eb gjith\u00eb klient\u00ebt \u00ebsht\u00eb e absolute.<\/p>\n<p><strong>Naser RAMADANI<br \/>\nKosova.info<br \/>\n<!-- vimeo error: not a vimeo video --><br \/>\n<\/strong><\/p>\n<p>&nbsp;<\/p>\n","protected":false},"excerpt":{"rendered":"<p>Turist\u00ebt jo vet\u00ebm nga Kosova, por edhe ata nga Maqedonia e Shqip\u00ebria dhe sidomos shqiptar\u00ebt nga diaspora e turist\u00eb t\u00eb huaj kan\u00eb mund\u00ebsin\u00eb\u00a0 e shk\u00eblqyer q\u00eb gjat\u00eb rrug\u00ebtimit p\u00ebr n\u00eb Ulqin ose anasjellas\u00a0\u00a0 lodhjen e tyre ta relaksojn\u00eb\u00a0 n\u00eb nj\u00eb mjedis shum\u00eb atraktiv\u00a0 rreth tet\u00eb kilometra larg kufirit t\u00eb\u00a0 t\u00eb Malit t\u00eb Zi dhe Shqip\u00ebris\u00eb [&hellip;]<\/p>\n","protected":false},"author":1,"featured_media":0,"comment_status":"open","ping_status":"closed","sticky":false,"template":"","format":"standard","meta":{"spay_email":"","jetpack_publicize_message":"","jetpack_is_tweetstorm":false,"jetpack_publicize_feature_enabled":true},"categories":[6950],"tags":[212,17828,17834,18370,17811,17831,18362,14353,17808,14354,12340,17840,17839,18363,17835,17814,17810,17816,17071,17807,3516,14652,17837,17827,14358,222,17802,17812,17803,17820,17825,17817,17805,305,17823,17832,3506,17818,214,17680,14362,14363,18371,3507,17800,498,3500,115,3228,14364,20478,20479,17799,3327,17841,17826,15213,18236,3512,17806,11648,18289,17838,95,17813,17804,15141,19495,17836,14366,79,17073,18294,118,18368,18369,1653,1909,14367,17801,18360,17822,14368,14369,17824,14370,18291,2083,3231,14371,41,3617,3722,14372,17844,17821,18372,17830,17077,18295,14375,17833,17829,899,200,18,17819,17809,4265,14376],"jetpack_publicize_connections":[],"yoast_head":"<!-- This site is optimized with the Yoast SEO plugin v19.1 - https:\/\/yoast.com\/wordpress\/plugins\/seo\/ -->\n<title>Lamiga ambjent relaksues per turistet,Ulqin - Shkoder - Video - Lajme nga Ulqini<\/title>\n<meta name=\"description\" content=\"Turist\u00ebt jo vet\u00ebm nga Kosova, por edhe ata nga Maqedonia e Shqip\u00ebria dhe sidomos shqiptar\u00ebt nga diaspora e turist\u00eb t\u00eb huaj kan\u00eb mund\u00ebsin\u00eb\u00a0 e shk\u00eblqyer q\u00eb\" \/>\n<meta name=\"robots\" content=\"index, follow, max-snippet:-1, max-image-preview:large, max-video-preview:-1\" \/>\n<link rel=\"canonical\" href=\"https:\/\/www.visit-ulcinj.com\/blog\/2012\/05\/18\/lamiga-ambjent-relaksues-per-turistetulqin-shkoder\/\" \/>\n<meta property=\"og:locale\" content=\"en_US\" \/>\n<meta property=\"og:type\" content=\"article\" \/>\n<meta property=\"og:title\" content=\"Lamiga ambjent relaksues per turistet,Ulqin - Shkoder - Video - Lajme nga Ulqini\" \/>\n<meta property=\"og:description\" content=\"Turist\u00ebt jo vet\u00ebm nga Kosova, por edhe ata nga Maqedonia e Shqip\u00ebria dhe sidomos shqiptar\u00ebt nga diaspora e turist\u00eb t\u00eb huaj kan\u00eb mund\u00ebsin\u00eb\u00a0 e shk\u00eblqyer q\u00eb\" \/>\n<meta property=\"og:url\" content=\"https:\/\/www.visit-ulcinj.com\/blog\/2012\/05\/18\/lamiga-ambjent-relaksues-per-turistetulqin-shkoder\/\" \/>\n<meta property=\"og:site_name\" content=\"Lajme nga Ulqini\" \/>\n<meta property=\"article:published_time\" content=\"2012-05-18T16:29:51+00:00\" \/>\n<meta property=\"article:modified_time\" content=\"2012-05-18T16:34:25+00:00\" \/>\n<meta property=\"og:image\" content=\"http:\/\/www.visit-ulcinj.com\/blog\/wp-content\/uploads\/2012\/05\/Lamiga-_ambjent-relaksues-per-turistet_Ulqin_Shkoder.jpg\" \/>\n<meta name=\"twitter:label1\" content=\"Written by\" \/>\n\t<meta name=\"twitter:data1\" content=\"ulqini\" \/>\n\t<meta name=\"twitter:label2\" content=\"Est. reading time\" \/>\n\t<meta name=\"twitter:data2\" content=\"3 minutes\" \/>\n<script type=\"application\/ld+json\" class=\"yoast-schema-graph\">{\"@context\":\"https:\/\/schema.org\",\"@graph\":[{\"@type\":\"WebSite\",\"@id\":\"https:\/\/www.visit-ulcinj.com\/blog\/#website\",\"url\":\"https:\/\/www.visit-ulcinj.com\/blog\/\",\"name\":\"Lajme nga Ulqini\",\"description\":\"Lajme,Vijesti,Ulqini,Ulqin,Crna Gora,Mali i Zi\",\"potentialAction\":[{\"@type\":\"SearchAction\",\"target\":{\"@type\":\"EntryPoint\",\"urlTemplate\":\"https:\/\/www.visit-ulcinj.com\/blog\/?s={search_term_string}\"},\"query-input\":\"required name=search_term_string\"}],\"inLanguage\":\"en-US\"},{\"@type\":\"ImageObject\",\"inLanguage\":\"en-US\",\"@id\":\"https:\/\/www.visit-ulcinj.com\/blog\/2012\/05\/18\/lamiga-ambjent-relaksues-per-turistetulqin-shkoder\/#primaryimage\",\"url\":\"https:\/\/www.visit-ulcinj.com\/blog\/wp-content\/uploads\/2012\/05\/Lamiga-_ambjent-relaksues-per-turistet_Ulqin_Shkoder.jpg\",\"contentUrl\":\"https:\/\/www.visit-ulcinj.com\/blog\/wp-content\/uploads\/2012\/05\/Lamiga-_ambjent-relaksues-per-turistet_Ulqin_Shkoder.jpg\",\"width\":\"1000\",\"height\":\"365\"},{\"@type\":\"WebPage\",\"@id\":\"https:\/\/www.visit-ulcinj.com\/blog\/2012\/05\/18\/lamiga-ambjent-relaksues-per-turistetulqin-shkoder\/#webpage\",\"url\":\"https:\/\/www.visit-ulcinj.com\/blog\/2012\/05\/18\/lamiga-ambjent-relaksues-per-turistetulqin-shkoder\/\",\"name\":\"Lamiga ambjent relaksues per turistet,Ulqin - Shkoder - Video - Lajme nga Ulqini\",\"isPartOf\":{\"@id\":\"https:\/\/www.visit-ulcinj.com\/blog\/#website\"},\"primaryImageOfPage\":{\"@id\":\"https:\/\/www.visit-ulcinj.com\/blog\/2012\/05\/18\/lamiga-ambjent-relaksues-per-turistetulqin-shkoder\/#primaryimage\"},\"datePublished\":\"2012-05-18T16:29:51+00:00\",\"dateModified\":\"2012-05-18T16:34:25+00:00\",\"author\":{\"@id\":\"https:\/\/www.visit-ulcinj.com\/blog\/#\/schema\/person\/dcab619c614d3038751c63bc2aadc06d\"},\"description\":\"Turist\u00ebt jo vet\u00ebm nga Kosova, por edhe ata nga Maqedonia e Shqip\u00ebria dhe sidomos shqiptar\u00ebt nga diaspora e turist\u00eb t\u00eb huaj kan\u00eb mund\u00ebsin\u00eb\u00a0 e shk\u00eblqyer q\u00eb\",\"breadcrumb\":{\"@id\":\"https:\/\/www.visit-ulcinj.com\/blog\/2012\/05\/18\/lamiga-ambjent-relaksues-per-turistetulqin-shkoder\/#breadcrumb\"},\"inLanguage\":\"en-US\",\"potentialAction\":[{\"@type\":\"ReadAction\",\"target\":[\"https:\/\/www.visit-ulcinj.com\/blog\/2012\/05\/18\/lamiga-ambjent-relaksues-per-turistetulqin-shkoder\/\"]}]},{\"@type\":\"BreadcrumbList\",\"@id\":\"https:\/\/www.visit-ulcinj.com\/blog\/2012\/05\/18\/lamiga-ambjent-relaksues-per-turistetulqin-shkoder\/#breadcrumb\",\"itemListElement\":[{\"@type\":\"ListItem\",\"position\":1,\"name\":\"Lamiga ambjent relaksues per turistet,Ulqin &#8211; Shkoder &#8211; Video\"}]},{\"@type\":\"Person\",\"@id\":\"https:\/\/www.visit-ulcinj.com\/blog\/#\/schema\/person\/dcab619c614d3038751c63bc2aadc06d\",\"name\":\"ulqini\",\"sameAs\":[\"http:\/\/www.visit-ulcinj.com\"],\"url\":\"https:\/\/www.visit-ulcinj.com\/blog\/author\/admin\/\"}]}<\/script>\n<!-- \/ Yoast SEO plugin. -->","yoast_head_json":{"title":"Lamiga ambjent relaksues per turistet,Ulqin - Shkoder - Video - Lajme nga Ulqini","description":"Turist\u00ebt jo vet\u00ebm nga Kosova, por edhe ata nga Maqedonia e Shqip\u00ebria dhe sidomos shqiptar\u00ebt nga diaspora e turist\u00eb t\u00eb huaj kan\u00eb mund\u00ebsin\u00eb\u00a0 e shk\u00eblqyer q\u00eb","robots":{"index":"index","follow":"follow","max-snippet":"max-snippet:-1","max-image-preview":"max-image-preview:large","max-video-preview":"max-video-preview:-1"},"canonical":"https:\/\/www.visit-ulcinj.com\/blog\/2012\/05\/18\/lamiga-ambjent-relaksues-per-turistetulqin-shkoder\/","og_locale":"en_US","og_type":"article","og_title":"Lamiga ambjent relaksues per turistet,Ulqin - Shkoder - Video - Lajme nga Ulqini","og_description":"Turist\u00ebt jo vet\u00ebm nga Kosova, por edhe ata nga Maqedonia e Shqip\u00ebria dhe sidomos shqiptar\u00ebt nga diaspora e turist\u00eb t\u00eb huaj kan\u00eb mund\u00ebsin\u00eb\u00a0 e shk\u00eblqyer q\u00eb","og_url":"https:\/\/www.visit-ulcinj.com\/blog\/2012\/05\/18\/lamiga-ambjent-relaksues-per-turistetulqin-shkoder\/","og_site_name":"Lajme nga Ulqini","article_published_time":"2012-05-18T16:29:51+00:00","article_modified_time":"2012-05-18T16:34:25+00:00","og_image":[{"url":"http:\/\/www.visit-ulcinj.com\/blog\/wp-content\/uploads\/2012\/05\/Lamiga-_ambjent-relaksues-per-turistet_Ulqin_Shkoder.jpg"}],"twitter_misc":{"Written by":"ulqini","Est. reading time":"3 minutes"},"schema":{"@context":"https:\/\/schema.org","@graph":[{"@type":"WebSite","@id":"https:\/\/www.visit-ulcinj.com\/blog\/#website","url":"https:\/\/www.visit-ulcinj.com\/blog\/","name":"Lajme nga Ulqini","description":"Lajme,Vijesti,Ulqini,Ulqin,Crna Gora,Mali i Zi","potentialAction":[{"@type":"SearchAction","target":{"@type":"EntryPoint","urlTemplate":"https:\/\/www.visit-ulcinj.com\/blog\/?s={search_term_string}"},"query-input":"required name=search_term_string"}],"inLanguage":"en-US"},{"@type":"ImageObject","inLanguage":"en-US","@id":"https:\/\/www.visit-ulcinj.com\/blog\/2012\/05\/18\/lamiga-ambjent-relaksues-per-turistetulqin-shkoder\/#primaryimage","url":"https:\/\/www.visit-ulcinj.com\/blog\/wp-content\/uploads\/2012\/05\/Lamiga-_ambjent-relaksues-per-turistet_Ulqin_Shkoder.jpg","contentUrl":"https:\/\/www.visit-ulcinj.com\/blog\/wp-content\/uploads\/2012\/05\/Lamiga-_ambjent-relaksues-per-turistet_Ulqin_Shkoder.jpg","width":"1000","height":"365"},{"@type":"WebPage","@id":"https:\/\/www.visit-ulcinj.com\/blog\/2012\/05\/18\/lamiga-ambjent-relaksues-per-turistetulqin-shkoder\/#webpage","url":"https:\/\/www.visit-ulcinj.com\/blog\/2012\/05\/18\/lamiga-ambjent-relaksues-per-turistetulqin-shkoder\/","name":"Lamiga ambjent relaksues per turistet,Ulqin - Shkoder - Video - Lajme nga Ulqini","isPartOf":{"@id":"https:\/\/www.visit-ulcinj.com\/blog\/#website"},"primaryImageOfPage":{"@id":"https:\/\/www.visit-ulcinj.com\/blog\/2012\/05\/18\/lamiga-ambjent-relaksues-per-turistetulqin-shkoder\/#primaryimage"},"datePublished":"2012-05-18T16:29:51+00:00","dateModified":"2012-05-18T16:34:25+00:00","author":{"@id":"https:\/\/www.visit-ulcinj.com\/blog\/#\/schema\/person\/dcab619c614d3038751c63bc2aadc06d"},"description":"Turist\u00ebt jo vet\u00ebm nga Kosova, por edhe ata nga Maqedonia e Shqip\u00ebria dhe sidomos shqiptar\u00ebt nga diaspora e turist\u00eb t\u00eb huaj kan\u00eb mund\u00ebsin\u00eb\u00a0 e shk\u00eblqyer q\u00eb","breadcrumb":{"@id":"https:\/\/www.visit-ulcinj.com\/blog\/2012\/05\/18\/lamiga-ambjent-relaksues-per-turistetulqin-shkoder\/#breadcrumb"},"inLanguage":"en-US","potentialAction":[{"@type":"ReadAction","target":["https:\/\/www.visit-ulcinj.com\/blog\/2012\/05\/18\/lamiga-ambjent-relaksues-per-turistetulqin-shkoder\/"]}]},{"@type":"BreadcrumbList","@id":"https:\/\/www.visit-ulcinj.com\/blog\/2012\/05\/18\/lamiga-ambjent-relaksues-per-turistetulqin-shkoder\/#breadcrumb","itemListElement":[{"@type":"ListItem","position":1,"name":"Lamiga ambjent relaksues per turistet,Ulqin &#8211; Shkoder &#8211; Video"}]},{"@type":"Person","@id":"https:\/\/www.visit-ulcinj.com\/blog\/#\/schema\/person\/dcab619c614d3038751c63bc2aadc06d","name":"ulqini","sameAs":["http:\/\/www.visit-ulcinj.com"],"url":"https:\/\/www.visit-ulcinj.com\/blog\/author\/admin\/"}]}},"jetpack_featured_media_url":"","jetpack_sharing_enabled":true,"jetpack_shortlink":"https:\/\/wp.me\/pe6lTn-fL5","_links":{"self":[{"href":"https:\/\/www.visit-ulcinj.com\/blog\/wp-json\/wp\/v2\/posts\/60579"}],"collection":[{"href":"https:\/\/www.visit-ulcinj.com\/blog\/wp-json\/wp\/v2\/posts"}],"about":[{"href":"https:\/\/www.visit-ulcinj.com\/blog\/wp-json\/wp\/v2\/types\/post"}],"author":[{"embeddable":true,"href":"https:\/\/www.visit-ulcinj.com\/blog\/wp-json\/wp\/v2\/users\/1"}],"replies":[{"embeddable":true,"href":"https:\/\/www.visit-ulcinj.com\/blog\/wp-json\/wp\/v2\/comments?post=60579"}],"version-history":[{"count":5,"href":"https:\/\/www.visit-ulcinj.com\/blog\/wp-json\/wp\/v2\/posts\/60579\/revisions"}],"predecessor-version":[{"id":60588,"href":"https:\/\/www.visit-ulcinj.com\/blog\/wp-json\/wp\/v2\/posts\/60579\/revisions\/60588"}],"wp:attachment":[{"href":"https:\/\/www.visit-ulcinj.com\/blog\/wp-json\/wp\/v2\/media?parent=60579"}],"wp:term":[{"taxonomy":"category","embeddable":true,"href":"https:\/\/www.visit-ulcinj.com\/blog\/wp-json\/wp\/v2\/categories?post=60579"},{"taxonomy":"post_tag","embeddable":true,"href":"https:\/\/www.visit-ulcinj.com\/blog\/wp-json\/wp\/v2\/tags?post=60579"}],"curies":[{"name":"wp","href":"https:\/\/api.w.org\/{rel}","templated":true}]}}