{"id":60593,"date":"2012-05-18T17:57:01","date_gmt":"2012-05-18T16:57:01","guid":{"rendered":"http:\/\/www.visit-ulcinj.com\/blog\/?p=60593"},"modified":"2012-05-18T17:57:01","modified_gmt":"2012-05-18T16:57:01","slug":"tahir-tahiri-priti-knsh-en-nga-lugina-e-presheves","status":"publish","type":"post","link":"https:\/\/www.visit-ulcinj.com\/blog\/2012\/05\/18\/tahir-tahiri-priti-knsh-en-nga-lugina-e-presheves\/","title":{"rendered":"Tahir Tahiri priti KNSH-\u00ebn nga Lugina e Preshev\u00ebs"},"content":{"rendered":"<p style=\"text-align: left;\"><a href=\"http:\/\/www.visit-ulcinj.com\/blog\/wp-content\/uploads\/2011\/03\/KNSH_MZ_logo.jpg\"><img loading=\"lazy\" class=\"alignleft  wp-image-45189\" title=\"KNSH_MZ_logo\" src=\"http:\/\/www.visit-ulcinj.com\/blog\/wp-content\/uploads\/2011\/03\/KNSH_MZ_logo.jpg\" alt=\"\" width=\"318\" height=\"142\" srcset=\"https:\/\/www.visit-ulcinj.com\/blog\/wp-content\/uploads\/2011\/03\/KNSH_MZ_logo.jpg 318w, https:\/\/www.visit-ulcinj.com\/blog\/wp-content\/uploads\/2011\/03\/KNSH_MZ_logo-300x133.jpg 300w\" sizes=\"(max-width: 318px) 100vw, 318px\" \/><\/a>K\u00cbSHILLI NACIONAL I SHQIPTAR\u00cbVE N\u00cb MALIN E ZI<\/p>\n<p style=\"text-align: left;\">NACIONALNI SAVJET ALBANACA U CRNOJ GORI<\/p>\n<p style=\"text-align: left;\">ALBANIAN NATIONAL COUNCIL IN MONTENEGRO<\/p>\n<p>Nr.14|12<\/p>\n<p>Ulqin, m\u00eb\u00a0 18.05. 2012<\/p>\n<p>&nbsp;<\/p>\n<p style=\"text-align: center;\">KUMTES\u00cb P\u00cbR MEDIA<\/p>\n<p>&nbsp;<\/p>\n<p>Kryetari i K\u00ebshillit Nacional t\u00eb Shqiptar\u00ebve n\u00eb Malin Zi, z. Tahir Tahiri, u takua sot n\u00eb\u00a0 n\u00eb zyren e Knsh-s\u00eb, me\u00a0\u00a0 delegacionin e\u00a0 K\u00ebshillit Nacional t\u00eb shqiptar\u00ebve nga Lugina e Preshev\u00ebs, i kryesuar nga Kryetari\u00a0 z. Galip Beqiri.<\/p>\n<p>Ne ket\u00eb bashk\u00ebbisedim v\u00ebllaz\u00ebror\u00eb,\u00a0\u00a0 kryetari Tahiri\u00a0 e\u00a0 njoftoj kryetarin Beqiri me bashk\u00ebpun\u00ebtor\u00ebt e tij, p\u00ebr problemet kryesore me te cilat p\u00ebrballen shqiptar\u00ebt n\u00eb Malin e Zi, dhe aktivitetet e deritanishme t\u00eb KNSh- s\u00eb si dhe projektet t\u00eb cilat K\u00ebshilli planifikon ti realizoj\u00eb\u00a0 n\u00eb t\u00eb ardhmen.<\/p>\n<p>Nga ana e tij edhe kryetari i K\u00ebshillit t\u00eb shqiptar\u00ebve nga Lugina e Preshev\u00ebs , pasi falenderoj\u00a0 \u00a0\u00a0p\u00ebr pritjen v\u00ebllazerore , e njohtoj \u00a0kryetarin Tahiri me problemet dhe situaten politike\u00a0 t\u00eb shqiptar\u00ebve n\u00eb Lugin\u00ebn e Preshev\u00ebs, e cila si\u00e7 tha z. Beqiri \u00ebsht\u00eb gjithnj\u00eb e ma e veshtir\u00eb e k\u00ebt\u00eb e d\u00ebshmon\u00a0\u00a0 shp\u00ebrngulja\u00a0 gjithnj\u00eb e ma e madhe e shqiptar\u00ebve\u00a0 nga k\u00ebto treva shqiptare.<\/p>\n<p>N\u00eb k\u00ebt\u00eb takim, dy kryetar\u00ebt e K\u00ebshillave Nacionale, z. Tahiri dhe z. Beqiri biseduan dhe p\u00ebr problemet\u00a0 dhe m\u00ebnyrat e funksionimit t\u00eb\u00a0 K\u00ebshillave Nacionale p\u00ebrkat\u00ebse, \u00a0duke potencuar nevoj\u00ebn e bashk\u00ebpunimit dhe shk\u00ebmbimit t\u00eb ndersjell\u00eb t\u00eb p\u00ebrvojave t\u00eb dy k\u00ebshillave Nacionale t\u00eb Shqiptar\u00ebve n\u00eb fjal\u00eb.<\/p>\n<p>Z. Beqiri e ftoj kryetarin e K\u00ebshillit Nacional t\u00eb Shqiptar\u00ebve n\u00eb Malin e Zi, \u00a0\u00a0q\u00eb ta vizitoj\u00eb K\u00ebshillin e Shqiptar\u00ebve n\u00eb Lugin\u00ebn e Preshev\u00ebs, ftes\u00eb kjo e cila me k\u00ebnaqesi u pranua nga\u00a0 kryetari i KNSH-s\u00eb z. Tahiri.<\/p>\n<p>&nbsp;<\/p>\n<p>Sh\u00ebrbimi p\u00ebr informim i KNSh-s\u00eb,<\/p>\n<p>Daut Ceka<\/p>\n","protected":false},"excerpt":{"rendered":"<p>K\u00cbSHILLI NACIONAL I SHQIPTAR\u00cbVE N\u00cb MALIN E ZI NACIONALNI SAVJET ALBANACA U CRNOJ GORI ALBANIAN NATIONAL COUNCIL IN MONTENEGRO Nr.14|12 Ulqin, m\u00eb\u00a0 18.05. 2012 &nbsp; KUMTES\u00cb P\u00cbR MEDIA &nbsp; Kryetari i K\u00ebshillit Nacional t\u00eb Shqiptar\u00ebve n\u00eb Malin Zi, z. Tahir Tahiri, u takua sot n\u00eb\u00a0 n\u00eb zyren e Knsh-s\u00eb, me\u00a0\u00a0 delegacionin e\u00a0 K\u00ebshillit Nacional t\u00eb [&hellip;]<\/p>\n","protected":false},"author":1,"featured_media":0,"comment_status":"open","ping_status":"closed","sticky":false,"template":"","format":"standard","meta":{"spay_email":"","jetpack_publicize_message":"","jetpack_is_tweetstorm":false,"jetpack_publicize_feature_enabled":true},"categories":[11],"tags":[5913,200,18],"jetpack_publicize_connections":[],"yoast_head":"<!-- This site is optimized with the Yoast SEO plugin v19.1 - https:\/\/yoast.com\/wordpress\/plugins\/seo\/ -->\n<title>Tahir Tahiri priti KNSH-\u00ebn nga Lugina e Preshev\u00ebs - Lajme nga Ulqini<\/title>\n<meta name=\"description\" content=\"K\u00cbSHILLI NACIONAL I SHQIPTAR\u00cbVE N\u00cb MALIN E ZI NACIONALNI SAVJET ALBANACA U CRNOJ GORI ALBANIAN NATIONAL COUNCIL IN MONTENEGRO Nr.14|12 Ulqin, m\u00eb\u00a0 18.05.\" \/>\n<meta name=\"robots\" content=\"index, follow, max-snippet:-1, max-image-preview:large, max-video-preview:-1\" \/>\n<link rel=\"canonical\" href=\"https:\/\/www.visit-ulcinj.com\/blog\/2012\/05\/18\/tahir-tahiri-priti-knsh-en-nga-lugina-e-presheves\/\" \/>\n<meta property=\"og:locale\" content=\"en_US\" \/>\n<meta property=\"og:type\" content=\"article\" \/>\n<meta property=\"og:title\" content=\"Tahir Tahiri priti KNSH-\u00ebn nga Lugina e Preshev\u00ebs - Lajme nga Ulqini\" \/>\n<meta property=\"og:description\" content=\"K\u00cbSHILLI NACIONAL I SHQIPTAR\u00cbVE N\u00cb MALIN E ZI NACIONALNI SAVJET ALBANACA U CRNOJ GORI ALBANIAN NATIONAL COUNCIL IN MONTENEGRO Nr.14|12 Ulqin, m\u00eb\u00a0 18.05.\" \/>\n<meta property=\"og:url\" content=\"https:\/\/www.visit-ulcinj.com\/blog\/2012\/05\/18\/tahir-tahiri-priti-knsh-en-nga-lugina-e-presheves\/\" \/>\n<meta property=\"og:site_name\" content=\"Lajme nga Ulqini\" \/>\n<meta property=\"article:published_time\" content=\"2012-05-18T16:57:01+00:00\" \/>\n<meta property=\"og:image\" content=\"http:\/\/www.visit-ulcinj.com\/blog\/wp-content\/uploads\/2011\/03\/KNSH_MZ_logo.jpg\" \/>\n<meta name=\"twitter:label1\" content=\"Written by\" \/>\n\t<meta name=\"twitter:data1\" content=\"ulqini\" \/>\n\t<meta name=\"twitter:label2\" content=\"Est. reading time\" \/>\n\t<meta name=\"twitter:data2\" content=\"2 minutes\" \/>\n<script type=\"application\/ld+json\" class=\"yoast-schema-graph\">{\"@context\":\"https:\/\/schema.org\",\"@graph\":[{\"@type\":\"WebSite\",\"@id\":\"https:\/\/www.visit-ulcinj.com\/blog\/#website\",\"url\":\"https:\/\/www.visit-ulcinj.com\/blog\/\",\"name\":\"Lajme nga Ulqini\",\"description\":\"Lajme,Vijesti,Ulqini,Ulqin,Crna Gora,Mali i Zi\",\"potentialAction\":[{\"@type\":\"SearchAction\",\"target\":{\"@type\":\"EntryPoint\",\"urlTemplate\":\"https:\/\/www.visit-ulcinj.com\/blog\/?s={search_term_string}\"},\"query-input\":\"required name=search_term_string\"}],\"inLanguage\":\"en-US\"},{\"@type\":\"ImageObject\",\"inLanguage\":\"en-US\",\"@id\":\"https:\/\/www.visit-ulcinj.com\/blog\/2012\/05\/18\/tahir-tahiri-priti-knsh-en-nga-lugina-e-presheves\/#primaryimage\",\"url\":\"https:\/\/www.visit-ulcinj.com\/blog\/wp-content\/uploads\/2011\/03\/KNSH_MZ_logo.jpg\",\"contentUrl\":\"https:\/\/www.visit-ulcinj.com\/blog\/wp-content\/uploads\/2011\/03\/KNSH_MZ_logo.jpg\",\"width\":\"318\",\"height\":\"142\"},{\"@type\":\"WebPage\",\"@id\":\"https:\/\/www.visit-ulcinj.com\/blog\/2012\/05\/18\/tahir-tahiri-priti-knsh-en-nga-lugina-e-presheves\/#webpage\",\"url\":\"https:\/\/www.visit-ulcinj.com\/blog\/2012\/05\/18\/tahir-tahiri-priti-knsh-en-nga-lugina-e-presheves\/\",\"name\":\"Tahir Tahiri priti KNSH-\u00ebn nga Lugina e Preshev\u00ebs - Lajme nga Ulqini\",\"isPartOf\":{\"@id\":\"https:\/\/www.visit-ulcinj.com\/blog\/#website\"},\"primaryImageOfPage\":{\"@id\":\"https:\/\/www.visit-ulcinj.com\/blog\/2012\/05\/18\/tahir-tahiri-priti-knsh-en-nga-lugina-e-presheves\/#primaryimage\"},\"datePublished\":\"2012-05-18T16:57:01+00:00\",\"dateModified\":\"2012-05-18T16:57:01+00:00\",\"author\":{\"@id\":\"https:\/\/www.visit-ulcinj.com\/blog\/#\/schema\/person\/dcab619c614d3038751c63bc2aadc06d\"},\"description\":\"K\u00cbSHILLI NACIONAL I SHQIPTAR\u00cbVE N\u00cb MALIN E ZI NACIONALNI SAVJET ALBANACA U CRNOJ GORI ALBANIAN NATIONAL COUNCIL IN MONTENEGRO Nr.14|12 Ulqin, m\u00eb\u00a0 18.05.\",\"breadcrumb\":{\"@id\":\"https:\/\/www.visit-ulcinj.com\/blog\/2012\/05\/18\/tahir-tahiri-priti-knsh-en-nga-lugina-e-presheves\/#breadcrumb\"},\"inLanguage\":\"en-US\",\"potentialAction\":[{\"@type\":\"ReadAction\",\"target\":[\"https:\/\/www.visit-ulcinj.com\/blog\/2012\/05\/18\/tahir-tahiri-priti-knsh-en-nga-lugina-e-presheves\/\"]}]},{\"@type\":\"BreadcrumbList\",\"@id\":\"https:\/\/www.visit-ulcinj.com\/blog\/2012\/05\/18\/tahir-tahiri-priti-knsh-en-nga-lugina-e-presheves\/#breadcrumb\",\"itemListElement\":[{\"@type\":\"ListItem\",\"position\":1,\"name\":\"Tahir Tahiri priti KNSH-\u00ebn nga Lugina e Preshev\u00ebs\"}]},{\"@type\":\"Person\",\"@id\":\"https:\/\/www.visit-ulcinj.com\/blog\/#\/schema\/person\/dcab619c614d3038751c63bc2aadc06d\",\"name\":\"ulqini\",\"sameAs\":[\"http:\/\/www.visit-ulcinj.com\"],\"url\":\"https:\/\/www.visit-ulcinj.com\/blog\/author\/admin\/\"}]}<\/script>\n<!-- \/ Yoast SEO plugin. -->","yoast_head_json":{"title":"Tahir Tahiri priti KNSH-\u00ebn nga Lugina e Preshev\u00ebs - Lajme nga Ulqini","description":"K\u00cbSHILLI NACIONAL I SHQIPTAR\u00cbVE N\u00cb MALIN E ZI NACIONALNI SAVJET ALBANACA U CRNOJ GORI ALBANIAN NATIONAL COUNCIL IN MONTENEGRO Nr.14|12 Ulqin, m\u00eb\u00a0 18.05.","robots":{"index":"index","follow":"follow","max-snippet":"max-snippet:-1","max-image-preview":"max-image-preview:large","max-video-preview":"max-video-preview:-1"},"canonical":"https:\/\/www.visit-ulcinj.com\/blog\/2012\/05\/18\/tahir-tahiri-priti-knsh-en-nga-lugina-e-presheves\/","og_locale":"en_US","og_type":"article","og_title":"Tahir Tahiri priti KNSH-\u00ebn nga Lugina e Preshev\u00ebs - Lajme nga Ulqini","og_description":"K\u00cbSHILLI NACIONAL I SHQIPTAR\u00cbVE N\u00cb MALIN E ZI NACIONALNI SAVJET ALBANACA U CRNOJ GORI ALBANIAN NATIONAL COUNCIL IN MONTENEGRO Nr.14|12 Ulqin, m\u00eb\u00a0 18.05.","og_url":"https:\/\/www.visit-ulcinj.com\/blog\/2012\/05\/18\/tahir-tahiri-priti-knsh-en-nga-lugina-e-presheves\/","og_site_name":"Lajme nga Ulqini","article_published_time":"2012-05-18T16:57:01+00:00","og_image":[{"url":"http:\/\/www.visit-ulcinj.com\/blog\/wp-content\/uploads\/2011\/03\/KNSH_MZ_logo.jpg"}],"twitter_misc":{"Written by":"ulqini","Est. reading time":"2 minutes"},"schema":{"@context":"https:\/\/schema.org","@graph":[{"@type":"WebSite","@id":"https:\/\/www.visit-ulcinj.com\/blog\/#website","url":"https:\/\/www.visit-ulcinj.com\/blog\/","name":"Lajme nga Ulqini","description":"Lajme,Vijesti,Ulqini,Ulqin,Crna Gora,Mali i Zi","potentialAction":[{"@type":"SearchAction","target":{"@type":"EntryPoint","urlTemplate":"https:\/\/www.visit-ulcinj.com\/blog\/?s={search_term_string}"},"query-input":"required name=search_term_string"}],"inLanguage":"en-US"},{"@type":"ImageObject","inLanguage":"en-US","@id":"https:\/\/www.visit-ulcinj.com\/blog\/2012\/05\/18\/tahir-tahiri-priti-knsh-en-nga-lugina-e-presheves\/#primaryimage","url":"https:\/\/www.visit-ulcinj.com\/blog\/wp-content\/uploads\/2011\/03\/KNSH_MZ_logo.jpg","contentUrl":"https:\/\/www.visit-ulcinj.com\/blog\/wp-content\/uploads\/2011\/03\/KNSH_MZ_logo.jpg","width":"318","height":"142"},{"@type":"WebPage","@id":"https:\/\/www.visit-ulcinj.com\/blog\/2012\/05\/18\/tahir-tahiri-priti-knsh-en-nga-lugina-e-presheves\/#webpage","url":"https:\/\/www.visit-ulcinj.com\/blog\/2012\/05\/18\/tahir-tahiri-priti-knsh-en-nga-lugina-e-presheves\/","name":"Tahir Tahiri priti KNSH-\u00ebn nga Lugina e Preshev\u00ebs - Lajme nga Ulqini","isPartOf":{"@id":"https:\/\/www.visit-ulcinj.com\/blog\/#website"},"primaryImageOfPage":{"@id":"https:\/\/www.visit-ulcinj.com\/blog\/2012\/05\/18\/tahir-tahiri-priti-knsh-en-nga-lugina-e-presheves\/#primaryimage"},"datePublished":"2012-05-18T16:57:01+00:00","dateModified":"2012-05-18T16:57:01+00:00","author":{"@id":"https:\/\/www.visit-ulcinj.com\/blog\/#\/schema\/person\/dcab619c614d3038751c63bc2aadc06d"},"description":"K\u00cbSHILLI NACIONAL I SHQIPTAR\u00cbVE N\u00cb MALIN E ZI NACIONALNI SAVJET ALBANACA U CRNOJ GORI ALBANIAN NATIONAL COUNCIL IN MONTENEGRO Nr.14|12 Ulqin, m\u00eb\u00a0 18.05.","breadcrumb":{"@id":"https:\/\/www.visit-ulcinj.com\/blog\/2012\/05\/18\/tahir-tahiri-priti-knsh-en-nga-lugina-e-presheves\/#breadcrumb"},"inLanguage":"en-US","potentialAction":[{"@type":"ReadAction","target":["https:\/\/www.visit-ulcinj.com\/blog\/2012\/05\/18\/tahir-tahiri-priti-knsh-en-nga-lugina-e-presheves\/"]}]},{"@type":"BreadcrumbList","@id":"https:\/\/www.visit-ulcinj.com\/blog\/2012\/05\/18\/tahir-tahiri-priti-knsh-en-nga-lugina-e-presheves\/#breadcrumb","itemListElement":[{"@type":"ListItem","position":1,"name":"Tahir Tahiri priti KNSH-\u00ebn nga Lugina e Preshev\u00ebs"}]},{"@type":"Person","@id":"https:\/\/www.visit-ulcinj.com\/blog\/#\/schema\/person\/dcab619c614d3038751c63bc2aadc06d","name":"ulqini","sameAs":["http:\/\/www.visit-ulcinj.com"],"url":"https:\/\/www.visit-ulcinj.com\/blog\/author\/admin\/"}]}},"jetpack_featured_media_url":"","jetpack_sharing_enabled":true,"jetpack_shortlink":"https:\/\/wp.me\/pe6lTn-fLj","_links":{"self":[{"href":"https:\/\/www.visit-ulcinj.com\/blog\/wp-json\/wp\/v2\/posts\/60593"}],"collection":[{"href":"https:\/\/www.visit-ulcinj.com\/blog\/wp-json\/wp\/v2\/posts"}],"about":[{"href":"https:\/\/www.visit-ulcinj.com\/blog\/wp-json\/wp\/v2\/types\/post"}],"author":[{"embeddable":true,"href":"https:\/\/www.visit-ulcinj.com\/blog\/wp-json\/wp\/v2\/users\/1"}],"replies":[{"embeddable":true,"href":"https:\/\/www.visit-ulcinj.com\/blog\/wp-json\/wp\/v2\/comments?post=60593"}],"version-history":[{"count":2,"href":"https:\/\/www.visit-ulcinj.com\/blog\/wp-json\/wp\/v2\/posts\/60593\/revisions"}],"predecessor-version":[{"id":60597,"href":"https:\/\/www.visit-ulcinj.com\/blog\/wp-json\/wp\/v2\/posts\/60593\/revisions\/60597"}],"wp:attachment":[{"href":"https:\/\/www.visit-ulcinj.com\/blog\/wp-json\/wp\/v2\/media?parent=60593"}],"wp:term":[{"taxonomy":"category","embeddable":true,"href":"https:\/\/www.visit-ulcinj.com\/blog\/wp-json\/wp\/v2\/categories?post=60593"},{"taxonomy":"post_tag","embeddable":true,"href":"https:\/\/www.visit-ulcinj.com\/blog\/wp-json\/wp\/v2\/tags?post=60593"}],"curies":[{"name":"wp","href":"https:\/\/api.w.org\/{rel}","templated":true}]}}