{"id":60598,"date":"2012-05-18T18:16:32","date_gmt":"2012-05-18T17:16:32","guid":{"rendered":"http:\/\/www.visit-ulcinj.com\/blog\/?p=60598"},"modified":"2012-05-18T18:16:32","modified_gmt":"2012-05-18T17:16:32","slug":"placa-se-ulaz-na-adustrogi-nudisticki-rezim","status":"publish","type":"post","link":"https:\/\/www.visit-ulcinj.com\/blog\/2012\/05\/18\/placa-se-ulaz-na-adustrogi-nudisticki-rezim\/","title":{"rendered":"Pla\u0107a se ulaz na Adu,strogi nudisti\u010dki re\u017eim"},"content":{"rendered":"<p><a href=\"http:\/\/www.visit-ulcinj.com\/blog\/wp-content\/uploads\/2012\/05\/Ulaz-na-Adu-Bojanu_Ulcinj.jpg\"><img loading=\"lazy\" class=\"alignleft  wp-image-60599\" title=\"Ulaz-na-Adu-Bojanu_Ulcinj\" src=\"http:\/\/www.visit-ulcinj.com\/blog\/wp-content\/uploads\/2012\/05\/Ulaz-na-Adu-Bojanu_Ulcinj.jpg\" alt=\"\" width=\"508\" height=\"366\" \/><\/a>Uprava HTP \u201eUlcinjska rivijera\u201d odlu\u010dila je da i ove sezone napla\u0107uje ulaz svim posjetiocima koji nijesu gosti naturisti\u010dkog naselja. Ulaz na Adu Bojanu se napla\u0107uje pet eura po automobilu i jedan euro po osobi, odnosno ulaz za pje\u0161ake iznosi dva eura. Naplata ulaska u naselje va\u017ei za sve osim za goste hotela za koje je ulaz besplatan. Sistem naplate i isti cjenovnik se primjenjivao i pro\u0161log ljeta. Od pretpro\u0161log ljeta besplatne propusnice vi\u0161e nijesu u upotrebi. Svi koji \u017eele svakodnevno da ulaze na Adu mogu kupiti propusnicu koja va\u017ei za cijelu sezonu, po cijeni od 100 eura. Mnogi ribari i vlasnici vikendica godinama negoduju zbog naplate ulaska na ostrvo. Iz HTP \u201eUlcinjska rivijera\u201d ka\u017eu da imaju pravo na naplatu ulaza i tvrde da je cjelokupna imovina Ade njihovo vlasni\u0161tvo, kao i put, most i rasvjeta. Iz turisti\u010dke inspekcije pro\u0161le godine upozorili su da Zakon o turizmu ne dozvoljava naplatu ulaza i da odluke koje \u201eRivijera\u201d donosi unutar preduze\u0107a nijesu validne.<\/p>\n<p><a href=\"http:\/\/www.dan.co.me\/?nivo=3&amp;rubrika=Regioni&amp;clanak=331775&amp;datum=2012-05-18&amp;naslov=Pla%E6a%20se%20ulaz%20na%20Adu\" target=\"_blank\"><strong>Izvor: DAN<\/strong><\/a><\/p>\n","protected":false},"excerpt":{"rendered":"<p>Uprava HTP \u201eUlcinjska rivijera\u201d odlu\u010dila je da i ove sezone napla\u0107uje ulaz svim posjetiocima koji nijesu gosti naturisti\u010dkog naselja. Ulaz na Adu Bojanu se napla\u0107uje pet eura po automobilu i jedan euro po osobi, odnosno ulaz za pje\u0161ake iznosi dva eura. Naplata ulaska u naselje va\u017ei za sve osim za goste hotela za koje je [&hellip;]<\/p>\n","protected":false},"author":1,"featured_media":0,"comment_status":"open","ping_status":"closed","sticky":false,"template":"","format":"standard","meta":{"spay_email":"","jetpack_publicize_message":"","jetpack_is_tweetstorm":false,"jetpack_publicize_feature_enabled":true},"categories":[8337],"tags":[138,14799,19],"jetpack_publicize_connections":[],"yoast_head":"<!-- This site is optimized with the Yoast SEO plugin v19.1 - https:\/\/yoast.com\/wordpress\/plugins\/seo\/ -->\n<title>Pla\u0107a se ulaz na Adu,strogi nudisti\u010dki re\u017eim - Lajme nga Ulqini<\/title>\n<meta name=\"description\" content=\"Uprava HTP \u201eUlcinjska rivijera\u201d odlu\u010dila je da i ove sezone napla\u0107uje ulaz svim posjetiocima koji nijesu gosti naturisti\u010dkog naselja. Ulaz na Adu Bojanu\" \/>\n<meta name=\"robots\" content=\"index, follow, max-snippet:-1, max-image-preview:large, max-video-preview:-1\" \/>\n<link rel=\"canonical\" href=\"https:\/\/www.visit-ulcinj.com\/blog\/2012\/05\/18\/placa-se-ulaz-na-adustrogi-nudisticki-rezim\/\" \/>\n<meta property=\"og:locale\" content=\"en_US\" \/>\n<meta property=\"og:type\" content=\"article\" \/>\n<meta property=\"og:title\" content=\"Pla\u0107a se ulaz na Adu,strogi nudisti\u010dki re\u017eim - Lajme nga Ulqini\" \/>\n<meta property=\"og:description\" content=\"Uprava HTP \u201eUlcinjska rivijera\u201d odlu\u010dila je da i ove sezone napla\u0107uje ulaz svim posjetiocima koji nijesu gosti naturisti\u010dkog naselja. Ulaz na Adu Bojanu\" \/>\n<meta property=\"og:url\" content=\"https:\/\/www.visit-ulcinj.com\/blog\/2012\/05\/18\/placa-se-ulaz-na-adustrogi-nudisticki-rezim\/\" \/>\n<meta property=\"og:site_name\" content=\"Lajme nga Ulqini\" \/>\n<meta property=\"article:published_time\" content=\"2012-05-18T17:16:32+00:00\" \/>\n<meta property=\"og:image\" content=\"http:\/\/www.visit-ulcinj.com\/blog\/wp-content\/uploads\/2012\/05\/Ulaz-na-Adu-Bojanu_Ulcinj.jpg\" \/>\n<meta name=\"twitter:label1\" content=\"Written by\" \/>\n\t<meta name=\"twitter:data1\" content=\"ulqini\" \/>\n\t<meta name=\"twitter:label2\" content=\"Est. reading time\" \/>\n\t<meta name=\"twitter:data2\" content=\"1 minute\" \/>\n<script type=\"application\/ld+json\" class=\"yoast-schema-graph\">{\"@context\":\"https:\/\/schema.org\",\"@graph\":[{\"@type\":\"WebSite\",\"@id\":\"https:\/\/www.visit-ulcinj.com\/blog\/#website\",\"url\":\"https:\/\/www.visit-ulcinj.com\/blog\/\",\"name\":\"Lajme nga Ulqini\",\"description\":\"Lajme,Vijesti,Ulqini,Ulqin,Crna Gora,Mali i Zi\",\"potentialAction\":[{\"@type\":\"SearchAction\",\"target\":{\"@type\":\"EntryPoint\",\"urlTemplate\":\"https:\/\/www.visit-ulcinj.com\/blog\/?s={search_term_string}\"},\"query-input\":\"required name=search_term_string\"}],\"inLanguage\":\"en-US\"},{\"@type\":\"ImageObject\",\"inLanguage\":\"en-US\",\"@id\":\"https:\/\/www.visit-ulcinj.com\/blog\/2012\/05\/18\/placa-se-ulaz-na-adustrogi-nudisticki-rezim\/#primaryimage\",\"url\":\"https:\/\/www.visit-ulcinj.com\/blog\/wp-content\/uploads\/2012\/05\/Ulaz-na-Adu-Bojanu_Ulcinj.jpg\",\"contentUrl\":\"https:\/\/www.visit-ulcinj.com\/blog\/wp-content\/uploads\/2012\/05\/Ulaz-na-Adu-Bojanu_Ulcinj.jpg\",\"width\":\"490\",\"height\":\"366\"},{\"@type\":\"WebPage\",\"@id\":\"https:\/\/www.visit-ulcinj.com\/blog\/2012\/05\/18\/placa-se-ulaz-na-adustrogi-nudisticki-rezim\/#webpage\",\"url\":\"https:\/\/www.visit-ulcinj.com\/blog\/2012\/05\/18\/placa-se-ulaz-na-adustrogi-nudisticki-rezim\/\",\"name\":\"Pla\u0107a se ulaz na Adu,strogi nudisti\u010dki re\u017eim - Lajme nga Ulqini\",\"isPartOf\":{\"@id\":\"https:\/\/www.visit-ulcinj.com\/blog\/#website\"},\"primaryImageOfPage\":{\"@id\":\"https:\/\/www.visit-ulcinj.com\/blog\/2012\/05\/18\/placa-se-ulaz-na-adustrogi-nudisticki-rezim\/#primaryimage\"},\"datePublished\":\"2012-05-18T17:16:32+00:00\",\"dateModified\":\"2012-05-18T17:16:32+00:00\",\"author\":{\"@id\":\"https:\/\/www.visit-ulcinj.com\/blog\/#\/schema\/person\/dcab619c614d3038751c63bc2aadc06d\"},\"description\":\"Uprava HTP \u201eUlcinjska rivijera\u201d odlu\u010dila je da i ove sezone napla\u0107uje ulaz svim posjetiocima koji nijesu gosti naturisti\u010dkog naselja. Ulaz na Adu Bojanu\",\"breadcrumb\":{\"@id\":\"https:\/\/www.visit-ulcinj.com\/blog\/2012\/05\/18\/placa-se-ulaz-na-adustrogi-nudisticki-rezim\/#breadcrumb\"},\"inLanguage\":\"en-US\",\"potentialAction\":[{\"@type\":\"ReadAction\",\"target\":[\"https:\/\/www.visit-ulcinj.com\/blog\/2012\/05\/18\/placa-se-ulaz-na-adustrogi-nudisticki-rezim\/\"]}]},{\"@type\":\"BreadcrumbList\",\"@id\":\"https:\/\/www.visit-ulcinj.com\/blog\/2012\/05\/18\/placa-se-ulaz-na-adustrogi-nudisticki-rezim\/#breadcrumb\",\"itemListElement\":[{\"@type\":\"ListItem\",\"position\":1,\"name\":\"Pla\u0107a se ulaz na Adu,strogi nudisti\u010dki re\u017eim\"}]},{\"@type\":\"Person\",\"@id\":\"https:\/\/www.visit-ulcinj.com\/blog\/#\/schema\/person\/dcab619c614d3038751c63bc2aadc06d\",\"name\":\"ulqini\",\"sameAs\":[\"http:\/\/www.visit-ulcinj.com\"],\"url\":\"https:\/\/www.visit-ulcinj.com\/blog\/author\/admin\/\"}]}<\/script>\n<!-- \/ Yoast SEO plugin. -->","yoast_head_json":{"title":"Pla\u0107a se ulaz na Adu,strogi nudisti\u010dki re\u017eim - Lajme nga Ulqini","description":"Uprava HTP \u201eUlcinjska rivijera\u201d odlu\u010dila je da i ove sezone napla\u0107uje ulaz svim posjetiocima koji nijesu gosti naturisti\u010dkog naselja. Ulaz na Adu Bojanu","robots":{"index":"index","follow":"follow","max-snippet":"max-snippet:-1","max-image-preview":"max-image-preview:large","max-video-preview":"max-video-preview:-1"},"canonical":"https:\/\/www.visit-ulcinj.com\/blog\/2012\/05\/18\/placa-se-ulaz-na-adustrogi-nudisticki-rezim\/","og_locale":"en_US","og_type":"article","og_title":"Pla\u0107a se ulaz na Adu,strogi nudisti\u010dki re\u017eim - Lajme nga Ulqini","og_description":"Uprava HTP \u201eUlcinjska rivijera\u201d odlu\u010dila je da i ove sezone napla\u0107uje ulaz svim posjetiocima koji nijesu gosti naturisti\u010dkog naselja. Ulaz na Adu Bojanu","og_url":"https:\/\/www.visit-ulcinj.com\/blog\/2012\/05\/18\/placa-se-ulaz-na-adustrogi-nudisticki-rezim\/","og_site_name":"Lajme nga Ulqini","article_published_time":"2012-05-18T17:16:32+00:00","og_image":[{"url":"http:\/\/www.visit-ulcinj.com\/blog\/wp-content\/uploads\/2012\/05\/Ulaz-na-Adu-Bojanu_Ulcinj.jpg"}],"twitter_misc":{"Written by":"ulqini","Est. reading time":"1 minute"},"schema":{"@context":"https:\/\/schema.org","@graph":[{"@type":"WebSite","@id":"https:\/\/www.visit-ulcinj.com\/blog\/#website","url":"https:\/\/www.visit-ulcinj.com\/blog\/","name":"Lajme nga Ulqini","description":"Lajme,Vijesti,Ulqini,Ulqin,Crna Gora,Mali i Zi","potentialAction":[{"@type":"SearchAction","target":{"@type":"EntryPoint","urlTemplate":"https:\/\/www.visit-ulcinj.com\/blog\/?s={search_term_string}"},"query-input":"required name=search_term_string"}],"inLanguage":"en-US"},{"@type":"ImageObject","inLanguage":"en-US","@id":"https:\/\/www.visit-ulcinj.com\/blog\/2012\/05\/18\/placa-se-ulaz-na-adustrogi-nudisticki-rezim\/#primaryimage","url":"https:\/\/www.visit-ulcinj.com\/blog\/wp-content\/uploads\/2012\/05\/Ulaz-na-Adu-Bojanu_Ulcinj.jpg","contentUrl":"https:\/\/www.visit-ulcinj.com\/blog\/wp-content\/uploads\/2012\/05\/Ulaz-na-Adu-Bojanu_Ulcinj.jpg","width":"490","height":"366"},{"@type":"WebPage","@id":"https:\/\/www.visit-ulcinj.com\/blog\/2012\/05\/18\/placa-se-ulaz-na-adustrogi-nudisticki-rezim\/#webpage","url":"https:\/\/www.visit-ulcinj.com\/blog\/2012\/05\/18\/placa-se-ulaz-na-adustrogi-nudisticki-rezim\/","name":"Pla\u0107a se ulaz na Adu,strogi nudisti\u010dki re\u017eim - Lajme nga Ulqini","isPartOf":{"@id":"https:\/\/www.visit-ulcinj.com\/blog\/#website"},"primaryImageOfPage":{"@id":"https:\/\/www.visit-ulcinj.com\/blog\/2012\/05\/18\/placa-se-ulaz-na-adustrogi-nudisticki-rezim\/#primaryimage"},"datePublished":"2012-05-18T17:16:32+00:00","dateModified":"2012-05-18T17:16:32+00:00","author":{"@id":"https:\/\/www.visit-ulcinj.com\/blog\/#\/schema\/person\/dcab619c614d3038751c63bc2aadc06d"},"description":"Uprava HTP \u201eUlcinjska rivijera\u201d odlu\u010dila je da i ove sezone napla\u0107uje ulaz svim posjetiocima koji nijesu gosti naturisti\u010dkog naselja. Ulaz na Adu Bojanu","breadcrumb":{"@id":"https:\/\/www.visit-ulcinj.com\/blog\/2012\/05\/18\/placa-se-ulaz-na-adustrogi-nudisticki-rezim\/#breadcrumb"},"inLanguage":"en-US","potentialAction":[{"@type":"ReadAction","target":["https:\/\/www.visit-ulcinj.com\/blog\/2012\/05\/18\/placa-se-ulaz-na-adustrogi-nudisticki-rezim\/"]}]},{"@type":"BreadcrumbList","@id":"https:\/\/www.visit-ulcinj.com\/blog\/2012\/05\/18\/placa-se-ulaz-na-adustrogi-nudisticki-rezim\/#breadcrumb","itemListElement":[{"@type":"ListItem","position":1,"name":"Pla\u0107a se ulaz na Adu,strogi nudisti\u010dki re\u017eim"}]},{"@type":"Person","@id":"https:\/\/www.visit-ulcinj.com\/blog\/#\/schema\/person\/dcab619c614d3038751c63bc2aadc06d","name":"ulqini","sameAs":["http:\/\/www.visit-ulcinj.com"],"url":"https:\/\/www.visit-ulcinj.com\/blog\/author\/admin\/"}]}},"jetpack_featured_media_url":"","jetpack_sharing_enabled":true,"jetpack_shortlink":"https:\/\/wp.me\/pe6lTn-fLo","_links":{"self":[{"href":"https:\/\/www.visit-ulcinj.com\/blog\/wp-json\/wp\/v2\/posts\/60598"}],"collection":[{"href":"https:\/\/www.visit-ulcinj.com\/blog\/wp-json\/wp\/v2\/posts"}],"about":[{"href":"https:\/\/www.visit-ulcinj.com\/blog\/wp-json\/wp\/v2\/types\/post"}],"author":[{"embeddable":true,"href":"https:\/\/www.visit-ulcinj.com\/blog\/wp-json\/wp\/v2\/users\/1"}],"replies":[{"embeddable":true,"href":"https:\/\/www.visit-ulcinj.com\/blog\/wp-json\/wp\/v2\/comments?post=60598"}],"version-history":[{"count":1,"href":"https:\/\/www.visit-ulcinj.com\/blog\/wp-json\/wp\/v2\/posts\/60598\/revisions"}],"predecessor-version":[{"id":60600,"href":"https:\/\/www.visit-ulcinj.com\/blog\/wp-json\/wp\/v2\/posts\/60598\/revisions\/60600"}],"wp:attachment":[{"href":"https:\/\/www.visit-ulcinj.com\/blog\/wp-json\/wp\/v2\/media?parent=60598"}],"wp:term":[{"taxonomy":"category","embeddable":true,"href":"https:\/\/www.visit-ulcinj.com\/blog\/wp-json\/wp\/v2\/categories?post=60598"},{"taxonomy":"post_tag","embeddable":true,"href":"https:\/\/www.visit-ulcinj.com\/blog\/wp-json\/wp\/v2\/tags?post=60598"}],"curies":[{"name":"wp","href":"https:\/\/api.w.org\/{rel}","templated":true}]}}