{"id":606,"date":"2008-02-21T15:18:13","date_gmt":"2008-02-21T20:18:13","guid":{"rendered":"http:\/\/www.visit-ulcinj.com\/blog\/2008\/02\/21\/bronza-za-ismaila-burica-poreklom-iz-ulcinja\/"},"modified":"2008-02-26T12:17:06","modified_gmt":"2008-02-26T17:17:06","slug":"bronza-za-ismaila-burica-poreklom-iz-ulcinja","status":"publish","type":"post","link":"https:\/\/www.visit-ulcinj.com\/blog\/2008\/02\/21\/bronza-za-ismaila-burica-poreklom-iz-ulcinja\/","title":{"rendered":"Bronza za Ismaila Buri?a poreklom iz Ulcinja"},"content":{"rendered":"<p><a href=\"http:\/\/www.visit-ulcinj.com\/blog\/2008\/02\/21\/bronza-za-ismaila-burica-poreklom-iz-ulcinja\/ismail-burri_bronza\/\" target=\"_blank\" rel=\"attachment wp-att-607\" title=\"Ismail Burri_Bronza\"><img loading=\"lazy\" src=\"http:\/\/www.visit-ulcinj.com\/blog\/wp-content\/uploads\/2008\/02\/ismail-buric-bronza.thumbnail.jpg\" alt=\"Ismail Burri_Bronza\" align=\"left\" height=\"133\" width=\"200\" \/><\/a><strong>Ismail Buri?<\/strong> porijeklom iz Ulcinja ?lan reprezentacije Njema?ke osvojio trece  mjesto u konkurenciji kadeta borbe 75 kg<\/p>\n<p>Ismail Buri? rodjen je 1990. u  Bremenhafen-u u Njema?koj. Njegovi roditelji su rodom iz Crne Gore, ta?nije iz  Ulcinja. Otac \u0160aban cijeli je svoj zivot radio i stvarao za buducnost familije,  a imao je ljubav koja se zove karate. Tu ljubav prenio je na Ismaila i njegovu  bra?u. <!--Opsirnije--><\/p>\n<p>Familija Buri? je familija u kojoj treningom  pocinje i zavrsava dan. Tri brata Buri?a treniraju svakodnevno sa svojim ocem, a  trening je donio i plodove. Ismail, koji je clan Kadetske repr. Njemacke i prvak  Njema?ke u kategoriji Kadeti -75 kg, osvojio je prvenstvo Njema?ke ove godine  bez ijednog izgubljenog poena i proglasen za najboljeg takmi?ara sampionata. Na  radost rodiitelja i prijatelja Ismail je u Istanbulu na proteklom prvenstvu  svijeta osvojio 3. mjesto u istoj kategoriji o ?emu kaze: Nijesam samo  naslijedio crnogorsku narav, nego sam mnogo nau?io od ljudi-Crnogoraca koji se  bave karateom. Svake godine sam bio na seminaru u Eppertshausen-u koji vode  Rajko Vujosevic i Ernes Erko Kalac, gdje stvarno mogu da naucim ono sto mi treba  kao takmicaru. I posjete Ulcinju koristim da nau?im ne\u0161to. Ove godine,  iskoristio sam vrijeme provedeno u Ulcinju da treniram sa Ulcinjanima &#8211; Ru\u017edom  Ramom, Agronom Ujka\u0161ijem i Naimom Duraku-om. Moj uzor je Afrim Latifi prvak  Evrope 2003, ucenik od Ernesa Erka Kalaca.<\/p>\n<p><strong>Uspjesi Ismaila Buri?a:  <\/strong><\/p>\n<p>Clan reprezentacije Njema?ke, 3. mjesto na SP u Istanbulu<br \/>\nPrvak  Njema?ke -75 kg 2007,<br \/>\n2 mjesto na prvenstvu Njema?ke -75 kg  2006<\/p>\n<p>Deutschemeisterschaft 3.Platz Kumite Team<br \/>\nDeutschemeisterschaft  3.Platz Kumite 2005<\/p>\n<p>Euro Youngstar 1 mjesto 2007 i 2006<\/p>\n<p>Shotokan  prvak Evrope -75 kg ESKU 2006 i 3. mjesto Open<\/p>\n<p>Svjetski kup Malm\u00f6(Esl\u00f6w)  wsku 2006 2. mjesto<\/p>\n<p>Top 5 u Eppertshausen 2. mjesto2005<br \/>\nSerbien  Montenegro kup 2005 1.Platz<\/p>\n<p>8 x prvak Bremena<\/p>\n<!--YouTube Error: bad URL entered-->\n","protected":false},"excerpt":{"rendered":"<p><img loading=\"lazy\" src=\"http:\/\/www.visit-ulcinj.com\/blog\/wp-content\/uploads\/2008\/02\/ismail-buric-bronza.thumbnail.jpg\" alt=\"Ismail Burri_Bronza\" align=\"left\" height=\"140\" width=\"140\" \/><\/p>\n","protected":false},"author":1,"featured_media":0,"comment_status":"open","ping_status":"closed","sticky":false,"template":"","format":"standard","meta":{"spay_email":"","jetpack_publicize_message":"","jetpack_is_tweetstorm":false,"jetpack_publicize_feature_enabled":true},"categories":[3],"tags":[1838,1832,90,1836,1831,1840,1830,1828,1839,79,414,1510,1710,1835,1837],"jetpack_publicize_connections":[],"yoast_head":"<!-- This site is optimized with the Yoast SEO plugin v19.1 - https:\/\/yoast.com\/wordpress\/plugins\/seo\/ -->\n<title>Bronza za Ismaila Buri?a poreklom iz Ulcinja - Lajme nga Ulqini<\/title>\n<meta name=\"robots\" content=\"index, follow, max-snippet:-1, max-image-preview:large, max-video-preview:-1\" \/>\n<link rel=\"canonical\" href=\"https:\/\/www.visit-ulcinj.com\/blog\/2008\/02\/21\/bronza-za-ismaila-burica-poreklom-iz-ulcinja\/\" \/>\n<meta property=\"og:locale\" content=\"en_US\" \/>\n<meta property=\"og:type\" content=\"article\" \/>\n<meta property=\"og:title\" content=\"Bronza za Ismaila Buri?a poreklom iz Ulcinja - Lajme nga Ulqini\" \/>\n<meta property=\"og:url\" content=\"https:\/\/www.visit-ulcinj.com\/blog\/2008\/02\/21\/bronza-za-ismaila-burica-poreklom-iz-ulcinja\/\" \/>\n<meta property=\"og:site_name\" content=\"Lajme nga Ulqini\" \/>\n<meta property=\"article:published_time\" content=\"2008-02-21T20:18:13+00:00\" \/>\n<meta property=\"article:modified_time\" content=\"2008-02-26T17:17:06+00:00\" \/>\n<meta property=\"og:image\" content=\"http:\/\/www.visit-ulcinj.com\/blog\/wp-content\/uploads\/2008\/02\/ismail-buric-bronza.thumbnail.jpg\" \/>\n<meta name=\"twitter:label1\" content=\"Written by\" \/>\n\t<meta name=\"twitter:data1\" content=\"ulqini\" \/>\n\t<meta name=\"twitter:label2\" content=\"Est. reading time\" \/>\n\t<meta name=\"twitter:data2\" content=\"2 minutes\" \/>\n<script type=\"application\/ld+json\" class=\"yoast-schema-graph\">{\"@context\":\"https:\/\/schema.org\",\"@graph\":[{\"@type\":\"WebSite\",\"@id\":\"https:\/\/www.visit-ulcinj.com\/blog\/#website\",\"url\":\"https:\/\/www.visit-ulcinj.com\/blog\/\",\"name\":\"Lajme nga Ulqini\",\"description\":\"Lajme,Vijesti,Ulqini,Ulqin,Crna Gora,Mali i Zi\",\"potentialAction\":[{\"@type\":\"SearchAction\",\"target\":{\"@type\":\"EntryPoint\",\"urlTemplate\":\"https:\/\/www.visit-ulcinj.com\/blog\/?s={search_term_string}\"},\"query-input\":\"required name=search_term_string\"}],\"inLanguage\":\"en-US\"},{\"@type\":\"ImageObject\",\"inLanguage\":\"en-US\",\"@id\":\"https:\/\/www.visit-ulcinj.com\/blog\/2008\/02\/21\/bronza-za-ismaila-burica-poreklom-iz-ulcinja\/#primaryimage\",\"url\":\"http:\/\/www.visit-ulcinj.com\/blog\/wp-content\/uploads\/2008\/02\/ismail-buric-bronza.thumbnail.jpg\",\"contentUrl\":\"http:\/\/www.visit-ulcinj.com\/blog\/wp-content\/uploads\/2008\/02\/ismail-buric-bronza.thumbnail.jpg\"},{\"@type\":\"WebPage\",\"@id\":\"https:\/\/www.visit-ulcinj.com\/blog\/2008\/02\/21\/bronza-za-ismaila-burica-poreklom-iz-ulcinja\/#webpage\",\"url\":\"https:\/\/www.visit-ulcinj.com\/blog\/2008\/02\/21\/bronza-za-ismaila-burica-poreklom-iz-ulcinja\/\",\"name\":\"Bronza za Ismaila Buri?a poreklom iz Ulcinja - Lajme nga Ulqini\",\"isPartOf\":{\"@id\":\"https:\/\/www.visit-ulcinj.com\/blog\/#website\"},\"primaryImageOfPage\":{\"@id\":\"https:\/\/www.visit-ulcinj.com\/blog\/2008\/02\/21\/bronza-za-ismaila-burica-poreklom-iz-ulcinja\/#primaryimage\"},\"datePublished\":\"2008-02-21T20:18:13+00:00\",\"dateModified\":\"2008-02-26T17:17:06+00:00\",\"author\":{\"@id\":\"https:\/\/www.visit-ulcinj.com\/blog\/#\/schema\/person\/dcab619c614d3038751c63bc2aadc06d\"},\"breadcrumb\":{\"@id\":\"https:\/\/www.visit-ulcinj.com\/blog\/2008\/02\/21\/bronza-za-ismaila-burica-poreklom-iz-ulcinja\/#breadcrumb\"},\"inLanguage\":\"en-US\",\"potentialAction\":[{\"@type\":\"ReadAction\",\"target\":[\"https:\/\/www.visit-ulcinj.com\/blog\/2008\/02\/21\/bronza-za-ismaila-burica-poreklom-iz-ulcinja\/\"]}]},{\"@type\":\"BreadcrumbList\",\"@id\":\"https:\/\/www.visit-ulcinj.com\/blog\/2008\/02\/21\/bronza-za-ismaila-burica-poreklom-iz-ulcinja\/#breadcrumb\",\"itemListElement\":[{\"@type\":\"ListItem\",\"position\":1,\"name\":\"Bronza za Ismaila Buri?a poreklom iz Ulcinja\"}]},{\"@type\":\"Person\",\"@id\":\"https:\/\/www.visit-ulcinj.com\/blog\/#\/schema\/person\/dcab619c614d3038751c63bc2aadc06d\",\"name\":\"ulqini\",\"sameAs\":[\"http:\/\/www.visit-ulcinj.com\"],\"url\":\"https:\/\/www.visit-ulcinj.com\/blog\/author\/admin\/\"}]}<\/script>\n<!-- \/ Yoast SEO plugin. -->","yoast_head_json":{"title":"Bronza za Ismaila Buri?a poreklom iz Ulcinja - Lajme nga Ulqini","robots":{"index":"index","follow":"follow","max-snippet":"max-snippet:-1","max-image-preview":"max-image-preview:large","max-video-preview":"max-video-preview:-1"},"canonical":"https:\/\/www.visit-ulcinj.com\/blog\/2008\/02\/21\/bronza-za-ismaila-burica-poreklom-iz-ulcinja\/","og_locale":"en_US","og_type":"article","og_title":"Bronza za Ismaila Buri?a poreklom iz Ulcinja - Lajme nga Ulqini","og_url":"https:\/\/www.visit-ulcinj.com\/blog\/2008\/02\/21\/bronza-za-ismaila-burica-poreklom-iz-ulcinja\/","og_site_name":"Lajme nga Ulqini","article_published_time":"2008-02-21T20:18:13+00:00","article_modified_time":"2008-02-26T17:17:06+00:00","og_image":[{"url":"http:\/\/www.visit-ulcinj.com\/blog\/wp-content\/uploads\/2008\/02\/ismail-buric-bronza.thumbnail.jpg"}],"twitter_misc":{"Written by":"ulqini","Est. reading time":"2 minutes"},"schema":{"@context":"https:\/\/schema.org","@graph":[{"@type":"WebSite","@id":"https:\/\/www.visit-ulcinj.com\/blog\/#website","url":"https:\/\/www.visit-ulcinj.com\/blog\/","name":"Lajme nga Ulqini","description":"Lajme,Vijesti,Ulqini,Ulqin,Crna Gora,Mali i Zi","potentialAction":[{"@type":"SearchAction","target":{"@type":"EntryPoint","urlTemplate":"https:\/\/www.visit-ulcinj.com\/blog\/?s={search_term_string}"},"query-input":"required name=search_term_string"}],"inLanguage":"en-US"},{"@type":"ImageObject","inLanguage":"en-US","@id":"https:\/\/www.visit-ulcinj.com\/blog\/2008\/02\/21\/bronza-za-ismaila-burica-poreklom-iz-ulcinja\/#primaryimage","url":"http:\/\/www.visit-ulcinj.com\/blog\/wp-content\/uploads\/2008\/02\/ismail-buric-bronza.thumbnail.jpg","contentUrl":"http:\/\/www.visit-ulcinj.com\/blog\/wp-content\/uploads\/2008\/02\/ismail-buric-bronza.thumbnail.jpg"},{"@type":"WebPage","@id":"https:\/\/www.visit-ulcinj.com\/blog\/2008\/02\/21\/bronza-za-ismaila-burica-poreklom-iz-ulcinja\/#webpage","url":"https:\/\/www.visit-ulcinj.com\/blog\/2008\/02\/21\/bronza-za-ismaila-burica-poreklom-iz-ulcinja\/","name":"Bronza za Ismaila Buri?a poreklom iz Ulcinja - Lajme nga Ulqini","isPartOf":{"@id":"https:\/\/www.visit-ulcinj.com\/blog\/#website"},"primaryImageOfPage":{"@id":"https:\/\/www.visit-ulcinj.com\/blog\/2008\/02\/21\/bronza-za-ismaila-burica-poreklom-iz-ulcinja\/#primaryimage"},"datePublished":"2008-02-21T20:18:13+00:00","dateModified":"2008-02-26T17:17:06+00:00","author":{"@id":"https:\/\/www.visit-ulcinj.com\/blog\/#\/schema\/person\/dcab619c614d3038751c63bc2aadc06d"},"breadcrumb":{"@id":"https:\/\/www.visit-ulcinj.com\/blog\/2008\/02\/21\/bronza-za-ismaila-burica-poreklom-iz-ulcinja\/#breadcrumb"},"inLanguage":"en-US","potentialAction":[{"@type":"ReadAction","target":["https:\/\/www.visit-ulcinj.com\/blog\/2008\/02\/21\/bronza-za-ismaila-burica-poreklom-iz-ulcinja\/"]}]},{"@type":"BreadcrumbList","@id":"https:\/\/www.visit-ulcinj.com\/blog\/2008\/02\/21\/bronza-za-ismaila-burica-poreklom-iz-ulcinja\/#breadcrumb","itemListElement":[{"@type":"ListItem","position":1,"name":"Bronza za Ismaila Buri?a poreklom iz Ulcinja"}]},{"@type":"Person","@id":"https:\/\/www.visit-ulcinj.com\/blog\/#\/schema\/person\/dcab619c614d3038751c63bc2aadc06d","name":"ulqini","sameAs":["http:\/\/www.visit-ulcinj.com"],"url":"https:\/\/www.visit-ulcinj.com\/blog\/author\/admin\/"}]}},"jetpack_featured_media_url":"","jetpack_sharing_enabled":true,"jetpack_shortlink":"https:\/\/wp.me\/pe6lTn-9M","_links":{"self":[{"href":"https:\/\/www.visit-ulcinj.com\/blog\/wp-json\/wp\/v2\/posts\/606"}],"collection":[{"href":"https:\/\/www.visit-ulcinj.com\/blog\/wp-json\/wp\/v2\/posts"}],"about":[{"href":"https:\/\/www.visit-ulcinj.com\/blog\/wp-json\/wp\/v2\/types\/post"}],"author":[{"embeddable":true,"href":"https:\/\/www.visit-ulcinj.com\/blog\/wp-json\/wp\/v2\/users\/1"}],"replies":[{"embeddable":true,"href":"https:\/\/www.visit-ulcinj.com\/blog\/wp-json\/wp\/v2\/comments?post=606"}],"version-history":[{"count":0,"href":"https:\/\/www.visit-ulcinj.com\/blog\/wp-json\/wp\/v2\/posts\/606\/revisions"}],"wp:attachment":[{"href":"https:\/\/www.visit-ulcinj.com\/blog\/wp-json\/wp\/v2\/media?parent=606"}],"wp:term":[{"taxonomy":"category","embeddable":true,"href":"https:\/\/www.visit-ulcinj.com\/blog\/wp-json\/wp\/v2\/categories?post=606"},{"taxonomy":"post_tag","embeddable":true,"href":"https:\/\/www.visit-ulcinj.com\/blog\/wp-json\/wp\/v2\/tags?post=606"}],"curies":[{"name":"wp","href":"https:\/\/api.w.org\/{rel}","templated":true}]}}