{"id":60601,"date":"2012-05-19T15:52:59","date_gmt":"2012-05-19T14:52:59","guid":{"rendered":"http:\/\/www.visit-ulcinj.com\/blog\/?p=60601"},"modified":"2012-05-23T10:48:32","modified_gmt":"2012-05-23T09:48:32","slug":"ne-kalane-e-shasit-filloi-manifestimi-pranvera-ne-ane-te-malit","status":"publish","type":"post","link":"https:\/\/www.visit-ulcinj.com\/blog\/2012\/05\/19\/ne-kalane-e-shasit-filloi-manifestimi-pranvera-ne-ane-te-malit\/","title":{"rendered":"N\u00eb Kalan\u00eb e Shasit filloi manifestimi &#8220;Pranvera n\u00eb An\u00eb t\u00eb Malit&#8221; &#8211; Foto &#8211; Video"},"content":{"rendered":"<p><a href=\"http:\/\/www.visit-ulcinj.com\/blog\/wp-content\/uploads\/2012\/05\/N\u00eb-Kalan\u00eb-e-Shasit-filloi-manifestimi-_Pranvera-n\u00eb-An\u00eb-t\u00eb-Malit.4.jpg\"><img loading=\"lazy\" class=\"alignleft  wp-image-60602\" title=\"N\u00eb Kalan\u00eb e Shasit filloi manifestimi _Pranvera n\u00eb An\u00eb t\u00eb Malit.4\" src=\"http:\/\/www.visit-ulcinj.com\/blog\/wp-content\/uploads\/2012\/05\/N\u00eb-Kalan\u00eb-e-Shasit-filloi-manifestimi-_Pranvera-n\u00eb-An\u00eb-t\u00eb-Malit.4.jpg\" alt=\"\" width=\"508\" height=\"360\" \/><\/a>Per te n\u00ebntin vite me radhe ne qytetin antik te Shasit mbahet manifestimi gjithepopullor \u201cManifestimi \u201cPranvera n\u00eb An\u00eb t\u00eb Malit\u201d maj 2012.<\/p>\n<p>Mbr\u00ebm\u00eb n\u00eb Kalan\u00eb e Shasit filloi hapja e manifestimit &#8220;Pranvera n\u00eb An\u00eb t\u00eb Malit&#8221;, nj\u00eb bashk\u00ebpunim ky nd\u00ebrmjet shoqat\u00ebs &#8220;Ora&#8221;dhe &#8220;Art Club&#8221;.N\u00eb k\u00ebt\u00eb mbr\u00ebmje n\u00ebn qiellin plot yje dhe me pishtar\u00ebt e ndezur , me veshjet tradicionale t\u00eb An\u00ebs s\u00eb Malit dhe me eksponate t\u00eb ndryshme mori jet\u00eb cikli &#8220;Ana e Malit nd\u00ebr vite&#8221;.U krijua k\u00ebshtu p\u00ebrshtypja p\u00ebr nj\u00eb kthim n\u00eb lasht\u00ebsi, nj\u00eb kthim n\u00eb t\u00eb bukur\u00ebn, tradicionalen ton\u00eb.Moderatorja e programit zonja Arjeta Lika Kurti ftoi n\u00eb sken\u00eb zonj\u00ebn e moshuar Sut\u00eb Xhurreta e cila kishte sjell\u00eb me vete veshje dhe eksponate t\u00eb ndryshme, ku me k\u00ebt\u00eb rast edhe b\u00ebri spjegimin p\u00ebr secilen ve\u00e7 e ve\u00e7.Poashtu fjalen e mori edhe studiusja nga Prishtina Drita Halimi-Statovci, Ul\u00eb Xhemaj dhe Zanita Halimi t\u00eb cil\u00ebt fol\u00ebn p\u00ebr larmin\u00eb e kostumeve tradicionale t\u00eb An\u00ebs s\u00eb Malit duke i lidhur ato me rr\u00ebnj\u00eb t\u00eb lashta Ilire.Nuk mund t\u00eb l\u00ebm\u00eb pa p\u00ebrmendur vajzen simpatike Arlinda Dashrami, n\u00ebn p\u00ebrcjelljen e G\u00ebzim Gjekes, e cila me z\u00ebrin e saj t\u00eb bukur k\u00ebnaqi t\u00eb pranishmit, t\u00eb shumt\u00eb n\u00eb num\u00ebr.Manifestimi do t\u00eb vazhdoj\u00eb s\u00ebrisht sot, dit\u00eb gjat\u00eb s\u00eb cil\u00ebs jan\u00eb t\u00eb parapara gara n\u00eb vrapim si edhe turne t\u00eb ndryshme n\u00eb shah, volejboll, n\u00eb futboll dhe n\u00eb ping pong.<\/p>\n<p><a href=\"https:\/\/www.facebook.com\/flower.avdiu\" target=\"_blank\"><strong>Nga Lule Avdiu &#8211; Cura<\/strong><\/a><em><\/em><br \/>\n<strong>VIDEO TV TEUTA<\/strong><br \/>\n<iframe loading=\"lazy\" src=\"http:\/\/www.youtube.com\/embed\/SvCKTsreMn0\" frameborder=\"0\" width=\"508\" height=\"360\"><\/iframe><\/p>\n<p><strong>Programi i manifestimit tradicional \u201cPRANVERA N\u00cb AN\u00cb T\u00cb MALIT 2012\u2033<br \/>\n<a href=\"http:\/\/www.visit-ulcinj.com\/blog\/wp-content\/uploads\/2012\/05\/N\u00eb-Kalan\u00eb-e-Shasit-filloi-manifestimit-_Pranvera-n\u00eb-An\u00eb-t\u00eb-Malit.2.jpg\"><img loading=\"lazy\" class=\"alignleft  wp-image-60603\" title=\"N\u00eb Kalan\u00eb e Shasit filloi manifestimit _Pranvera n\u00eb An\u00eb t\u00eb Malit.2\" src=\"http:\/\/www.visit-ulcinj.com\/blog\/wp-content\/uploads\/2012\/05\/N\u00eb-Kalan\u00eb-e-Shasit-filloi-manifestimit-_Pranvera-n\u00eb-An\u00eb-t\u00eb-Malit.2.jpg\" alt=\"\" width=\"508\" height=\"608\" \/><\/a><br \/>\n<\/strong><\/p>\n<p><strong>Lajme nga Ulqini<\/strong><br \/>\n<strong><br \/>\n<a href=\"https:\/\/www.facebook.com\/profile.php?id=100001564340764\" target=\"_blank\">P\u00cbR M\u00cb SHUM\u00cb FOTOGRAFI SHIKONI ANA E MALIT TRADITA FACEBOOK<\/a><\/strong><strong><\/strong><\/p>\n\n\t\t<style type=\"text\/css\">\n\t\t\t#gallery-1 {\n\t\t\t\tmargin: auto;\n\t\t\t}\n\t\t\t#gallery-1 .gallery-item {\n\t\t\t\tfloat: left;\n\t\t\t\tmargin-top: 10px;\n\t\t\t\ttext-align: center;\n\t\t\t\twidth: 33%;\n\t\t\t}\n\t\t\t#gallery-1 img {\n\t\t\t\tborder: 2px solid #cfcfcf;\n\t\t\t}\n\t\t\t#gallery-1 .gallery-caption {\n\t\t\t\tmargin-left: 0;\n\t\t\t}\n\t\t\t\/* see gallery_shortcode() in wp-includes\/media.php *\/\n\t\t<\/style>\n\t\t<div id='gallery-1' class='gallery galleryid-60601 gallery-columns-3 gallery-size-thumbnail'><dl class='gallery-item'>\n\t\t\t<dt class='gallery-icon landscape'>\n\t\t\t\t<a href='https:\/\/www.visit-ulcinj.com\/blog\/wp-content\/uploads\/2012\/05\/N\u00eb-Kalan\u00eb-e-Shasit-filloi-manifestimi-_Pranvera-n\u00eb-An\u00eb-t\u00eb-Malit.4.jpg'><img width=\"150\" height=\"150\" src=\"https:\/\/www.visit-ulcinj.com\/blog\/wp-content\/uploads\/2012\/05\/N\u00eb-Kalan\u00eb-e-Shasit-filloi-manifestimi-_Pranvera-n\u00eb-An\u00eb-t\u00eb-Malit.4-150x150.jpg\" class=\"attachment-thumbnail size-thumbnail\" alt=\"\" loading=\"lazy\" \/><\/a>\n\t\t\t<\/dt><\/dl><dl class='gallery-item'>\n\t\t\t<dt class='gallery-icon portrait'>\n\t\t\t\t<a href='https:\/\/www.visit-ulcinj.com\/blog\/wp-content\/uploads\/2012\/05\/N\u00eb-Kalan\u00eb-e-Shasit-filloi-manifestimit-_Pranvera-n\u00eb-An\u00eb-t\u00eb-Malit.2.jpg'><img width=\"150\" height=\"150\" src=\"https:\/\/www.visit-ulcinj.com\/blog\/wp-content\/uploads\/2012\/05\/N\u00eb-Kalan\u00eb-e-Shasit-filloi-manifestimit-_Pranvera-n\u00eb-An\u00eb-t\u00eb-Malit.2-150x150.jpg\" class=\"attachment-thumbnail size-thumbnail\" alt=\"\" loading=\"lazy\" \/><\/a>\n\t\t\t<\/dt><\/dl><dl class='gallery-item'>\n\t\t\t<dt class='gallery-icon landscape'>\n\t\t\t\t<a href='https:\/\/www.visit-ulcinj.com\/blog\/wp-content\/uploads\/2012\/05\/N\u00eb-Kalan\u00eb-e-Shasit-filloi-manifestimi-_Pranvera-n\u00eb-An\u00eb-t\u00eb-Malit.1.jpg'><img width=\"150\" height=\"150\" src=\"https:\/\/www.visit-ulcinj.com\/blog\/wp-content\/uploads\/2012\/05\/N\u00eb-Kalan\u00eb-e-Shasit-filloi-manifestimi-_Pranvera-n\u00eb-An\u00eb-t\u00eb-Malit.1-150x150.jpg\" class=\"attachment-thumbnail size-thumbnail\" alt=\"\" loading=\"lazy\" \/><\/a>\n\t\t\t<\/dt><\/dl><br style=\"clear: both\" \/><dl class='gallery-item'>\n\t\t\t<dt class='gallery-icon landscape'>\n\t\t\t\t<a href='https:\/\/www.visit-ulcinj.com\/blog\/wp-content\/uploads\/2012\/05\/N\u00eb-Kalan\u00eb-e-Shasit-filloi-manifestimi-_Pranvera-n\u00eb-An\u00eb-t\u00eb-Malit.3.jpg'><img width=\"150\" height=\"150\" src=\"https:\/\/www.visit-ulcinj.com\/blog\/wp-content\/uploads\/2012\/05\/N\u00eb-Kalan\u00eb-e-Shasit-filloi-manifestimi-_Pranvera-n\u00eb-An\u00eb-t\u00eb-Malit.3-150x150.jpg\" class=\"attachment-thumbnail size-thumbnail\" alt=\"\" loading=\"lazy\" \/><\/a>\n\t\t\t<\/dt><\/dl><dl class='gallery-item'>\n\t\t\t<dt class='gallery-icon landscape'>\n\t\t\t\t<a href='https:\/\/www.visit-ulcinj.com\/blog\/wp-content\/uploads\/2012\/05\/N\u00eb-Kalan\u00eb-e-Shasit-filloi-manifestimi-_Pranvera-n\u00eb-An\u00eb-t\u00eb-Malit.5.jpg'><img width=\"150\" height=\"150\" src=\"https:\/\/www.visit-ulcinj.com\/blog\/wp-content\/uploads\/2012\/05\/N\u00eb-Kalan\u00eb-e-Shasit-filloi-manifestimi-_Pranvera-n\u00eb-An\u00eb-t\u00eb-Malit.5-150x150.jpg\" class=\"attachment-thumbnail size-thumbnail\" alt=\"\" loading=\"lazy\" \/><\/a>\n\t\t\t<\/dt><\/dl><dl class='gallery-item'>\n\t\t\t<dt class='gallery-icon landscape'>\n\t\t\t\t<a href='https:\/\/www.visit-ulcinj.com\/blog\/wp-content\/uploads\/2012\/05\/N\u00eb-Kalan\u00eb-e-Shasit-filloi-manifestimi-_Pranvera-n\u00eb-An\u00eb-t\u00eb-Malit.6.jpg'><img width=\"150\" height=\"150\" src=\"https:\/\/www.visit-ulcinj.com\/blog\/wp-content\/uploads\/2012\/05\/N\u00eb-Kalan\u00eb-e-Shasit-filloi-manifestimi-_Pranvera-n\u00eb-An\u00eb-t\u00eb-Malit.6-150x150.jpg\" class=\"attachment-thumbnail size-thumbnail\" alt=\"\" loading=\"lazy\" \/><\/a>\n\t\t\t<\/dt><\/dl><br style=\"clear: both\" \/><dl class='gallery-item'>\n\t\t\t<dt class='gallery-icon landscape'>\n\t\t\t\t<a href='https:\/\/www.visit-ulcinj.com\/blog\/wp-content\/uploads\/2012\/05\/N\u00eb-Kalan\u00eb-e-Shasit-filloi-manifestimi-_Pranvera-n\u00eb-An\u00eb-t\u00eb-Malit.7.jpg'><img width=\"150\" height=\"150\" src=\"https:\/\/www.visit-ulcinj.com\/blog\/wp-content\/uploads\/2012\/05\/N\u00eb-Kalan\u00eb-e-Shasit-filloi-manifestimi-_Pranvera-n\u00eb-An\u00eb-t\u00eb-Malit.7-150x150.jpg\" class=\"attachment-thumbnail size-thumbnail\" alt=\"\" loading=\"lazy\" \/><\/a>\n\t\t\t<\/dt><\/dl><dl class='gallery-item'>\n\t\t\t<dt class='gallery-icon landscape'>\n\t\t\t\t<a href='https:\/\/www.visit-ulcinj.com\/blog\/wp-content\/uploads\/2012\/05\/N\u00eb-Kalan\u00eb-e-Shasit-filloi-manifestimi-_Pranvera-n\u00eb-An\u00eb-t\u00eb-Malit.8.jpg'><img width=\"150\" height=\"150\" src=\"https:\/\/www.visit-ulcinj.com\/blog\/wp-content\/uploads\/2012\/05\/N\u00eb-Kalan\u00eb-e-Shasit-filloi-manifestimi-_Pranvera-n\u00eb-An\u00eb-t\u00eb-Malit.8-150x150.jpg\" class=\"attachment-thumbnail size-thumbnail\" alt=\"\" loading=\"lazy\" \/><\/a>\n\t\t\t<\/dt><\/dl><dl class='gallery-item'>\n\t\t\t<dt class='gallery-icon landscape'>\n\t\t\t\t<a href='https:\/\/www.visit-ulcinj.com\/blog\/wp-content\/uploads\/2012\/05\/N\u00eb-Kalan\u00eb-e-Shasit-filloi-manifestimi-_Pranvera-n\u00eb-An\u00eb-t\u00eb-Malit.9.jpg'><img width=\"150\" height=\"150\" src=\"https:\/\/www.visit-ulcinj.com\/blog\/wp-content\/uploads\/2012\/05\/N\u00eb-Kalan\u00eb-e-Shasit-filloi-manifestimi-_Pranvera-n\u00eb-An\u00eb-t\u00eb-Malit.9-150x150.jpg\" class=\"attachment-thumbnail size-thumbnail\" alt=\"\" loading=\"lazy\" \/><\/a>\n\t\t\t<\/dt><\/dl><br style=\"clear: both\" \/><dl class='gallery-item'>\n\t\t\t<dt class='gallery-icon landscape'>\n\t\t\t\t<a href='https:\/\/www.visit-ulcinj.com\/blog\/wp-content\/uploads\/2012\/05\/N\u00eb-Kalan\u00eb-e-Shasit-filloi-manifestimi-_Pranvera-n\u00eb-An\u00eb-t\u00eb-Malit.10.jpg'><img width=\"150\" height=\"150\" src=\"https:\/\/www.visit-ulcinj.com\/blog\/wp-content\/uploads\/2012\/05\/N\u00eb-Kalan\u00eb-e-Shasit-filloi-manifestimi-_Pranvera-n\u00eb-An\u00eb-t\u00eb-Malit.10-150x150.jpg\" class=\"attachment-thumbnail size-thumbnail\" alt=\"\" loading=\"lazy\" \/><\/a>\n\t\t\t<\/dt><\/dl><dl class='gallery-item'>\n\t\t\t<dt class='gallery-icon landscape'>\n\t\t\t\t<a href='https:\/\/www.visit-ulcinj.com\/blog\/wp-content\/uploads\/2012\/05\/N\u00eb-Kalan\u00eb-e-Shasit-filloi-manifestimi-_Pranvera-n\u00eb-An\u00eb-t\u00eb-Malit.11.jpg'><img width=\"150\" height=\"150\" src=\"https:\/\/www.visit-ulcinj.com\/blog\/wp-content\/uploads\/2012\/05\/N\u00eb-Kalan\u00eb-e-Shasit-filloi-manifestimi-_Pranvera-n\u00eb-An\u00eb-t\u00eb-Malit.11-150x150.jpg\" class=\"attachment-thumbnail size-thumbnail\" alt=\"\" loading=\"lazy\" \/><\/a>\n\t\t\t<\/dt><\/dl><dl class='gallery-item'>\n\t\t\t<dt class='gallery-icon landscape'>\n\t\t\t\t<a href='https:\/\/www.visit-ulcinj.com\/blog\/wp-content\/uploads\/2012\/05\/N\u00eb-Kalan\u00eb-e-Shasit-filloi-manifestimi-_Pranvera-n\u00eb-An\u00eb-t\u00eb-Malit.12.jpg'><img width=\"150\" height=\"150\" src=\"https:\/\/www.visit-ulcinj.com\/blog\/wp-content\/uploads\/2012\/05\/N\u00eb-Kalan\u00eb-e-Shasit-filloi-manifestimi-_Pranvera-n\u00eb-An\u00eb-t\u00eb-Malit.12-150x150.jpg\" class=\"attachment-thumbnail size-thumbnail\" alt=\"\" loading=\"lazy\" \/><\/a>\n\t\t\t<\/dt><\/dl><br style=\"clear: both\" \/><dl class='gallery-item'>\n\t\t\t<dt class='gallery-icon landscape'>\n\t\t\t\t<a href='https:\/\/www.visit-ulcinj.com\/blog\/wp-content\/uploads\/2012\/05\/N\u00eb-Kalan\u00eb-e-Shasit-filloi-manifestimi-_Pranvera-n\u00eb-An\u00eb-t\u00eb-Malit.13.jpg'><img width=\"150\" height=\"150\" src=\"https:\/\/www.visit-ulcinj.com\/blog\/wp-content\/uploads\/2012\/05\/N\u00eb-Kalan\u00eb-e-Shasit-filloi-manifestimi-_Pranvera-n\u00eb-An\u00eb-t\u00eb-Malit.13-150x150.jpg\" class=\"attachment-thumbnail size-thumbnail\" alt=\"\" loading=\"lazy\" \/><\/a>\n\t\t\t<\/dt><\/dl><dl class='gallery-item'>\n\t\t\t<dt class='gallery-icon landscape'>\n\t\t\t\t<a href='https:\/\/www.visit-ulcinj.com\/blog\/wp-content\/uploads\/2012\/05\/N\u00eb-Kalan\u00eb-e-Shasit-filloi-manifestimi-_Pranvera-n\u00eb-An\u00eb-t\u00eb-Malit.14.jpg'><img width=\"150\" height=\"150\" src=\"https:\/\/www.visit-ulcinj.com\/blog\/wp-content\/uploads\/2012\/05\/N\u00eb-Kalan\u00eb-e-Shasit-filloi-manifestimi-_Pranvera-n\u00eb-An\u00eb-t\u00eb-Malit.14-150x150.jpg\" class=\"attachment-thumbnail size-thumbnail\" alt=\"\" loading=\"lazy\" \/><\/a>\n\t\t\t<\/dt><\/dl><dl class='gallery-item'>\n\t\t\t<dt class='gallery-icon landscape'>\n\t\t\t\t<a href='https:\/\/www.visit-ulcinj.com\/blog\/wp-content\/uploads\/2012\/05\/N\u00eb-Kalan\u00eb-e-Shasit-filloi-manifestimi-_Pranvera-n\u00eb-An\u00eb-t\u00eb-Malit.15.jpg'><img width=\"150\" height=\"150\" src=\"https:\/\/www.visit-ulcinj.com\/blog\/wp-content\/uploads\/2012\/05\/N\u00eb-Kalan\u00eb-e-Shasit-filloi-manifestimi-_Pranvera-n\u00eb-An\u00eb-t\u00eb-Malit.15-150x150.jpg\" class=\"attachment-thumbnail size-thumbnail\" alt=\"\" loading=\"lazy\" \/><\/a>\n\t\t\t<\/dt><\/dl><br style=\"clear: both\" \/><dl class='gallery-item'>\n\t\t\t<dt class='gallery-icon landscape'>\n\t\t\t\t<a href='https:\/\/www.visit-ulcinj.com\/blog\/wp-content\/uploads\/2012\/05\/N\u00eb-Kalan\u00eb-e-Shasit-filloi-manifestimi-_Pranvera-n\u00eb-An\u00eb-t\u00eb-Malit.16.jpg'><img width=\"150\" height=\"150\" src=\"https:\/\/www.visit-ulcinj.com\/blog\/wp-content\/uploads\/2012\/05\/N\u00eb-Kalan\u00eb-e-Shasit-filloi-manifestimi-_Pranvera-n\u00eb-An\u00eb-t\u00eb-Malit.16-150x150.jpg\" class=\"attachment-thumbnail size-thumbnail\" alt=\"\" loading=\"lazy\" \/><\/a>\n\t\t\t<\/dt><\/dl><dl class='gallery-item'>\n\t\t\t<dt class='gallery-icon landscape'>\n\t\t\t\t<a href='https:\/\/www.visit-ulcinj.com\/blog\/wp-content\/uploads\/2012\/05\/N\u00eb-Kalan\u00eb-e-Shasit-filloi-manifestimi-_Pranvera-n\u00eb-An\u00eb-t\u00eb-Malit.17.jpg'><img width=\"150\" height=\"150\" src=\"https:\/\/www.visit-ulcinj.com\/blog\/wp-content\/uploads\/2012\/05\/N\u00eb-Kalan\u00eb-e-Shasit-filloi-manifestimi-_Pranvera-n\u00eb-An\u00eb-t\u00eb-Malit.17-150x150.jpg\" class=\"attachment-thumbnail size-thumbnail\" alt=\"\" loading=\"lazy\" \/><\/a>\n\t\t\t<\/dt><\/dl><dl class='gallery-item'>\n\t\t\t<dt class='gallery-icon landscape'>\n\t\t\t\t<a href='https:\/\/www.visit-ulcinj.com\/blog\/wp-content\/uploads\/2012\/05\/N\u00eb-Kalan\u00eb-e-Shasit-filloi-manifestimi-_Pranvera-n\u00eb-An\u00eb-t\u00eb-Malit.18.jpg'><img width=\"150\" height=\"150\" src=\"https:\/\/www.visit-ulcinj.com\/blog\/wp-content\/uploads\/2012\/05\/N\u00eb-Kalan\u00eb-e-Shasit-filloi-manifestimi-_Pranvera-n\u00eb-An\u00eb-t\u00eb-Malit.18-150x150.jpg\" class=\"attachment-thumbnail size-thumbnail\" alt=\"\" loading=\"lazy\" \/><\/a>\n\t\t\t<\/dt><\/dl><br style=\"clear: both\" \/><dl class='gallery-item'>\n\t\t\t<dt class='gallery-icon landscape'>\n\t\t\t\t<a href='https:\/\/www.visit-ulcinj.com\/blog\/wp-content\/uploads\/2012\/05\/N\u00eb-Kalan\u00eb-e-Shasit-filloi-manifestimi-_Pranvera-n\u00eb-An\u00eb-t\u00eb-Malit.19.jpg'><img width=\"150\" height=\"150\" src=\"https:\/\/www.visit-ulcinj.com\/blog\/wp-content\/uploads\/2012\/05\/N\u00eb-Kalan\u00eb-e-Shasit-filloi-manifestimi-_Pranvera-n\u00eb-An\u00eb-t\u00eb-Malit.19-150x150.jpg\" class=\"attachment-thumbnail size-thumbnail\" alt=\"\" loading=\"lazy\" \/><\/a>\n\t\t\t<\/dt><\/dl><dl class='gallery-item'>\n\t\t\t<dt class='gallery-icon landscape'>\n\t\t\t\t<a href='https:\/\/www.visit-ulcinj.com\/blog\/wp-content\/uploads\/2012\/05\/N\u00eb-Kalan\u00eb-e-Shasit-filloi-manifestimi-_Pranvera-n\u00eb-An\u00eb-t\u00eb-Malit.20.jpg'><img width=\"150\" height=\"150\" src=\"https:\/\/www.visit-ulcinj.com\/blog\/wp-content\/uploads\/2012\/05\/N\u00eb-Kalan\u00eb-e-Shasit-filloi-manifestimi-_Pranvera-n\u00eb-An\u00eb-t\u00eb-Malit.20-150x150.jpg\" class=\"attachment-thumbnail size-thumbnail\" alt=\"\" loading=\"lazy\" \/><\/a>\n\t\t\t<\/dt><\/dl><dl class='gallery-item'>\n\t\t\t<dt class='gallery-icon landscape'>\n\t\t\t\t<a href='https:\/\/www.visit-ulcinj.com\/blog\/wp-content\/uploads\/2012\/05\/N\u00eb-Kalan\u00eb-e-Shasit-filloi-manifestimi-_Pranvera-n\u00eb-An\u00eb-t\u00eb-Malit.jpg'><img width=\"150\" height=\"150\" src=\"https:\/\/www.visit-ulcinj.com\/blog\/wp-content\/uploads\/2012\/05\/N\u00eb-Kalan\u00eb-e-Shasit-filloi-manifestimi-_Pranvera-n\u00eb-An\u00eb-t\u00eb-Malit-150x150.jpg\" class=\"attachment-thumbnail size-thumbnail\" alt=\"\" loading=\"lazy\" \/><\/a>\n\t\t\t<\/dt><\/dl><br style=\"clear: both\" \/>\n\t\t<\/div>\n\n","protected":false},"excerpt":{"rendered":"<p>Per te n\u00ebntin vite me radhe ne qytetin antik te Shasit mbahet manifestimi gjithepopullor \u201cManifestimi \u201cPranvera n\u00eb An\u00eb t\u00eb Malit\u201d maj 2012. Mbr\u00ebm\u00eb n\u00eb Kalan\u00eb e Shasit filloi hapja e manifestimit &#8220;Pranvera n\u00eb An\u00eb t\u00eb Malit&#8221;, nj\u00eb bashk\u00ebpunim ky nd\u00ebrmjet shoqat\u00ebs &#8220;Ora&#8221;dhe &#8220;Art Club&#8221;.N\u00eb k\u00ebt\u00eb mbr\u00ebmje n\u00ebn qiellin plot yje dhe me pishtar\u00ebt e ndezur [&hellip;]<\/p>\n","protected":false},"author":1,"featured_media":0,"comment_status":"open","ping_status":"closed","sticky":false,"template":"","format":"standard","meta":{"spay_email":"","jetpack_publicize_message":"","jetpack_is_tweetstorm":false,"jetpack_publicize_feature_enabled":true},"categories":[4,1],"tags":[3505,3510,3502,3516,3511,3504,3506,3499,3509,3507,3500,3228,3512,3227,3513,3514,3230,3501,10472,3231,13150,3508,3503,3515,3498,200,18],"jetpack_publicize_connections":[],"yoast_head":"<!-- This site is optimized with the Yoast SEO plugin v19.1 - https:\/\/yoast.com\/wordpress\/plugins\/seo\/ -->\n<title>N\u00eb Kalan\u00eb e Shasit filloi manifestimi &quot;Pranvera n\u00eb An\u00eb t\u00eb Malit&quot; - Foto - Video - Lajme nga Ulqini<\/title>\n<meta name=\"description\" content=\"Per te n\u00ebntin vite me radhe ne qytetin antik te Shasit mbahet manifestimi gjithepopullor \u201cManifestimi \u201cPranvera n\u00eb An\u00eb t\u00eb Malit\u201d maj 2012. Mbr\u00ebm\u00eb n\u00eb\" \/>\n<meta name=\"robots\" content=\"index, follow, max-snippet:-1, max-image-preview:large, max-video-preview:-1\" \/>\n<link rel=\"canonical\" href=\"https:\/\/www.visit-ulcinj.com\/blog\/2012\/05\/19\/ne-kalane-e-shasit-filloi-manifestimi-pranvera-ne-ane-te-malit\/\" \/>\n<meta property=\"og:locale\" content=\"en_US\" \/>\n<meta property=\"og:type\" content=\"article\" \/>\n<meta property=\"og:title\" content=\"N\u00eb Kalan\u00eb e Shasit filloi manifestimi &quot;Pranvera n\u00eb An\u00eb t\u00eb Malit&quot; - Foto - Video - Lajme nga Ulqini\" \/>\n<meta property=\"og:description\" content=\"Per te n\u00ebntin vite me radhe ne qytetin antik te Shasit mbahet manifestimi gjithepopullor \u201cManifestimi \u201cPranvera n\u00eb An\u00eb t\u00eb Malit\u201d maj 2012. Mbr\u00ebm\u00eb n\u00eb\" \/>\n<meta property=\"og:url\" content=\"https:\/\/www.visit-ulcinj.com\/blog\/2012\/05\/19\/ne-kalane-e-shasit-filloi-manifestimi-pranvera-ne-ane-te-malit\/\" \/>\n<meta property=\"og:site_name\" content=\"Lajme nga Ulqini\" \/>\n<meta property=\"article:published_time\" content=\"2012-05-19T14:52:59+00:00\" \/>\n<meta property=\"article:modified_time\" content=\"2012-05-23T09:48:32+00:00\" \/>\n<meta property=\"og:image\" content=\"https:\/\/www.visit-ulcinj.com\/blog\/wp-content\/uploads\/2012\/05\/N\u00eb-Kalan\u00eb-e-Shasit-filloi-manifestimi-_Pranvera-n\u00eb-An\u00eb-t\u00eb-Malit.4-150x150.jpg\" \/>\n<meta name=\"twitter:label1\" content=\"Written by\" \/>\n\t<meta name=\"twitter:data1\" content=\"ulqini\" \/>\n\t<meta name=\"twitter:label2\" content=\"Est. reading time\" \/>\n\t<meta name=\"twitter:data2\" content=\"1 minute\" \/>\n<script type=\"application\/ld+json\" class=\"yoast-schema-graph\">{\"@context\":\"https:\/\/schema.org\",\"@graph\":[{\"@type\":\"WebSite\",\"@id\":\"https:\/\/www.visit-ulcinj.com\/blog\/#website\",\"url\":\"https:\/\/www.visit-ulcinj.com\/blog\/\",\"name\":\"Lajme nga Ulqini\",\"description\":\"Lajme,Vijesti,Ulqini,Ulqin,Crna Gora,Mali i Zi\",\"potentialAction\":[{\"@type\":\"SearchAction\",\"target\":{\"@type\":\"EntryPoint\",\"urlTemplate\":\"https:\/\/www.visit-ulcinj.com\/blog\/?s={search_term_string}\"},\"query-input\":\"required name=search_term_string\"}],\"inLanguage\":\"en-US\"},{\"@type\":\"WebPage\",\"@id\":\"https:\/\/www.visit-ulcinj.com\/blog\/2012\/05\/19\/ne-kalane-e-shasit-filloi-manifestimi-pranvera-ne-ane-te-malit\/#webpage\",\"url\":\"https:\/\/www.visit-ulcinj.com\/blog\/2012\/05\/19\/ne-kalane-e-shasit-filloi-manifestimi-pranvera-ne-ane-te-malit\/\",\"name\":\"N\u00eb Kalan\u00eb e Shasit filloi manifestimi \\\"Pranvera n\u00eb An\u00eb t\u00eb Malit\\\" - Foto - Video - Lajme nga Ulqini\",\"isPartOf\":{\"@id\":\"https:\/\/www.visit-ulcinj.com\/blog\/#website\"},\"datePublished\":\"2012-05-19T14:52:59+00:00\",\"dateModified\":\"2012-05-23T09:48:32+00:00\",\"author\":{\"@id\":\"https:\/\/www.visit-ulcinj.com\/blog\/#\/schema\/person\/dcab619c614d3038751c63bc2aadc06d\"},\"description\":\"Per te n\u00ebntin vite me radhe ne qytetin antik te Shasit mbahet manifestimi gjithepopullor \u201cManifestimi \u201cPranvera n\u00eb An\u00eb t\u00eb Malit\u201d maj 2012. Mbr\u00ebm\u00eb n\u00eb\",\"breadcrumb\":{\"@id\":\"https:\/\/www.visit-ulcinj.com\/blog\/2012\/05\/19\/ne-kalane-e-shasit-filloi-manifestimi-pranvera-ne-ane-te-malit\/#breadcrumb\"},\"inLanguage\":\"en-US\",\"potentialAction\":[{\"@type\":\"ReadAction\",\"target\":[\"https:\/\/www.visit-ulcinj.com\/blog\/2012\/05\/19\/ne-kalane-e-shasit-filloi-manifestimi-pranvera-ne-ane-te-malit\/\"]}]},{\"@type\":\"BreadcrumbList\",\"@id\":\"https:\/\/www.visit-ulcinj.com\/blog\/2012\/05\/19\/ne-kalane-e-shasit-filloi-manifestimi-pranvera-ne-ane-te-malit\/#breadcrumb\",\"itemListElement\":[{\"@type\":\"ListItem\",\"position\":1,\"name\":\"N\u00eb Kalan\u00eb e Shasit filloi manifestimi &#8220;Pranvera n\u00eb An\u00eb t\u00eb Malit&#8221; &#8211; Foto &#8211; Video\"}]},{\"@type\":\"Person\",\"@id\":\"https:\/\/www.visit-ulcinj.com\/blog\/#\/schema\/person\/dcab619c614d3038751c63bc2aadc06d\",\"name\":\"ulqini\",\"sameAs\":[\"http:\/\/www.visit-ulcinj.com\"],\"url\":\"https:\/\/www.visit-ulcinj.com\/blog\/author\/admin\/\"}]}<\/script>\n<!-- \/ Yoast SEO plugin. -->","yoast_head_json":{"title":"N\u00eb Kalan\u00eb e Shasit filloi manifestimi \"Pranvera n\u00eb An\u00eb t\u00eb Malit\" - Foto - Video - Lajme nga Ulqini","description":"Per te n\u00ebntin vite me radhe ne qytetin antik te Shasit mbahet manifestimi gjithepopullor \u201cManifestimi \u201cPranvera n\u00eb An\u00eb t\u00eb Malit\u201d maj 2012. Mbr\u00ebm\u00eb n\u00eb","robots":{"index":"index","follow":"follow","max-snippet":"max-snippet:-1","max-image-preview":"max-image-preview:large","max-video-preview":"max-video-preview:-1"},"canonical":"https:\/\/www.visit-ulcinj.com\/blog\/2012\/05\/19\/ne-kalane-e-shasit-filloi-manifestimi-pranvera-ne-ane-te-malit\/","og_locale":"en_US","og_type":"article","og_title":"N\u00eb Kalan\u00eb e Shasit filloi manifestimi \"Pranvera n\u00eb An\u00eb t\u00eb Malit\" - Foto - Video - Lajme nga Ulqini","og_description":"Per te n\u00ebntin vite me radhe ne qytetin antik te Shasit mbahet manifestimi gjithepopullor \u201cManifestimi \u201cPranvera n\u00eb An\u00eb t\u00eb Malit\u201d maj 2012. Mbr\u00ebm\u00eb n\u00eb","og_url":"https:\/\/www.visit-ulcinj.com\/blog\/2012\/05\/19\/ne-kalane-e-shasit-filloi-manifestimi-pranvera-ne-ane-te-malit\/","og_site_name":"Lajme nga Ulqini","article_published_time":"2012-05-19T14:52:59+00:00","article_modified_time":"2012-05-23T09:48:32+00:00","og_image":[{"url":"https:\/\/www.visit-ulcinj.com\/blog\/wp-content\/uploads\/2012\/05\/N\u00eb-Kalan\u00eb-e-Shasit-filloi-manifestimi-_Pranvera-n\u00eb-An\u00eb-t\u00eb-Malit.4-150x150.jpg"}],"twitter_misc":{"Written by":"ulqini","Est. reading time":"1 minute"},"schema":{"@context":"https:\/\/schema.org","@graph":[{"@type":"WebSite","@id":"https:\/\/www.visit-ulcinj.com\/blog\/#website","url":"https:\/\/www.visit-ulcinj.com\/blog\/","name":"Lajme nga Ulqini","description":"Lajme,Vijesti,Ulqini,Ulqin,Crna Gora,Mali i Zi","potentialAction":[{"@type":"SearchAction","target":{"@type":"EntryPoint","urlTemplate":"https:\/\/www.visit-ulcinj.com\/blog\/?s={search_term_string}"},"query-input":"required name=search_term_string"}],"inLanguage":"en-US"},{"@type":"WebPage","@id":"https:\/\/www.visit-ulcinj.com\/blog\/2012\/05\/19\/ne-kalane-e-shasit-filloi-manifestimi-pranvera-ne-ane-te-malit\/#webpage","url":"https:\/\/www.visit-ulcinj.com\/blog\/2012\/05\/19\/ne-kalane-e-shasit-filloi-manifestimi-pranvera-ne-ane-te-malit\/","name":"N\u00eb Kalan\u00eb e Shasit filloi manifestimi \"Pranvera n\u00eb An\u00eb t\u00eb Malit\" - Foto - Video - Lajme nga Ulqini","isPartOf":{"@id":"https:\/\/www.visit-ulcinj.com\/blog\/#website"},"datePublished":"2012-05-19T14:52:59+00:00","dateModified":"2012-05-23T09:48:32+00:00","author":{"@id":"https:\/\/www.visit-ulcinj.com\/blog\/#\/schema\/person\/dcab619c614d3038751c63bc2aadc06d"},"description":"Per te n\u00ebntin vite me radhe ne qytetin antik te Shasit mbahet manifestimi gjithepopullor \u201cManifestimi \u201cPranvera n\u00eb An\u00eb t\u00eb Malit\u201d maj 2012. Mbr\u00ebm\u00eb n\u00eb","breadcrumb":{"@id":"https:\/\/www.visit-ulcinj.com\/blog\/2012\/05\/19\/ne-kalane-e-shasit-filloi-manifestimi-pranvera-ne-ane-te-malit\/#breadcrumb"},"inLanguage":"en-US","potentialAction":[{"@type":"ReadAction","target":["https:\/\/www.visit-ulcinj.com\/blog\/2012\/05\/19\/ne-kalane-e-shasit-filloi-manifestimi-pranvera-ne-ane-te-malit\/"]}]},{"@type":"BreadcrumbList","@id":"https:\/\/www.visit-ulcinj.com\/blog\/2012\/05\/19\/ne-kalane-e-shasit-filloi-manifestimi-pranvera-ne-ane-te-malit\/#breadcrumb","itemListElement":[{"@type":"ListItem","position":1,"name":"N\u00eb Kalan\u00eb e Shasit filloi manifestimi &#8220;Pranvera n\u00eb An\u00eb t\u00eb Malit&#8221; &#8211; Foto &#8211; Video"}]},{"@type":"Person","@id":"https:\/\/www.visit-ulcinj.com\/blog\/#\/schema\/person\/dcab619c614d3038751c63bc2aadc06d","name":"ulqini","sameAs":["http:\/\/www.visit-ulcinj.com"],"url":"https:\/\/www.visit-ulcinj.com\/blog\/author\/admin\/"}]}},"jetpack_featured_media_url":"","jetpack_sharing_enabled":true,"jetpack_shortlink":"https:\/\/wp.me\/pe6lTn-fLr","_links":{"self":[{"href":"https:\/\/www.visit-ulcinj.com\/blog\/wp-json\/wp\/v2\/posts\/60601"}],"collection":[{"href":"https:\/\/www.visit-ulcinj.com\/blog\/wp-json\/wp\/v2\/posts"}],"about":[{"href":"https:\/\/www.visit-ulcinj.com\/blog\/wp-json\/wp\/v2\/types\/post"}],"author":[{"embeddable":true,"href":"https:\/\/www.visit-ulcinj.com\/blog\/wp-json\/wp\/v2\/users\/1"}],"replies":[{"embeddable":true,"href":"https:\/\/www.visit-ulcinj.com\/blog\/wp-json\/wp\/v2\/comments?post=60601"}],"version-history":[{"count":10,"href":"https:\/\/www.visit-ulcinj.com\/blog\/wp-json\/wp\/v2\/posts\/60601\/revisions"}],"predecessor-version":[{"id":60789,"href":"https:\/\/www.visit-ulcinj.com\/blog\/wp-json\/wp\/v2\/posts\/60601\/revisions\/60789"}],"wp:attachment":[{"href":"https:\/\/www.visit-ulcinj.com\/blog\/wp-json\/wp\/v2\/media?parent=60601"}],"wp:term":[{"taxonomy":"category","embeddable":true,"href":"https:\/\/www.visit-ulcinj.com\/blog\/wp-json\/wp\/v2\/categories?post=60601"},{"taxonomy":"post_tag","embeddable":true,"href":"https:\/\/www.visit-ulcinj.com\/blog\/wp-json\/wp\/v2\/tags?post=60601"}],"curies":[{"name":"wp","href":"https:\/\/api.w.org\/{rel}","templated":true}]}}