{"id":6062,"date":"2008-11-15T14:23:32","date_gmt":"2008-11-15T19:23:32","guid":{"rendered":"http:\/\/www.visit-ulcinj.com\/blog\/?p=6062"},"modified":"2008-11-15T14:23:32","modified_gmt":"2008-11-15T19:23:32","slug":"cana-nuk-kenaqemi-me-vendin-e-dyte","status":"publish","type":"post","link":"https:\/\/www.visit-ulcinj.com\/blog\/2008\/11\/15\/cana-nuk-kenaqemi-me-vendin-e-dyte\/","title":{"rendered":"Cana: Nuk k\u00ebnaqemi me vendin e dyt\u00eb"},"content":{"rendered":"<p><a href=\"http:\/\/www.visit-ulcinj.com\/blog\/wp-content\/uploads\/2008\/11\/lorik_cana.jpg\"><img loading=\"lazy\" class=\"alignleft size-medium wp-image-6063\" title=\"lorik_cana\" src=\"http:\/\/www.visit-ulcinj.com\/blog\/wp-content\/uploads\/2008\/11\/lorik_cana.jpg\" alt=\"\" width=\"288\" height=\"206\" \/><\/a><strong>Lorik Cana k\u00ebrkon t\u00eb fitoj\u00eb titullin Kampion n\u00eb Lig\u00ebn 1.<\/strong><br \/>\nN\u00eb at\u00eb q\u00eb mund t\u00eb jet\u00eb sezoni i tij i fundit me Olimpikun e Marsej\u00ebs (ka deklaruar se gjat\u00eb ver\u00ebs mund t\u00eb largohet, duke preferuar t\u00eb transferohet te Bajerni i Mynihut), mesfushori shqiptar k\u00ebrkon trofeun m\u00eb t\u00eb r\u00ebnd\u00ebsish\u00ebm n\u00eb Franc\u00eb. \u201cMomentalisht renditemi n\u00eb vendin e dyt\u00eb, vet\u00ebm 4 pik\u00eb larg nga Lioni kryesues\u201d, deklaroi kapiteni i marsejez\u00ebve.<br \/>\n\u201cNuk duhet t\u00eb k\u00ebnaqemi vet\u00ebm me k\u00ebt\u00eb pozicion, pasi kemi luajtur vet\u00ebm 1\/3 e ndeshjeve t\u00eb kampionatit. Duhet t\u00eb q\u00ebndrojm\u00eb me k\u00ebmb\u00eb n\u00eb tok\u00eb dhe t\u00eb punojm\u00eb p\u00ebr objektivin p\u00ebrfundimtar\u201d.<br \/>\nSkuadra e drejtuar nga Erik Gerets ka fituar n\u00eb tri ndeshjet e fundit (p\u00ebrball\u00eb St. Etien, PSV Eind\u2019hoven dhe Grenob\u00ebl), nd\u00ebrkoh\u00eb q\u00eb n\u00eb 13 jav\u00eb ka sh\u00ebnuar 27 gola.<br \/>\nMe loj\u00ebn e tij dhe shpirtin luftarak Cana \u00ebsht\u00eb mes lojtar\u00ebve q\u00eb b\u00ebjn\u00eb diferenc\u00ebn n\u00eb fush\u00eb: \u201cLuaj prej tre vjet\u00ebsh te Marseja dhe e kam kuptuar se \u00e7far\u00eb i nevojitet skuadr\u00ebs p\u00ebr t\u00eb fituar. Skuadra po p\u00ebrparon, si n\u00eb pik\u00ebpamjen teknike, ashtu edhe n\u00eb rezultate\u201d.<br \/>\n<strong>Top Channel<\/strong><\/p>\n","protected":false},"excerpt":{"rendered":"<p>Lorik Cana k\u00ebrkon t\u00eb fitoj\u00eb titullin Kampion n\u00eb Lig\u00ebn 1. N\u00eb at\u00eb q\u00eb mund t\u00eb jet\u00eb sezoni i tij i fundit me Olimpikun e Marsej\u00ebs (ka deklaruar se gjat\u00eb ver\u00ebs mund t\u00eb largohet, duke preferuar t\u00eb transferohet te Bajerni i Mynihut), mesfushori shqiptar k\u00ebrkon trofeun m\u00eb t\u00eb r\u00ebnd\u00ebsish\u00ebm n\u00eb Franc\u00eb. \u201cMomentalisht renditemi n\u00eb vendin e [&hellip;]<\/p>\n","protected":false},"author":1,"featured_media":0,"comment_status":"open","ping_status":"closed","sticky":false,"template":"","format":"standard","meta":{"spay_email":"","jetpack_publicize_message":"","jetpack_is_tweetstorm":false,"jetpack_publicize_feature_enabled":true},"categories":[3],"tags":[4946],"jetpack_publicize_connections":[],"yoast_head":"<!-- This site is optimized with the Yoast SEO plugin v19.1 - https:\/\/yoast.com\/wordpress\/plugins\/seo\/ -->\n<title>Cana: Nuk k\u00ebnaqemi me vendin e dyt\u00eb - Lajme nga Ulqini<\/title>\n<meta name=\"description\" content=\"Lorik Cana k\u00ebrkon t\u00eb fitoj\u00eb titullin Kampion n\u00eb Lig\u00ebn 1. N\u00eb at\u00eb q\u00eb mund t\u00eb jet\u00eb sezoni i tij i fundit me Olimpikun e Marsej\u00ebs (ka deklaruar se gjat\u00eb ver\u00ebs\" \/>\n<meta name=\"robots\" content=\"index, follow, max-snippet:-1, max-image-preview:large, max-video-preview:-1\" \/>\n<link rel=\"canonical\" href=\"https:\/\/www.visit-ulcinj.com\/blog\/2008\/11\/15\/cana-nuk-kenaqemi-me-vendin-e-dyte\/\" \/>\n<meta property=\"og:locale\" content=\"en_US\" \/>\n<meta property=\"og:type\" content=\"article\" \/>\n<meta property=\"og:title\" content=\"Cana: Nuk k\u00ebnaqemi me vendin e dyt\u00eb - Lajme nga Ulqini\" \/>\n<meta property=\"og:description\" content=\"Lorik Cana k\u00ebrkon t\u00eb fitoj\u00eb titullin Kampion n\u00eb Lig\u00ebn 1. N\u00eb at\u00eb q\u00eb mund t\u00eb jet\u00eb sezoni i tij i fundit me Olimpikun e Marsej\u00ebs (ka deklaruar se gjat\u00eb ver\u00ebs\" \/>\n<meta property=\"og:url\" content=\"https:\/\/www.visit-ulcinj.com\/blog\/2008\/11\/15\/cana-nuk-kenaqemi-me-vendin-e-dyte\/\" \/>\n<meta property=\"og:site_name\" content=\"Lajme nga Ulqini\" \/>\n<meta property=\"article:published_time\" content=\"2008-11-15T19:23:32+00:00\" \/>\n<meta property=\"og:image\" content=\"http:\/\/www.visit-ulcinj.com\/blog\/wp-content\/uploads\/2008\/11\/lorik_cana.jpg\" \/>\n<meta name=\"twitter:label1\" content=\"Written by\" \/>\n\t<meta name=\"twitter:data1\" content=\"ulqini\" \/>\n\t<meta name=\"twitter:label2\" content=\"Est. reading time\" \/>\n\t<meta name=\"twitter:data2\" content=\"1 minute\" \/>\n<script type=\"application\/ld+json\" class=\"yoast-schema-graph\">{\"@context\":\"https:\/\/schema.org\",\"@graph\":[{\"@type\":\"WebSite\",\"@id\":\"https:\/\/www.visit-ulcinj.com\/blog\/#website\",\"url\":\"https:\/\/www.visit-ulcinj.com\/blog\/\",\"name\":\"Lajme nga Ulqini\",\"description\":\"Lajme,Vijesti,Ulqini,Ulqin,Crna Gora,Mali i Zi\",\"potentialAction\":[{\"@type\":\"SearchAction\",\"target\":{\"@type\":\"EntryPoint\",\"urlTemplate\":\"https:\/\/www.visit-ulcinj.com\/blog\/?s={search_term_string}\"},\"query-input\":\"required name=search_term_string\"}],\"inLanguage\":\"en-US\"},{\"@type\":\"ImageObject\",\"inLanguage\":\"en-US\",\"@id\":\"https:\/\/www.visit-ulcinj.com\/blog\/2008\/11\/15\/cana-nuk-kenaqemi-me-vendin-e-dyte\/#primaryimage\",\"url\":\"http:\/\/www.visit-ulcinj.com\/blog\/wp-content\/uploads\/2008\/11\/lorik_cana.jpg\",\"contentUrl\":\"http:\/\/www.visit-ulcinj.com\/blog\/wp-content\/uploads\/2008\/11\/lorik_cana.jpg\"},{\"@type\":\"WebPage\",\"@id\":\"https:\/\/www.visit-ulcinj.com\/blog\/2008\/11\/15\/cana-nuk-kenaqemi-me-vendin-e-dyte\/#webpage\",\"url\":\"https:\/\/www.visit-ulcinj.com\/blog\/2008\/11\/15\/cana-nuk-kenaqemi-me-vendin-e-dyte\/\",\"name\":\"Cana: Nuk k\u00ebnaqemi me vendin e dyt\u00eb - Lajme nga Ulqini\",\"isPartOf\":{\"@id\":\"https:\/\/www.visit-ulcinj.com\/blog\/#website\"},\"primaryImageOfPage\":{\"@id\":\"https:\/\/www.visit-ulcinj.com\/blog\/2008\/11\/15\/cana-nuk-kenaqemi-me-vendin-e-dyte\/#primaryimage\"},\"datePublished\":\"2008-11-15T19:23:32+00:00\",\"dateModified\":\"2008-11-15T19:23:32+00:00\",\"author\":{\"@id\":\"https:\/\/www.visit-ulcinj.com\/blog\/#\/schema\/person\/dcab619c614d3038751c63bc2aadc06d\"},\"description\":\"Lorik Cana k\u00ebrkon t\u00eb fitoj\u00eb titullin Kampion n\u00eb Lig\u00ebn 1. N\u00eb at\u00eb q\u00eb mund t\u00eb jet\u00eb sezoni i tij i fundit me Olimpikun e Marsej\u00ebs (ka deklaruar se gjat\u00eb ver\u00ebs\",\"breadcrumb\":{\"@id\":\"https:\/\/www.visit-ulcinj.com\/blog\/2008\/11\/15\/cana-nuk-kenaqemi-me-vendin-e-dyte\/#breadcrumb\"},\"inLanguage\":\"en-US\",\"potentialAction\":[{\"@type\":\"ReadAction\",\"target\":[\"https:\/\/www.visit-ulcinj.com\/blog\/2008\/11\/15\/cana-nuk-kenaqemi-me-vendin-e-dyte\/\"]}]},{\"@type\":\"BreadcrumbList\",\"@id\":\"https:\/\/www.visit-ulcinj.com\/blog\/2008\/11\/15\/cana-nuk-kenaqemi-me-vendin-e-dyte\/#breadcrumb\",\"itemListElement\":[{\"@type\":\"ListItem\",\"position\":1,\"name\":\"Cana: Nuk k\u00ebnaqemi me vendin e dyt\u00eb\"}]},{\"@type\":\"Person\",\"@id\":\"https:\/\/www.visit-ulcinj.com\/blog\/#\/schema\/person\/dcab619c614d3038751c63bc2aadc06d\",\"name\":\"ulqini\",\"sameAs\":[\"http:\/\/www.visit-ulcinj.com\"],\"url\":\"https:\/\/www.visit-ulcinj.com\/blog\/author\/admin\/\"}]}<\/script>\n<!-- \/ Yoast SEO plugin. -->","yoast_head_json":{"title":"Cana: Nuk k\u00ebnaqemi me vendin e dyt\u00eb - Lajme nga Ulqini","description":"Lorik Cana k\u00ebrkon t\u00eb fitoj\u00eb titullin Kampion n\u00eb Lig\u00ebn 1. N\u00eb at\u00eb q\u00eb mund t\u00eb jet\u00eb sezoni i tij i fundit me Olimpikun e Marsej\u00ebs (ka deklaruar se gjat\u00eb ver\u00ebs","robots":{"index":"index","follow":"follow","max-snippet":"max-snippet:-1","max-image-preview":"max-image-preview:large","max-video-preview":"max-video-preview:-1"},"canonical":"https:\/\/www.visit-ulcinj.com\/blog\/2008\/11\/15\/cana-nuk-kenaqemi-me-vendin-e-dyte\/","og_locale":"en_US","og_type":"article","og_title":"Cana: Nuk k\u00ebnaqemi me vendin e dyt\u00eb - Lajme nga Ulqini","og_description":"Lorik Cana k\u00ebrkon t\u00eb fitoj\u00eb titullin Kampion n\u00eb Lig\u00ebn 1. N\u00eb at\u00eb q\u00eb mund t\u00eb jet\u00eb sezoni i tij i fundit me Olimpikun e Marsej\u00ebs (ka deklaruar se gjat\u00eb ver\u00ebs","og_url":"https:\/\/www.visit-ulcinj.com\/blog\/2008\/11\/15\/cana-nuk-kenaqemi-me-vendin-e-dyte\/","og_site_name":"Lajme nga Ulqini","article_published_time":"2008-11-15T19:23:32+00:00","og_image":[{"url":"http:\/\/www.visit-ulcinj.com\/blog\/wp-content\/uploads\/2008\/11\/lorik_cana.jpg"}],"twitter_misc":{"Written by":"ulqini","Est. reading time":"1 minute"},"schema":{"@context":"https:\/\/schema.org","@graph":[{"@type":"WebSite","@id":"https:\/\/www.visit-ulcinj.com\/blog\/#website","url":"https:\/\/www.visit-ulcinj.com\/blog\/","name":"Lajme nga Ulqini","description":"Lajme,Vijesti,Ulqini,Ulqin,Crna Gora,Mali i Zi","potentialAction":[{"@type":"SearchAction","target":{"@type":"EntryPoint","urlTemplate":"https:\/\/www.visit-ulcinj.com\/blog\/?s={search_term_string}"},"query-input":"required name=search_term_string"}],"inLanguage":"en-US"},{"@type":"ImageObject","inLanguage":"en-US","@id":"https:\/\/www.visit-ulcinj.com\/blog\/2008\/11\/15\/cana-nuk-kenaqemi-me-vendin-e-dyte\/#primaryimage","url":"http:\/\/www.visit-ulcinj.com\/blog\/wp-content\/uploads\/2008\/11\/lorik_cana.jpg","contentUrl":"http:\/\/www.visit-ulcinj.com\/blog\/wp-content\/uploads\/2008\/11\/lorik_cana.jpg"},{"@type":"WebPage","@id":"https:\/\/www.visit-ulcinj.com\/blog\/2008\/11\/15\/cana-nuk-kenaqemi-me-vendin-e-dyte\/#webpage","url":"https:\/\/www.visit-ulcinj.com\/blog\/2008\/11\/15\/cana-nuk-kenaqemi-me-vendin-e-dyte\/","name":"Cana: Nuk k\u00ebnaqemi me vendin e dyt\u00eb - Lajme nga Ulqini","isPartOf":{"@id":"https:\/\/www.visit-ulcinj.com\/blog\/#website"},"primaryImageOfPage":{"@id":"https:\/\/www.visit-ulcinj.com\/blog\/2008\/11\/15\/cana-nuk-kenaqemi-me-vendin-e-dyte\/#primaryimage"},"datePublished":"2008-11-15T19:23:32+00:00","dateModified":"2008-11-15T19:23:32+00:00","author":{"@id":"https:\/\/www.visit-ulcinj.com\/blog\/#\/schema\/person\/dcab619c614d3038751c63bc2aadc06d"},"description":"Lorik Cana k\u00ebrkon t\u00eb fitoj\u00eb titullin Kampion n\u00eb Lig\u00ebn 1. N\u00eb at\u00eb q\u00eb mund t\u00eb jet\u00eb sezoni i tij i fundit me Olimpikun e Marsej\u00ebs (ka deklaruar se gjat\u00eb ver\u00ebs","breadcrumb":{"@id":"https:\/\/www.visit-ulcinj.com\/blog\/2008\/11\/15\/cana-nuk-kenaqemi-me-vendin-e-dyte\/#breadcrumb"},"inLanguage":"en-US","potentialAction":[{"@type":"ReadAction","target":["https:\/\/www.visit-ulcinj.com\/blog\/2008\/11\/15\/cana-nuk-kenaqemi-me-vendin-e-dyte\/"]}]},{"@type":"BreadcrumbList","@id":"https:\/\/www.visit-ulcinj.com\/blog\/2008\/11\/15\/cana-nuk-kenaqemi-me-vendin-e-dyte\/#breadcrumb","itemListElement":[{"@type":"ListItem","position":1,"name":"Cana: Nuk k\u00ebnaqemi me vendin e dyt\u00eb"}]},{"@type":"Person","@id":"https:\/\/www.visit-ulcinj.com\/blog\/#\/schema\/person\/dcab619c614d3038751c63bc2aadc06d","name":"ulqini","sameAs":["http:\/\/www.visit-ulcinj.com"],"url":"https:\/\/www.visit-ulcinj.com\/blog\/author\/admin\/"}]}},"jetpack_featured_media_url":"","jetpack_sharing_enabled":true,"jetpack_shortlink":"https:\/\/wp.me\/pe6lTn-1zM","_links":{"self":[{"href":"https:\/\/www.visit-ulcinj.com\/blog\/wp-json\/wp\/v2\/posts\/6062"}],"collection":[{"href":"https:\/\/www.visit-ulcinj.com\/blog\/wp-json\/wp\/v2\/posts"}],"about":[{"href":"https:\/\/www.visit-ulcinj.com\/blog\/wp-json\/wp\/v2\/types\/post"}],"author":[{"embeddable":true,"href":"https:\/\/www.visit-ulcinj.com\/blog\/wp-json\/wp\/v2\/users\/1"}],"replies":[{"embeddable":true,"href":"https:\/\/www.visit-ulcinj.com\/blog\/wp-json\/wp\/v2\/comments?post=6062"}],"version-history":[{"count":0,"href":"https:\/\/www.visit-ulcinj.com\/blog\/wp-json\/wp\/v2\/posts\/6062\/revisions"}],"wp:attachment":[{"href":"https:\/\/www.visit-ulcinj.com\/blog\/wp-json\/wp\/v2\/media?parent=6062"}],"wp:term":[{"taxonomy":"category","embeddable":true,"href":"https:\/\/www.visit-ulcinj.com\/blog\/wp-json\/wp\/v2\/categories?post=6062"},{"taxonomy":"post_tag","embeddable":true,"href":"https:\/\/www.visit-ulcinj.com\/blog\/wp-json\/wp\/v2\/tags?post=6062"}],"curies":[{"name":"wp","href":"https:\/\/api.w.org\/{rel}","templated":true}]}}