{"id":60631,"date":"2012-05-19T16:37:44","date_gmt":"2012-05-19T15:37:44","guid":{"rendered":"http:\/\/www.visit-ulcinj.com\/blog\/?p=60631"},"modified":"2012-05-19T19:00:01","modified_gmt":"2012-05-19T18:00:01","slug":"ulcinj-na-stand-by-u-mustafa-canka-analiza","status":"publish","type":"post","link":"https:\/\/www.visit-ulcinj.com\/blog\/2012\/05\/19\/ulcinj-na-stand-by-u-mustafa-canka-analiza\/","title":{"rendered":"ULCINJ NA STAND BY-U &#8211; MUSTAFA CANKA &#8211; ANALIZA"},"content":{"rendered":"<p><strong><a href=\"http:\/\/www.visit-ulcinj.com\/blog\/wp-content\/uploads\/2012\/05\/mustafa_canka.jpg\"><img loading=\"lazy\" class=\"alignleft size-full wp-image-60633\" title=\"mustafa_canka\" src=\"http:\/\/www.visit-ulcinj.com\/blog\/wp-content\/uploads\/2012\/05\/mustafa_canka.jpg\" alt=\"\" width=\"160\" height=\"160\" srcset=\"https:\/\/www.visit-ulcinj.com\/blog\/wp-content\/uploads\/2012\/05\/mustafa_canka.jpg 160w, https:\/\/www.visit-ulcinj.com\/blog\/wp-content\/uploads\/2012\/05\/mustafa_canka-150x150.jpg 150w\" sizes=\"(max-width: 160px) 100vw, 160px\" \/><\/a>NA STAND BY-U<\/strong><br \/>\nUlcinj je ponovo u \u010dekanju i na \u010dekanju. \u010ceka se kredit za op\u0161tinu, \u010deka se turisti\u010dka sezona, \u010dekaju novi hoteli. \u010cekamo i most, to \u010dudo koje \u0107e urnisati Port Milenu, \u010dekamo rekonstrukciju \u010detvrtine puta prema Sukobinu, \u010dekamo nekakve kru\u017ene tokove, \u010dekamo ne\u0161to bolje i ljep\u0161e, a sve ide tako mu\u010dno, te\u0161ko, sporo, gotovo nikako. Sve to stvara utisak nemo\u0107i, jer smo kao grad i gra\u0111ani u pasivnoj poziciji, a zbog pogor\u0161avanja ekonomske i socijalne situacije imamo rastu\u0107e nezadovoljstvo, bezna\u0111e i o\u010daj. Sve su to negativna osje\u0107anja koja je onda veoma lako usmjeriti protiv stvarnih ili izmi\u0161ljenih protivnika. Dani, sedmice, mjeseci, \u010ditave godine prolaze u tome, \u0161to zna\u010di da je \u0161iroko rasprostranjena depresija, a da dnevno nastaju nova minska polja la\u017ei, manipulacija i podvala. A nama ne treba bijes i o\u010daj, ve\u0107 osje\u0107aj za realnost, vizija i mnogo, mnogo rada. Ne trebaju nam sukobi, nego osje\u0107aj i vjera za zajedni\u010dki i ostvarivi cilj. \u010citavo dru\u0161tvo se mora mobilizirati na nekoliko lako dostupnih ciljeva, mora se posti\u0107i takozvano \u201cakciono jedinstvo\u201d. Jer, uspje\u0161nost jedne politike, jedne zajednice, nekog projekta, mjeri se stepenom njihove integriraju\u0107e i povezuju\u0107e mo\u0107i. \u0160anse se same od sebe name\u0107u, eto, na primjer, oko uspjeha predstoje\u0107e sezone. Ukazuje na to predsezona, ali, bojim se, da na\u0161a nespremnost i olako obe\u0107ana brzina mogu da ugroze o\u010dekivani rezultat. Jer, ne samo \u0161to \u0107e ovog ljeta biti dosta gostiju iz regiona, ve\u0107 prije svega zbog turista koji se o\u010dekuju iz Srednje Evrope. U tim zemljama, \u010ce\u0161ka, Slova\u010dka, Poljska, privredna situacija je relativno stabilna, a plate\u017ena mo\u0107 zadovoljavaju\u0107a.<br \/>\n<a href=\"http:\/\/www.visit-ulcinj.com\/blog\/wp-content\/uploads\/2012\/05\/VIDEO-GRAFIK-DESIGN_SEJDO-ISMAJLI.jpg\"><img loading=\"lazy\" class=\"alignleft  wp-image-60648\" title=\"VIDEO GRAFIK DESIGN_SEJDO ISMAJLI\" src=\"http:\/\/www.visit-ulcinj.com\/blog\/wp-content\/uploads\/2012\/05\/VIDEO-GRAFIK-DESIGN_SEJDO-ISMAJLI.jpg\" alt=\"\" width=\"508\" height=\"140\" \/><\/a><br \/>\nDobre su najave i iz Rumunije, tako da optimizam nije bez osnova. Najva\u017enije je svakako da se ima dobar jun, kao i septembar. Ako nas vrijeme, kao pro\u0161le godine poslu\u017ei, to \u0107e se, gotovo izvjesno, desiti. No, moramo znati da i ostale zemlje u regionu o\u010dekuju dobru sezonu i da se poja\u010danom propagandom, kvalitetnom ponudom i povoljnim cijenama bore za svakog gosta. A ov\u0111e se ve\u0107 mnogo kasni sa pripremama za paklenih 50 dana u kojima \u0107e prakti\u010dno svi grozni\u010davo poku\u0161ati da \u0161to vi\u0161e zarade kako bi se bar malo udaljili iz nepodno\u0161ljive zone siroma\u0161tva u kojoj grca \u010ditav grad i privreda. Kad \u010dovjek vidi kakvom dinamikom teku infrastrukturni radovi, onda se sam po sebi name\u0107e zaklju\u010dak da je tu rije\u010d ili o sabota\u017ei, ili o lo\u0161im namjerama ili, najvi\u0161e, o neznanju. Ne vidim da se neko od na\u0161ih zvani\u010dnika o tome izja\u0161njava. A morao bi, posebno zato \u0161to su i oni u \u010ditavom proteklom periodu ubje\u0111ivali gra\u0111ane da \u0107e se svi rokovi ispo\u0161tovati. Neko mora za ovo stanje da preuzme odgovornost. Jer, \u0161tetne posljedice \u0107e, manje-vi\u0161e, svi snositi, posebno oko mosta. \u010citav taj prostor ve\u0107 sada nepodno\u0161ljivo smrdi. \u0160to li \u0107e tek biti u sezoni? Vidi li to iko? Osje\u0107aju li to na\u0161i zvani\u010dnici? Zabrinjava li ih to? I oni radnici, Slovenci, \u0107e uskoro morati da rade sa maskama. Zbog svega ovoga, ni\u0161ta nam drugo ne preostaje nego da gostoljubivo\u0161\u0107u, \u010disto\u0107om, prihvatljivim cijenama i dobrom uslugom poku\u0161amo da nadoknadimo ove ogromne minuse. Vjerujem da je kona\u010dno sada moment da razumijemo da je ovaj grad turisti\u010dki napredovao samo onda kada je uva\u017eavao svakog turistu, kada mu je pristupao na najljep\u0161i na\u010din. Ili, \u0161to svjedo\u010di istorija, kada su njegovi stanovnici bili vrijedni, pravedni i iskreni. To se naro\u010dito odnosi na one koji obavljaju javne poslove.<\/p>\n<p>Mustafa CANKA<\/p>\n<p><strong>TV TEUTA<\/strong><br \/>\n<iframe loading=\"lazy\" src=\"http:\/\/www.youtube.com\/embed\/WjSFIm7yQh4\" frameborder=\"0\" width=\"508\" height=\"380\"><\/iframe><br \/>\n<strong><br \/>\nLAJME NGA ULQINI<\/strong><\/p>\n","protected":false},"excerpt":{"rendered":"<p>NA STAND BY-U Ulcinj je ponovo u \u010dekanju i na \u010dekanju. \u010ceka se kredit za op\u0161tinu, \u010deka se turisti\u010dka sezona, \u010dekaju novi hoteli. \u010cekamo i most, to \u010dudo koje \u0107e urnisati Port Milenu, \u010dekamo rekonstrukciju \u010detvrtine puta prema Sukobinu, \u010dekamo nekakve kru\u017ene tokove, \u010dekamo ne\u0161to bolje i ljep\u0161e, a sve ide tako mu\u010dno, te\u0161ko, sporo, [&hellip;]<\/p>\n","protected":false},"author":1,"featured_media":0,"comment_status":"open","ping_status":"closed","sticky":false,"template":"","format":"standard","meta":{"spay_email":"","jetpack_publicize_message":"","jetpack_is_tweetstorm":false,"jetpack_publicize_feature_enabled":true},"categories":[8337],"tags":[11256,18062,5276,12186,17635,295,19,20480],"jetpack_publicize_connections":[],"yoast_head":"<!-- This site is optimized with the Yoast SEO plugin v19.1 - https:\/\/yoast.com\/wordpress\/plugins\/seo\/ -->\n<title>ULCINJ NA STAND BY-U - MUSTAFA CANKA - ANALIZA - Lajme nga Ulqini<\/title>\n<meta name=\"description\" content=\"NA STAND BY-U Ulcinj je ponovo u \u010dekanju i na \u010dekanju. \u010ceka se kredit za op\u0161tinu, \u010deka se turisti\u010dka sezona, \u010dekaju novi hoteli. \u010cekamo i most, to \u010dudo\" \/>\n<meta name=\"robots\" content=\"index, follow, max-snippet:-1, max-image-preview:large, max-video-preview:-1\" \/>\n<link rel=\"canonical\" href=\"https:\/\/www.visit-ulcinj.com\/blog\/2012\/05\/19\/ulcinj-na-stand-by-u-mustafa-canka-analiza\/\" \/>\n<meta property=\"og:locale\" content=\"en_US\" \/>\n<meta property=\"og:type\" content=\"article\" \/>\n<meta property=\"og:title\" content=\"ULCINJ NA STAND BY-U - MUSTAFA CANKA - ANALIZA - Lajme nga Ulqini\" \/>\n<meta property=\"og:description\" content=\"NA STAND BY-U Ulcinj je ponovo u \u010dekanju i na \u010dekanju. \u010ceka se kredit za op\u0161tinu, \u010deka se turisti\u010dka sezona, \u010dekaju novi hoteli. \u010cekamo i most, to \u010dudo\" \/>\n<meta property=\"og:url\" content=\"https:\/\/www.visit-ulcinj.com\/blog\/2012\/05\/19\/ulcinj-na-stand-by-u-mustafa-canka-analiza\/\" \/>\n<meta property=\"og:site_name\" content=\"Lajme nga Ulqini\" \/>\n<meta property=\"article:published_time\" content=\"2012-05-19T15:37:44+00:00\" \/>\n<meta property=\"article:modified_time\" content=\"2012-05-19T18:00:01+00:00\" \/>\n<meta property=\"og:image\" content=\"http:\/\/www.visit-ulcinj.com\/blog\/wp-content\/uploads\/2012\/05\/mustafa_canka.jpg\" \/>\n<meta name=\"twitter:label1\" content=\"Written by\" \/>\n\t<meta name=\"twitter:data1\" content=\"ulqini\" \/>\n\t<meta name=\"twitter:label2\" content=\"Est. reading time\" \/>\n\t<meta name=\"twitter:data2\" content=\"3 minutes\" \/>\n<script type=\"application\/ld+json\" class=\"yoast-schema-graph\">{\"@context\":\"https:\/\/schema.org\",\"@graph\":[{\"@type\":\"WebSite\",\"@id\":\"https:\/\/www.visit-ulcinj.com\/blog\/#website\",\"url\":\"https:\/\/www.visit-ulcinj.com\/blog\/\",\"name\":\"Lajme nga Ulqini\",\"description\":\"Lajme,Vijesti,Ulqini,Ulqin,Crna Gora,Mali i Zi\",\"potentialAction\":[{\"@type\":\"SearchAction\",\"target\":{\"@type\":\"EntryPoint\",\"urlTemplate\":\"https:\/\/www.visit-ulcinj.com\/blog\/?s={search_term_string}\"},\"query-input\":\"required name=search_term_string\"}],\"inLanguage\":\"en-US\"},{\"@type\":\"ImageObject\",\"inLanguage\":\"en-US\",\"@id\":\"https:\/\/www.visit-ulcinj.com\/blog\/2012\/05\/19\/ulcinj-na-stand-by-u-mustafa-canka-analiza\/#primaryimage\",\"url\":\"https:\/\/www.visit-ulcinj.com\/blog\/wp-content\/uploads\/2012\/05\/mustafa_canka.jpg\",\"contentUrl\":\"https:\/\/www.visit-ulcinj.com\/blog\/wp-content\/uploads\/2012\/05\/mustafa_canka.jpg\",\"width\":\"160\",\"height\":\"160\"},{\"@type\":\"WebPage\",\"@id\":\"https:\/\/www.visit-ulcinj.com\/blog\/2012\/05\/19\/ulcinj-na-stand-by-u-mustafa-canka-analiza\/#webpage\",\"url\":\"https:\/\/www.visit-ulcinj.com\/blog\/2012\/05\/19\/ulcinj-na-stand-by-u-mustafa-canka-analiza\/\",\"name\":\"ULCINJ NA STAND BY-U - MUSTAFA CANKA - ANALIZA - Lajme nga Ulqini\",\"isPartOf\":{\"@id\":\"https:\/\/www.visit-ulcinj.com\/blog\/#website\"},\"primaryImageOfPage\":{\"@id\":\"https:\/\/www.visit-ulcinj.com\/blog\/2012\/05\/19\/ulcinj-na-stand-by-u-mustafa-canka-analiza\/#primaryimage\"},\"datePublished\":\"2012-05-19T15:37:44+00:00\",\"dateModified\":\"2012-05-19T18:00:01+00:00\",\"author\":{\"@id\":\"https:\/\/www.visit-ulcinj.com\/blog\/#\/schema\/person\/dcab619c614d3038751c63bc2aadc06d\"},\"description\":\"NA STAND BY-U Ulcinj je ponovo u \u010dekanju i na \u010dekanju. \u010ceka se kredit za op\u0161tinu, \u010deka se turisti\u010dka sezona, \u010dekaju novi hoteli. \u010cekamo i most, to \u010dudo\",\"breadcrumb\":{\"@id\":\"https:\/\/www.visit-ulcinj.com\/blog\/2012\/05\/19\/ulcinj-na-stand-by-u-mustafa-canka-analiza\/#breadcrumb\"},\"inLanguage\":\"en-US\",\"potentialAction\":[{\"@type\":\"ReadAction\",\"target\":[\"https:\/\/www.visit-ulcinj.com\/blog\/2012\/05\/19\/ulcinj-na-stand-by-u-mustafa-canka-analiza\/\"]}]},{\"@type\":\"BreadcrumbList\",\"@id\":\"https:\/\/www.visit-ulcinj.com\/blog\/2012\/05\/19\/ulcinj-na-stand-by-u-mustafa-canka-analiza\/#breadcrumb\",\"itemListElement\":[{\"@type\":\"ListItem\",\"position\":1,\"name\":\"ULCINJ NA STAND BY-U &#8211; MUSTAFA CANKA &#8211; ANALIZA\"}]},{\"@type\":\"Person\",\"@id\":\"https:\/\/www.visit-ulcinj.com\/blog\/#\/schema\/person\/dcab619c614d3038751c63bc2aadc06d\",\"name\":\"ulqini\",\"sameAs\":[\"http:\/\/www.visit-ulcinj.com\"],\"url\":\"https:\/\/www.visit-ulcinj.com\/blog\/author\/admin\/\"}]}<\/script>\n<!-- \/ Yoast SEO plugin. -->","yoast_head_json":{"title":"ULCINJ NA STAND BY-U - MUSTAFA CANKA - ANALIZA - Lajme nga Ulqini","description":"NA STAND BY-U Ulcinj je ponovo u \u010dekanju i na \u010dekanju. \u010ceka se kredit za op\u0161tinu, \u010deka se turisti\u010dka sezona, \u010dekaju novi hoteli. \u010cekamo i most, to \u010dudo","robots":{"index":"index","follow":"follow","max-snippet":"max-snippet:-1","max-image-preview":"max-image-preview:large","max-video-preview":"max-video-preview:-1"},"canonical":"https:\/\/www.visit-ulcinj.com\/blog\/2012\/05\/19\/ulcinj-na-stand-by-u-mustafa-canka-analiza\/","og_locale":"en_US","og_type":"article","og_title":"ULCINJ NA STAND BY-U - MUSTAFA CANKA - ANALIZA - Lajme nga Ulqini","og_description":"NA STAND BY-U Ulcinj je ponovo u \u010dekanju i na \u010dekanju. \u010ceka se kredit za op\u0161tinu, \u010deka se turisti\u010dka sezona, \u010dekaju novi hoteli. \u010cekamo i most, to \u010dudo","og_url":"https:\/\/www.visit-ulcinj.com\/blog\/2012\/05\/19\/ulcinj-na-stand-by-u-mustafa-canka-analiza\/","og_site_name":"Lajme nga Ulqini","article_published_time":"2012-05-19T15:37:44+00:00","article_modified_time":"2012-05-19T18:00:01+00:00","og_image":[{"url":"http:\/\/www.visit-ulcinj.com\/blog\/wp-content\/uploads\/2012\/05\/mustafa_canka.jpg"}],"twitter_misc":{"Written by":"ulqini","Est. reading time":"3 minutes"},"schema":{"@context":"https:\/\/schema.org","@graph":[{"@type":"WebSite","@id":"https:\/\/www.visit-ulcinj.com\/blog\/#website","url":"https:\/\/www.visit-ulcinj.com\/blog\/","name":"Lajme nga Ulqini","description":"Lajme,Vijesti,Ulqini,Ulqin,Crna Gora,Mali i Zi","potentialAction":[{"@type":"SearchAction","target":{"@type":"EntryPoint","urlTemplate":"https:\/\/www.visit-ulcinj.com\/blog\/?s={search_term_string}"},"query-input":"required name=search_term_string"}],"inLanguage":"en-US"},{"@type":"ImageObject","inLanguage":"en-US","@id":"https:\/\/www.visit-ulcinj.com\/blog\/2012\/05\/19\/ulcinj-na-stand-by-u-mustafa-canka-analiza\/#primaryimage","url":"https:\/\/www.visit-ulcinj.com\/blog\/wp-content\/uploads\/2012\/05\/mustafa_canka.jpg","contentUrl":"https:\/\/www.visit-ulcinj.com\/blog\/wp-content\/uploads\/2012\/05\/mustafa_canka.jpg","width":"160","height":"160"},{"@type":"WebPage","@id":"https:\/\/www.visit-ulcinj.com\/blog\/2012\/05\/19\/ulcinj-na-stand-by-u-mustafa-canka-analiza\/#webpage","url":"https:\/\/www.visit-ulcinj.com\/blog\/2012\/05\/19\/ulcinj-na-stand-by-u-mustafa-canka-analiza\/","name":"ULCINJ NA STAND BY-U - MUSTAFA CANKA - ANALIZA - Lajme nga Ulqini","isPartOf":{"@id":"https:\/\/www.visit-ulcinj.com\/blog\/#website"},"primaryImageOfPage":{"@id":"https:\/\/www.visit-ulcinj.com\/blog\/2012\/05\/19\/ulcinj-na-stand-by-u-mustafa-canka-analiza\/#primaryimage"},"datePublished":"2012-05-19T15:37:44+00:00","dateModified":"2012-05-19T18:00:01+00:00","author":{"@id":"https:\/\/www.visit-ulcinj.com\/blog\/#\/schema\/person\/dcab619c614d3038751c63bc2aadc06d"},"description":"NA STAND BY-U Ulcinj je ponovo u \u010dekanju i na \u010dekanju. \u010ceka se kredit za op\u0161tinu, \u010deka se turisti\u010dka sezona, \u010dekaju novi hoteli. \u010cekamo i most, to \u010dudo","breadcrumb":{"@id":"https:\/\/www.visit-ulcinj.com\/blog\/2012\/05\/19\/ulcinj-na-stand-by-u-mustafa-canka-analiza\/#breadcrumb"},"inLanguage":"en-US","potentialAction":[{"@type":"ReadAction","target":["https:\/\/www.visit-ulcinj.com\/blog\/2012\/05\/19\/ulcinj-na-stand-by-u-mustafa-canka-analiza\/"]}]},{"@type":"BreadcrumbList","@id":"https:\/\/www.visit-ulcinj.com\/blog\/2012\/05\/19\/ulcinj-na-stand-by-u-mustafa-canka-analiza\/#breadcrumb","itemListElement":[{"@type":"ListItem","position":1,"name":"ULCINJ NA STAND BY-U &#8211; MUSTAFA CANKA &#8211; ANALIZA"}]},{"@type":"Person","@id":"https:\/\/www.visit-ulcinj.com\/blog\/#\/schema\/person\/dcab619c614d3038751c63bc2aadc06d","name":"ulqini","sameAs":["http:\/\/www.visit-ulcinj.com"],"url":"https:\/\/www.visit-ulcinj.com\/blog\/author\/admin\/"}]}},"jetpack_featured_media_url":"","jetpack_sharing_enabled":true,"jetpack_shortlink":"https:\/\/wp.me\/pe6lTn-fLV","_links":{"self":[{"href":"https:\/\/www.visit-ulcinj.com\/blog\/wp-json\/wp\/v2\/posts\/60631"}],"collection":[{"href":"https:\/\/www.visit-ulcinj.com\/blog\/wp-json\/wp\/v2\/posts"}],"about":[{"href":"https:\/\/www.visit-ulcinj.com\/blog\/wp-json\/wp\/v2\/types\/post"}],"author":[{"embeddable":true,"href":"https:\/\/www.visit-ulcinj.com\/blog\/wp-json\/wp\/v2\/users\/1"}],"replies":[{"embeddable":true,"href":"https:\/\/www.visit-ulcinj.com\/blog\/wp-json\/wp\/v2\/comments?post=60631"}],"version-history":[{"count":7,"href":"https:\/\/www.visit-ulcinj.com\/blog\/wp-json\/wp\/v2\/posts\/60631\/revisions"}],"predecessor-version":[{"id":60646,"href":"https:\/\/www.visit-ulcinj.com\/blog\/wp-json\/wp\/v2\/posts\/60631\/revisions\/60646"}],"wp:attachment":[{"href":"https:\/\/www.visit-ulcinj.com\/blog\/wp-json\/wp\/v2\/media?parent=60631"}],"wp:term":[{"taxonomy":"category","embeddable":true,"href":"https:\/\/www.visit-ulcinj.com\/blog\/wp-json\/wp\/v2\/categories?post=60631"},{"taxonomy":"post_tag","embeddable":true,"href":"https:\/\/www.visit-ulcinj.com\/blog\/wp-json\/wp\/v2\/tags?post=60631"}],"curies":[{"name":"wp","href":"https:\/\/api.w.org\/{rel}","templated":true}]}}