{"id":60643,"date":"2012-05-19T19:11:36","date_gmt":"2012-05-19T18:11:36","guid":{"rendered":"http:\/\/www.visit-ulcinj.com\/blog\/?p=60643"},"modified":"2012-05-22T08:31:08","modified_gmt":"2012-05-22T07:31:08","slug":"sukob-u-dua-zbog-kandidata-za-ministra-manjinskih-prava","status":"publish","type":"post","link":"https:\/\/www.visit-ulcinj.com\/blog\/2012\/05\/19\/sukob-u-dua-zbog-kandidata-za-ministra-manjinskih-prava\/","title":{"rendered":"Sukob u DUA zbog kandidata za ministra manjinskih prava"},"content":{"rendered":"<p><strong><a href=\"http:\/\/www.visit-ulcinj.com\/blog\/wp-content\/uploads\/2012\/05\/HAMDI-HASANI_FERHAT-DINOSHA.jpg\"><img loading=\"lazy\" class=\"alignleft  wp-image-60644\" title=\"HAMDI HASANI_FERHAT DINOSHA\" src=\"http:\/\/www.visit-ulcinj.com\/blog\/wp-content\/uploads\/2012\/05\/HAMDI-HASANI_FERHAT-DINOSHA.jpg\" alt=\"\" width=\"508\" height=\"360\" \/><\/a>Dino\u0161in ro\u0111ak zavadio partiju<\/strong><\/p>\n<p>Unutar Demokratske unije Albanaca, saveznika DPS-a i SDP-a, do\u0161lo je do novih unutarartijskih sporova zbog izbora kandidata za ministra manjinskih prava, saznaje \u201eDan\u201d. Jedna frakcija, okupljena oko predsjednika partije Mehmeta Zenke, podr\u017eava Gzima Najdinagu, biv\u0161eg predsjednika op\u0161tine, dok druga smatra da je najbolje rje\u0161enje Hamdi Hasani, bliski srodnik nekada\u0161njeg lidera DUA Ferhata Dino\u0161e.<br \/>\nSporenja su, kako je saznao \u201eDan\u201d, bila vidljiva i na sjednici Glavnog odbora stranke koja je prije dva dana odr\u017eana u Ulcinju. Shodno dogovoru sa DPS-om i SDP-om, resor manjinskih prava u Vladi pripada DUA, a to mjesto donedavno je pokrivao Dino\u0161a, koji je kasnije postao crnogorski ambasador u Tirani. Navodno, odlazak Dino\u0161e iz Vlade tra\u017een je od nekih predstavnika EU nakon \u0161to nije pokazao privr\u017eenost prema obavezi za\u0161tite svih manjina, prije svega seksualnih.<br \/>\nDino\u0161a je kasnije napustio i \u010delnu funkciju u Demokratskoj uniji Albanaca, a umjesto njega je izabran Mehmet Zenka. Kao jedan od kandidata za novog ministra manjinskih prava pominjao se Hajdinaga, ali u me\u0111uvremenu, protiv njega je podnijeta krivi\u010dna prijava, i taj skandal je znatno umanjio njegove \u0161anse. Drugi kandidat, Hamdi Hasani, nekada je bio jedan od visokih \u010dinovnika u crnogorskom konzulatu u Njujorku. Ko god da bude izabran, vodi\u0107e samo resor manjinskih prava, jer su odnedavno ljudska postala nadle\u017enost potpredsjednika Vlade i ministra pravde Du\u0161ka Markovi\u0107a.<br \/>\nLider DUA Memet Zenka sino\u0107 nije odgovarao na telefonske pozive \u201eDana\u201d da prokomentari\u0161e konflikt u partiji. Drugi funkcioneri Demokratske unije Albanaca rekli da nemaju ovla\u0161\u0107enje da govore za medije o unutarstrana\u010dkim zbivanjima.<\/p>\n<p><a href=\"http:\/\/www.dan.co.me\/?nivo=3&amp;rubrika=Politika&amp;clanak=331864&amp;datum=2012-05-19&amp;naslov=Dino%B9in%20ro%F0ak%20zavadio%20partiju\" target=\"_blank\"><strong>M.V.<\/strong><br \/>\n<strong> Izvor: DAN<\/strong><\/a><\/p>\n","protected":false},"excerpt":{"rendered":"<p>Dino\u0161in ro\u0111ak zavadio partiju Unutar Demokratske unije Albanaca, saveznika DPS-a i SDP-a, do\u0161lo je do novih unutarartijskih sporova zbog izbora kandidata za ministra manjinskih prava, saznaje \u201eDan\u201d. Jedna frakcija, okupljena oko predsjednika partije Mehmeta Zenke, podr\u017eava Gzima Najdinagu, biv\u0161eg predsjednika op\u0161tine, dok druga smatra da je najbolje rje\u0161enje Hamdi Hasani, bliski srodnik nekada\u0161njeg lidera DUA [&hellip;]<\/p>\n","protected":false},"author":1,"featured_media":0,"comment_status":"open","ping_status":"closed","sticky":false,"template":"","format":"standard","meta":{"spay_email":"","jetpack_publicize_message":"","jetpack_is_tweetstorm":false,"jetpack_publicize_feature_enabled":true},"categories":[8337],"tags":[],"jetpack_publicize_connections":[],"yoast_head":"<!-- This site is optimized with the Yoast SEO plugin v19.1 - https:\/\/yoast.com\/wordpress\/plugins\/seo\/ -->\n<title>Sukob u DUA zbog kandidata za ministra manjinskih prava - Lajme nga Ulqini<\/title>\n<meta name=\"description\" content=\"Dino\u0161in ro\u0111ak zavadio partiju Unutar Demokratske unije Albanaca, saveznika DPS-a i SDP-a, do\u0161lo je do novih unutarartijskih sporova zbog izbora kandidata\" \/>\n<meta name=\"robots\" content=\"index, follow, max-snippet:-1, max-image-preview:large, max-video-preview:-1\" \/>\n<link rel=\"canonical\" href=\"https:\/\/www.visit-ulcinj.com\/blog\/2012\/05\/19\/sukob-u-dua-zbog-kandidata-za-ministra-manjinskih-prava\/\" \/>\n<meta property=\"og:locale\" content=\"en_US\" \/>\n<meta property=\"og:type\" content=\"article\" \/>\n<meta property=\"og:title\" content=\"Sukob u DUA zbog kandidata za ministra manjinskih prava - Lajme nga Ulqini\" \/>\n<meta property=\"og:description\" content=\"Dino\u0161in ro\u0111ak zavadio partiju Unutar Demokratske unije Albanaca, saveznika DPS-a i SDP-a, do\u0161lo je do novih unutarartijskih sporova zbog izbora kandidata\" \/>\n<meta property=\"og:url\" content=\"https:\/\/www.visit-ulcinj.com\/blog\/2012\/05\/19\/sukob-u-dua-zbog-kandidata-za-ministra-manjinskih-prava\/\" \/>\n<meta property=\"og:site_name\" content=\"Lajme nga Ulqini\" \/>\n<meta property=\"article:published_time\" content=\"2012-05-19T18:11:36+00:00\" \/>\n<meta property=\"article:modified_time\" content=\"2012-05-22T07:31:08+00:00\" \/>\n<meta property=\"og:image\" content=\"http:\/\/www.visit-ulcinj.com\/blog\/wp-content\/uploads\/2012\/05\/HAMDI-HASANI_FERHAT-DINOSHA.jpg\" \/>\n<meta name=\"twitter:label1\" content=\"Written by\" \/>\n\t<meta name=\"twitter:data1\" content=\"ulqini\" \/>\n\t<meta name=\"twitter:label2\" content=\"Est. reading time\" \/>\n\t<meta name=\"twitter:data2\" content=\"1 minute\" \/>\n<script type=\"application\/ld+json\" class=\"yoast-schema-graph\">{\"@context\":\"https:\/\/schema.org\",\"@graph\":[{\"@type\":\"WebSite\",\"@id\":\"https:\/\/www.visit-ulcinj.com\/blog\/#website\",\"url\":\"https:\/\/www.visit-ulcinj.com\/blog\/\",\"name\":\"Lajme nga Ulqini\",\"description\":\"Lajme,Vijesti,Ulqini,Ulqin,Crna Gora,Mali i Zi\",\"potentialAction\":[{\"@type\":\"SearchAction\",\"target\":{\"@type\":\"EntryPoint\",\"urlTemplate\":\"https:\/\/www.visit-ulcinj.com\/blog\/?s={search_term_string}\"},\"query-input\":\"required name=search_term_string\"}],\"inLanguage\":\"en-US\"},{\"@type\":\"ImageObject\",\"inLanguage\":\"en-US\",\"@id\":\"https:\/\/www.visit-ulcinj.com\/blog\/2012\/05\/19\/sukob-u-dua-zbog-kandidata-za-ministra-manjinskih-prava\/#primaryimage\",\"url\":\"https:\/\/www.visit-ulcinj.com\/blog\/wp-content\/uploads\/2012\/05\/HAMDI-HASANI_FERHAT-DINOSHA.jpg\",\"contentUrl\":\"https:\/\/www.visit-ulcinj.com\/blog\/wp-content\/uploads\/2012\/05\/HAMDI-HASANI_FERHAT-DINOSHA.jpg\",\"width\":\"960\",\"height\":\"720\"},{\"@type\":\"WebPage\",\"@id\":\"https:\/\/www.visit-ulcinj.com\/blog\/2012\/05\/19\/sukob-u-dua-zbog-kandidata-za-ministra-manjinskih-prava\/#webpage\",\"url\":\"https:\/\/www.visit-ulcinj.com\/blog\/2012\/05\/19\/sukob-u-dua-zbog-kandidata-za-ministra-manjinskih-prava\/\",\"name\":\"Sukob u DUA zbog kandidata za ministra manjinskih prava - Lajme nga Ulqini\",\"isPartOf\":{\"@id\":\"https:\/\/www.visit-ulcinj.com\/blog\/#website\"},\"primaryImageOfPage\":{\"@id\":\"https:\/\/www.visit-ulcinj.com\/blog\/2012\/05\/19\/sukob-u-dua-zbog-kandidata-za-ministra-manjinskih-prava\/#primaryimage\"},\"datePublished\":\"2012-05-19T18:11:36+00:00\",\"dateModified\":\"2012-05-22T07:31:08+00:00\",\"author\":{\"@id\":\"https:\/\/www.visit-ulcinj.com\/blog\/#\/schema\/person\/dcab619c614d3038751c63bc2aadc06d\"},\"description\":\"Dino\u0161in ro\u0111ak zavadio partiju Unutar Demokratske unije Albanaca, saveznika DPS-a i SDP-a, do\u0161lo je do novih unutarartijskih sporova zbog izbora kandidata\",\"breadcrumb\":{\"@id\":\"https:\/\/www.visit-ulcinj.com\/blog\/2012\/05\/19\/sukob-u-dua-zbog-kandidata-za-ministra-manjinskih-prava\/#breadcrumb\"},\"inLanguage\":\"en-US\",\"potentialAction\":[{\"@type\":\"ReadAction\",\"target\":[\"https:\/\/www.visit-ulcinj.com\/blog\/2012\/05\/19\/sukob-u-dua-zbog-kandidata-za-ministra-manjinskih-prava\/\"]}]},{\"@type\":\"BreadcrumbList\",\"@id\":\"https:\/\/www.visit-ulcinj.com\/blog\/2012\/05\/19\/sukob-u-dua-zbog-kandidata-za-ministra-manjinskih-prava\/#breadcrumb\",\"itemListElement\":[{\"@type\":\"ListItem\",\"position\":1,\"name\":\"Sukob u DUA zbog kandidata za ministra manjinskih prava\"}]},{\"@type\":\"Person\",\"@id\":\"https:\/\/www.visit-ulcinj.com\/blog\/#\/schema\/person\/dcab619c614d3038751c63bc2aadc06d\",\"name\":\"ulqini\",\"sameAs\":[\"http:\/\/www.visit-ulcinj.com\"],\"url\":\"https:\/\/www.visit-ulcinj.com\/blog\/author\/admin\/\"}]}<\/script>\n<!-- \/ Yoast SEO plugin. -->","yoast_head_json":{"title":"Sukob u DUA zbog kandidata za ministra manjinskih prava - Lajme nga Ulqini","description":"Dino\u0161in ro\u0111ak zavadio partiju Unutar Demokratske unije Albanaca, saveznika DPS-a i SDP-a, do\u0161lo je do novih unutarartijskih sporova zbog izbora kandidata","robots":{"index":"index","follow":"follow","max-snippet":"max-snippet:-1","max-image-preview":"max-image-preview:large","max-video-preview":"max-video-preview:-1"},"canonical":"https:\/\/www.visit-ulcinj.com\/blog\/2012\/05\/19\/sukob-u-dua-zbog-kandidata-za-ministra-manjinskih-prava\/","og_locale":"en_US","og_type":"article","og_title":"Sukob u DUA zbog kandidata za ministra manjinskih prava - Lajme nga Ulqini","og_description":"Dino\u0161in ro\u0111ak zavadio partiju Unutar Demokratske unije Albanaca, saveznika DPS-a i SDP-a, do\u0161lo je do novih unutarartijskih sporova zbog izbora kandidata","og_url":"https:\/\/www.visit-ulcinj.com\/blog\/2012\/05\/19\/sukob-u-dua-zbog-kandidata-za-ministra-manjinskih-prava\/","og_site_name":"Lajme nga Ulqini","article_published_time":"2012-05-19T18:11:36+00:00","article_modified_time":"2012-05-22T07:31:08+00:00","og_image":[{"url":"http:\/\/www.visit-ulcinj.com\/blog\/wp-content\/uploads\/2012\/05\/HAMDI-HASANI_FERHAT-DINOSHA.jpg"}],"twitter_misc":{"Written by":"ulqini","Est. reading time":"1 minute"},"schema":{"@context":"https:\/\/schema.org","@graph":[{"@type":"WebSite","@id":"https:\/\/www.visit-ulcinj.com\/blog\/#website","url":"https:\/\/www.visit-ulcinj.com\/blog\/","name":"Lajme nga Ulqini","description":"Lajme,Vijesti,Ulqini,Ulqin,Crna Gora,Mali i Zi","potentialAction":[{"@type":"SearchAction","target":{"@type":"EntryPoint","urlTemplate":"https:\/\/www.visit-ulcinj.com\/blog\/?s={search_term_string}"},"query-input":"required name=search_term_string"}],"inLanguage":"en-US"},{"@type":"ImageObject","inLanguage":"en-US","@id":"https:\/\/www.visit-ulcinj.com\/blog\/2012\/05\/19\/sukob-u-dua-zbog-kandidata-za-ministra-manjinskih-prava\/#primaryimage","url":"https:\/\/www.visit-ulcinj.com\/blog\/wp-content\/uploads\/2012\/05\/HAMDI-HASANI_FERHAT-DINOSHA.jpg","contentUrl":"https:\/\/www.visit-ulcinj.com\/blog\/wp-content\/uploads\/2012\/05\/HAMDI-HASANI_FERHAT-DINOSHA.jpg","width":"960","height":"720"},{"@type":"WebPage","@id":"https:\/\/www.visit-ulcinj.com\/blog\/2012\/05\/19\/sukob-u-dua-zbog-kandidata-za-ministra-manjinskih-prava\/#webpage","url":"https:\/\/www.visit-ulcinj.com\/blog\/2012\/05\/19\/sukob-u-dua-zbog-kandidata-za-ministra-manjinskih-prava\/","name":"Sukob u DUA zbog kandidata za ministra manjinskih prava - Lajme nga Ulqini","isPartOf":{"@id":"https:\/\/www.visit-ulcinj.com\/blog\/#website"},"primaryImageOfPage":{"@id":"https:\/\/www.visit-ulcinj.com\/blog\/2012\/05\/19\/sukob-u-dua-zbog-kandidata-za-ministra-manjinskih-prava\/#primaryimage"},"datePublished":"2012-05-19T18:11:36+00:00","dateModified":"2012-05-22T07:31:08+00:00","author":{"@id":"https:\/\/www.visit-ulcinj.com\/blog\/#\/schema\/person\/dcab619c614d3038751c63bc2aadc06d"},"description":"Dino\u0161in ro\u0111ak zavadio partiju Unutar Demokratske unije Albanaca, saveznika DPS-a i SDP-a, do\u0161lo je do novih unutarartijskih sporova zbog izbora kandidata","breadcrumb":{"@id":"https:\/\/www.visit-ulcinj.com\/blog\/2012\/05\/19\/sukob-u-dua-zbog-kandidata-za-ministra-manjinskih-prava\/#breadcrumb"},"inLanguage":"en-US","potentialAction":[{"@type":"ReadAction","target":["https:\/\/www.visit-ulcinj.com\/blog\/2012\/05\/19\/sukob-u-dua-zbog-kandidata-za-ministra-manjinskih-prava\/"]}]},{"@type":"BreadcrumbList","@id":"https:\/\/www.visit-ulcinj.com\/blog\/2012\/05\/19\/sukob-u-dua-zbog-kandidata-za-ministra-manjinskih-prava\/#breadcrumb","itemListElement":[{"@type":"ListItem","position":1,"name":"Sukob u DUA zbog kandidata za ministra manjinskih prava"}]},{"@type":"Person","@id":"https:\/\/www.visit-ulcinj.com\/blog\/#\/schema\/person\/dcab619c614d3038751c63bc2aadc06d","name":"ulqini","sameAs":["http:\/\/www.visit-ulcinj.com"],"url":"https:\/\/www.visit-ulcinj.com\/blog\/author\/admin\/"}]}},"jetpack_featured_media_url":"","jetpack_sharing_enabled":true,"jetpack_shortlink":"https:\/\/wp.me\/pe6lTn-fM7","_links":{"self":[{"href":"https:\/\/www.visit-ulcinj.com\/blog\/wp-json\/wp\/v2\/posts\/60643"}],"collection":[{"href":"https:\/\/www.visit-ulcinj.com\/blog\/wp-json\/wp\/v2\/posts"}],"about":[{"href":"https:\/\/www.visit-ulcinj.com\/blog\/wp-json\/wp\/v2\/types\/post"}],"author":[{"embeddable":true,"href":"https:\/\/www.visit-ulcinj.com\/blog\/wp-json\/wp\/v2\/users\/1"}],"replies":[{"embeddable":true,"href":"https:\/\/www.visit-ulcinj.com\/blog\/wp-json\/wp\/v2\/comments?post=60643"}],"version-history":[{"count":4,"href":"https:\/\/www.visit-ulcinj.com\/blog\/wp-json\/wp\/v2\/posts\/60643\/revisions"}],"predecessor-version":[{"id":60731,"href":"https:\/\/www.visit-ulcinj.com\/blog\/wp-json\/wp\/v2\/posts\/60643\/revisions\/60731"}],"wp:attachment":[{"href":"https:\/\/www.visit-ulcinj.com\/blog\/wp-json\/wp\/v2\/media?parent=60643"}],"wp:term":[{"taxonomy":"category","embeddable":true,"href":"https:\/\/www.visit-ulcinj.com\/blog\/wp-json\/wp\/v2\/categories?post=60643"},{"taxonomy":"post_tag","embeddable":true,"href":"https:\/\/www.visit-ulcinj.com\/blog\/wp-json\/wp\/v2\/tags?post=60643"}],"curies":[{"name":"wp","href":"https:\/\/api.w.org\/{rel}","templated":true}]}}