{"id":60659,"date":"2012-05-20T08:50:31","date_gmt":"2012-05-20T07:50:31","guid":{"rendered":"http:\/\/www.visit-ulcinj.com\/blog\/?p=60659"},"modified":"2012-05-20T08:50:31","modified_gmt":"2012-05-20T07:50:31","slug":"ne-ulqin-takimi-i-trete-i-forumit-te-albansoferes","status":"publish","type":"post","link":"https:\/\/www.visit-ulcinj.com\/blog\/2012\/05\/20\/ne-ulqin-takimi-i-trete-i-forumit-te-albansoferes\/","title":{"rendered":"N\u00eb Ulqin takimi i tret\u00eb i Forumit t\u00eb Albansofer\u00ebs"},"content":{"rendered":"<p><a href=\"http:\/\/www.visit-ulcinj.com\/blog\/wp-content\/uploads\/2012\/05\/N\u00eb-Ulqin-takimi-i-tret\u00eb-i-Forumit-t\u00eb-Albansofer\u00ebs.jpg\"><img loading=\"lazy\" class=\"alignleft  wp-image-60660\" title=\"N\u00eb Ulqin takimi i tret\u00eb i Forumit t\u00eb Albansofer\u00ebs\" src=\"http:\/\/www.visit-ulcinj.com\/blog\/wp-content\/uploads\/2012\/05\/N\u00eb-Ulqin-takimi-i-tret\u00eb-i-Forumit-t\u00eb-Albansofer\u00ebs.jpg\" alt=\"\" width=\"508\" height=\"360\" \/><\/a>N\u00eb datat 19 dhe 20 Maj mbahet n\u00eb Ulqin takimi i tret\u00eb i Forumit t\u00eb Albansofer\u00ebs. Forumi mbledh ne takime periodike politikan\u00eb nga partit\u00eb politike shqiptare n\u00eb rajon. \u00cbsht\u00eb nj\u00eb iniciativ\u00eb e Grupimit G99 n\u00eb Shqip\u00ebri, mb\u00ebshtetur nga Fondacioni Friedrich Ebert.<\/p>\n<p>N\u00eb k\u00ebt\u00eb takim fokus \u00ebsht\u00eb Diaspora Shqiptare. Do t\u00eb diskutohet diaspora si nj\u00eb resurs zhvillimi, urat lidh\u00ebse dhe strukturat institucionale p\u00ebr diaspor\u00ebn, si dhe ndikimi i saj n\u00eb gjeopolitike dhe shtetformim, me synimin p\u00ebr t\u00eb par\u00eb mund\u00ebsit\u00eb e nj\u00eb qasjeje t\u00eb koordinuar ndaj diaspor\u00ebs s\u00eb hap\u00ebsirave shqiptare.<\/p>\n<p>Partit\u00eb e p\u00ebrfaq\u00ebsuara n\u00eb takim jan\u00eb:<\/p>\n<p>Nga Kosova: Partia Demokratike e Kosov\u00ebs, Lidhja Demokratike e Kosov\u00ebs, L\u00ebvizja Vet\u00ebvendosje, Aleanca p\u00ebr Ardhm\u00ebrin\u00eb e Kosov\u00ebs, Aleanca Kosova e Re;<\/p>\n<p>Nga Shqip\u00ebria: Partia Socialiste, L\u00ebvizja Socialiste p\u00ebr Integrim; Grupimi G99<\/p>\n<p>Nga Maqedonia: Bashkimi Demokratik p\u00ebr Integrim, Partia Demokratike Shqiptare<\/p>\n<p>Nga Mali i Zi: Forca e Re Demokratike, Perspektiva<\/p>\n<p>Nga Lugina e Preshev\u00ebs: Partia p\u00ebr Veprim Demokratik<\/p>\n<p>I ftuar gjithashtu edhe z. Ibrahim Makolli, Minist\u00ebr i Diaspor\u00ebs, Kosov\u00eb.<\/p>\n<p><strong>INA<\/strong><\/p>\n","protected":false},"excerpt":{"rendered":"<p>N\u00eb datat 19 dhe 20 Maj mbahet n\u00eb Ulqin takimi i tret\u00eb i Forumit t\u00eb Albansofer\u00ebs. Forumi mbledh ne takime periodike politikan\u00eb nga partit\u00eb politike shqiptare n\u00eb rajon. \u00cbsht\u00eb nj\u00eb iniciativ\u00eb e Grupimit G99 n\u00eb Shqip\u00ebri, mb\u00ebshtetur nga Fondacioni Friedrich Ebert. N\u00eb k\u00ebt\u00eb takim fokus \u00ebsht\u00eb Diaspora Shqiptare. Do t\u00eb diskutohet diaspora si nj\u00eb resurs [&hellip;]<\/p>\n","protected":false},"author":1,"featured_media":0,"comment_status":"open","ping_status":"closed","sticky":false,"template":"","format":"standard","meta":{"spay_email":"","jetpack_publicize_message":"","jetpack_is_tweetstorm":false,"jetpack_publicize_feature_enabled":true},"categories":[6],"tags":[20485,20484,95,200,18],"jetpack_publicize_connections":[],"yoast_head":"<!-- This site is optimized with the Yoast SEO plugin v19.1 - https:\/\/yoast.com\/wordpress\/plugins\/seo\/ -->\n<title>N\u00eb Ulqin takimi i tret\u00eb i Forumit t\u00eb Albansofer\u00ebs - Lajme nga Ulqini<\/title>\n<meta name=\"description\" content=\"N\u00eb datat 19 dhe 20 Maj mbahet n\u00eb Ulqin takimi i tret\u00eb i Forumit t\u00eb Albansofer\u00ebs. Forumi mbledh ne takime periodike politikan\u00eb nga partit\u00eb politike\" \/>\n<meta name=\"robots\" content=\"index, follow, max-snippet:-1, max-image-preview:large, max-video-preview:-1\" \/>\n<link rel=\"canonical\" href=\"https:\/\/www.visit-ulcinj.com\/blog\/2012\/05\/20\/ne-ulqin-takimi-i-trete-i-forumit-te-albansoferes\/\" \/>\n<meta property=\"og:locale\" content=\"en_US\" \/>\n<meta property=\"og:type\" content=\"article\" \/>\n<meta property=\"og:title\" content=\"N\u00eb Ulqin takimi i tret\u00eb i Forumit t\u00eb Albansofer\u00ebs - Lajme nga Ulqini\" \/>\n<meta property=\"og:description\" content=\"N\u00eb datat 19 dhe 20 Maj mbahet n\u00eb Ulqin takimi i tret\u00eb i Forumit t\u00eb Albansofer\u00ebs. Forumi mbledh ne takime periodike politikan\u00eb nga partit\u00eb politike\" \/>\n<meta property=\"og:url\" content=\"https:\/\/www.visit-ulcinj.com\/blog\/2012\/05\/20\/ne-ulqin-takimi-i-trete-i-forumit-te-albansoferes\/\" \/>\n<meta property=\"og:site_name\" content=\"Lajme nga Ulqini\" \/>\n<meta property=\"article:published_time\" content=\"2012-05-20T07:50:31+00:00\" \/>\n<meta name=\"twitter:label1\" content=\"Written by\" \/>\n\t<meta name=\"twitter:data1\" content=\"ulqini\" \/>\n\t<meta name=\"twitter:label2\" content=\"Est. reading time\" \/>\n\t<meta name=\"twitter:data2\" content=\"1 minute\" \/>\n<script type=\"application\/ld+json\" class=\"yoast-schema-graph\">{\"@context\":\"https:\/\/schema.org\",\"@graph\":[{\"@type\":\"WebSite\",\"@id\":\"https:\/\/www.visit-ulcinj.com\/blog\/#website\",\"url\":\"https:\/\/www.visit-ulcinj.com\/blog\/\",\"name\":\"Lajme nga Ulqini\",\"description\":\"Lajme,Vijesti,Ulqini,Ulqin,Crna Gora,Mali i Zi\",\"potentialAction\":[{\"@type\":\"SearchAction\",\"target\":{\"@type\":\"EntryPoint\",\"urlTemplate\":\"https:\/\/www.visit-ulcinj.com\/blog\/?s={search_term_string}\"},\"query-input\":\"required name=search_term_string\"}],\"inLanguage\":\"en-US\"},{\"@type\":\"WebPage\",\"@id\":\"https:\/\/www.visit-ulcinj.com\/blog\/2012\/05\/20\/ne-ulqin-takimi-i-trete-i-forumit-te-albansoferes\/#webpage\",\"url\":\"https:\/\/www.visit-ulcinj.com\/blog\/2012\/05\/20\/ne-ulqin-takimi-i-trete-i-forumit-te-albansoferes\/\",\"name\":\"N\u00eb Ulqin takimi i tret\u00eb i Forumit t\u00eb Albansofer\u00ebs - Lajme nga Ulqini\",\"isPartOf\":{\"@id\":\"https:\/\/www.visit-ulcinj.com\/blog\/#website\"},\"datePublished\":\"2012-05-20T07:50:31+00:00\",\"dateModified\":\"2012-05-20T07:50:31+00:00\",\"author\":{\"@id\":\"https:\/\/www.visit-ulcinj.com\/blog\/#\/schema\/person\/dcab619c614d3038751c63bc2aadc06d\"},\"description\":\"N\u00eb datat 19 dhe 20 Maj mbahet n\u00eb Ulqin takimi i tret\u00eb i Forumit t\u00eb Albansofer\u00ebs. Forumi mbledh ne takime periodike politikan\u00eb nga partit\u00eb politike\",\"breadcrumb\":{\"@id\":\"https:\/\/www.visit-ulcinj.com\/blog\/2012\/05\/20\/ne-ulqin-takimi-i-trete-i-forumit-te-albansoferes\/#breadcrumb\"},\"inLanguage\":\"en-US\",\"potentialAction\":[{\"@type\":\"ReadAction\",\"target\":[\"https:\/\/www.visit-ulcinj.com\/blog\/2012\/05\/20\/ne-ulqin-takimi-i-trete-i-forumit-te-albansoferes\/\"]}]},{\"@type\":\"BreadcrumbList\",\"@id\":\"https:\/\/www.visit-ulcinj.com\/blog\/2012\/05\/20\/ne-ulqin-takimi-i-trete-i-forumit-te-albansoferes\/#breadcrumb\",\"itemListElement\":[{\"@type\":\"ListItem\",\"position\":1,\"name\":\"N\u00eb Ulqin takimi i tret\u00eb i Forumit t\u00eb Albansofer\u00ebs\"}]},{\"@type\":\"Person\",\"@id\":\"https:\/\/www.visit-ulcinj.com\/blog\/#\/schema\/person\/dcab619c614d3038751c63bc2aadc06d\",\"name\":\"ulqini\",\"sameAs\":[\"http:\/\/www.visit-ulcinj.com\"],\"url\":\"https:\/\/www.visit-ulcinj.com\/blog\/author\/admin\/\"}]}<\/script>\n<!-- \/ Yoast SEO plugin. -->","yoast_head_json":{"title":"N\u00eb Ulqin takimi i tret\u00eb i Forumit t\u00eb Albansofer\u00ebs - Lajme nga Ulqini","description":"N\u00eb datat 19 dhe 20 Maj mbahet n\u00eb Ulqin takimi i tret\u00eb i Forumit t\u00eb Albansofer\u00ebs. Forumi mbledh ne takime periodike politikan\u00eb nga partit\u00eb politike","robots":{"index":"index","follow":"follow","max-snippet":"max-snippet:-1","max-image-preview":"max-image-preview:large","max-video-preview":"max-video-preview:-1"},"canonical":"https:\/\/www.visit-ulcinj.com\/blog\/2012\/05\/20\/ne-ulqin-takimi-i-trete-i-forumit-te-albansoferes\/","og_locale":"en_US","og_type":"article","og_title":"N\u00eb Ulqin takimi i tret\u00eb i Forumit t\u00eb Albansofer\u00ebs - Lajme nga Ulqini","og_description":"N\u00eb datat 19 dhe 20 Maj mbahet n\u00eb Ulqin takimi i tret\u00eb i Forumit t\u00eb Albansofer\u00ebs. Forumi mbledh ne takime periodike politikan\u00eb nga partit\u00eb politike","og_url":"https:\/\/www.visit-ulcinj.com\/blog\/2012\/05\/20\/ne-ulqin-takimi-i-trete-i-forumit-te-albansoferes\/","og_site_name":"Lajme nga Ulqini","article_published_time":"2012-05-20T07:50:31+00:00","twitter_misc":{"Written by":"ulqini","Est. reading time":"1 minute"},"schema":{"@context":"https:\/\/schema.org","@graph":[{"@type":"WebSite","@id":"https:\/\/www.visit-ulcinj.com\/blog\/#website","url":"https:\/\/www.visit-ulcinj.com\/blog\/","name":"Lajme nga Ulqini","description":"Lajme,Vijesti,Ulqini,Ulqin,Crna Gora,Mali i Zi","potentialAction":[{"@type":"SearchAction","target":{"@type":"EntryPoint","urlTemplate":"https:\/\/www.visit-ulcinj.com\/blog\/?s={search_term_string}"},"query-input":"required name=search_term_string"}],"inLanguage":"en-US"},{"@type":"WebPage","@id":"https:\/\/www.visit-ulcinj.com\/blog\/2012\/05\/20\/ne-ulqin-takimi-i-trete-i-forumit-te-albansoferes\/#webpage","url":"https:\/\/www.visit-ulcinj.com\/blog\/2012\/05\/20\/ne-ulqin-takimi-i-trete-i-forumit-te-albansoferes\/","name":"N\u00eb Ulqin takimi i tret\u00eb i Forumit t\u00eb Albansofer\u00ebs - Lajme nga Ulqini","isPartOf":{"@id":"https:\/\/www.visit-ulcinj.com\/blog\/#website"},"datePublished":"2012-05-20T07:50:31+00:00","dateModified":"2012-05-20T07:50:31+00:00","author":{"@id":"https:\/\/www.visit-ulcinj.com\/blog\/#\/schema\/person\/dcab619c614d3038751c63bc2aadc06d"},"description":"N\u00eb datat 19 dhe 20 Maj mbahet n\u00eb Ulqin takimi i tret\u00eb i Forumit t\u00eb Albansofer\u00ebs. Forumi mbledh ne takime periodike politikan\u00eb nga partit\u00eb politike","breadcrumb":{"@id":"https:\/\/www.visit-ulcinj.com\/blog\/2012\/05\/20\/ne-ulqin-takimi-i-trete-i-forumit-te-albansoferes\/#breadcrumb"},"inLanguage":"en-US","potentialAction":[{"@type":"ReadAction","target":["https:\/\/www.visit-ulcinj.com\/blog\/2012\/05\/20\/ne-ulqin-takimi-i-trete-i-forumit-te-albansoferes\/"]}]},{"@type":"BreadcrumbList","@id":"https:\/\/www.visit-ulcinj.com\/blog\/2012\/05\/20\/ne-ulqin-takimi-i-trete-i-forumit-te-albansoferes\/#breadcrumb","itemListElement":[{"@type":"ListItem","position":1,"name":"N\u00eb Ulqin takimi i tret\u00eb i Forumit t\u00eb Albansofer\u00ebs"}]},{"@type":"Person","@id":"https:\/\/www.visit-ulcinj.com\/blog\/#\/schema\/person\/dcab619c614d3038751c63bc2aadc06d","name":"ulqini","sameAs":["http:\/\/www.visit-ulcinj.com"],"url":"https:\/\/www.visit-ulcinj.com\/blog\/author\/admin\/"}]}},"jetpack_featured_media_url":"","jetpack_sharing_enabled":true,"jetpack_shortlink":"https:\/\/wp.me\/pe6lTn-fMn","_links":{"self":[{"href":"https:\/\/www.visit-ulcinj.com\/blog\/wp-json\/wp\/v2\/posts\/60659"}],"collection":[{"href":"https:\/\/www.visit-ulcinj.com\/blog\/wp-json\/wp\/v2\/posts"}],"about":[{"href":"https:\/\/www.visit-ulcinj.com\/blog\/wp-json\/wp\/v2\/types\/post"}],"author":[{"embeddable":true,"href":"https:\/\/www.visit-ulcinj.com\/blog\/wp-json\/wp\/v2\/users\/1"}],"replies":[{"embeddable":true,"href":"https:\/\/www.visit-ulcinj.com\/blog\/wp-json\/wp\/v2\/comments?post=60659"}],"version-history":[{"count":2,"href":"https:\/\/www.visit-ulcinj.com\/blog\/wp-json\/wp\/v2\/posts\/60659\/revisions"}],"predecessor-version":[{"id":60662,"href":"https:\/\/www.visit-ulcinj.com\/blog\/wp-json\/wp\/v2\/posts\/60659\/revisions\/60662"}],"wp:attachment":[{"href":"https:\/\/www.visit-ulcinj.com\/blog\/wp-json\/wp\/v2\/media?parent=60659"}],"wp:term":[{"taxonomy":"category","embeddable":true,"href":"https:\/\/www.visit-ulcinj.com\/blog\/wp-json\/wp\/v2\/categories?post=60659"},{"taxonomy":"post_tag","embeddable":true,"href":"https:\/\/www.visit-ulcinj.com\/blog\/wp-json\/wp\/v2\/tags?post=60659"}],"curies":[{"name":"wp","href":"https:\/\/api.w.org\/{rel}","templated":true}]}}