{"id":60663,"date":"2012-05-20T16:05:38","date_gmt":"2012-05-20T15:05:38","guid":{"rendered":"http:\/\/www.visit-ulcinj.com\/blog\/?p=60663"},"modified":"2012-05-27T11:21:48","modified_gmt":"2012-05-27T10:21:48","slug":"aksident-rrugor-ne-ulqinvdes-gani-zeneli","status":"publish","type":"post","link":"https:\/\/www.visit-ulcinj.com\/blog\/2012\/05\/20\/aksident-rrugor-ne-ulqinvdes-gani-zeneli\/","title":{"rendered":"Aksident rrugor n\u00eb Ulqin,vdes Gani Zeneli"},"content":{"rendered":"<p><strong><a href=\"http:\/\/www.visit-ulcinj.com\/blog\/wp-content\/uploads\/2012\/05\/policija_ulqin.jpg\"><img loading=\"lazy\" class=\"alignleft  wp-image-60664\" title=\"policija_ulqin\" src=\"http:\/\/www.visit-ulcinj.com\/blog\/wp-content\/uploads\/2012\/05\/policija_ulqin.jpg\" alt=\"\" width=\"350\" height=\"400\" \/><\/a>Nj\u00eb aksident fatal ka ndodhur pasditen e s\u00eb shtun\u00ebs n\u00eb komun\u00eb t\u00eb Ulqinit, ku humbi jet\u00ebn\u00a0 64 vje\u00e7ari, Gani Zeneli.<\/strong><\/p>\n<p>Ngjarja tragjike ka ndodhur n\u00eb rrug\u00ebn N\u00ebna Terez\u00eb n\u00eb ora 17:30,mu para furr\u00ebs s\u00eb buk\u00ebs Jadran, si pasoj\u00eb e s\u00eb ciles ka humbur jet\u00ebn kalimtari kur Gani Zeneli duke kaluar rrug\u00ebn,si pasoj\u00eb e p\u00ebrplasjes ishte automjeti I tipit Golf 3,ku autori i aksidentit esht\u00eb nga Ulqini M.L.(33).<\/p>\n<p>Policia ka nisur hetimet p\u00ebr zbardhjen e ngjarjes.<\/p>\n","protected":false},"excerpt":{"rendered":"<p>Nj\u00eb aksident fatal ka ndodhur pasditen e s\u00eb shtun\u00ebs n\u00eb komun\u00eb t\u00eb Ulqinit, ku humbi jet\u00ebn\u00a0 64 vje\u00e7ari, Gani Zeneli. Ngjarja tragjike ka ndodhur n\u00eb rrug\u00ebn N\u00ebna Terez\u00eb n\u00eb ora 17:30,mu para furr\u00ebs s\u00eb buk\u00ebs Jadran, si pasoj\u00eb e s\u00eb ciles ka humbur jet\u00ebn kalimtari kur Gani Zeneli duke kaluar rrug\u00ebn,si pasoj\u00eb e p\u00ebrplasjes ishte [&hellip;]<\/p>\n","protected":false},"author":1,"featured_media":0,"comment_status":"open","ping_status":"closed","sticky":false,"template":"","format":"standard","meta":{"spay_email":"","jetpack_publicize_message":"","jetpack_is_tweetstorm":false,"jetpack_publicize_feature_enabled":true},"categories":[8],"tags":[18125,20486,297,11734,18],"jetpack_publicize_connections":[],"yoast_head":"<!-- This site is optimized with the Yoast SEO plugin v19.1 - https:\/\/yoast.com\/wordpress\/plugins\/seo\/ -->\n<title>Aksident rrugor n\u00eb Ulqin,vdes Gani Zeneli - Lajme nga Ulqini<\/title>\n<meta name=\"description\" content=\"Nj\u00eb aksident fatal ka ndodhur pasditen e s\u00eb shtun\u00ebs n\u00eb komun\u00eb t\u00eb Ulqinit, ku humbi jet\u00ebn\u00a0 64 vje\u00e7ari, Gani Zeneli. Ngjarja tragjike ka ndodhur n\u00eb rrug\u00ebn\" \/>\n<meta name=\"robots\" content=\"index, follow, max-snippet:-1, max-image-preview:large, max-video-preview:-1\" \/>\n<link rel=\"canonical\" href=\"https:\/\/www.visit-ulcinj.com\/blog\/2012\/05\/20\/aksident-rrugor-ne-ulqinvdes-gani-zeneli\/\" \/>\n<meta property=\"og:locale\" content=\"en_US\" \/>\n<meta property=\"og:type\" content=\"article\" \/>\n<meta property=\"og:title\" content=\"Aksident rrugor n\u00eb Ulqin,vdes Gani Zeneli - Lajme nga Ulqini\" \/>\n<meta property=\"og:description\" content=\"Nj\u00eb aksident fatal ka ndodhur pasditen e s\u00eb shtun\u00ebs n\u00eb komun\u00eb t\u00eb Ulqinit, ku humbi jet\u00ebn\u00a0 64 vje\u00e7ari, Gani Zeneli. Ngjarja tragjike ka ndodhur n\u00eb rrug\u00ebn\" \/>\n<meta property=\"og:url\" content=\"https:\/\/www.visit-ulcinj.com\/blog\/2012\/05\/20\/aksident-rrugor-ne-ulqinvdes-gani-zeneli\/\" \/>\n<meta property=\"og:site_name\" content=\"Lajme nga Ulqini\" \/>\n<meta property=\"article:published_time\" content=\"2012-05-20T15:05:38+00:00\" \/>\n<meta property=\"article:modified_time\" content=\"2012-05-27T10:21:48+00:00\" \/>\n<meta property=\"og:image\" content=\"http:\/\/www.visit-ulcinj.com\/blog\/wp-content\/uploads\/2012\/05\/policija_ulqin.jpg\" \/>\n<meta name=\"twitter:label1\" content=\"Written by\" \/>\n\t<meta name=\"twitter:data1\" content=\"ulqini\" \/>\n<script type=\"application\/ld+json\" class=\"yoast-schema-graph\">{\"@context\":\"https:\/\/schema.org\",\"@graph\":[{\"@type\":\"WebSite\",\"@id\":\"https:\/\/www.visit-ulcinj.com\/blog\/#website\",\"url\":\"https:\/\/www.visit-ulcinj.com\/blog\/\",\"name\":\"Lajme nga Ulqini\",\"description\":\"Lajme,Vijesti,Ulqini,Ulqin,Crna Gora,Mali i Zi\",\"potentialAction\":[{\"@type\":\"SearchAction\",\"target\":{\"@type\":\"EntryPoint\",\"urlTemplate\":\"https:\/\/www.visit-ulcinj.com\/blog\/?s={search_term_string}\"},\"query-input\":\"required name=search_term_string\"}],\"inLanguage\":\"en-US\"},{\"@type\":\"ImageObject\",\"inLanguage\":\"en-US\",\"@id\":\"https:\/\/www.visit-ulcinj.com\/blog\/2012\/05\/20\/aksident-rrugor-ne-ulqinvdes-gani-zeneli\/#primaryimage\",\"url\":\"https:\/\/www.visit-ulcinj.com\/blog\/wp-content\/uploads\/2012\/05\/policija_ulqin.jpg\",\"contentUrl\":\"https:\/\/www.visit-ulcinj.com\/blog\/wp-content\/uploads\/2012\/05\/policija_ulqin.jpg\",\"width\":\"431\",\"height\":\"446\"},{\"@type\":\"WebPage\",\"@id\":\"https:\/\/www.visit-ulcinj.com\/blog\/2012\/05\/20\/aksident-rrugor-ne-ulqinvdes-gani-zeneli\/#webpage\",\"url\":\"https:\/\/www.visit-ulcinj.com\/blog\/2012\/05\/20\/aksident-rrugor-ne-ulqinvdes-gani-zeneli\/\",\"name\":\"Aksident rrugor n\u00eb Ulqin,vdes Gani Zeneli - Lajme nga Ulqini\",\"isPartOf\":{\"@id\":\"https:\/\/www.visit-ulcinj.com\/blog\/#website\"},\"primaryImageOfPage\":{\"@id\":\"https:\/\/www.visit-ulcinj.com\/blog\/2012\/05\/20\/aksident-rrugor-ne-ulqinvdes-gani-zeneli\/#primaryimage\"},\"datePublished\":\"2012-05-20T15:05:38+00:00\",\"dateModified\":\"2012-05-27T10:21:48+00:00\",\"author\":{\"@id\":\"https:\/\/www.visit-ulcinj.com\/blog\/#\/schema\/person\/dcab619c614d3038751c63bc2aadc06d\"},\"description\":\"Nj\u00eb aksident fatal ka ndodhur pasditen e s\u00eb shtun\u00ebs n\u00eb komun\u00eb t\u00eb Ulqinit, ku humbi jet\u00ebn\u00a0 64 vje\u00e7ari, Gani Zeneli. Ngjarja tragjike ka ndodhur n\u00eb rrug\u00ebn\",\"breadcrumb\":{\"@id\":\"https:\/\/www.visit-ulcinj.com\/blog\/2012\/05\/20\/aksident-rrugor-ne-ulqinvdes-gani-zeneli\/#breadcrumb\"},\"inLanguage\":\"en-US\",\"potentialAction\":[{\"@type\":\"ReadAction\",\"target\":[\"https:\/\/www.visit-ulcinj.com\/blog\/2012\/05\/20\/aksident-rrugor-ne-ulqinvdes-gani-zeneli\/\"]}]},{\"@type\":\"BreadcrumbList\",\"@id\":\"https:\/\/www.visit-ulcinj.com\/blog\/2012\/05\/20\/aksident-rrugor-ne-ulqinvdes-gani-zeneli\/#breadcrumb\",\"itemListElement\":[{\"@type\":\"ListItem\",\"position\":1,\"name\":\"Aksident rrugor n\u00eb Ulqin,vdes Gani Zeneli\"}]},{\"@type\":\"Person\",\"@id\":\"https:\/\/www.visit-ulcinj.com\/blog\/#\/schema\/person\/dcab619c614d3038751c63bc2aadc06d\",\"name\":\"ulqini\",\"sameAs\":[\"http:\/\/www.visit-ulcinj.com\"],\"url\":\"https:\/\/www.visit-ulcinj.com\/blog\/author\/admin\/\"}]}<\/script>\n<!-- \/ Yoast SEO plugin. -->","yoast_head_json":{"title":"Aksident rrugor n\u00eb Ulqin,vdes Gani Zeneli - Lajme nga Ulqini","description":"Nj\u00eb aksident fatal ka ndodhur pasditen e s\u00eb shtun\u00ebs n\u00eb komun\u00eb t\u00eb Ulqinit, ku humbi jet\u00ebn\u00a0 64 vje\u00e7ari, Gani Zeneli. Ngjarja tragjike ka ndodhur n\u00eb rrug\u00ebn","robots":{"index":"index","follow":"follow","max-snippet":"max-snippet:-1","max-image-preview":"max-image-preview:large","max-video-preview":"max-video-preview:-1"},"canonical":"https:\/\/www.visit-ulcinj.com\/blog\/2012\/05\/20\/aksident-rrugor-ne-ulqinvdes-gani-zeneli\/","og_locale":"en_US","og_type":"article","og_title":"Aksident rrugor n\u00eb Ulqin,vdes Gani Zeneli - Lajme nga Ulqini","og_description":"Nj\u00eb aksident fatal ka ndodhur pasditen e s\u00eb shtun\u00ebs n\u00eb komun\u00eb t\u00eb Ulqinit, ku humbi jet\u00ebn\u00a0 64 vje\u00e7ari, Gani Zeneli. Ngjarja tragjike ka ndodhur n\u00eb rrug\u00ebn","og_url":"https:\/\/www.visit-ulcinj.com\/blog\/2012\/05\/20\/aksident-rrugor-ne-ulqinvdes-gani-zeneli\/","og_site_name":"Lajme nga Ulqini","article_published_time":"2012-05-20T15:05:38+00:00","article_modified_time":"2012-05-27T10:21:48+00:00","og_image":[{"url":"http:\/\/www.visit-ulcinj.com\/blog\/wp-content\/uploads\/2012\/05\/policija_ulqin.jpg"}],"twitter_misc":{"Written by":"ulqini"},"schema":{"@context":"https:\/\/schema.org","@graph":[{"@type":"WebSite","@id":"https:\/\/www.visit-ulcinj.com\/blog\/#website","url":"https:\/\/www.visit-ulcinj.com\/blog\/","name":"Lajme nga Ulqini","description":"Lajme,Vijesti,Ulqini,Ulqin,Crna Gora,Mali i Zi","potentialAction":[{"@type":"SearchAction","target":{"@type":"EntryPoint","urlTemplate":"https:\/\/www.visit-ulcinj.com\/blog\/?s={search_term_string}"},"query-input":"required name=search_term_string"}],"inLanguage":"en-US"},{"@type":"ImageObject","inLanguage":"en-US","@id":"https:\/\/www.visit-ulcinj.com\/blog\/2012\/05\/20\/aksident-rrugor-ne-ulqinvdes-gani-zeneli\/#primaryimage","url":"https:\/\/www.visit-ulcinj.com\/blog\/wp-content\/uploads\/2012\/05\/policija_ulqin.jpg","contentUrl":"https:\/\/www.visit-ulcinj.com\/blog\/wp-content\/uploads\/2012\/05\/policija_ulqin.jpg","width":"431","height":"446"},{"@type":"WebPage","@id":"https:\/\/www.visit-ulcinj.com\/blog\/2012\/05\/20\/aksident-rrugor-ne-ulqinvdes-gani-zeneli\/#webpage","url":"https:\/\/www.visit-ulcinj.com\/blog\/2012\/05\/20\/aksident-rrugor-ne-ulqinvdes-gani-zeneli\/","name":"Aksident rrugor n\u00eb Ulqin,vdes Gani Zeneli - Lajme nga Ulqini","isPartOf":{"@id":"https:\/\/www.visit-ulcinj.com\/blog\/#website"},"primaryImageOfPage":{"@id":"https:\/\/www.visit-ulcinj.com\/blog\/2012\/05\/20\/aksident-rrugor-ne-ulqinvdes-gani-zeneli\/#primaryimage"},"datePublished":"2012-05-20T15:05:38+00:00","dateModified":"2012-05-27T10:21:48+00:00","author":{"@id":"https:\/\/www.visit-ulcinj.com\/blog\/#\/schema\/person\/dcab619c614d3038751c63bc2aadc06d"},"description":"Nj\u00eb aksident fatal ka ndodhur pasditen e s\u00eb shtun\u00ebs n\u00eb komun\u00eb t\u00eb Ulqinit, ku humbi jet\u00ebn\u00a0 64 vje\u00e7ari, Gani Zeneli. Ngjarja tragjike ka ndodhur n\u00eb rrug\u00ebn","breadcrumb":{"@id":"https:\/\/www.visit-ulcinj.com\/blog\/2012\/05\/20\/aksident-rrugor-ne-ulqinvdes-gani-zeneli\/#breadcrumb"},"inLanguage":"en-US","potentialAction":[{"@type":"ReadAction","target":["https:\/\/www.visit-ulcinj.com\/blog\/2012\/05\/20\/aksident-rrugor-ne-ulqinvdes-gani-zeneli\/"]}]},{"@type":"BreadcrumbList","@id":"https:\/\/www.visit-ulcinj.com\/blog\/2012\/05\/20\/aksident-rrugor-ne-ulqinvdes-gani-zeneli\/#breadcrumb","itemListElement":[{"@type":"ListItem","position":1,"name":"Aksident rrugor n\u00eb Ulqin,vdes Gani Zeneli"}]},{"@type":"Person","@id":"https:\/\/www.visit-ulcinj.com\/blog\/#\/schema\/person\/dcab619c614d3038751c63bc2aadc06d","name":"ulqini","sameAs":["http:\/\/www.visit-ulcinj.com"],"url":"https:\/\/www.visit-ulcinj.com\/blog\/author\/admin\/"}]}},"jetpack_featured_media_url":"","jetpack_sharing_enabled":true,"jetpack_shortlink":"https:\/\/wp.me\/pe6lTn-fMr","_links":{"self":[{"href":"https:\/\/www.visit-ulcinj.com\/blog\/wp-json\/wp\/v2\/posts\/60663"}],"collection":[{"href":"https:\/\/www.visit-ulcinj.com\/blog\/wp-json\/wp\/v2\/posts"}],"about":[{"href":"https:\/\/www.visit-ulcinj.com\/blog\/wp-json\/wp\/v2\/types\/post"}],"author":[{"embeddable":true,"href":"https:\/\/www.visit-ulcinj.com\/blog\/wp-json\/wp\/v2\/users\/1"}],"replies":[{"embeddable":true,"href":"https:\/\/www.visit-ulcinj.com\/blog\/wp-json\/wp\/v2\/comments?post=60663"}],"version-history":[{"count":4,"href":"https:\/\/www.visit-ulcinj.com\/blog\/wp-json\/wp\/v2\/posts\/60663\/revisions"}],"predecessor-version":[{"id":61042,"href":"https:\/\/www.visit-ulcinj.com\/blog\/wp-json\/wp\/v2\/posts\/60663\/revisions\/61042"}],"wp:attachment":[{"href":"https:\/\/www.visit-ulcinj.com\/blog\/wp-json\/wp\/v2\/media?parent=60663"}],"wp:term":[{"taxonomy":"category","embeddable":true,"href":"https:\/\/www.visit-ulcinj.com\/blog\/wp-json\/wp\/v2\/categories?post=60663"},{"taxonomy":"post_tag","embeddable":true,"href":"https:\/\/www.visit-ulcinj.com\/blog\/wp-json\/wp\/v2\/tags?post=60663"}],"curies":[{"name":"wp","href":"https:\/\/api.w.org\/{rel}","templated":true}]}}