{"id":60667,"date":"2012-05-21T17:32:16","date_gmt":"2012-05-21T16:32:16","guid":{"rendered":"http:\/\/www.visit-ulcinj.com\/blog\/?p=60667"},"modified":"2012-05-23T17:34:27","modified_gmt":"2012-05-23T16:34:27","slug":"albanosfera-ne-ulqinnje-shtepi-politike-mbareshqiptare","status":"publish","type":"post","link":"https:\/\/www.visit-ulcinj.com\/blog\/2012\/05\/21\/albanosfera-ne-ulqinnje-shtepi-politike-mbareshqiptare\/","title":{"rendered":"Albanosfera n\u00eb Ulqin,nj\u00eb sht\u00ebpi politike mbar\u00ebshqiptare"},"content":{"rendered":"<p><strong><a href=\"http:\/\/www.visit-ulcinj.com\/blog\/wp-content\/uploads\/2012\/05\/Forumi-i-Albanosferes-Ulqin.jpg\"><img loading=\"lazy\" class=\"alignleft  wp-image-60822\" title=\"Forumi i Albanosferes - Ulqin\" src=\"http:\/\/www.visit-ulcinj.com\/blog\/wp-content\/uploads\/2012\/05\/Forumi-i-Albanosferes-Ulqin.jpg\" alt=\"\" width=\"508\" height=\"360\" \/><\/a>N\u00eb Ulqin t\u00eb Malit te Zi prej dy dit\u00ebsh \u00ebsht\u00eb duke zhvilluar forumi i Albanosfer\u00ebs me pjesmarrjen e politikanve dhe eksperteve nga Shqip\u00ebria, Kosova, Maqedonia dhe Mali i Zi. <\/strong><\/p>\n<p>N\u00eb fokus t\u00eb k\u00ebtij forumi jan\u00eb c\u00ebshtje q\u00eb kan\u00eb t\u00eb b\u00ebjn\u00eb me diaspor\u00ebn shqiptare. Forumi hodhi idene e krijimit t\u00eb nj\u00eb institucioni t\u00eb p\u00ebrbashk\u00ebt p\u00ebr shqiptar\u00ebt e gjitha trevave, me q\u00ebllim q\u00eb shqiptar\u00ebt n\u00eb mbar\u00eb bot\u00ebn t\u00eb ken\u00eb nj\u00eb sht\u00ebpi t\u00eb madhe.<\/p>\n<p>Si moderator i forumit, Ervin Mete e mori fjal\u00ebn i pari. Ndon\u00ebse Shqip\u00ebria ka nj\u00eb institut diaspore pran\u00eb ministris\u00eb s\u00eb jashtme, Ervin Mete tha se mungon informacioni i holl\u00ebsish\u00ebm p\u00ebr diaspor\u00ebn:<\/p>\n<p>\u201cP\u00ebr fat t\u00eb keq ne nuk kemi nj\u00eb hart\u00eb t\u00eb Diaspor\u00ebs shqiptare. Ku ndodhet, si \u00ebsht\u00eb e struktururar, cfare asetesh ka, cfare mundesish investimi ka\u201d, tha\u00a0 Ervin Mete, Kryetar i G99.<\/p>\n<p>Republika e Kosov\u00ebs kishte nivelin m\u00eb t\u00eb lart\u00eb t\u00eb p\u00ebrfaq\u00ebsimit n\u00eb forum. Ministri i diaspor\u00ebs i qeveris\u00eb s\u00eb Kosov\u00ebs Ibrahim Makolli, tha se m\u00ebrgata shqiptare \u00ebsht\u00eb e p\u00ebrbashk\u00ebt, pavar\u00ebsisht shp\u00ebrndarjes s\u00eb popullsive shqiptare n\u00eb 5 shtete ballkanike. N\u00eb lidhje me iden\u00eb e krijimit t\u00eb nj\u00eb institucioni t\u00eb p\u00ebrbashk\u00ebt p\u00ebr diasporen mbar\u00ebshqiptare, ministri Makolli u shpreh:<\/p>\n<p>\u201cGarancia \u00ebsht\u00eb q\u00eb t\u00eb ket\u00eb bashk\u00ebveprim n\u00eb t\u00eb gjitha fushat por edhe n\u00eb strategjit\u00eb e p\u00ebrbashk\u00ebta q\u00eb kan\u00eb t\u00eb b\u00ebjn\u00eb me diaspor\u00ebn ton\u00eb\u201d, tha Ibrahim Makolli, Ministri i Diaspores, Republika e Kosov\u00ebs.<\/p>\n<p>Iden\u00eb e nj\u00eb institucioni t\u00eb p\u00ebrbashk\u00ebt e p\u00ebrsh\u00ebndeti deputeti shqiptar n\u00eb parlamentin e Malit t\u00eb Zi, Genc Nimanbegu.<\/p>\n<p>\u201cNj\u00eb hap q\u00eb do t\u00eb jet\u00eb i mir\u00ebpritur dhe me q\u00ebllime pozitve aftagjata p\u00ebr integrimin apo ruajten e identitetit t\u00eb shqiptar\u00ebve n\u00eb diaspor\u00eb\u201d theksoi Genc Nimanbegu, deputet i Partis\u00eb Forca e Re n\u00eb Mal t\u00eb Zi.<\/p>\n<p>P\u00ebrfaq\u00ebsuesi i partis\u00eb demokratike t\u00eb shqiptar\u00ebve t\u00eb Maqedonis\u00eb, Krenar Lloga, shpjegoi se p\u00ebrse nj\u00eb institucion i p\u00ebrbashk\u00ebt p\u00ebr diaspor\u00ebn do t\u00eb ishte n\u00eb radh\u00eb t\u00eb par\u00eb nj\u00eb ogur p\u00ebr shqiptar\u00ebt e Maqedonis\u00eb:<\/p>\n<p>\u201cDiplomacia n\u00eb Maqdoni \u00ebsht\u00eb t\u00ebr\u00ebsisht jo etnike dhe nuk ka as kapacitetin dhe vullnetin t\u00eb mbuloj\u00eb interesat e shqiptar\u00ebve t\u00eb Maqedonis\u00eb n\u00eb vendet respektive\u201d u shrpeh Krenar Lloga,<br \/>\nPartia Demokratike e Shqiptar\u00ebve t\u00eb Maqedonis\u00eb.<\/p>\n<p>Pavar\u00ebsisht mb\u00ebshtetjes q\u00eb gjeti n\u00eb k\u00ebt\u00eb forum ideja e nj\u00eb instituciont t\u00eb p\u00ebrbashk\u00eb p\u00ebr diaspor\u00ebn, realizimi i saj n\u00eb praktik\u00eb, mbetet kompetenc\u00eb e t\u00eb pakt\u00ebn e dy qeverive shqiptare, asaj t\u00eb Kosov\u00ebs dhe asaj t\u00eb Shqip\u00ebris\u00eb.<\/p>\n<p><strong>Top Channel<\/strong><\/p>\n","protected":false},"excerpt":{"rendered":"<p>N\u00eb Ulqin t\u00eb Malit te Zi prej dy dit\u00ebsh \u00ebsht\u00eb duke zhvilluar forumi i Albanosfer\u00ebs me pjesmarrjen e politikanve dhe eksperteve nga Shqip\u00ebria, Kosova, Maqedonia dhe Mali i Zi. N\u00eb fokus t\u00eb k\u00ebtij forumi jan\u00eb c\u00ebshtje q\u00eb kan\u00eb t\u00eb b\u00ebjn\u00eb me diaspor\u00ebn shqiptare. Forumi hodhi idene e krijimit t\u00eb nj\u00eb institucioni t\u00eb p\u00ebrbashk\u00ebt p\u00ebr shqiptar\u00ebt [&hellip;]<\/p>\n","protected":false},"author":1,"featured_media":0,"comment_status":"open","ping_status":"closed","sticky":false,"template":"","format":"standard","meta":{"spay_email":"","jetpack_publicize_message":"","jetpack_is_tweetstorm":false,"jetpack_publicize_feature_enabled":true},"categories":[14],"tags":[20485,1073,200,18],"jetpack_publicize_connections":[],"yoast_head":"<!-- This site is optimized with the Yoast SEO plugin v19.1 - https:\/\/yoast.com\/wordpress\/plugins\/seo\/ -->\n<title>Albanosfera n\u00eb Ulqin,nj\u00eb sht\u00ebpi politike mbar\u00ebshqiptare - Lajme nga Ulqini<\/title>\n<meta name=\"description\" content=\"N\u00eb Ulqin t\u00eb Malit te Zi prej dy dit\u00ebsh \u00ebsht\u00eb duke zhvilluar forumi i Albanosfer\u00ebs me pjesmarrjen e politikanve dhe eksperteve nga Shqip\u00ebria, Kosova,\" \/>\n<meta name=\"robots\" content=\"index, follow, max-snippet:-1, max-image-preview:large, max-video-preview:-1\" \/>\n<link rel=\"canonical\" href=\"https:\/\/www.visit-ulcinj.com\/blog\/2012\/05\/21\/albanosfera-ne-ulqinnje-shtepi-politike-mbareshqiptare\/\" \/>\n<meta property=\"og:locale\" content=\"en_US\" \/>\n<meta property=\"og:type\" content=\"article\" \/>\n<meta property=\"og:title\" content=\"Albanosfera n\u00eb Ulqin,nj\u00eb sht\u00ebpi politike mbar\u00ebshqiptare - Lajme nga Ulqini\" \/>\n<meta property=\"og:description\" content=\"N\u00eb Ulqin t\u00eb Malit te Zi prej dy dit\u00ebsh \u00ebsht\u00eb duke zhvilluar forumi i Albanosfer\u00ebs me pjesmarrjen e politikanve dhe eksperteve nga Shqip\u00ebria, Kosova,\" \/>\n<meta property=\"og:url\" content=\"https:\/\/www.visit-ulcinj.com\/blog\/2012\/05\/21\/albanosfera-ne-ulqinnje-shtepi-politike-mbareshqiptare\/\" \/>\n<meta property=\"og:site_name\" content=\"Lajme nga Ulqini\" \/>\n<meta property=\"article:published_time\" content=\"2012-05-21T16:32:16+00:00\" \/>\n<meta property=\"article:modified_time\" content=\"2012-05-23T16:34:27+00:00\" \/>\n<meta property=\"og:image\" content=\"http:\/\/www.visit-ulcinj.com\/blog\/wp-content\/uploads\/2012\/05\/Forumi-i-Albanosferes-Ulqin.jpg\" \/>\n<meta name=\"twitter:label1\" content=\"Written by\" \/>\n\t<meta name=\"twitter:data1\" content=\"ulqini\" \/>\n\t<meta name=\"twitter:label2\" content=\"Est. reading time\" \/>\n\t<meta name=\"twitter:data2\" content=\"2 minutes\" \/>\n<script type=\"application\/ld+json\" class=\"yoast-schema-graph\">{\"@context\":\"https:\/\/schema.org\",\"@graph\":[{\"@type\":\"WebSite\",\"@id\":\"https:\/\/www.visit-ulcinj.com\/blog\/#website\",\"url\":\"https:\/\/www.visit-ulcinj.com\/blog\/\",\"name\":\"Lajme nga Ulqini\",\"description\":\"Lajme,Vijesti,Ulqini,Ulqin,Crna Gora,Mali i Zi\",\"potentialAction\":[{\"@type\":\"SearchAction\",\"target\":{\"@type\":\"EntryPoint\",\"urlTemplate\":\"https:\/\/www.visit-ulcinj.com\/blog\/?s={search_term_string}\"},\"query-input\":\"required name=search_term_string\"}],\"inLanguage\":\"en-US\"},{\"@type\":\"ImageObject\",\"inLanguage\":\"en-US\",\"@id\":\"https:\/\/www.visit-ulcinj.com\/blog\/2012\/05\/21\/albanosfera-ne-ulqinnje-shtepi-politike-mbareshqiptare\/#primaryimage\",\"url\":\"https:\/\/www.visit-ulcinj.com\/blog\/wp-content\/uploads\/2012\/05\/Forumi-i-Albanosferes-Ulqin.jpg\",\"contentUrl\":\"https:\/\/www.visit-ulcinj.com\/blog\/wp-content\/uploads\/2012\/05\/Forumi-i-Albanosferes-Ulqin.jpg\",\"width\":\"960\",\"height\":\"577\"},{\"@type\":\"WebPage\",\"@id\":\"https:\/\/www.visit-ulcinj.com\/blog\/2012\/05\/21\/albanosfera-ne-ulqinnje-shtepi-politike-mbareshqiptare\/#webpage\",\"url\":\"https:\/\/www.visit-ulcinj.com\/blog\/2012\/05\/21\/albanosfera-ne-ulqinnje-shtepi-politike-mbareshqiptare\/\",\"name\":\"Albanosfera n\u00eb Ulqin,nj\u00eb sht\u00ebpi politike mbar\u00ebshqiptare - Lajme nga Ulqini\",\"isPartOf\":{\"@id\":\"https:\/\/www.visit-ulcinj.com\/blog\/#website\"},\"primaryImageOfPage\":{\"@id\":\"https:\/\/www.visit-ulcinj.com\/blog\/2012\/05\/21\/albanosfera-ne-ulqinnje-shtepi-politike-mbareshqiptare\/#primaryimage\"},\"datePublished\":\"2012-05-21T16:32:16+00:00\",\"dateModified\":\"2012-05-23T16:34:27+00:00\",\"author\":{\"@id\":\"https:\/\/www.visit-ulcinj.com\/blog\/#\/schema\/person\/dcab619c614d3038751c63bc2aadc06d\"},\"description\":\"N\u00eb Ulqin t\u00eb Malit te Zi prej dy dit\u00ebsh \u00ebsht\u00eb duke zhvilluar forumi i Albanosfer\u00ebs me pjesmarrjen e politikanve dhe eksperteve nga Shqip\u00ebria, Kosova,\",\"breadcrumb\":{\"@id\":\"https:\/\/www.visit-ulcinj.com\/blog\/2012\/05\/21\/albanosfera-ne-ulqinnje-shtepi-politike-mbareshqiptare\/#breadcrumb\"},\"inLanguage\":\"en-US\",\"potentialAction\":[{\"@type\":\"ReadAction\",\"target\":[\"https:\/\/www.visit-ulcinj.com\/blog\/2012\/05\/21\/albanosfera-ne-ulqinnje-shtepi-politike-mbareshqiptare\/\"]}]},{\"@type\":\"BreadcrumbList\",\"@id\":\"https:\/\/www.visit-ulcinj.com\/blog\/2012\/05\/21\/albanosfera-ne-ulqinnje-shtepi-politike-mbareshqiptare\/#breadcrumb\",\"itemListElement\":[{\"@type\":\"ListItem\",\"position\":1,\"name\":\"Albanosfera n\u00eb Ulqin,nj\u00eb sht\u00ebpi politike mbar\u00ebshqiptare\"}]},{\"@type\":\"Person\",\"@id\":\"https:\/\/www.visit-ulcinj.com\/blog\/#\/schema\/person\/dcab619c614d3038751c63bc2aadc06d\",\"name\":\"ulqini\",\"sameAs\":[\"http:\/\/www.visit-ulcinj.com\"],\"url\":\"https:\/\/www.visit-ulcinj.com\/blog\/author\/admin\/\"}]}<\/script>\n<!-- \/ Yoast SEO plugin. -->","yoast_head_json":{"title":"Albanosfera n\u00eb Ulqin,nj\u00eb sht\u00ebpi politike mbar\u00ebshqiptare - Lajme nga Ulqini","description":"N\u00eb Ulqin t\u00eb Malit te Zi prej dy dit\u00ebsh \u00ebsht\u00eb duke zhvilluar forumi i Albanosfer\u00ebs me pjesmarrjen e politikanve dhe eksperteve nga Shqip\u00ebria, Kosova,","robots":{"index":"index","follow":"follow","max-snippet":"max-snippet:-1","max-image-preview":"max-image-preview:large","max-video-preview":"max-video-preview:-1"},"canonical":"https:\/\/www.visit-ulcinj.com\/blog\/2012\/05\/21\/albanosfera-ne-ulqinnje-shtepi-politike-mbareshqiptare\/","og_locale":"en_US","og_type":"article","og_title":"Albanosfera n\u00eb Ulqin,nj\u00eb sht\u00ebpi politike mbar\u00ebshqiptare - Lajme nga Ulqini","og_description":"N\u00eb Ulqin t\u00eb Malit te Zi prej dy dit\u00ebsh \u00ebsht\u00eb duke zhvilluar forumi i Albanosfer\u00ebs me pjesmarrjen e politikanve dhe eksperteve nga Shqip\u00ebria, Kosova,","og_url":"https:\/\/www.visit-ulcinj.com\/blog\/2012\/05\/21\/albanosfera-ne-ulqinnje-shtepi-politike-mbareshqiptare\/","og_site_name":"Lajme nga Ulqini","article_published_time":"2012-05-21T16:32:16+00:00","article_modified_time":"2012-05-23T16:34:27+00:00","og_image":[{"url":"http:\/\/www.visit-ulcinj.com\/blog\/wp-content\/uploads\/2012\/05\/Forumi-i-Albanosferes-Ulqin.jpg"}],"twitter_misc":{"Written by":"ulqini","Est. reading time":"2 minutes"},"schema":{"@context":"https:\/\/schema.org","@graph":[{"@type":"WebSite","@id":"https:\/\/www.visit-ulcinj.com\/blog\/#website","url":"https:\/\/www.visit-ulcinj.com\/blog\/","name":"Lajme nga Ulqini","description":"Lajme,Vijesti,Ulqini,Ulqin,Crna Gora,Mali i Zi","potentialAction":[{"@type":"SearchAction","target":{"@type":"EntryPoint","urlTemplate":"https:\/\/www.visit-ulcinj.com\/blog\/?s={search_term_string}"},"query-input":"required name=search_term_string"}],"inLanguage":"en-US"},{"@type":"ImageObject","inLanguage":"en-US","@id":"https:\/\/www.visit-ulcinj.com\/blog\/2012\/05\/21\/albanosfera-ne-ulqinnje-shtepi-politike-mbareshqiptare\/#primaryimage","url":"https:\/\/www.visit-ulcinj.com\/blog\/wp-content\/uploads\/2012\/05\/Forumi-i-Albanosferes-Ulqin.jpg","contentUrl":"https:\/\/www.visit-ulcinj.com\/blog\/wp-content\/uploads\/2012\/05\/Forumi-i-Albanosferes-Ulqin.jpg","width":"960","height":"577"},{"@type":"WebPage","@id":"https:\/\/www.visit-ulcinj.com\/blog\/2012\/05\/21\/albanosfera-ne-ulqinnje-shtepi-politike-mbareshqiptare\/#webpage","url":"https:\/\/www.visit-ulcinj.com\/blog\/2012\/05\/21\/albanosfera-ne-ulqinnje-shtepi-politike-mbareshqiptare\/","name":"Albanosfera n\u00eb Ulqin,nj\u00eb sht\u00ebpi politike mbar\u00ebshqiptare - Lajme nga Ulqini","isPartOf":{"@id":"https:\/\/www.visit-ulcinj.com\/blog\/#website"},"primaryImageOfPage":{"@id":"https:\/\/www.visit-ulcinj.com\/blog\/2012\/05\/21\/albanosfera-ne-ulqinnje-shtepi-politike-mbareshqiptare\/#primaryimage"},"datePublished":"2012-05-21T16:32:16+00:00","dateModified":"2012-05-23T16:34:27+00:00","author":{"@id":"https:\/\/www.visit-ulcinj.com\/blog\/#\/schema\/person\/dcab619c614d3038751c63bc2aadc06d"},"description":"N\u00eb Ulqin t\u00eb Malit te Zi prej dy dit\u00ebsh \u00ebsht\u00eb duke zhvilluar forumi i Albanosfer\u00ebs me pjesmarrjen e politikanve dhe eksperteve nga Shqip\u00ebria, Kosova,","breadcrumb":{"@id":"https:\/\/www.visit-ulcinj.com\/blog\/2012\/05\/21\/albanosfera-ne-ulqinnje-shtepi-politike-mbareshqiptare\/#breadcrumb"},"inLanguage":"en-US","potentialAction":[{"@type":"ReadAction","target":["https:\/\/www.visit-ulcinj.com\/blog\/2012\/05\/21\/albanosfera-ne-ulqinnje-shtepi-politike-mbareshqiptare\/"]}]},{"@type":"BreadcrumbList","@id":"https:\/\/www.visit-ulcinj.com\/blog\/2012\/05\/21\/albanosfera-ne-ulqinnje-shtepi-politike-mbareshqiptare\/#breadcrumb","itemListElement":[{"@type":"ListItem","position":1,"name":"Albanosfera n\u00eb Ulqin,nj\u00eb sht\u00ebpi politike mbar\u00ebshqiptare"}]},{"@type":"Person","@id":"https:\/\/www.visit-ulcinj.com\/blog\/#\/schema\/person\/dcab619c614d3038751c63bc2aadc06d","name":"ulqini","sameAs":["http:\/\/www.visit-ulcinj.com"],"url":"https:\/\/www.visit-ulcinj.com\/blog\/author\/admin\/"}]}},"jetpack_featured_media_url":"","jetpack_sharing_enabled":true,"jetpack_shortlink":"https:\/\/wp.me\/pe6lTn-fMv","_links":{"self":[{"href":"https:\/\/www.visit-ulcinj.com\/blog\/wp-json\/wp\/v2\/posts\/60667"}],"collection":[{"href":"https:\/\/www.visit-ulcinj.com\/blog\/wp-json\/wp\/v2\/posts"}],"about":[{"href":"https:\/\/www.visit-ulcinj.com\/blog\/wp-json\/wp\/v2\/types\/post"}],"author":[{"embeddable":true,"href":"https:\/\/www.visit-ulcinj.com\/blog\/wp-json\/wp\/v2\/users\/1"}],"replies":[{"embeddable":true,"href":"https:\/\/www.visit-ulcinj.com\/blog\/wp-json\/wp\/v2\/comments?post=60667"}],"version-history":[{"count":7,"href":"https:\/\/www.visit-ulcinj.com\/blog\/wp-json\/wp\/v2\/posts\/60667\/revisions"}],"predecessor-version":[{"id":60825,"href":"https:\/\/www.visit-ulcinj.com\/blog\/wp-json\/wp\/v2\/posts\/60667\/revisions\/60825"}],"wp:attachment":[{"href":"https:\/\/www.visit-ulcinj.com\/blog\/wp-json\/wp\/v2\/media?parent=60667"}],"wp:term":[{"taxonomy":"category","embeddable":true,"href":"https:\/\/www.visit-ulcinj.com\/blog\/wp-json\/wp\/v2\/categories?post=60667"},{"taxonomy":"post_tag","embeddable":true,"href":"https:\/\/www.visit-ulcinj.com\/blog\/wp-json\/wp\/v2\/tags?post=60667"}],"curies":[{"name":"wp","href":"https:\/\/api.w.org\/{rel}","templated":true}]}}