{"id":60715,"date":"2012-05-21T22:41:33","date_gmt":"2012-05-21T21:41:33","guid":{"rendered":"http:\/\/www.visit-ulcinj.com\/blog\/?p=60715"},"modified":"2012-05-21T22:41:33","modified_gmt":"2012-05-21T21:41:33","slug":"ne-udsh-konflikte-per-shkak-te-kandidatit-per-minister-te-drejtave-te-pakicave-ne-qeverine-malazeze","status":"publish","type":"post","link":"https:\/\/www.visit-ulcinj.com\/blog\/2012\/05\/21\/ne-udsh-konflikte-per-shkak-te-kandidatit-per-minister-te-drejtave-te-pakicave-ne-qeverine-malazeze\/","title":{"rendered":"N\u00eb UDSH konflikte p\u00ebr shkak t\u00eb kandidatit p\u00ebr minister t\u00eb Drejtave t\u00eb Pakicave n\u00eb Qeverin\u00eb malazeze"},"content":{"rendered":"<p><strong>Kush\u00ebriri i Dinosh\u00ebs ka p\u00ebr\u00e7ar\u00eb partin\u00eb<\/strong><\/p>\n<p>Brenda UDSH-s\u00eb, aleateve t\u00eb PDS(DPS) dhe PSD(SDP) n\u00eb Qeverin\u00eb e MZ, ka ardhur deri tek mosmarr\u00ebveshjet e reja brenda partis\u00eb, p\u00ebr shkak t\u00eb p\u00ebrzgjedhjes s\u00eb kandidatit p\u00ebr minist\u00ebr t\u00eb drejtave t\u00eb pakicave njofton \u201cDAN\u201d.<br \/>\n<a href=\"http:\/\/www.visit-ulcinj.com\/blog\/wp-content\/uploads\/2012\/05\/gezim-hajdinaga_meto-zenka.jpg\"><img loading=\"lazy\" class=\"alignleft size-full wp-image-60716\" title=\"gezim-hajdinaga_meto-zenka\" src=\"http:\/\/www.visit-ulcinj.com\/blog\/wp-content\/uploads\/2012\/05\/gezim-hajdinaga_meto-zenka.jpg\" alt=\"\" width=\"508\" height=\"360\" \/><\/a><\/p>\n<p>Nj\u00eb fraksion, i mbledhur rreth kryetarit t\u00eb partis\u00eb Mehmet Zenka, p\u00ebrkrah G\u00ebzim Hajdinag\u00ebn, ish Kryetarin e Komun\u00ebs s\u00eb Ulqinit, nd\u00ebrsa tjetri fraksion mendon \u00a0se zgjidhja m\u00eb e mir\u00eb \u00ebsht\u00eb Hamdi Hasani, nj\u00eb i af\u00ebrm i ngusht\u00eb i ish liderit t\u00eb UDSH-s\u00eb Ferhat Dinosha.<\/p>\n<p>Grindjet , si\u00e7 njofton &#8220;Dan&#8221; ishin t\u00eb dukshme n\u00eb seanc\u00ebn e K\u00ebshillit Qendror t\u00eb Partis\u00eb, i cili u mbajt dy dit\u00eb m\u00eb par\u00eb n\u00eb Ulqin. N\u00eb baz\u00eb t\u00eb marr\u00ebveshjes me DPS dhe SDP, Ministria e t\u00eb drejtave t\u00eb pakicave n\u00eb qeverin\u00eb e MZ i takon UDSH-s\u00eb, ku k\u00ebt\u00eb post deri koh\u00ebt e fundit e mbulonte Ferhat Dinosha, i cili m\u00eb von\u00eb u b\u00eb ambasadori malazez n\u00eb Tiran\u00eb.<br \/>\n<a href=\"http:\/\/www.visit-ulcinj.com\/blog\/wp-content\/uploads\/2012\/05\/HAMDI-HASANI_FERHAT-DINOSHA_N\u00eb-UDSH-konflikte-p\u00ebr-shkak-t\u00eb-kandidatit-p\u00ebr-minister-t\u00eb-Drejtave-t\u00eb-Pakicave.jpg\"><img loading=\"lazy\" class=\"alignleft size-full wp-image-60717\" title=\"HAMDI-HASANI_FERHAT-DINOSHA_N\u00eb UDSH konflikte p\u00ebr shkak t\u00eb kandidatit p\u00ebr minister t\u00eb Drejtave t\u00eb Pakicave\" src=\"http:\/\/www.visit-ulcinj.com\/blog\/wp-content\/uploads\/2012\/05\/HAMDI-HASANI_FERHAT-DINOSHA_N\u00eb-UDSH-konflikte-p\u00ebr-shkak-t\u00eb-kandidatit-p\u00ebr-minister-t\u00eb-Drejtave-t\u00eb-Pakicave.jpg\" alt=\"\" width=\"508\" height=\"330\" \/><\/a><\/p>\n<p>Me sa duket, largimi i Dinosh\u00ebs nga Qeveria ishte i k\u00ebrkuar nga disa p\u00ebrfaq\u00ebsues t\u00eb BE-s\u00eb, pasi aji nuk arriti t\u00eb tregoj\u00eb angazhim p\u00ebr detyrimin p\u00ebr t\u00eb mbrojtur t\u00eb gjitha pakicat, sidomos ato seksuale.<\/p>\n<p>Dinosha m\u00eb von\u00eb dha dor\u00ebheqje n\u00eb t\u00eb gjitha funksionet n\u00eb Unionin Demokratik t\u00eb Shqiptar\u00ebve, dhe n\u00eb vend t\u00eb tij \u00ebsht\u00eb zgjedhur Mehmet Zenka.<\/p>\n<p>Si nj\u00eb prej kandidat\u00ebve p\u00ebr minist\u00ebr t\u00eb ri t\u00eb t\u00eb drejtave t\u00eb pakicave \u00ebsht\u00eb p\u00ebrmendur Hajdinaga, por nd\u00ebrkoh\u00eb, kund\u00ebr tij \u00ebsht\u00eb ngritur akuza penale, dhe aji skandal duksh\u00ebm ja ka zvog\u00ebluar shanset e tij. Kandidati tjet\u00ebr \u00ebsht\u00eb Hamdi Hasani, i cili m\u00eb par\u00eb ishte zyrtar\u00eb i lart\u00eb n\u00eb konsullat\u00ebn malazez\u00eb n\u00eb Nju Jork.<\/p>\n<p>Kushdo q\u00eb do t\u00eb zgjidhet, do t\u00eb marr\u00eb vet\u00ebm domenin e t\u00eb drejtave t\u00eb pakicave,pasi q\u00eb koh\u00ebt e fundit t\u00eb drejtat njer\u00ebzore jan\u00eb dh\u00ebne Juridiksion \u00a0z\u00ebvend\u00ebskryeministrit dhe ministrit t\u00eb drejt\u00ebsis\u00eb, Dusko Markovic.<\/p>\n<p>Kreu i UDSH-s\u00eb, Mehmet Zenka, nat\u00ebn e kaluar nuk u p\u00ebrgjigj telefonatave p\u00ebr t\u00eb komentuar mbi konfliktin n\u00eb parti. Nd\u00ebrsa zyrtar\u00ebt tjer\u00eb t\u00eb UDSH-s\u00eb, kan\u00eb th\u00ebn\u00eb se ata nuk kan\u00eb autorizim p\u00ebr t\u00eb folur p\u00ebr media p\u00ebr ngjarjet e brendshme q\u00eb kan\u00eb ndodhur n\u00eb parti. \/Albert Camaj\/<\/p>\n<p>MALESIA.ORG<\/p>\n","protected":false},"excerpt":{"rendered":"<p>Kush\u00ebriri i Dinosh\u00ebs ka p\u00ebr\u00e7ar\u00eb partin\u00eb Brenda UDSH-s\u00eb, aleateve t\u00eb PDS(DPS) dhe PSD(SDP) n\u00eb Qeverin\u00eb e MZ, ka ardhur deri tek mosmarr\u00ebveshjet e reja brenda partis\u00eb, p\u00ebr shkak t\u00eb p\u00ebrzgjedhjes s\u00eb kandidatit p\u00ebr minist\u00ebr t\u00eb drejtave t\u00eb pakicave njofton \u201cDAN\u201d. Nj\u00eb fraksion, i mbledhur rreth kryetarit t\u00eb partis\u00eb Mehmet Zenka, p\u00ebrkrah G\u00ebzim Hajdinag\u00ebn, ish Kryetarin [&hellip;]<\/p>\n","protected":false},"author":1,"featured_media":0,"comment_status":"open","ping_status":"closed","sticky":false,"template":"","format":"standard","meta":{"spay_email":"","jetpack_publicize_message":"","jetpack_is_tweetstorm":false,"jetpack_publicize_feature_enabled":true},"categories":[6],"tags":[97,222,20545,3371,195,4680,200],"jetpack_publicize_connections":[],"yoast_head":"<!-- This site is optimized with the Yoast SEO plugin v19.1 - https:\/\/yoast.com\/wordpress\/plugins\/seo\/ -->\n<title>N\u00eb UDSH konflikte p\u00ebr shkak t\u00eb kandidatit p\u00ebr minister t\u00eb Drejtave t\u00eb Pakicave n\u00eb Qeverin\u00eb malazeze - Lajme nga Ulqini<\/title>\n<meta name=\"description\" content=\"Kush\u00ebriri i Dinosh\u00ebs ka p\u00ebr\u00e7ar\u00eb partin\u00eb Brenda UDSH-s\u00eb, aleateve t\u00eb PDS(DPS) dhe PSD(SDP) n\u00eb Qeverin\u00eb e MZ, ka ardhur deri tek mosmarr\u00ebveshjet e reja\" \/>\n<meta name=\"robots\" content=\"index, follow, max-snippet:-1, max-image-preview:large, max-video-preview:-1\" \/>\n<link rel=\"canonical\" href=\"https:\/\/www.visit-ulcinj.com\/blog\/2012\/05\/21\/ne-udsh-konflikte-per-shkak-te-kandidatit-per-minister-te-drejtave-te-pakicave-ne-qeverine-malazeze\/\" \/>\n<meta property=\"og:locale\" content=\"en_US\" \/>\n<meta property=\"og:type\" content=\"article\" \/>\n<meta property=\"og:title\" content=\"N\u00eb UDSH konflikte p\u00ebr shkak t\u00eb kandidatit p\u00ebr minister t\u00eb Drejtave t\u00eb Pakicave n\u00eb Qeverin\u00eb malazeze - Lajme nga Ulqini\" \/>\n<meta property=\"og:description\" content=\"Kush\u00ebriri i Dinosh\u00ebs ka p\u00ebr\u00e7ar\u00eb partin\u00eb Brenda UDSH-s\u00eb, aleateve t\u00eb PDS(DPS) dhe PSD(SDP) n\u00eb Qeverin\u00eb e MZ, ka ardhur deri tek mosmarr\u00ebveshjet e reja\" \/>\n<meta property=\"og:url\" content=\"https:\/\/www.visit-ulcinj.com\/blog\/2012\/05\/21\/ne-udsh-konflikte-per-shkak-te-kandidatit-per-minister-te-drejtave-te-pakicave-ne-qeverine-malazeze\/\" \/>\n<meta property=\"og:site_name\" content=\"Lajme nga Ulqini\" \/>\n<meta property=\"article:published_time\" content=\"2012-05-21T21:41:33+00:00\" \/>\n<meta property=\"og:image\" content=\"http:\/\/www.visit-ulcinj.com\/blog\/wp-content\/uploads\/2012\/05\/gezim-hajdinaga_meto-zenka.jpg\" \/>\n<meta name=\"twitter:label1\" content=\"Written by\" \/>\n\t<meta name=\"twitter:data1\" content=\"ulqini\" \/>\n\t<meta name=\"twitter:label2\" content=\"Est. reading time\" \/>\n\t<meta name=\"twitter:data2\" content=\"2 minutes\" \/>\n<script type=\"application\/ld+json\" class=\"yoast-schema-graph\">{\"@context\":\"https:\/\/schema.org\",\"@graph\":[{\"@type\":\"WebSite\",\"@id\":\"https:\/\/www.visit-ulcinj.com\/blog\/#website\",\"url\":\"https:\/\/www.visit-ulcinj.com\/blog\/\",\"name\":\"Lajme nga Ulqini\",\"description\":\"Lajme,Vijesti,Ulqini,Ulqin,Crna Gora,Mali i Zi\",\"potentialAction\":[{\"@type\":\"SearchAction\",\"target\":{\"@type\":\"EntryPoint\",\"urlTemplate\":\"https:\/\/www.visit-ulcinj.com\/blog\/?s={search_term_string}\"},\"query-input\":\"required name=search_term_string\"}],\"inLanguage\":\"en-US\"},{\"@type\":\"ImageObject\",\"inLanguage\":\"en-US\",\"@id\":\"https:\/\/www.visit-ulcinj.com\/blog\/2012\/05\/21\/ne-udsh-konflikte-per-shkak-te-kandidatit-per-minister-te-drejtave-te-pakicave-ne-qeverine-malazeze\/#primaryimage\",\"url\":\"https:\/\/www.visit-ulcinj.com\/blog\/wp-content\/uploads\/2012\/05\/gezim-hajdinaga_meto-zenka.jpg\",\"contentUrl\":\"https:\/\/www.visit-ulcinj.com\/blog\/wp-content\/uploads\/2012\/05\/gezim-hajdinaga_meto-zenka.jpg\",\"width\":\"640\",\"height\":\"480\"},{\"@type\":\"WebPage\",\"@id\":\"https:\/\/www.visit-ulcinj.com\/blog\/2012\/05\/21\/ne-udsh-konflikte-per-shkak-te-kandidatit-per-minister-te-drejtave-te-pakicave-ne-qeverine-malazeze\/#webpage\",\"url\":\"https:\/\/www.visit-ulcinj.com\/blog\/2012\/05\/21\/ne-udsh-konflikte-per-shkak-te-kandidatit-per-minister-te-drejtave-te-pakicave-ne-qeverine-malazeze\/\",\"name\":\"N\u00eb UDSH konflikte p\u00ebr shkak t\u00eb kandidatit p\u00ebr minister t\u00eb Drejtave t\u00eb Pakicave n\u00eb Qeverin\u00eb malazeze - Lajme nga Ulqini\",\"isPartOf\":{\"@id\":\"https:\/\/www.visit-ulcinj.com\/blog\/#website\"},\"primaryImageOfPage\":{\"@id\":\"https:\/\/www.visit-ulcinj.com\/blog\/2012\/05\/21\/ne-udsh-konflikte-per-shkak-te-kandidatit-per-minister-te-drejtave-te-pakicave-ne-qeverine-malazeze\/#primaryimage\"},\"datePublished\":\"2012-05-21T21:41:33+00:00\",\"dateModified\":\"2012-05-21T21:41:33+00:00\",\"author\":{\"@id\":\"https:\/\/www.visit-ulcinj.com\/blog\/#\/schema\/person\/dcab619c614d3038751c63bc2aadc06d\"},\"description\":\"Kush\u00ebriri i Dinosh\u00ebs ka p\u00ebr\u00e7ar\u00eb partin\u00eb Brenda UDSH-s\u00eb, aleateve t\u00eb PDS(DPS) dhe PSD(SDP) n\u00eb Qeverin\u00eb e MZ, ka ardhur deri tek mosmarr\u00ebveshjet e reja\",\"breadcrumb\":{\"@id\":\"https:\/\/www.visit-ulcinj.com\/blog\/2012\/05\/21\/ne-udsh-konflikte-per-shkak-te-kandidatit-per-minister-te-drejtave-te-pakicave-ne-qeverine-malazeze\/#breadcrumb\"},\"inLanguage\":\"en-US\",\"potentialAction\":[{\"@type\":\"ReadAction\",\"target\":[\"https:\/\/www.visit-ulcinj.com\/blog\/2012\/05\/21\/ne-udsh-konflikte-per-shkak-te-kandidatit-per-minister-te-drejtave-te-pakicave-ne-qeverine-malazeze\/\"]}]},{\"@type\":\"BreadcrumbList\",\"@id\":\"https:\/\/www.visit-ulcinj.com\/blog\/2012\/05\/21\/ne-udsh-konflikte-per-shkak-te-kandidatit-per-minister-te-drejtave-te-pakicave-ne-qeverine-malazeze\/#breadcrumb\",\"itemListElement\":[{\"@type\":\"ListItem\",\"position\":1,\"name\":\"N\u00eb UDSH konflikte p\u00ebr shkak t\u00eb kandidatit p\u00ebr minister t\u00eb Drejtave t\u00eb Pakicave n\u00eb Qeverin\u00eb malazeze\"}]},{\"@type\":\"Person\",\"@id\":\"https:\/\/www.visit-ulcinj.com\/blog\/#\/schema\/person\/dcab619c614d3038751c63bc2aadc06d\",\"name\":\"ulqini\",\"sameAs\":[\"http:\/\/www.visit-ulcinj.com\"],\"url\":\"https:\/\/www.visit-ulcinj.com\/blog\/author\/admin\/\"}]}<\/script>\n<!-- \/ Yoast SEO plugin. -->","yoast_head_json":{"title":"N\u00eb UDSH konflikte p\u00ebr shkak t\u00eb kandidatit p\u00ebr minister t\u00eb Drejtave t\u00eb Pakicave n\u00eb Qeverin\u00eb malazeze - Lajme nga Ulqini","description":"Kush\u00ebriri i Dinosh\u00ebs ka p\u00ebr\u00e7ar\u00eb partin\u00eb Brenda UDSH-s\u00eb, aleateve t\u00eb PDS(DPS) dhe PSD(SDP) n\u00eb Qeverin\u00eb e MZ, ka ardhur deri tek mosmarr\u00ebveshjet e reja","robots":{"index":"index","follow":"follow","max-snippet":"max-snippet:-1","max-image-preview":"max-image-preview:large","max-video-preview":"max-video-preview:-1"},"canonical":"https:\/\/www.visit-ulcinj.com\/blog\/2012\/05\/21\/ne-udsh-konflikte-per-shkak-te-kandidatit-per-minister-te-drejtave-te-pakicave-ne-qeverine-malazeze\/","og_locale":"en_US","og_type":"article","og_title":"N\u00eb UDSH konflikte p\u00ebr shkak t\u00eb kandidatit p\u00ebr minister t\u00eb Drejtave t\u00eb Pakicave n\u00eb Qeverin\u00eb malazeze - Lajme nga Ulqini","og_description":"Kush\u00ebriri i Dinosh\u00ebs ka p\u00ebr\u00e7ar\u00eb partin\u00eb Brenda UDSH-s\u00eb, aleateve t\u00eb PDS(DPS) dhe PSD(SDP) n\u00eb Qeverin\u00eb e MZ, ka ardhur deri tek mosmarr\u00ebveshjet e reja","og_url":"https:\/\/www.visit-ulcinj.com\/blog\/2012\/05\/21\/ne-udsh-konflikte-per-shkak-te-kandidatit-per-minister-te-drejtave-te-pakicave-ne-qeverine-malazeze\/","og_site_name":"Lajme nga Ulqini","article_published_time":"2012-05-21T21:41:33+00:00","og_image":[{"url":"http:\/\/www.visit-ulcinj.com\/blog\/wp-content\/uploads\/2012\/05\/gezim-hajdinaga_meto-zenka.jpg"}],"twitter_misc":{"Written by":"ulqini","Est. reading time":"2 minutes"},"schema":{"@context":"https:\/\/schema.org","@graph":[{"@type":"WebSite","@id":"https:\/\/www.visit-ulcinj.com\/blog\/#website","url":"https:\/\/www.visit-ulcinj.com\/blog\/","name":"Lajme nga Ulqini","description":"Lajme,Vijesti,Ulqini,Ulqin,Crna Gora,Mali i Zi","potentialAction":[{"@type":"SearchAction","target":{"@type":"EntryPoint","urlTemplate":"https:\/\/www.visit-ulcinj.com\/blog\/?s={search_term_string}"},"query-input":"required name=search_term_string"}],"inLanguage":"en-US"},{"@type":"ImageObject","inLanguage":"en-US","@id":"https:\/\/www.visit-ulcinj.com\/blog\/2012\/05\/21\/ne-udsh-konflikte-per-shkak-te-kandidatit-per-minister-te-drejtave-te-pakicave-ne-qeverine-malazeze\/#primaryimage","url":"https:\/\/www.visit-ulcinj.com\/blog\/wp-content\/uploads\/2012\/05\/gezim-hajdinaga_meto-zenka.jpg","contentUrl":"https:\/\/www.visit-ulcinj.com\/blog\/wp-content\/uploads\/2012\/05\/gezim-hajdinaga_meto-zenka.jpg","width":"640","height":"480"},{"@type":"WebPage","@id":"https:\/\/www.visit-ulcinj.com\/blog\/2012\/05\/21\/ne-udsh-konflikte-per-shkak-te-kandidatit-per-minister-te-drejtave-te-pakicave-ne-qeverine-malazeze\/#webpage","url":"https:\/\/www.visit-ulcinj.com\/blog\/2012\/05\/21\/ne-udsh-konflikte-per-shkak-te-kandidatit-per-minister-te-drejtave-te-pakicave-ne-qeverine-malazeze\/","name":"N\u00eb UDSH konflikte p\u00ebr shkak t\u00eb kandidatit p\u00ebr minister t\u00eb Drejtave t\u00eb Pakicave n\u00eb Qeverin\u00eb malazeze - Lajme nga Ulqini","isPartOf":{"@id":"https:\/\/www.visit-ulcinj.com\/blog\/#website"},"primaryImageOfPage":{"@id":"https:\/\/www.visit-ulcinj.com\/blog\/2012\/05\/21\/ne-udsh-konflikte-per-shkak-te-kandidatit-per-minister-te-drejtave-te-pakicave-ne-qeverine-malazeze\/#primaryimage"},"datePublished":"2012-05-21T21:41:33+00:00","dateModified":"2012-05-21T21:41:33+00:00","author":{"@id":"https:\/\/www.visit-ulcinj.com\/blog\/#\/schema\/person\/dcab619c614d3038751c63bc2aadc06d"},"description":"Kush\u00ebriri i Dinosh\u00ebs ka p\u00ebr\u00e7ar\u00eb partin\u00eb Brenda UDSH-s\u00eb, aleateve t\u00eb PDS(DPS) dhe PSD(SDP) n\u00eb Qeverin\u00eb e MZ, ka ardhur deri tek mosmarr\u00ebveshjet e reja","breadcrumb":{"@id":"https:\/\/www.visit-ulcinj.com\/blog\/2012\/05\/21\/ne-udsh-konflikte-per-shkak-te-kandidatit-per-minister-te-drejtave-te-pakicave-ne-qeverine-malazeze\/#breadcrumb"},"inLanguage":"en-US","potentialAction":[{"@type":"ReadAction","target":["https:\/\/www.visit-ulcinj.com\/blog\/2012\/05\/21\/ne-udsh-konflikte-per-shkak-te-kandidatit-per-minister-te-drejtave-te-pakicave-ne-qeverine-malazeze\/"]}]},{"@type":"BreadcrumbList","@id":"https:\/\/www.visit-ulcinj.com\/blog\/2012\/05\/21\/ne-udsh-konflikte-per-shkak-te-kandidatit-per-minister-te-drejtave-te-pakicave-ne-qeverine-malazeze\/#breadcrumb","itemListElement":[{"@type":"ListItem","position":1,"name":"N\u00eb UDSH konflikte p\u00ebr shkak t\u00eb kandidatit p\u00ebr minister t\u00eb Drejtave t\u00eb Pakicave n\u00eb Qeverin\u00eb malazeze"}]},{"@type":"Person","@id":"https:\/\/www.visit-ulcinj.com\/blog\/#\/schema\/person\/dcab619c614d3038751c63bc2aadc06d","name":"ulqini","sameAs":["http:\/\/www.visit-ulcinj.com"],"url":"https:\/\/www.visit-ulcinj.com\/blog\/author\/admin\/"}]}},"jetpack_featured_media_url":"","jetpack_sharing_enabled":true,"jetpack_shortlink":"https:\/\/wp.me\/pe6lTn-fNh","_links":{"self":[{"href":"https:\/\/www.visit-ulcinj.com\/blog\/wp-json\/wp\/v2\/posts\/60715"}],"collection":[{"href":"https:\/\/www.visit-ulcinj.com\/blog\/wp-json\/wp\/v2\/posts"}],"about":[{"href":"https:\/\/www.visit-ulcinj.com\/blog\/wp-json\/wp\/v2\/types\/post"}],"author":[{"embeddable":true,"href":"https:\/\/www.visit-ulcinj.com\/blog\/wp-json\/wp\/v2\/users\/1"}],"replies":[{"embeddable":true,"href":"https:\/\/www.visit-ulcinj.com\/blog\/wp-json\/wp\/v2\/comments?post=60715"}],"version-history":[{"count":1,"href":"https:\/\/www.visit-ulcinj.com\/blog\/wp-json\/wp\/v2\/posts\/60715\/revisions"}],"predecessor-version":[{"id":60718,"href":"https:\/\/www.visit-ulcinj.com\/blog\/wp-json\/wp\/v2\/posts\/60715\/revisions\/60718"}],"wp:attachment":[{"href":"https:\/\/www.visit-ulcinj.com\/blog\/wp-json\/wp\/v2\/media?parent=60715"}],"wp:term":[{"taxonomy":"category","embeddable":true,"href":"https:\/\/www.visit-ulcinj.com\/blog\/wp-json\/wp\/v2\/categories?post=60715"},{"taxonomy":"post_tag","embeddable":true,"href":"https:\/\/www.visit-ulcinj.com\/blog\/wp-json\/wp\/v2\/tags?post=60715"}],"curies":[{"name":"wp","href":"https:\/\/api.w.org\/{rel}","templated":true}]}}