{"id":60732,"date":"2012-05-22T13:55:49","date_gmt":"2012-05-22T12:55:49","guid":{"rendered":"http:\/\/www.visit-ulcinj.com\/blog\/?p=60732"},"modified":"2012-05-24T09:29:13","modified_gmt":"2012-05-24T08:29:13","slug":"knsh-jatelegram-ngushellimi-presidentit-dhe-familjareve-te-viktimave","status":"publish","type":"post","link":"https:\/\/www.visit-ulcinj.com\/blog\/2012\/05\/22\/knsh-jatelegram-ngushellimi-presidentit-dhe-familjareve-te-viktimave\/","title":{"rendered":"KNSH-ja,telegram ngush\u00ebllimi presidentit dhe familjar\u00ebve t\u00eb viktimave"},"content":{"rendered":"<p style=\"text-align: left;\"><a href=\"http:\/\/www.visit-ulcinj.com\/blog\/wp-content\/uploads\/2011\/03\/KNSH_MZ_logo.jpg\"><img loading=\"lazy\" class=\"alignleft  wp-image-45189\" title=\"KNSH_MZ_logo\" src=\"http:\/\/www.visit-ulcinj.com\/blog\/wp-content\/uploads\/2011\/03\/KNSH_MZ_logo.jpg\" alt=\"\" width=\"318\" height=\"142\" srcset=\"https:\/\/www.visit-ulcinj.com\/blog\/wp-content\/uploads\/2011\/03\/KNSH_MZ_logo.jpg 318w, https:\/\/www.visit-ulcinj.com\/blog\/wp-content\/uploads\/2011\/03\/KNSH_MZ_logo-300x133.jpg 300w\" sizes=\"(max-width: 318px) 100vw, 318px\" \/><\/a>K\u00cbSHILLI NACIONAL I SHQIPTAR\u00cbVE N\u00cb MALIN E ZI<\/p>\n<p style=\"text-align: left;\">NACIONALNI SAVJET ALBANACA U CRNOJ GORI<\/p>\n<p style=\"text-align: left;\">ALBANIAN NATIONAL COUNCIL IN MONTENEGRO<\/p>\n<p>Ulqin m\u00eb, 22. 05. 2012<br \/>\nNr.38 \/ 12<\/p>\n<p><strong>PRESIDENTIT\u00a0 T\u00cb REPUBLIK\u00cbS S\u00cb SHQIP\u00cbRIS\u00cb<\/strong><\/p>\n<p><strong>Z. Bamir \u00a0Topi<\/strong><\/p>\n<p>&nbsp;<\/p>\n<p style=\"text-align: center;\">\u00a0\u00a0\u00a0\u00a0\u00a0\u00a0\u00a0\u00a0\u00a0\u00a0\u00a0\u00a0\u00a0\u00a0\u00a0\u00a0\u00a0\u00a0\u00a0\u00a0\u00a0\u00a0\u00a0\u00a0\u00a0\u00a0\u00a0\u00a0\u00a0\u00a0\u00a0\u00a0 <strong>Telegram ngush\u00ebllimi<\/strong><\/p>\n<p>&nbsp;<\/p>\n<p>I nderuari Zotri President,<\/p>\n<p>Me shqet\u00ebsim t\u00eb madh dhe dhimbje t\u00eb thell\u00eb, mor\u00ebm lajmin p\u00ebr vdekjen tragjike t\u00eb\u00a0 13 t\u00eb rinj\u00ebve dhe dhjet\u00ebra t\u00eb tjer\u00ebve t\u00eb plagosur r\u00ebnd\u00eb, kryesisht studente , n\u00eb aksidentin automobilistik n\u00eb Himar\u00eb, pasdit\u00ebn e 21 Majit.<\/p>\n<p>Kjo tragjedi e r\u00ebnd\u00eb, e cila tronditi thell\u00eb jo vet\u00ebm familjar\u00ebt e viktimave dhe t\u00eb t\u00eb l\u00ebnduarve, por\u00a0 edhe \u00e7do zem\u00ebr dhe vat\u00ebr shqiptare, na pik\u00eblloi edhe ne shqiptar\u00ebve n\u00eb Malin e Zi.<\/p>\n<p>N\u00eb k\u00ebto \u00e7aste t\u00eb v\u00ebshtira bashkohemi me pik\u00ebllimin dhe dhimbjen e \u00a0familjeve q\u00eb kan\u00eb humbur f\u00ebmij\u00ebt e tyre dhe lutemi p\u00ebr sh\u00ebrimin sa m\u00eb t\u00eb shpejt\u00eb t\u00eb t\u00eb l\u00ebnduarve n\u00eb k\u00ebt\u00eb tragjedi.<\/p>\n<p>Prandaj, n\u00eb em\u00ebr t\u00eb K\u00ebshillit Nacional t\u00eb Shqiptar\u00ebve n\u00eb Mal t\u00eb Zi, ju shprehim ngush\u00ebllimet m\u00eb t\u00eb sinqerta e vllaz\u00ebrore, Ju z. President , Qeveris\u00eb s\u00eb \u00a0Shqip\u00ebris\u00eb, familjeve t\u00eb cilat p\u00ebsuan nga kjo tragjedi e r\u00ebnd\u00eb, si dhe gjith\u00eb kombit shqiptar.<\/p>\n<p>Me respekt dhe dhimbje,<br \/>\n<a href=\"http:\/\/www.visit-ulcinj.com\/blog\/wp-content\/uploads\/2011\/03\/Keshilli-Nacional-Shqiptar-ne-Mal-te-Zi_KUMTES-MEDIA.jpg\"><img loading=\"lazy\" class=\"alignleft size-full wp-image-45190\" title=\"Keshilli Nacional Shqiptar ne Mal te Zi_KUMTES MEDIA\" src=\"http:\/\/www.visit-ulcinj.com\/blog\/wp-content\/uploads\/2011\/03\/Keshilli-Nacional-Shqiptar-ne-Mal-te-Zi_KUMTES-MEDIA.jpg\" alt=\"\" width=\"508\" height=\"158\" \/><\/a><span style=\"color: #000000;\"><br \/>\n<\/span><\/p>\n","protected":false},"excerpt":{"rendered":"<p>K\u00cbSHILLI NACIONAL I SHQIPTAR\u00cbVE N\u00cb MALIN E ZI NACIONALNI SAVJET ALBANACA U CRNOJ GORI ALBANIAN NATIONAL COUNCIL IN MONTENEGRO Ulqin m\u00eb, 22. 05. 2012 Nr.38 \/ 12 PRESIDENTIT\u00a0 T\u00cb REPUBLIK\u00cbS S\u00cb SHQIP\u00cbRIS\u00cb Z. Bamir \u00a0Topi &nbsp; \u00a0\u00a0\u00a0\u00a0\u00a0\u00a0\u00a0\u00a0\u00a0\u00a0\u00a0\u00a0\u00a0\u00a0\u00a0\u00a0\u00a0\u00a0\u00a0\u00a0\u00a0\u00a0\u00a0\u00a0\u00a0\u00a0\u00a0\u00a0\u00a0\u00a0\u00a0\u00a0 Telegram ngush\u00ebllimi &nbsp; I nderuari Zotri President, Me shqet\u00ebsim t\u00eb madh dhe dhimbje t\u00eb thell\u00eb, mor\u00ebm lajmin p\u00ebr [&hellip;]<\/p>\n","protected":false},"author":1,"featured_media":0,"comment_status":"open","ping_status":"closed","sticky":false,"template":"","format":"standard","meta":{"spay_email":"","jetpack_publicize_message":"","jetpack_is_tweetstorm":false,"jetpack_publicize_feature_enabled":true},"categories":[8],"tags":[2657,95,899,200],"jetpack_publicize_connections":[],"yoast_head":"<!-- This site is optimized with the Yoast SEO plugin v19.1 - https:\/\/yoast.com\/wordpress\/plugins\/seo\/ -->\n<title>KNSH-ja,telegram ngush\u00ebllimi presidentit dhe familjar\u00ebve t\u00eb viktimave - Lajme nga Ulqini<\/title>\n<meta name=\"description\" content=\"K\u00cbSHILLI NACIONAL I SHQIPTAR\u00cbVE N\u00cb MALIN E ZI NACIONALNI SAVJET ALBANACA U CRNOJ GORI ALBANIAN NATIONAL COUNCIL IN MONTENEGRO Ulqin m\u00eb, 22. 05. 2012 Nr.38\" \/>\n<meta name=\"robots\" content=\"index, follow, max-snippet:-1, max-image-preview:large, max-video-preview:-1\" \/>\n<link rel=\"canonical\" href=\"https:\/\/www.visit-ulcinj.com\/blog\/2012\/05\/22\/knsh-jatelegram-ngushellimi-presidentit-dhe-familjareve-te-viktimave\/\" \/>\n<meta property=\"og:locale\" content=\"en_US\" \/>\n<meta property=\"og:type\" content=\"article\" \/>\n<meta property=\"og:title\" content=\"KNSH-ja,telegram ngush\u00ebllimi presidentit dhe familjar\u00ebve t\u00eb viktimave - Lajme nga Ulqini\" \/>\n<meta property=\"og:description\" content=\"K\u00cbSHILLI NACIONAL I SHQIPTAR\u00cbVE N\u00cb MALIN E ZI NACIONALNI SAVJET ALBANACA U CRNOJ GORI ALBANIAN NATIONAL COUNCIL IN MONTENEGRO Ulqin m\u00eb, 22. 05. 2012 Nr.38\" \/>\n<meta property=\"og:url\" content=\"https:\/\/www.visit-ulcinj.com\/blog\/2012\/05\/22\/knsh-jatelegram-ngushellimi-presidentit-dhe-familjareve-te-viktimave\/\" \/>\n<meta property=\"og:site_name\" content=\"Lajme nga Ulqini\" \/>\n<meta property=\"article:published_time\" content=\"2012-05-22T12:55:49+00:00\" \/>\n<meta property=\"article:modified_time\" content=\"2012-05-24T08:29:13+00:00\" \/>\n<meta property=\"og:image\" content=\"http:\/\/www.visit-ulcinj.com\/blog\/wp-content\/uploads\/2011\/03\/KNSH_MZ_logo.jpg\" \/>\n<meta name=\"twitter:label1\" content=\"Written by\" \/>\n\t<meta name=\"twitter:data1\" content=\"ulqini\" \/>\n\t<meta name=\"twitter:label2\" content=\"Est. reading time\" \/>\n\t<meta name=\"twitter:data2\" content=\"1 minute\" \/>\n<script type=\"application\/ld+json\" class=\"yoast-schema-graph\">{\"@context\":\"https:\/\/schema.org\",\"@graph\":[{\"@type\":\"WebSite\",\"@id\":\"https:\/\/www.visit-ulcinj.com\/blog\/#website\",\"url\":\"https:\/\/www.visit-ulcinj.com\/blog\/\",\"name\":\"Lajme nga Ulqini\",\"description\":\"Lajme,Vijesti,Ulqini,Ulqin,Crna Gora,Mali i Zi\",\"potentialAction\":[{\"@type\":\"SearchAction\",\"target\":{\"@type\":\"EntryPoint\",\"urlTemplate\":\"https:\/\/www.visit-ulcinj.com\/blog\/?s={search_term_string}\"},\"query-input\":\"required name=search_term_string\"}],\"inLanguage\":\"en-US\"},{\"@type\":\"ImageObject\",\"inLanguage\":\"en-US\",\"@id\":\"https:\/\/www.visit-ulcinj.com\/blog\/2012\/05\/22\/knsh-jatelegram-ngushellimi-presidentit-dhe-familjareve-te-viktimave\/#primaryimage\",\"url\":\"https:\/\/www.visit-ulcinj.com\/blog\/wp-content\/uploads\/2011\/03\/KNSH_MZ_logo.jpg\",\"contentUrl\":\"https:\/\/www.visit-ulcinj.com\/blog\/wp-content\/uploads\/2011\/03\/KNSH_MZ_logo.jpg\",\"width\":\"318\",\"height\":\"142\"},{\"@type\":\"WebPage\",\"@id\":\"https:\/\/www.visit-ulcinj.com\/blog\/2012\/05\/22\/knsh-jatelegram-ngushellimi-presidentit-dhe-familjareve-te-viktimave\/#webpage\",\"url\":\"https:\/\/www.visit-ulcinj.com\/blog\/2012\/05\/22\/knsh-jatelegram-ngushellimi-presidentit-dhe-familjareve-te-viktimave\/\",\"name\":\"KNSH-ja,telegram ngush\u00ebllimi presidentit dhe familjar\u00ebve t\u00eb viktimave - Lajme nga Ulqini\",\"isPartOf\":{\"@id\":\"https:\/\/www.visit-ulcinj.com\/blog\/#website\"},\"primaryImageOfPage\":{\"@id\":\"https:\/\/www.visit-ulcinj.com\/blog\/2012\/05\/22\/knsh-jatelegram-ngushellimi-presidentit-dhe-familjareve-te-viktimave\/#primaryimage\"},\"datePublished\":\"2012-05-22T12:55:49+00:00\",\"dateModified\":\"2012-05-24T08:29:13+00:00\",\"author\":{\"@id\":\"https:\/\/www.visit-ulcinj.com\/blog\/#\/schema\/person\/dcab619c614d3038751c63bc2aadc06d\"},\"description\":\"K\u00cbSHILLI NACIONAL I SHQIPTAR\u00cbVE N\u00cb MALIN E ZI NACIONALNI SAVJET ALBANACA U CRNOJ GORI ALBANIAN NATIONAL COUNCIL IN MONTENEGRO Ulqin m\u00eb, 22. 05. 2012 Nr.38\",\"breadcrumb\":{\"@id\":\"https:\/\/www.visit-ulcinj.com\/blog\/2012\/05\/22\/knsh-jatelegram-ngushellimi-presidentit-dhe-familjareve-te-viktimave\/#breadcrumb\"},\"inLanguage\":\"en-US\",\"potentialAction\":[{\"@type\":\"ReadAction\",\"target\":[\"https:\/\/www.visit-ulcinj.com\/blog\/2012\/05\/22\/knsh-jatelegram-ngushellimi-presidentit-dhe-familjareve-te-viktimave\/\"]}]},{\"@type\":\"BreadcrumbList\",\"@id\":\"https:\/\/www.visit-ulcinj.com\/blog\/2012\/05\/22\/knsh-jatelegram-ngushellimi-presidentit-dhe-familjareve-te-viktimave\/#breadcrumb\",\"itemListElement\":[{\"@type\":\"ListItem\",\"position\":1,\"name\":\"KNSH-ja,telegram ngush\u00ebllimi presidentit dhe familjar\u00ebve t\u00eb viktimave\"}]},{\"@type\":\"Person\",\"@id\":\"https:\/\/www.visit-ulcinj.com\/blog\/#\/schema\/person\/dcab619c614d3038751c63bc2aadc06d\",\"name\":\"ulqini\",\"sameAs\":[\"http:\/\/www.visit-ulcinj.com\"],\"url\":\"https:\/\/www.visit-ulcinj.com\/blog\/author\/admin\/\"}]}<\/script>\n<!-- \/ Yoast SEO plugin. -->","yoast_head_json":{"title":"KNSH-ja,telegram ngush\u00ebllimi presidentit dhe familjar\u00ebve t\u00eb viktimave - Lajme nga Ulqini","description":"K\u00cbSHILLI NACIONAL I SHQIPTAR\u00cbVE N\u00cb MALIN E ZI NACIONALNI SAVJET ALBANACA U CRNOJ GORI ALBANIAN NATIONAL COUNCIL IN MONTENEGRO Ulqin m\u00eb, 22. 05. 2012 Nr.38","robots":{"index":"index","follow":"follow","max-snippet":"max-snippet:-1","max-image-preview":"max-image-preview:large","max-video-preview":"max-video-preview:-1"},"canonical":"https:\/\/www.visit-ulcinj.com\/blog\/2012\/05\/22\/knsh-jatelegram-ngushellimi-presidentit-dhe-familjareve-te-viktimave\/","og_locale":"en_US","og_type":"article","og_title":"KNSH-ja,telegram ngush\u00ebllimi presidentit dhe familjar\u00ebve t\u00eb viktimave - Lajme nga Ulqini","og_description":"K\u00cbSHILLI NACIONAL I SHQIPTAR\u00cbVE N\u00cb MALIN E ZI NACIONALNI SAVJET ALBANACA U CRNOJ GORI ALBANIAN NATIONAL COUNCIL IN MONTENEGRO Ulqin m\u00eb, 22. 05. 2012 Nr.38","og_url":"https:\/\/www.visit-ulcinj.com\/blog\/2012\/05\/22\/knsh-jatelegram-ngushellimi-presidentit-dhe-familjareve-te-viktimave\/","og_site_name":"Lajme nga Ulqini","article_published_time":"2012-05-22T12:55:49+00:00","article_modified_time":"2012-05-24T08:29:13+00:00","og_image":[{"url":"http:\/\/www.visit-ulcinj.com\/blog\/wp-content\/uploads\/2011\/03\/KNSH_MZ_logo.jpg"}],"twitter_misc":{"Written by":"ulqini","Est. reading time":"1 minute"},"schema":{"@context":"https:\/\/schema.org","@graph":[{"@type":"WebSite","@id":"https:\/\/www.visit-ulcinj.com\/blog\/#website","url":"https:\/\/www.visit-ulcinj.com\/blog\/","name":"Lajme nga Ulqini","description":"Lajme,Vijesti,Ulqini,Ulqin,Crna Gora,Mali i Zi","potentialAction":[{"@type":"SearchAction","target":{"@type":"EntryPoint","urlTemplate":"https:\/\/www.visit-ulcinj.com\/blog\/?s={search_term_string}"},"query-input":"required name=search_term_string"}],"inLanguage":"en-US"},{"@type":"ImageObject","inLanguage":"en-US","@id":"https:\/\/www.visit-ulcinj.com\/blog\/2012\/05\/22\/knsh-jatelegram-ngushellimi-presidentit-dhe-familjareve-te-viktimave\/#primaryimage","url":"https:\/\/www.visit-ulcinj.com\/blog\/wp-content\/uploads\/2011\/03\/KNSH_MZ_logo.jpg","contentUrl":"https:\/\/www.visit-ulcinj.com\/blog\/wp-content\/uploads\/2011\/03\/KNSH_MZ_logo.jpg","width":"318","height":"142"},{"@type":"WebPage","@id":"https:\/\/www.visit-ulcinj.com\/blog\/2012\/05\/22\/knsh-jatelegram-ngushellimi-presidentit-dhe-familjareve-te-viktimave\/#webpage","url":"https:\/\/www.visit-ulcinj.com\/blog\/2012\/05\/22\/knsh-jatelegram-ngushellimi-presidentit-dhe-familjareve-te-viktimave\/","name":"KNSH-ja,telegram ngush\u00ebllimi presidentit dhe familjar\u00ebve t\u00eb viktimave - Lajme nga Ulqini","isPartOf":{"@id":"https:\/\/www.visit-ulcinj.com\/blog\/#website"},"primaryImageOfPage":{"@id":"https:\/\/www.visit-ulcinj.com\/blog\/2012\/05\/22\/knsh-jatelegram-ngushellimi-presidentit-dhe-familjareve-te-viktimave\/#primaryimage"},"datePublished":"2012-05-22T12:55:49+00:00","dateModified":"2012-05-24T08:29:13+00:00","author":{"@id":"https:\/\/www.visit-ulcinj.com\/blog\/#\/schema\/person\/dcab619c614d3038751c63bc2aadc06d"},"description":"K\u00cbSHILLI NACIONAL I SHQIPTAR\u00cbVE N\u00cb MALIN E ZI NACIONALNI SAVJET ALBANACA U CRNOJ GORI ALBANIAN NATIONAL COUNCIL IN MONTENEGRO Ulqin m\u00eb, 22. 05. 2012 Nr.38","breadcrumb":{"@id":"https:\/\/www.visit-ulcinj.com\/blog\/2012\/05\/22\/knsh-jatelegram-ngushellimi-presidentit-dhe-familjareve-te-viktimave\/#breadcrumb"},"inLanguage":"en-US","potentialAction":[{"@type":"ReadAction","target":["https:\/\/www.visit-ulcinj.com\/blog\/2012\/05\/22\/knsh-jatelegram-ngushellimi-presidentit-dhe-familjareve-te-viktimave\/"]}]},{"@type":"BreadcrumbList","@id":"https:\/\/www.visit-ulcinj.com\/blog\/2012\/05\/22\/knsh-jatelegram-ngushellimi-presidentit-dhe-familjareve-te-viktimave\/#breadcrumb","itemListElement":[{"@type":"ListItem","position":1,"name":"KNSH-ja,telegram ngush\u00ebllimi presidentit dhe familjar\u00ebve t\u00eb viktimave"}]},{"@type":"Person","@id":"https:\/\/www.visit-ulcinj.com\/blog\/#\/schema\/person\/dcab619c614d3038751c63bc2aadc06d","name":"ulqini","sameAs":["http:\/\/www.visit-ulcinj.com"],"url":"https:\/\/www.visit-ulcinj.com\/blog\/author\/admin\/"}]}},"jetpack_featured_media_url":"","jetpack_sharing_enabled":true,"jetpack_shortlink":"https:\/\/wp.me\/pe6lTn-fNy","_links":{"self":[{"href":"https:\/\/www.visit-ulcinj.com\/blog\/wp-json\/wp\/v2\/posts\/60732"}],"collection":[{"href":"https:\/\/www.visit-ulcinj.com\/blog\/wp-json\/wp\/v2\/posts"}],"about":[{"href":"https:\/\/www.visit-ulcinj.com\/blog\/wp-json\/wp\/v2\/types\/post"}],"author":[{"embeddable":true,"href":"https:\/\/www.visit-ulcinj.com\/blog\/wp-json\/wp\/v2\/users\/1"}],"replies":[{"embeddable":true,"href":"https:\/\/www.visit-ulcinj.com\/blog\/wp-json\/wp\/v2\/comments?post=60732"}],"version-history":[{"count":6,"href":"https:\/\/www.visit-ulcinj.com\/blog\/wp-json\/wp\/v2\/posts\/60732\/revisions"}],"predecessor-version":[{"id":60903,"href":"https:\/\/www.visit-ulcinj.com\/blog\/wp-json\/wp\/v2\/posts\/60732\/revisions\/60903"}],"wp:attachment":[{"href":"https:\/\/www.visit-ulcinj.com\/blog\/wp-json\/wp\/v2\/media?parent=60732"}],"wp:term":[{"taxonomy":"category","embeddable":true,"href":"https:\/\/www.visit-ulcinj.com\/blog\/wp-json\/wp\/v2\/categories?post=60732"},{"taxonomy":"post_tag","embeddable":true,"href":"https:\/\/www.visit-ulcinj.com\/blog\/wp-json\/wp\/v2\/tags?post=60732"}],"curies":[{"name":"wp","href":"https:\/\/api.w.org\/{rel}","templated":true}]}}