{"id":60738,"date":"2012-05-22T14:23:35","date_gmt":"2012-05-22T13:23:35","guid":{"rendered":"http:\/\/www.visit-ulcinj.com\/blog\/?p=60738"},"modified":"2012-05-22T14:28:09","modified_gmt":"2012-05-22T13:28:09","slug":"22-maji-dite-zie-kombetare","status":"publish","type":"post","link":"https:\/\/www.visit-ulcinj.com\/blog\/2012\/05\/22\/22-maji-dite-zie-kombetare\/","title":{"rendered":"22 Maji Dit\u00eb Zie Komb\u00ebtare &#8211; ABC TV LIVE"},"content":{"rendered":"<p><a href=\"http:\/\/www.visit-ulcinj.com\/blog\/wp-content\/uploads\/2012\/05\/Shqiperia-ne-Zi-22-Maji-Dit\u00eb-Zie-Komb\u00ebtare.jpg\"><img loading=\"lazy\" class=\"alignleft  wp-image-60739\" title=\"Shqiperia ne Zi - 22 Maji Dit\u00eb Zie Komb\u00ebtare\" src=\"http:\/\/www.visit-ulcinj.com\/blog\/wp-content\/uploads\/2012\/05\/Shqiperia-ne-Zi-22-Maji-Dit\u00eb-Zie-Komb\u00ebtare.jpg\" alt=\"\" width=\"490\" height=\"419\" \/><\/a>Stafi\u00a0 Lajme nga Ulqini, shpreh ngushellime te perzemerta per familjet e studenteve te Universitetit \u201cAleksander Xhuvani\u201d, te qytetit te dashur Elbasan, te cilet pesuan nje aksident tragjik ne Himar\u00eb, ku humben jeten 13 persona e me dhjetra te plagosur.<\/p>\n<p>&nbsp;<\/p>\n<p>Ne respekt ndaj atyre vajzave te reja qe humben jeten ne aksidentin tragjik te Himares dhe shpalljes se dates 22 Maj dite zie Kombetare.<\/p>\n<p>&nbsp;<\/p>\n<p>Faqa jone gjate dites se sotme nuk do publikoj asnje lajm.<\/p>\n<p><a href=\"http:\/\/www.visit-ulcinj.com\/blog\/wp-content\/uploads\/2012\/05\/Shqiperia-ne-Zi-22-Maji-Dit\u00eb-Zie-Komb\u00ebtare.1.jpg\"><img loading=\"lazy\" class=\"alignleft  wp-image-60740\" title=\"Shqiperia ne Zi - 22 Maji Dit\u00eb Zie Komb\u00ebtare.1\" src=\"http:\/\/www.visit-ulcinj.com\/blog\/wp-content\/uploads\/2012\/05\/Shqiperia-ne-Zi-22-Maji-Dit\u00eb-Zie-Komb\u00ebtare.1.jpg\" alt=\"\" width=\"508\" height=\"320\" \/><\/a><\/p>\n<p><strong>Tragjedi n\u00eb Himar\u00eb,vdesin 13 persona <\/strong><\/p>\n<p><a href=\"http:\/\/www.visit-ulcinj.com\/blog\/wp-content\/uploads\/2012\/05\/Tragjedia-n\u00eb-Himar\u00eb-12-viktima.jpg\"><img loading=\"lazy\" class=\"alignleft  wp-image-60696\" title=\"Tragjedia n\u00eb Himar\u00eb, 12 viktima\" src=\"http:\/\/www.visit-ulcinj.com\/blog\/wp-content\/uploads\/2012\/05\/Tragjedia-n\u00eb-Himar\u00eb-12-viktima.jpg\" alt=\"\" width=\"508\" height=\"360\" \/><\/a><strong>Emrat e studenteve q\u00eb ishin nisur n\u00eb k\u00ebt\u00eb ekskursion, jan\u00eb si m\u00eb posht\u00eb:<\/strong><\/p>\n<p>Ardita \u00c7ela, Aida Gjika, Alma Deda, Anisa Rusi, Anita Hysa, Antoneta Za\u00e7e, Arta Ballabani, Aurora Molla, Besjana Dani, Besjana Xheneti, Blerina Qerimi, Drenica Guzi, Desilda Byty\u00e7i, Dorjana Kumria, Dorina Spaho, Elsa Daka, Elsa Shtylla, Eralda Bajrami, Eranda Baloshi, Eranda Bardhi, Erjola Xhoi, Klejda Kena, Mirsije Biba, Ornela Nushi, Denisa Tare, Erdita Opingari, Eriselda Gubere, Eriselda \u00c7oku, Erjana G\u00ebshtenja, Ermira Mana, Fabjola Shehi, Florie Pepi, Gerta Ahmetaj, Griselda Zeneli, Griselda Gjilani, Isjana Dalipi, Ilma Klosi, Joana Debinja, Juliana Kuqi, Juliana Tola, Klajda Pollozhani, Laureta Cani, Lindita Kabashi, Liri Hasa, Oliverta Dh\u00ebmbi, Oltjana Beqiri, Ticiana Hysa, Anisa \u00c7obaj, Enkelejda Berberi, Adjola Musaku, Hanife Xhepexhiu, Anila Curri, Shegushe Haka, Oltjana Yzo.<br \/>\n<object width=\"508\" height=\"380\" classid=\"clsid:d27cdb6e-ae6d-11cf-96b8-444553540000\" codebase=\"http:\/\/download.macromedia.com\/pub\/shockwave\/cabs\/flash\/swflash.cab#version=6,0,40,0\"><param name=\"allowFullScreen\" value=\"true\" \/><param name=\"allowscriptaccess\" value=\"always\" \/><param name=\"src\" value=\"http:\/\/www.youtube-nocookie.com\/v\/_RuN21Q7tRw?version=3&amp;hl=fr_FR&amp;rel=0\" \/><param name=\"allowfullscreen\" value=\"true\" \/><\/object><\/p>\n<p>Nj\u00eb aksident i r\u00ebnd\u00eb rrugor ka ndodhur pasditen e s\u00eb h\u00ebn\u00ebs n\u00eb aksin Himar\u00eb-Sarand\u00eb, ku nj\u00eb autobus me 33 student\u00eb n\u00eb bord ka r\u00ebn\u00eb n\u00eb humner\u00eb, duke shkaktuar vdekjen deri tani t\u00eb t\u00eb pakt\u00ebn 12 personave.<\/p>\n<p>Autoritetet zyrtare kan\u00eb njoftuar se autobusi ka r\u00ebn\u00eb n\u00eb thell\u00ebsi prej af\u00ebrsisht 100 metrash dhe dyshohet se t\u00eb pakt\u00ebn 21 student\u00ebt e tjer\u00eb, t\u00eb gjitha femra, kan\u00eb mbetur t\u00eb plagosura.<\/p>\n<p>Drejt vendit t\u00eb ngjarjes, n\u00eb zon\u00ebn e quajtur Qafa e Vish\u00ebs, u d\u00ebrguan forca t\u00eb shumta policore, autoambulanca dhe helikopter\u00eb, t\u00eb cil\u00ebt kan\u00eb sjell\u00eb 14 persona n\u00eb Spitalin Ushtarak, n\u00eb Tiran\u00eb.<br \/>\nAktualisht disa prej tyre jane ne gjendje kome pasi kan\u00eb marr\u00eb d\u00ebmtime serioze n\u00eb trup.<br \/>\nGjithashtu, m\u00ebsohet se autobusi i rr\u00ebzuar ishte me targ\u00eb Elbasani dhe student\u00ebt jan\u00eb t\u00eb Universitetit Aleksand\u00ebr Xhuvani, dega Gjuh\u00eb-Let\u00ebrsi, viti i tret\u00eb.<br \/>\n<a href=\"http:\/\/www.visit-ulcinj.com\/blog\/wp-content\/uploads\/2012\/05\/Tragjedia-n\u00eb-Himar\u00eb-12-viktima.1.jpg\"><img loading=\"lazy\" class=\"alignleft size-full wp-image-60697\" title=\"Tragjedia n\u00eb Himar\u00eb, 12 viktima.1\" src=\"http:\/\/www.visit-ulcinj.com\/blog\/wp-content\/uploads\/2012\/05\/Tragjedia-n\u00eb-Himar\u00eb-12-viktima.1.jpg\" alt=\"\" width=\"508\" height=\"300\" \/><\/a><br \/>\nNd\u00ebrkoh\u00eb, Policia e Shtetit, p\u00ebrmes nj\u00eb njoftimi p\u00ebr shtyp b\u00ebri t\u00eb ditur se p\u00ebrve\u00e7 nj\u00ebsive policore, n\u00eb vendin e ngjarjes u d\u00ebrgua edhe reparti special Delta Forc\u00eb dhe se \u00ebsht\u00eb ngritur nj\u00eb grup i posa\u00e7\u00ebm pune p\u00ebr menaxhimin e situat\u00ebs.<br \/>\n\u201cNgjarja ndodhi rreth or\u00ebs 16.15. N\u00eb vendin e quajtur Qafa e Vish\u00ebs, nj\u00eb autobus me targ\u00eb \u201cEl 2274 B\u201d, me drejtues shtetasin P\u00ebllumb \u00c7ela, vje\u00e7 55, me t\u00eb cilin po udh\u00ebtonin disa student\u00eb t\u00eb universitetit \u201cAleksand\u00ebr Xhuvani\u201d, ka dal\u00eb nga rruga. Menj\u00ebher\u00eb, drejt vendngjarjes jan\u00eb nisur forca t\u00eb shumta t\u00eb Drejtoris\u00eb s\u00eb Policis\u00eb s\u00eb Qarkut Vlor\u00eb, t\u00eb Repartit Delta Force dhe t\u00eb Nj\u00ebsis\u00eb Rajonale t\u00eb Policis\u00eb Rrugore p\u00ebr t\u00eb dh\u00ebn\u00eb ndihm\u00ebn e nevojshme dhe p\u00ebr t\u00eb menaxhuar situat\u00ebn. Pran\u00eb Drejtoris\u00eb s\u00eb P\u00ebrgjithshme t\u00eb Policis\u00eb s\u00eb Shtetit \u00ebsht\u00eb ngritur grupi i pun\u00ebs p\u00ebr menaxhimin e situat\u00ebs\u201d, thuhej n\u00eb njoftimin e policies<br \/>\n<a href=\"http:\/\/www.visit-ulcinj.com\/blog\/wp-content\/uploads\/2012\/05\/Tragjedia-n\u00eb-Himar\u00eb-12-viktima.2.jpg\"><img loading=\"lazy\" class=\"alignleft size-full wp-image-60698\" title=\"Tragjedia n\u00eb Himar\u00eb, 12 viktima.2\" src=\"http:\/\/www.visit-ulcinj.com\/blog\/wp-content\/uploads\/2012\/05\/Tragjedia-n\u00eb-Himar\u00eb-12-viktima.2.jpg\" alt=\"\" width=\"508\" height=\"300\" \/><\/a><\/p>\n<p>Vet\u00eb ministri i Brendsh\u00ebm, Bujar Nishani dhe drejtori i P\u00ebrgjithsh\u00ebm i Policis\u00eb, Hysni Burgaj u nis\u00ebn drejt Himar\u00ebs p\u00ebr t\u00eb mbik\u00ebqyrur nga af\u00ebr situat\u00ebn.<\/p>\n<p>Nd\u00ebrsa korrespondenti i Top Channel b\u00ebri t\u00eb ditur se thell\u00ebsia e humner\u00ebs \u00ebsht\u00eb 80 metra, se autobusi \u00ebsht\u00eb shkat\u00ebrruar t\u00ebr\u00ebsisht dhe se p\u00ebr pak koh\u00eb brenda tij ndenj\u00ebn disa t\u00eb mbijetuar.<br \/>\n<strong><br \/>\nTOP CHANNEL<\/strong><br \/>\nABC TV ALBANIA LIVE<\/p>\n<p><object id=\"mpl\" style=\"\" width=\"560\" height=\"340\" classid=\"clsid:d27cdb6e-ae6d-11cf-96b8-444553540000\" codebase=\"http:\/\/download.macromedia.com\/pub\/shockwave\/cabs\/flash\/swflash.cab#version=6,0,40,0\"><param name=\"flashvars\" value=\"file=abcalbania\" \/><param name=\"logo\" value=\"\" \/><param name=\"allowfullscreen\" value=\"true\" \/><param name=\"allowscriptaccess\" value=\"always\" \/><param name=\"wmode\" value=\"transparent\" \/><param name=\"allownetworking\" value=\"internal\" \/><param name=\"quality\" value=\"high\" \/><param name=\"src\" value=\"http:\/\/cdn.livestream.com\/chromelessPlayer\/examples\/jwplayer\/players\/4.6.swf?type=livestream&amp;autostart=true&amp;displayclick=none\" \/><\/object><\/p>\n<p><a href=\"http:\/\/www.visit-ulcinj.com\/blog\/wp-content\/uploads\/2012\/05\/DIT\u00cb-ZIE-KOMBETARE.jpg\"><img loading=\"lazy\" class=\"alignleft  wp-image-60736\" title=\"DIT\u00cb ZIE KOMBETARE\" src=\"http:\/\/www.visit-ulcinj.com\/blog\/wp-content\/uploads\/2012\/05\/DIT\u00cb-ZIE-KOMBETARE.jpg\" alt=\"\" width=\"508\" height=\"300\" \/><\/a><\/p>\n<table width=\"522\" border=\"0\" cellspacing=\"0\" cellpadding=\"0\">\n<tbody>\n<tr>\n<td width=\"100%\">Tragjedi n\u00eb Himar\u00eb, autobusi bie n\u00eb gremin\u00eb, 13 t\u00eb vdekur. 22 maji, Dit\u00eb Zie Komb\u00ebtare<\/td>\n<\/tr>\n<tr>\n<td width=\"100%\" height=\"2\"><img loading=\"lazy\" src=\"http:\/\/www.balkanweb.com\/images\/spacer.gif\" alt=\"\" width=\"1\" height=\"1\" border=\"0\" \/><\/td>\n<\/tr>\n<tr>\n<td valign=\"top\"><\/td>\n<\/tr>\n<tr>\n<td valign=\"top\" height=\"4\"><img loading=\"lazy\" src=\"http:\/\/www.balkanweb.com\/images\/spacer.gif\" alt=\"\" width=\"1\" height=\"1\" border=\"0\" \/><\/td>\n<\/tr>\n<tr>\n<td valign=\"top\" height=\"10\"><img loading=\"lazy\" src=\"http:\/\/www.balkanweb.com\/images\/spacer.gif\" alt=\"\" width=\"1\" height=\"1\" border=\"0\" \/><\/td>\n<\/tr>\n<tr>\n<td valign=\"top\" width=\"100%\"><strong>HIMARE &#8211;<\/strong> Nj\u00eb aksident tragjik ka ndodhur pasditen e sotme, rreth or\u00ebs 16:15, pran\u00eb qaf\u00ebs s\u00eb Vish\u00ebs, n\u00eb Himar\u00eb, ku nj\u00eb autobus me 33 student\u00eb t\u00eb Universitetit &#8220;Aleksand\u00ebr Xhuvani&#8221;, dega Let\u00ebrsi, q\u00eb dyshohet se ishin t\u00eb gjitha vajza, ka dal\u00eb nga rruga dhe ka p\u00ebrfunduar n\u00eb nj\u00eb gremin\u00eb rreth 80 metra t\u00eb thell\u00eb.<br \/>\nSipas burimeve nga vendi i ngjarjes, autobusi me student\u00eb po udh\u00ebtonte nga Elbasani drejt Sarand\u00ebs. M\u00ebsohet se autobusi ishte me targa t\u00eb Elbasanit (El 2274 B) dhe drejtohej nga shoferi 55-vjecar, P\u00ebllumb \u00c7ela. N\u00eb vendngjarje u mobilizuan autoambulanca, zjarrfik\u00ebs dhe forca t\u00eb shumta t\u00eb policis\u00eb e forcat RENEA, disa minuta pas aksidentit. 8 helikopter\u00eb, 2 t\u00eb Ministris\u00eb s\u00eb Sh\u00ebndet\u00ebsis\u00eb dhe 6 t\u00eb Ministris\u00eb s\u00eb Brendshme transportuan nga Himara drejt spitalit Ushtarak n\u00eb Tiran\u00eb, t\u00eb plagosurit m\u00eb r\u00ebnd\u00eb.Ka qen\u00eb nj\u00eb autobus me turist\u00eb grek\u00eb ai q\u00eb i ka dh\u00ebn\u00eb ndihm\u00ebn e par\u00eb, studenteve t\u00eb p\u00ebrfshira n\u00eb aksident.Burime nga policia b\u00ebjn\u00eb t\u00eb ditur se 13 persona kan\u00eb humbur jet\u00ebn dhe 20 studente jan\u00eb plagosur. Mes viktimave \u00ebsht\u00eb edhe shoferi i autobusit.<br \/>\nTelevizioni NEWS24 transmetoi pamjet e para nga vendngjarja, t\u00eb autobusit t\u00eb shkat\u00ebrruar t\u00ebr\u00ebsisht dhe njer\u00ebz t\u00eb shumt\u00eb rreth tij q\u00eb p\u00ebrpiqeshin t\u00eb jepnin ndihm\u00ebn e par\u00eb.Pak minuta pas ngjarjes, korespondenti i News 24 Andrea Kola b\u00ebri te ditur se autobusi me t\u00eb cilin udh\u00ebtonin studentet \u00ebsht\u00eb rr\u00ebzuar n\u00eb aksin Sarand\u00eb-Himar\u00eb, mes fshatit Vuno e Himar\u00ebs. Ai sqaron se studentet shkonin n\u00eb Sarand\u00eb p\u00ebr pushime, nd\u00ebrsa d\u00ebshmon se terreni ku ka r\u00ebn\u00eb autobusi \u00ebsht\u00eb i v\u00ebshtir\u00eb dhe rruga tep\u00ebr e ngusht\u00eb.<strong><span style=\"text-decoration: underline;\">VDES NJ\u00cb TJET\u00cbR STUDENT\u00cb, SHKON N\u00cb 13 NUMRI I VIKTIMAVE<\/span><\/strong><br \/>\n<strong><span style=\"text-decoration: underline;\">ORA 22:38-<\/span><\/strong>Nga Spitali Ushtarak vjen lajmi i keq p\u00ebr vdekjen e nj\u00eb tjet\u00ebr studenteje, q\u00eb e con bilancin e viktimave n\u00eb 13.<strong><span style=\"text-decoration: underline;\">POLICA E SHTETIT: IDENTIFIKOHET VIKTIMA E PAR\u00cb<br \/>\nORA 22:37-<\/span><\/strong>Z\u00ebdh\u00ebn\u00ebsja e policis\u00eb s\u00eb Shtetit n\u00eb nj\u00eb komunikim p\u00ebr mediat b\u00ebri publik emrin e viktim\u00ebs s\u00eb par\u00eb t\u00eb k\u00ebtij aksidenti tragjik. Ajo \u00ebsht\u00eb vajza q\u00eb u transportua me helikopter n\u00eb Spitalin Ushtarak dhe quhet Eranda Baloshi.<strong><span style=\"text-decoration: underline;\">AMBASADORI SEQUI MESAZH NGUSH\u00cbLLIMI<br \/>\nORA 22:35-<\/span><\/strong> Ambasadori i Bashkimit Europian n\u00eb vendin ton\u00eb Ettore Sequi shprehu ngush\u00ebllimet e tij p\u00ebr familjar\u00ebt e viktimave t\u00eb aksidentit tragjik n\u00eb Himar\u00eb.<br \/>\n\u201cAmbasadori Sequi d\u00ebshiron t\u00eb shpreh\u00eb ngush\u00ebllimet m\u00eb t\u00eb ndjera p\u00ebr familjet e t\u00eb gjith\u00eb atyre q\u00eb humb\u00ebn jet\u00ebn ose u plagos\u00ebn n\u00eb aksidentin e sot\u00ebm tragjik n\u00eb Himar\u00eb. Mendja e t\u00eb gjith\u00eb koleg\u00ebve tan\u00eb t\u00eb cil\u00ebt punojn\u00eb me Shqip\u00ebrin\u00eb, si n\u00eb Delegacionin n\u00eb Tiran\u00eb, ashtu edhe atyre n\u00eb zyrat q\u00ebndrore n\u00eb Bruksel, jan\u00eb me ju n\u00eb k\u00ebt\u00eb moment kaq t\u00eb trishtuar.\u201d- thuhet n\u00eb njoftimin e shp\u00ebrndar\u00eb \u00ebpr mediat nga zyra e BE-s\u00eb n\u00eb Tiran\u00eb.<br \/>\n\u201cZoti u dh\u00ebnt\u00eb paqe shpirtit t\u00eb tyre dhe familjeve t\u00eb tyre forc\u00ebn p\u00ebr t\u00eb p\u00ebrballuar k\u00ebt\u00eb humbje t\u00eb paz\u00ebvend\u00ebsueshme. U urojm\u00eb nga zemra t\u00eb plagosurve nj\u00eb sh\u00ebrim t\u00eb shpejt\u00eb dhe t\u00eb plot\u00eb.\u201d- p\u00ebrfundon njoftimi.D\u00cbSHMITARJA: JA SI NDIHMOVA T\u00cb PLAGOSURIT<br \/>\n<span style=\"text-decoration: underline;\">ORA 22:00-<\/span> N\u00eb nj\u00eb komunikim me News 24, nj\u00eb vajz\u00eb himariote rr\u00ebfen momentet kur ajo ka shkuar n\u00eb vendngjarje p\u00ebr t\u2019ju ardhur n\u00eb ndihm\u00eb student\u00ebve q\u00eb p\u00ebrfunduan n\u00eb humner\u00eb.<br \/>\n\u201cIsha n\u00eb ngjarjen q\u00eb ndodhi n\u00eb Himar\u00eb, dhash\u00eb ndihm\u00ebn time t\u00eb vog\u00ebl me aq sa munda\u2026U trondita nga ngjarja e r\u00ebnd\u00eb q\u00eb pash\u00eb, komunikova me disa prej t\u00eb plagosurave, nj\u00ebra prej tyre me la or\u00ebn e saj si dhurat\u00eb n\u00eb shenj\u00eb mir\u00ebnjohje p\u00ebr ndihm\u00ebn. Kaq m\u00eb lejuan t\u00eb qendroja brenda, m\u00eb pas dola jasht\u00eb. Himariot\u00ebt reaguan shum\u00eb mir\u00eb, dhan\u00eb ndihm\u00ebn e tyre me aq sa mund\u00ebn\u201d, shprehet ajo.<\/p>\n<p><strong><span style=\"text-decoration: underline;\">AKTIVIST\u00cb T\u00cb AK DHUROJN\u00cb GJAK<br \/>\nORA 21:52 &#8211;<\/span><\/strong> Aleanca Rinore Kuq e Zi u sensibilizua me tragjedin\u00eb e ndodhur n\u00eb Himar\u00ebs, ku humb\u00ebn jet\u00ebn 12 student\u00eb t\u00eb Universitetit t\u00eb Elbasanit. T\u00eb rinjt\u00eb e Aleanc\u00ebs Kuq e Zi iu p\u00ebrgjigj\u00ebn apelit t\u00eb institucioneve mjek\u00ebsore p\u00ebr t\u00eb dhuruar gjak.<br \/>\nRreth 40 t\u00eb aktivist\u00eb t\u00eb Aleanc\u00ebs Rinore Kuq e Zi mb\u00ebrrin brenda nj\u00eb kohe t\u00eb shkurt\u00ebr n\u00eb spitalin ushtarak dhe u vun\u00eb n\u00eb dispozicion t\u00eb autoriteteve mjek\u00ebsore p\u00ebr t\u00eb dhuruar gjak.<br \/>\n\u201cAleanca Kuq e Zi me her\u00ebt i shprehu ngush\u00ebllimet familjar\u00ebve t\u00eb viktimave, duke u bashkuar me dhimbjen dhe fatkeq\u00ebsin\u00eb qe ka tronditur jet\u00ebn e tyre dhe mbar\u00eb shoq\u00ebris\u00eb shqiptare.\u201d- thuhet n\u00eb njoftimine AK-s\u00eb.<\/p>\n<p><strong><span style=\"text-decoration: underline;\">KOMUNITETI MYSLIMAN: LUTEMI Q\u00cb ZOTI T\u2019I M\u00cbSHIROJ\u00cb VIKTIMAT<\/span><\/strong><br \/>\n<span style=\"text-decoration: underline;\"><strong>ORA 21:40 &#8211;<\/strong><\/span> Komuniteti Mysliman i Shqip\u00ebris\u00eb shpreh ngush\u00ebllimet p\u00ebr familjar\u00ebt e viktimave t\u00eb aksidentit t\u00eb ndodhur pasditen e s\u00eb h\u00ebn\u00ebs n\u00eb aksin Himar\u00eb-Sarand\u00eb.<br \/>\n\u201cN\u00eb k\u00ebto \u00e7aste t\u00eb v\u00ebshtira p\u00ebr familjar\u00ebt dhe t\u00eb af\u00ebrmit, Komuniteti Mysliman merr pjes\u00eb n\u00eb dhimbjen e tyre, duke bashk\u00ebndar\u00eb pik\u00ebllimin q\u00eb sjell kjo humbje e paz\u00ebvend\u00ebsueshme.N\u00eb k\u00ebto momente hidh\u00ebrimi p\u00ebr mbar\u00eb shqiptar\u00ebt, lutemi q\u00eb Zoti t\u2019i m\u00ebshiroj\u00eb viktimat dhe t\u2019u jap\u00eb forc\u00eb familjar\u00ebve p\u00ebr p\u00ebrballimin e k\u00ebsaj humbjeje t\u00eb paz\u00ebvend\u00ebsueshme. Gjithashtu shpresojm\u00eb e lutemi p\u00ebr sh\u00ebrim t\u00eb shpejt\u00eb t\u00eb personave t\u00eb plagosur n\u00eb k\u00ebt\u00eb aksident me pasoja t\u00eb r\u00ebnda.\u201d- shkruhet n\u00eb njoftimin e Komunitetit Mysliman.<br \/>\nKomuniteti Mysliman i Shqip\u00ebris\u00eb u b\u00ebn thirrje t\u00eb gjith\u00eb besimtar\u00ebve q\u00eb t\u00eb angazhohen p\u00ebr dhurim vullnetar t\u00eb gjakut n\u00eb ndihm\u00eb t\u00eb plagosurve nga tragjedi.<\/p>\n<p><strong><span style=\"text-decoration: underline;\">EMRAT E T\u00cb PLAGOSURAVE N\u00cb SPITALIN USHTARAK DHE AT\u00cb T\u00cb VLOR\u00cbS<\/span><\/strong><br \/>\n<strong><span style=\"text-decoration: underline;\">ORA 21:00-<\/span><\/strong> N\u00eb Spitalin e Vlor\u00ebs ndodhen <strong>Ina Janulla, Entela Daja, Dorina Stafa, Adjola Musaku, Ergysa Opingari, Juljana Kuqi, Griselda Zeneli, Ticiana Hysa, Liri Hasa, Blerina Cereni.<br \/>\n<\/strong><br \/>\nN\u00eb Spitalin Ushtarak jan\u00eb <strong>Kaltra Pollozhani, Alma Deda, Eranda Bato, Antoneta Tace, Anisa Cobo, Doriana Kumrija, Besjana Dani \u00ebsht\u00eb duke u transportuar nga Vlora n\u00eb Spitalin Ushtarak Shegushe Taka, Elsa Shtylla, Mirsie Biba, Elfsiana Karriqi.<br \/>\n<\/strong><br \/>\n<strong><span style=\"text-decoration: underline;\">META: VLER\u00cbSOJM\u00cb SOLIDARITETIN NJER\u00cbZOR<br \/>\nORA 20:55 &#8211;<\/span><\/strong> Kryetari i LSI-s\u00eb, Ilir Meta vizitoi t\u00eb h\u00ebn\u00ebn n\u00eb mbr\u00ebmje t\u00eb rinjt\u00eb e plagosur nga aksidenti tragjik q\u00eb ndodhi pasditen e sotme n\u00eb Himar\u00eb dhe q\u00eb aktualisht po trajtohen n\u00eb Spitalin Ushtarak n\u00eb Tiran\u00eb.<br \/>\nPas vizit\u00ebs Meta shprehu ngush\u00ebllimet p\u00ebr familjar\u00ebt e viktimave, nd\u00ebrsa i uroi sh\u00ebrim t\u00eb shpejt\u00eb t\u00eb l\u00ebnduarve.<br \/>\n&#8220;Vijm\u00eb k\u00ebtu p\u00ebr t\u00eb kontribuar, q\u00eb nga dhurimi i gjakut dhe gjith\u00e7ka tjet\u00ebr q\u00eb mundemi. Vler\u00ebsojm\u00eb k\u00ebt\u00eb solidaritet t\u00eb jasht\u00ebzakonsh\u00ebm njer\u00ebzor, k\u00ebt\u00eb angazhim dhe p\u00ebrgatitje t\u00eb shk\u00eblqyer t\u00eb ekipit t\u00eb Spitalit Ushtarak dhe strukturave t\u00eb sh\u00ebndet\u00ebsis\u00eb&#8221;, tha kreu I LSi-s\u00eb.<br \/>\n&#8220;Kjo \u00ebsht\u00eb nj\u00eb ngjarje shum\u00eb e r\u00ebnd\u00eb, e cila nuk mund t\u00eb pranohet nga logjika, por \u00ebsht\u00eb nj\u00eb fakt q\u00eb duhet p\u00ebrballuar me kurajo dhe solidaritet, duke i q\u00ebndruar pran\u00eb t\u00eb aksidentuarve t\u00eb k\u00ebtij aksidenti tragjik&#8221;, tha Meta.<br \/>\nAi v\u00ebrejti se &#8220;koh\u00ebt e fundit aksidentet po marrin jet\u00ebn e shum\u00eb qytetar\u00ebve dhe \u00ebsht\u00eb e domosdoshme t\u00eb rrisim v\u00ebmendjen dhe prioritetin p\u00ebr minimizimin dhe parandalimin e tyre&#8221;.<\/p>\n<p><strong><span style=\"text-decoration: underline;\">AKSIDENTI N\u00cb HIMAR\u00cb, TOPALLI: NGUSH\u00cbLLIME T\u00cb AF\u00cbRMVE<br \/>\nORA 20:50 &#8211;<\/span><\/strong> Kryetarja e Kuvendit, Jozefina Topalli shprehu dhimbjen e thell\u00eb p\u00ebr pasojat e aksidentit tragjik ku humb\u00ebn jet\u00ebn 12 studente dhe 22 t\u00eb tjera u plagos\u00ebn.<br \/>\n\u201cN\u00eb k\u00ebto momente tronditjeje, ngush\u00ebllimet dhe ndjenjat m\u00eb t\u00eb sinqerta t\u00eb solidaritetit njer\u00ebzor shkojn\u00eb pran\u00eb t\u00eb af\u00ebrmve, familjar\u00ebve t\u00eb viktimave t\u00eb k\u00ebsaj fatkeq\u00ebsie, me lutjen q\u00eb Zoti t\u2019u jap\u00eb forc\u00eb t\u00eb p\u00ebrballojn\u00eb dhimbjen e q\u00eb shpirtrat e tyre t\u00eb prehen n\u00eb paqe\u201d- thuhet n\u00eb mesazhin e kryeparlamentares.<br \/>\nKryetarja e Kuvendit shprehu mir\u00ebnjohjen p\u00ebr personelin e sh\u00ebrbimit mjek\u00ebsor, forcat e policis\u00eb e t\u00eb ushtris\u00eb, pushtetit lokal dhe banor\u00ebve t\u00eb zon\u00ebs, p\u00ebr ndihm\u00ebn e menj\u00ebhershme dh\u00ebn\u00eb t\u00eb plagosurve.<\/p>\n<p><strong><span style=\"text-decoration: underline;\">FORCAT E ARMATOSURA DHUROJN\u00cb GJAK<br \/>\nORA 20:40 &#8211;<\/span><\/strong> Forcat e Armatosura dhuruan gjak p\u00ebr t\u00eb plagosurit n\u00eb aksidentin e r\u00ebnd\u00eb n\u00eb Himar\u00eb. Deri n\u00eb or\u00ebn 20:40 kan\u00eb dhuruar gjak mbi 60 oficer\u00eb, n\u00ebnoficer\u00eb dhe ushtar\u00eb, midis t\u00eb cil\u00ebve edhe zv. shefi i Shtabit t\u00eb P\u00ebrgjithsh\u00ebm, gjeneral brigade Sand\u00ebr Lleshi. Nd\u00ebrkaq mbi 200 ushtarak\u00eb t\u00eb tjer\u00eb jan\u00eb n\u00eb pritje p\u00ebr t\u00eb dhuruar gjak.<\/p>\n<p><strong><span style=\"text-decoration: underline;\">PIPERO: N\u00cb SPITALIN USHTARAK 12 T\u00cb PLAGOSUR, 10 N\u00cb VLOR\u00cb<\/span><\/strong><br \/>\n<strong><span style=\"text-decoration: underline;\">ORA 20:20-<\/span><\/strong> Drejtori i politikave sh\u00ebndet\u00ebsore n\u00eb Ministrin\u00eb e Sh\u00ebndet\u00ebsis\u00eb, P\u00ebllumb Pipero deklaroi se transportimi i t\u00eb plagosurve nga Himara drejt Spitalit Ushtarak ka p\u00ebrfunduar.<\/p>\n<p>\u201cN\u00eb Spitalin Ushtarak jan\u00eb 12 t\u00eb plagosur, 2 m\u00eb r\u00ebnd\u00eb. N\u00eb Spitalin rajonal t\u00eb Vlor\u00ebs jan\u00eb 10 student\u00eb, nj\u00eb m\u00eb r\u00ebnd\u00eb\u201d, deklaroi ai.<br \/>\nPipero falenderoi m\u00eb tej qytetar\u00ebt q\u00eb jan\u00eb sensibilizuar duke dhuruar gjak.<\/p>\n<p><strong><span style=\"text-decoration: underline;\">OLLDASHI: NGA T\u00cb DH\u00cbNAT PARAPRAKE KUSHTET E RRUG\u00cbS S\u2019JAN\u00cb SHKAK I AKSIDENTIT<br \/>\nORA 20:30 &#8211;<\/span><\/strong> Ministri i Pun\u00ebve Publike dhe Transportit, Sokol Olldashi b\u00ebri t\u00eb ditur sot pasdite se, presim t\u00eb dh\u00ebnat q\u00eb do t\u00eb dalin nga hetimet q\u00eb po kryhen nga ekspert\u00eb t\u00eb policis\u00eb p\u00ebr shkaqet e aksidentit, por nga t\u00eb dh\u00ebnat paraprake m\u00ebsohet se nuk kan\u00eb qen\u00eb kushtet e rrug\u00ebs shkak i aksidentit.<br \/>\nOlldashi konfirmoi se t\u00eb gjitha strukturat e shtetit jan\u00eb mobilizuar p\u00ebr t\u00eb p\u00ebrballuar situat\u00ebn, nd\u00ebrsa konfirmoi se po b\u00ebhen p\u00ebrpjekje titanike p\u00ebr t\u00eb shp\u00ebtuar \u00e7do jet\u00eb.<br \/>\n&#8220;Si p\u00ebrfaq\u00ebsues i qeveris\u00eb gjendem pran\u00eb p\u00ebr dh\u00ebnien e \u00e7do asistence jo mjek\u00ebsore p\u00ebr t\u00eb b\u00ebr\u00eb koordinimin e institucioneve q\u00eb mund t\u00eb japin ndihm\u00eb mjek\u00ebsore&#8221;, deklaroi Olldashi. Ai b\u00ebri t\u00eb ditur se nj\u00eb grup t\u00eb rinjsh i Forumit Rinor t\u00eb PD-s\u00eb po i drejtohen Spitalit Ushtarak p\u00ebr t\u00eb dhuruar gjak.<br \/>\nDuke iu k\u00ebrkuar p\u00ebrfaq\u00ebsuesve t\u00eb medias t\u00eb jen\u00eb t\u00eb kujdessh\u00ebm n\u00eb publikimin e \u00e7do emri, Olldashi njoftoi se Ministria e Brendshme po b\u00ebn verifikimin dhe identifikimin e plot\u00eb t\u00eb atyre q\u00eb kan\u00eb humbur jet\u00ebn.<\/p>\n<p><strong><span style=\"text-decoration: underline;\">QEVERIA: 22 MAJI, DIT\u00cb ZIE KOMB\u00cbTARE<br \/>\nORA 19:40 &#8211;<\/span><\/strong> Me k\u00ebrkes\u00eb t\u00eb Kryeministrit Berisha, K\u00ebshilli i Ministrave shpalli dat\u00ebn 22 maj, Dit\u00eb Zie Komb\u00ebtare, p\u00ebr t\u00eb nderuar kujtimin e viktimave t\u00eb aksidentit tragjik t\u00eb Himar\u00ebs, n\u00eb ku humb\u00ebn jet\u00ebn 12 studente.<br \/>\nZyra e shtypit e Kryeministris\u00eb b\u00ebri t\u00eb ditur se \u201cKryeministri Berisha n\u00eb emrin e tij personal, t\u00eb familjes s\u00eb tij dhe t\u00eb qeveris\u00eb shqiptare u shpreh familjeve t\u00eb viktimave t\u00eb k\u00ebtij aksidenti, q\u00eb ka sjell\u00eb dhimbje e pik\u00ebllim t\u00eb thell\u00eb n\u00eb \u00e7do vat\u00ebr dhe zem\u00ebr shqiptare, ngush\u00ebllimet m\u00eb t\u00eb thella, solidaritetin m\u00eb njer\u00ebzor.\u201d<br \/>\nM\u00ebsohet se Kryeministri po b\u00ebn \u00e7do p\u00ebrpjekje p\u00ebr t\u2019u nisur menj\u00ebher\u00eb nga \u00c7ikago drejt Tiran\u00ebs, \u201cp\u00ebr t\u00eb qen\u00eb i pranish\u00ebm n\u00eb dit\u00ebn e zis\u00eb dhe p\u00ebr t\u00eb ndar\u00eb dhimbjen dhe zin\u00eb me familjet e viktimave dhe t\u00eb mbar\u00eb qytetar\u00ebve shqiptar\u00eb\u201d.<\/p>\n<p>T\u00eb mart\u00ebn n\u00eb t\u00eb gjitha institucionet, shtet\u00ebrore dhe publike, flamuri komb\u00ebtar do t\u00eb ulet n\u00eb gjysm\u00ebshtiz\u00eb dhe n\u00eb or\u00ebn 12.00 t\u00eb mbahet nj\u00eb minut\u00eb heshtje.<br \/>\nRadio-Televizioni Publik Shqiptar gjat\u00eb dit\u00ebs t\u00eb transmetoj\u00eb muzik\u00eb funebre.Ministria e Brendshme ngarkohet t\u00eb p\u00ebrballoj\u00eb shpenzimet e varrimit t\u00eb viktimave.<\/p>\n<p><strong><span style=\"text-decoration: underline;\">MJEKU: NJ\u00cb STUDENTE ERDHI E VDEKUR, 2 T\u00cb TJERA N\u00cb GJENDJE T\u00cb R\u00cbND\u00cb<br \/>\nORA 19:47-<\/span><\/strong> Nga Spitali Ushtarak, drejtori Bedri Mihja deklaron se aty kan\u00eb mb\u00ebrritur deri tani 11 t\u00eb plagosura, 2 prej t\u00eb cilave n\u00eb gjendje t\u00eb r\u00ebnd\u00eb, nd\u00ebrsa nj\u00ebra mb\u00ebrriti e vdekur me helikopterin e par\u00eb. Ai shton se pritet t\u00eb vijn\u00eb edhe 4 t\u00eb plagosura t\u00eb tjera.<br \/>\n\u201cGadishm\u00ebria jon\u00eb \u00ebsht\u00eb absolute, t\u00eb gjitha sallat t\u00eb hapura, mbi 60 mjek\u00eb e 150 infermir\u00eb t\u00eb gatsh\u00ebm. T\u00eb plagosurave iu b\u00eb i gjith\u00eb sh\u00ebrbimi i nevojsh\u00ebm, ekipet jan\u00eb n\u00eb kok\u00ebn e t\u00eb s\u00ebmurave\u201d, tha ai.<\/p>\n<p><strong><span style=\"text-decoration: underline;\">META: NDAJM\u00cb DHIMBJEN ME T\u00cb AF\u00cbRMIT E VIKTIMAVE<br \/>\nORA 19:20 &#8211;<\/span><\/strong> Kryetari i LSI-s\u00eb, Ilir Meta, shprehu solidaritet me familjar\u00ebt e viktimave t\u00eb aksidentit tragjik n\u00eb Himar\u00eb. \u201cNdajm\u00eb dhimbjen me t\u00eb af\u00ebrmit e viktimave. P\u00ebrg\u00ebzoj forcat e policis\u00eb, zjarrfik\u00ebsit dhe mjek\u00ebt p\u00ebr gatishm\u00ebrin\u00eb e plot\u00eb.\u201d- deklaroi Meta.<br \/>\nKreu i LSI-s\u00eb theksoi se t\u00eb rinjt\u00eb e L\u00ebvizjes Rinore p\u00ebr Integrim dhe an\u00ebtar\u00ebt e LSI-s\u00eb n\u00eb Vlor\u00eb jan\u00eb t\u00eb gatsh\u00ebm t\u00eb dhurojn\u00eb gjak n\u00ebse nevojitet.<br \/>\n\u201c\u00c7do energji t\u00eb fokusohet p\u00ebr shp\u00ebtimin e jet\u00ebve t\u00eb t\u00eb plagosurve.\u201d- n\u00ebnvizoi Meta.<\/p>\n<p><strong><span style=\"text-decoration: underline;\">RAMA APEL P\u00cbR T\u00cb DHURUAR GJAK<\/span><\/strong><br \/>\n<strong><span style=\"text-decoration: underline;\">ORA 19:10-<\/span><\/strong> Lideri i opozit\u00ebs i ndodhur n\u00eb spitalin Ushtarak, ku dhuroi gjak pas tragjedis\u00eb, l\u00ebshoi nj\u00eb apel p\u00ebr t\u00eb gjith\u00eb qytetar\u00ebt q\u00eb t\u00eb dhurojn\u00eb gjak p\u00ebr t\u00eb shp\u00ebtuar jet\u00eb njer\u00ebzore.<br \/>\n\u201cFjal\u00ebt jan\u00eb t\u00eb tep\u00ebrta, gj\u00eb e cmuar q\u00eb sa m\u00eb shum\u00eb njer\u00ebz, t\u00eb reja e t\u00eb rinj t\u00eb vijn\u00eb n\u00eb qendr\u00ebn e dhurimit t\u00eb gjakut, \u00ebsht\u00eb shum\u00eb e nevojshme, pasi i gjith\u00eb personeli po b\u00ebn t\u00eb pamundur\u00ebn. T\u00eb mb\u00ebshtesim ata q\u00eb jan\u00eb tani n\u00eb operacione n\u00eb spitale dhe n\u00eb terren. \u00cbsht\u00eb nj\u00eb ngjarje e tmerrshme q\u00eb duhet t\u00eb shp\u00ebtohet gjithcka q\u00eb mund t\u00eb shp\u00ebtohet n\u00eb frym\u00eb njer\u00ebzore dhe se am pake familje te vuajne kete dhimbje\u201d, deklaroi Rama.<\/p>\n<p><strong><span style=\"text-decoration: underline;\">TOPI N\u00cb SPITALIN USHTARAK: SHTETI \u00cbSHT\u00cb N\u00cb K\u00cbMB\u00cb<\/span><\/strong><br \/>\n<strong><span style=\"text-decoration: underline;\">ORA: 19:05 &#8211;<\/span><\/strong> Presidenti Bamir Topi vizitoi n\u00eb Spitalin Ushtarak kat\u00ebr vajzat q\u00eb u transportuan me helikpoter nga Himara menj\u00ebher\u00eb pas aksidentit tragjik n\u00eb qaf\u00ebn e Vish\u00ebs.<br \/>\nN\u00eb nj\u00eb prononcim p\u00ebr mediat Presidenti theksoi se n\u00eb k\u00ebto momente t\u00eb v\u00ebshtira shteti \u00ebsht\u00eb n\u00eb k\u00ebmb\u00eb ddhe po b\u00ebhet e pamundura p\u00ebr tu ardhur n\u00eb ndihm\u00eb t\u00eb l\u00ebnduarve. \u201cNgush\u00ebllime familjeve t\u00eb viktimave. Kam besim se i gjith\u00eb sh\u00ebrbimi i kualifikuar i traumatologjis\u00eb do t\u00eb b\u00ebj\u00eb maksimumin e vet.\u201d- deklaroi presidenti Topi.<\/p>\n<p><strong><span style=\"text-decoration: underline;\">KRYQI I KUQ: QYTETAR\u00cbT T\u00cb DHUROJNE GJAK<\/span><\/strong><br \/>\n<strong><span style=\"text-decoration: underline;\">ORA 19:00-<\/span><\/strong> P\u00ebrfaq\u00ebsuesja e Kryqit t\u00eb Kuq Shqiptar n\u00eb nj\u00eb komunikim me News 24 i b\u00ebn apel qytetar\u00ebve shqiptar\u00eb p\u00ebr t\u00eb dhuruar gjak.<br \/>\n\u201cNd\u00ebrgjegj\u00ebsohuni me situat\u00ebn, dhuroni gjak n\u00eb bankat e gjakut pran\u00eb spitaleve dhe jasht\u00eb spitaleve\u201d, thot\u00eb ajo.<\/p>\n<p><strong><span style=\"text-decoration: underline;\">STUDENTJA: AUTOBUSI L\u00cbVIZTE ME SHPEJT\u00cbSI<br \/>\nORA 18:43-<\/span> <\/strong>N\u00eb nj\u00eb d\u00ebshmi p\u00ebr News 24, nj\u00ebra prej studenteve q\u00eb udh\u00ebtonte n\u00eb autobusin e aksidentuar, e quajtur Ticiana Hysa, e cila ndodhet tashm\u00eb jasht\u00eb rrezikut p\u00ebr jet\u00ebn ka b\u00ebr\u00eb edhe rr\u00ebfimin e par\u00eb, p\u00ebr t\u00eb zbardhur shkakun e aksidentit. Sipas saj, autobusi udh\u00ebtonte me shpejt\u00ebsi t\u00eb madhe. Ajo shton se shkak p\u00ebr aksidentin \u00ebsht\u00eb b\u00ebr\u00eb pik\u00ebrisht shpejt\u00ebsia. \u201cNuk e mbaj mend sa veta ishim me sakt\u00ebsi, ndoshta 30, ndoshta m\u00eb shum\u00eb. Ishte faji i shoferit se ikte me shpejt\u00ebsi, ishte kthes\u00eb\u201d, rr\u00ebfen ajo.<\/p>\n<p><strong><span style=\"text-decoration: underline;\">TOPALLI, VASILI E TAFAJ DREJT HIMAR\u00cbS ME HELIKOPTER<br \/>\nORA 18:37-<\/span><\/strong> Kryeparlamentarja Jozefina Topalli, ministri i Sh\u00ebndet\u00ebsis\u00eb, Petrit Vasili dhe ministri i Arsimit, Myqerem Tafaj jan\u00eb nisur drejt Himar\u00ebs me nj\u00ebrin prej helikopter\u00ebve q\u00eb transportoi n\u00eb Spitalin Ushtarak, student\u00ebt e plagosur r\u00ebnd\u00eb.<\/p>\n<p><strong><span style=\"text-decoration: underline;\">GORO: FAMILJAR\u00cbT DO KEN\u00cb NDIHM\u00cbN E NEVOJSHME<br \/>\nORA 18:40 &#8211;<\/span><\/strong> N\u00eb nj\u00eb lidhje telefonike p\u00ebr NEWS24, kryetari i Bashkis\u00eb s\u00eb Himar\u00ebs, Jorgo Goro konfirmoi se 11 persona kan\u00eb humbur jet\u00ebn si pasoj\u00eb e aksidentit tragjik, t\u00eb ndodhur pasditen e sotme n\u00eb qaf\u00ebn e Vish\u00ebs.<br \/>\nKryebashkiaku Goro shprehu ngush\u00ebllimet p\u00ebr familjar\u00ebt e viktimave dhe i siguroi ata se \u201cdo t\u00eb ken\u00eb ndihm\u00ebn e institucioneve lokale deri n\u00eb momentin e fundit, p\u00ebr \u00e7do nevoj\u00eb q\u00eb do t\u00eb ken\u00eb.\u201d<br \/>\n\u201cIshte nj\u00eb nga ngjarjet m\u00eb t\u00eb r\u00ebnda q\u00eb ka ndodhur vitet e fundit n\u00eb Himar\u00eb. \u00cbsht\u00eb b\u00ebr\u00eb \u00e7\u2019\u00ebsht\u00eb e mundur q\u00eb tu jepej ndihm\u00eb sa m\u00eb par\u00eb t\u00eb l\u00ebnduarve.\u201d- u shpreh Goro.<\/p>\n<p><strong><span style=\"text-decoration: underline;\">PRESIDENTI TOPI: NGUSH\u00cbLLIME T\u00cb SINQERTA FAMILJAR\u00cbVE<br \/>\nORA 18:25-<\/span><\/strong> Presidenti i Republik\u00ebs, Bamir Topi n\u00ebp\u00ebrmjet nj\u00eb mesazhi t\u00eb b\u00ebr\u00eb publik sot pasdite, u shpreh ngush\u00ebllimet m\u00eb t\u00eb sinqerta familjar\u00ebve t\u00eb student\u00ebve t\u00eb Universitetit \u201cAleksand\u00ebr Xhuvani\u201d t\u00eb Elbasanit, q\u00eb humb\u00ebn jet\u00ebn si pasoj\u00eb e aksidentit rrugor pran\u00eb Ur\u00ebs s\u00eb Vish\u00ebs n\u00eb Himar\u00eb.<br \/>\n\u201cM\u00eb lejoni t\u00eb shpreh ngush\u00ebllimet m\u00eb t\u00eb sinqerta dhe hidh\u00ebrimin e thell\u00eb p\u00ebr t\u00eb gjitha familjet e student\u00ebve q\u00eb humb\u00ebn jet\u00ebn sot n\u00eb Himar\u00eb, duke ju siguruar se ndodhem pran\u00eb jush n\u00eb k\u00ebto \u00e7aste t\u00eb r\u00ebnda e t\u00eb v\u00ebshtira! Ndihem shum\u00eb i trishtuar, ashtu sikurse edhe ju p\u00ebr k\u00ebt\u00eb aksident fatkeq, i cili mori p\u00ebrmasa fatale dhe ju shkaktoi k\u00ebt\u00eb tragjedi t\u00eb madhe.\u201d- theksohet n\u00eb mesazhin e Presidentit Topi.<br \/>\n\u201cDuke ju siguruar q\u00eb t\u00eb gjitha strukturat e duhura t\u00eb shtetit shqiptar jan\u00eb ngritur n\u00eb k\u00ebmb\u00eb e jan\u00eb mobilizuar duke punuar me nj\u00eb organizim t\u00eb shk\u00eblqyer p\u00ebr t\u00eb administruar situat\u00ebn dhe minimizuar p\u00ebrmasat e k\u00ebsaj tragjedie t\u00eb r\u00ebnd\u00eb, m\u00eb lejoni t\u2019ju shpreh edhe nj\u00ebher\u00eb solidaritetin njer\u00ebzor dhe institucional! Nj\u00ebkoh\u00ebsisht u uroj sh\u00ebrim sa m\u00eb t\u00eb shpejt\u00eb student\u00ebve t\u00eb plagosur!\u201d-p\u00ebrfundon mesazhi i kryetarit t\u00eb shtetit.<\/p>\n<p><strong><span style=\"text-decoration: underline;\">MBERRIJNE NE SPITALIN USHTARAK 4 T\u00cb PLAGOSUR R\u00cbND\u00cb<\/span><\/strong><br \/>\n<strong><span style=\"text-decoration: underline;\">ORA 18:20-<\/span><\/strong> Nj\u00eb helikopter i Ministris\u00eb s\u00eb Sh\u00ebndet\u00ebsis\u00eb mb\u00ebrriti n\u00eb Spitalin Ushtarak, p\u00ebr t\u00eb sjell\u00eb 4 studente t\u00eb plagosura r\u00ebnd\u00eb, n\u00eb aksidentin tragjik t\u00eb ndodhur sot. N\u00eb Spitalin Ushtarak, raportohet se ndodhen edhe ministrat e Sh\u00ebndet\u00ebsis\u00eb e Arsimit, p\u00ebrkat\u00ebsisht Petrit Vasili e Myqerem Tafaj.<br \/>\nNd\u00ebrkoh\u00eb q\u00eb po transportohen edhe 5 t\u00eb d\u00ebmtuar t\u00eb tjer\u00eb.<\/p>\n<p><strong><span style=\"text-decoration: underline;\">RAMA DHURON GJAK P\u00cbR T\u00cb PLAGOSURIT N\u00cb SPITALIN USHTARAK\u200f<br \/>\nORA 19:10<\/span><\/strong> &#8211; Rreth or\u00ebs 18:00 n\u00eb Spitalin Ushtarak n\u00eb Tiran\u00eb ka mb\u00ebrritur Kryetari i PS Edi Rama, i shoq\u00ebruar nga deputet\u00ebt socialist\u00eb Gramoz Ruci, valentina Leskaj, Taulant Balla dhe Shega Ligori.<br \/>\nKryesocialisti Rama i \u00ebsht\u00eb drejtuar Qendr\u00ebs s\u00eb Dhurimit t\u00eb Gjakut t\u00eb k\u00ebt\u00eb spital, ku ka dhuruar menj\u00ebher\u00eb gjak n\u00eb ndihm\u00eb t\u00eb t\u00eb plagosurve t\u00eb k\u00ebsaj tragjedie t\u00eb ndodhur n\u00eb Himar\u00eb. Po ashtu, gjak kan\u00eb dhuruar edhe deputet\u00ebt socialist\u00eb Taulant Balla dhe Shega Ligori.<br \/>\nEdhe t\u00eb rinjt\u00eb e t\u00eb rejat e FRESSH-it i jan\u00eb bashkuar thirrjes p\u00ebr t\u00eb dhuruar gjak. Dhjet\u00ebra t\u00eb rinj t\u00eb Forumit Rinor i jan\u00eb drejtuar Qendr\u00ebs s\u00eb Dhurimit t\u00eb Gjakut pran\u00eb Spitalit Ushtarak p\u00ebr t\u00eb dhuruar gjak, n\u00eb ndihm\u00eb t\u00eb t\u00eb plagosurve q\u00eb kan\u00eb nevoj\u00eb.<\/p>\n<p><strong><span style=\"text-decoration: underline;\">RAMA: AKSIDENT TRAGJIK, SOLIDARITET KOMB\u00cbTAR<\/span><\/strong><br \/>\n<strong><span style=\"text-decoration: underline;\">ORA 18:00-<\/span> <\/strong>Edhe lideri i opozit\u00ebs, Edi Rama ka shprehur solidaritetin me ngjarjen e r\u00ebnd\u00eb, nd\u00ebrsa ka ftuar personelet sh\u00ebndet\u00ebsore t\u00eb b\u00ebjn\u00eb t\u00eb pamundur\u00ebn p\u00ebr t\u2019ju ardhur n\u00eb ndihm\u00eb student\u00ebve t\u00eb p\u00ebrfshir\u00eb n\u00eb aksident.<br \/>\n\u201cN\u00eb Himar\u00eb nj\u00eb tragjedi e tmerrshme ka mbajtur pezull frym\u00ebn e mbar\u00eb kombit. Jan\u00eb or\u00eb solidariteti komb\u00ebtar e p\u00ebrpjekjesh t\u00eb gjithanshme p\u00ebr t\u00eb shp\u00ebtuar \u00e7do jet\u00eb njer\u00ebzore t\u00eb p\u00ebrfshir\u00eb n\u00eb k\u00ebt\u00eb aksident tragjik. Jam i bindur se personeli i Spitalit Ushtarak i sprovuar n\u00eb fatkeq\u00ebsi me p\u00ebrmasa t\u00eb pazakonshme dhe gjith\u00eb njer\u00ebzit e sh\u00ebrbimeve t\u00eb tjera spitalore, policore, ushtarake, do t\u00eb b\u00ebjn\u00eb \u00e7do gj\u00eb q\u00eb \u00ebsht\u00eb n\u00eb fuqin\u00eb e tyre p\u00ebr t\u00eb shp\u00ebtuar jet\u00ebt q\u00eb ende mund t\u00eb shp\u00ebtohen\u201d, deklaron Rama.<\/p>\n<p>BERISHA NGA CIKAGO: PIKELLIM PER NGJARJEN<br \/>\n<strong><span style=\"text-decoration: underline;\">ORA 17:55- <\/span><\/strong>Menj\u00ebher\u00eb pas aksidentit tragjik n\u00eb Himar\u00eb, zyra p\u00ebr shtyp e Kryeministris\u00eb b\u00ebri t\u00eb ditur se \u201ckryeministri Berisha u informua n\u00eb \u00c7ikago p\u00ebr aksidentin me pasoja tragjike\u201d.<br \/>\nSipas Kryeministris\u00eb, \u201cBerisha \u00ebsht\u00eb n\u00eb kontakte t\u00eb vazhduesh\u00ebm me autoritetet p\u00ebrgjegj\u00ebse n\u00eb Tiran\u00eb p\u00ebr operacionin e ndihm\u00ebs emergjente ndaj t\u00eb aksidentuarve, p\u00ebr t\u00eb cil\u00ebt k\u00ebrkon t\u00eb b\u00ebhet \u00e7do gj\u00eb p\u00ebr t\u00eb shp\u00ebtuar jet\u00ebn e tyre\u201d.<br \/>\nKryeministri Berisha shpreh \u201cdhimbjen, pik\u00ebllimin e tij m\u00eb t\u00eb thell\u00eb p\u00ebr viktimat dhe u shpreh ngush\u00ebllimet me t\u00eb thella familjar\u00ebve t\u00eb viktimave.\u201d<\/p>\n<p><strong><span style=\"text-decoration: underline;\">NGA ELBASANI U NIS\u00cbN DY AUTOBUS\u00cb ME 75 STUDENT\u00cb<\/span><\/strong><br \/>\n<strong><span style=\"text-decoration: underline;\">ORA 17:30-<\/span><\/strong> Korespondenti i Elbasanit, Fatmir Popja, sakt\u00ebsoi se student\u00ebt i p\u00ebrkasin Universitetit \u201cAleksand\u00ebr Xhuvani\u201d t\u00eb deg\u00ebs Gjuh\u00eb-Let\u00ebrsi. Ai shtoi se rreth mesdit\u00ebs student\u00ebt ishin nisur me 2 autobus\u00eb nga Elbasani p\u00ebr t\u00eb kaluar 1 dit\u00eb pushimi n\u00eb Sarand\u00eb.<br \/>\nSipas tij, nj\u00ebri prej autobusave, ai me targ\u00eb El 2274 \u00ebsht\u00eb rr\u00ebzuar n\u00eb humner\u00eb. Gjithsej numri i student\u00ebve \u00ebsht\u00eb 75, t\u00eb ndar\u00eb n\u00eb dy autobus\u00eb, nd\u00ebrsa shoq\u00ebroheshin nga 3 pedagog\u00eb. &#8220;Jan\u00eb nisur dy autobus\u00eb me 75 student\u00eb, do kalonin vet\u00ebm nj\u00eb nat\u00eb n\u00eb Sarand\u00eb, nj\u00ebri me 40 student\u00eb dhe tjetri me 35 student\u00eb, shoq\u00ebruar nga 3 pedagog\u00eb&#8221;.<\/p>\n<p><strong><span style=\"text-decoration: underline;\">POLICIA: 11 TE VDEKUR 22 TE PLAGOSUR<\/span><\/strong><br \/>\n<strong><span style=\"text-decoration: underline;\">ORA 17:21-<\/span> <\/strong>Rreth or\u00ebs 16.15\u2019 t\u00eb dit\u00ebs s\u00eb sotme \u00ebsht\u00eb marr\u00eb informacion se n\u00eb aksin rrugor Vlor\u00eb-Himar\u00eb, n\u00eb vendin e quajtur Qafa e Vish\u00ebs, nj\u00eb autobus me targ\u00eb El 2274 B, me drejtues shtetasin P\u00ebllumb \u00c7ela, vje\u00e7 55, me t\u00eb cilin po udh\u00ebtonin disa student\u00eb t\u00eb universitetit \u201cAleksand\u00ebr Xhuvani\u201d ka dal\u00eb nga rruga.<br \/>\nMenj\u00ebher\u00eb, drejt vendngjarjes jan\u00eb nisur forca t\u00eb shumta t\u00eb Drejtoris\u00eb s\u00eb Policis\u00eb s\u00eb Qarkut Vlor\u00eb, t\u00eb Repartit Delta Force dhe t\u00eb Nj\u00ebsis\u00eb Rajonale t\u00eb Policis\u00eb Rrugore p\u00ebr t\u00eb dh\u00ebn\u00eb ndihm\u00ebn e nevojshme dhe p\u00ebr t\u00eb menaxhuar situat\u00ebn.<br \/>\nDuke vler\u00ebsuar ngjarjen e ndodhur, pran\u00eb Drejtoris\u00eb s\u00eb P\u00ebrgjithshme t\u00eb Policis\u00eb s\u00eb Shtetit \u00ebsht\u00eb ngritur grupi i pun\u00ebs p\u00ebr menaxhimin e situat\u00ebs.<br \/>\nDrejt vendngjarjes \u00ebsht\u00eb nisur gjithashtu dhe Ministri i Brendsh\u00ebm dhe Drejtori i P\u00ebrgjithsh\u00ebm i Policis\u00eb s\u00eb Shtetit. Nd\u00ebrkoh\u00eb p\u00ebr t\u00eb transportuar t\u00eb d\u00ebmtuarit drejt vendngjarjes jan\u00eb d\u00ebrguar helikopter\u00eb t\u00eb Policis\u00eb s\u00eb Shtetit, Ministris\u00eb s\u00eb Sh\u00ebndet\u00ebsis\u00eb, si dhe t\u00eb Ministris\u00eb s\u00eb Mbrojtjes.<br \/>\nPo ashtu jan\u00eb nisur dhe forcat speciale RENEA, si dhe forcat speciale t\u00eb Ministris\u00eb s\u00eb Mbrojtjes. N\u00eb vendngjarje jan\u00eb d\u00ebrguar dhe ambulancat e Vlor\u00ebs, Himar\u00ebs, Sarand\u00ebs, si dhe jan\u00eb krijuar grupe t\u00eb posa\u00e7me me ekipe mjek\u00ebsh, nd\u00ebrkoh\u00eb q\u00eb ambientet spitalore jan\u00eb v\u00ebn\u00eb n\u00eb gatishm\u00ebri t\u00eb plot\u00eb.<br \/>\nPolicia rrugore po punon p\u00ebr mbajtjen hapur t\u00eb akseve rrugore p\u00ebr dh\u00ebnien e ndihm\u00ebs s\u00eb shpejt\u00eb. Aktualisht n\u00eb vendin e ngjarjes nga strukturat e Policis\u00eb s\u00eb Shtetit po bashk\u00ebpunohet dhe me strukturat e Policis\u00eb s\u00eb Mbrojtjes nga Zjarri dhe Shp\u00ebtimit, si dhe me strukturat e sh\u00ebndet\u00ebsis\u00eb. Nj\u00eb ndihm\u00eb t\u00eb madhe po japin dhe banor\u00ebt e zon\u00ebs.<br \/>\nDeri n\u00eb k\u00ebto momente jan\u00eb nxjerr\u00eb nga automjeti t\u00eb d\u00ebmtuarit dhe jan\u00eb transportuar drejt ambienteve spitalore 33 student\u00eb. Nga t\u00eb dh\u00ebnat paraprake rezultojn\u00eb 11 t\u00eb vdekur dhe 22 t\u00eb plagosur.<br \/>\nStrukturat e Policis\u00eb s\u00eb Shtetit jan\u00eb t\u00eb angazhuara n\u00eb vendngjarje p\u00ebr t\u2019i dh\u00ebn\u00eb ndihm\u00ebn e nevojshme t\u00eb d\u00ebmtuarve nga kjo ngjarje dhe transportimin e tyre drejt ambienteve spitalore, si dhe p\u00ebr p\u00ebrcaktimin e shkaqeve q\u00eb \u00e7uan n\u00eb k\u00ebt\u00eb aksident t\u00eb r\u00ebnd\u00eb.<br \/>\nP\u00ebr k\u00ebt\u00eb q\u00ebllim \u00ebsht\u00eb ngritur nj\u00eb grup i posa\u00e7\u00ebm hetimor n\u00ebn kryesimin e Prokuroris\u00eb s\u00eb P\u00ebrgjithshme, n\u00eb p\u00ebrb\u00ebrje t\u00eb t\u00eb cilit jan\u00eb ekspert\u00eb kriminalist\u00eb, t\u00eb policis\u00eb rrugore, si dhe t\u00eb Prokuroris\u00eb s\u00eb rrethit Gjyq\u00ebsor Vlor\u00eb.<\/p>\n<p><strong><strong>(ma.ar\/er.nu\/BalkanWeb)<\/strong><\/strong><\/p>\n<div><img loading=\"lazy\" src=\"http:\/\/www.balkanweb.com\/images\/spacer.gif\" alt=\"\" width=\"1\" height=\"1\" border=\"0\" \/><\/div>\n<div>Lidhje te tjera<\/div>\n<div><img src=\"http:\/\/www.balkanweb.com\/images\/bw_shenues.png\" alt=\"\" border=\"0\" \/> <a href=\"http:\/\/www.balkanweb.com\/shqiperi\/2685\/aksidenti-presidenti-topi-ngushellime-te-sinqerta-familjareve-90081.html\"> Aksidenti, presidenti Topi: Ngush\u00ebllime t\u00eb sinqerta familjar\u00ebve<\/a><\/div>\n<div><img src=\"http:\/\/www.balkanweb.com\/images\/bw_shenues.png\" alt=\"\" border=\"0\" \/> <a href=\"http:\/\/www.balkanweb.com\/shqiperi\/2685\/berisha-nga-cikago-te-behet-cdo-gje-per-te-shpetuar-jeten-e-te-aksidentuarve-90077.html\"> Berisha nga \u00c7ikago: T\u00eb b\u00ebhet \u00e7do gj\u00eb p\u00ebr t\u00eb shp\u00ebtuar jet\u00ebn e t\u00eb aksidentuarve<\/a><\/div>\n<div><img src=\"http:\/\/www.balkanweb.com\/images\/bw_shenues.png\" alt=\"\" border=\"0\" \/> <a href=\"http:\/\/www.balkanweb.com\/shqiperi\/2685\/rama-tragjedi-e-tmerrshme-ore-per-solidaritet-kombetar-90080.html\"> Rama: Tragjedi e tmerrshme, or\u00eb p\u00ebr solidaritet komb\u00ebtar<\/a><\/div>\n<div><img src=\"http:\/\/www.balkanweb.com\/images\/bw_shenues.png\" alt=\"\" border=\"0\" \/><\/div>\n<div><img src=\"http:\/\/www.balkanweb.com\/images\/bw_shenues.png\" alt=\"\" border=\"0\" \/> <a href=\"http:\/\/www.balkanweb.com\/shqiperi\/2685\/aksidenti-meta-ndajme-dhimbjen-me-te-afermit-e-viktimave-90091.html\"> Aksidenti, Meta: Ndajm\u00eb dhimbjen me t\u00eb af\u00ebrmit e viktimave<\/a><\/div>\n<div><img src=\"http:\/\/www.balkanweb.com\/images\/bw_shenues.png\" alt=\"\" border=\"0\" \/> <a href=\"http:\/\/www.balkanweb.com\/shqiperi\/2685\/aksidenti-ne-himare-topalli-ngushellime-te-afermve-90090.html\"> Aksidenti n\u00eb Himar\u00eb, Topalli: Ngush\u00ebllime t\u00eb af\u00ebrmve<\/a><\/div>\n<div><img src=\"http:\/\/www.balkanweb.com\/images\/bw_shenues.png\" alt=\"\" border=\"0\" \/> <a href=\"http:\/\/www.balkanweb.com\/shqiperi\/2685\/pdiu-humbja-e-studenteve-tragjedi-mbarekombetare-90084.html\"> PDIU: Humbja e student\u00ebve, tragjedi mbar\u00ebkomb\u00ebtare<\/a><\/div>\n<div><img src=\"http:\/\/www.balkanweb.com\/images\/bw_shenues.png\" alt=\"\" border=\"0\" \/> <a href=\"http:\/\/http:\/\/www.balkanweb.com\/fotoAlbum\/index.php?id=7156&amp;IDFoto=7156\" target=\"_blank\"> FOTO nga tragjedi<\/a><\/div>\n<div><img src=\"http:\/\/www.balkanweb.com\/images\/bw_shenues.png\" alt=\"\" border=\"0\" \/> <a href=\"http:\/\/www.balkanweb.com\/TV\/index.php?id_categoria=42&amp;id_ansalive=15033\">VIDEO &#8211; Aksidenti, d\u00ebshmitarja: Ja si ndihmova t\u00eb plagosurit<\/a><\/div>\n<div><img src=\"http:\/\/www.balkanweb.com\/images\/bw_shenues.png\" alt=\"\" border=\"0\" \/> <a href=\"http:\/\/www.balkanweb.com\/TV\/index.php?id_categoria=42&amp;id_ansalive=15034\">VIDEO &#8211; Studentja e mbijetuar: Autobusi l\u00ebviste me shpejt\u00ebsi<\/a><\/div>\n<div><img src=\"http:\/\/www.balkanweb.com\/images\/bw_shenues.png\" alt=\"\" border=\"0\" \/> <a href=\"http:\/\/www.balkanweb.com\/TV\/index.php?id_categoria=42&amp;id_ansalive=15032\"> VIDEO &#8211; Aksidenti, operacioni i shp\u00ebtimit<\/a><\/div>\n<div><img src=\"http:\/\/www.balkanweb.com\/images\/bw_shenues.png\" alt=\"\" border=\"0\" \/> <a href=\"http:\/\/www.balkanweb.com\/TV\/index.php?id_categoria=42&amp;id_ansalive=15031\"> VIDEO &#8211; Trupat e pajet\u00eb transportohen n\u00eb spitalin e Himar\u00ebs<\/a><\/div>\n<div>Aksidenti tragjik, klithma e fundit e shoferit: Nuk ndaloj dot!<br \/>\nAksidenti tragjik, klithma e fundit e shoferit: Nuk ndaloj dot!TIRANE- Kur kan\u00eb kaluar disa or\u00eb nga aksidenti tragjik q\u00eb i mori jet\u00ebn 13 personave dhe la t\u00eb plagosur 20 t\u00eb tjer\u00eb kan\u00eb nisur edhe hetimet p\u00ebr t\u00eb zbuluar shkakun e aksidentit.Ekspert\u00ebt jan\u00eb fokusuar n\u00eb dy drejtime p\u00ebr t\u00eb hedhur drit\u00eb mbi shkakun e aksidentit fatal. Sipas t\u00eb dh\u00ebnave paraprake dyshohet se shkaku m\u00eb i mundsh\u00ebm i ngjarjes s\u00eb r\u00ebnd\u00eb automobilistike \u00ebsht\u00eb nj\u00eb defekt teknik i mjetit, n\u00eb sistemin e drejtimit apo at\u00eb t\u00eb frenimit, \u00e7ka pritet t\u00eb konfirmohet nga raporti i kontrollit auto-teknik. Nuk p\u00ebrjashtohet edhe mund\u00ebsia e nj\u00eb gjendje infarkti q\u00eb mund t\u00eb ket\u00eb drejtuesi i autobusit, P\u00ebllumb \u00c7ela, i cili humbi jet\u00ebn.Nga ana tjet\u00ebr, student\u00ebt e mbijetuar than\u00eb se n\u00eb momentet e fundit, shoferi P\u00ebllumb \u00c7ela t\u00ebr\u00eb ankth ka ul\u00ebritur \u201cik\u00ebm, nuk mund ta ndaloj dot\u201d.Ngjarja e r\u00ebnd\u00eb ndodhi dje rreth or\u00ebs 14:15, ku autobusi me targa t\u00eb Elbasanit q\u00eb transportonte studentet e deg\u00ebs s\u00eb Let\u00ebrsis\u00eb n\u00eb Universitetin \u201cAleksand\u00ebr Xhuvani\u201d doli nga rruga dhe p\u00ebrfundoi n\u00eb nj\u00eb gremin\u00eb t\u00eb thell\u00eb 80 metra n\u00eb qaf\u00ebn e Vish\u00ebs n\u00eb Himar\u00eb. T\u00eb par\u00ebt q\u00eb dhan\u00eb ndihm\u00eb p\u00ebr t\u00eb shp\u00ebtuar studentet ishin udh\u00ebtar\u00ebt e rastit, nd\u00ebrsa pak minuta m\u00eb von\u00eb nj\u00eb helikopter i Ministris\u00eb s\u00eb Sh\u00ebndet\u00ebsis\u00eb transportoi dy studente, e m\u00eb pas edhe t\u00eb tjera m\u00eb r\u00ebnd\u00eb u transportuan drejt Spitalit Ushtarak me 8 helikopter\u00eb, p\u00ebr shkak t\u00eb terrenit t\u00eb v\u00ebshtir\u00eb.Me k\u00ebrkes\u00eb t\u00eb Kryeministrit Berisha, K\u00ebshilli i Ministrave shpalli dit\u00ebn e sotme dat\u00ebn 22 maj, Dit\u00eb Zie Komb\u00ebtare, p\u00ebr t\u00eb nderuar kujtimin e viktimave t\u00eb aksidentit tragjik t\u00eb Himar\u00ebs, n\u00eb ku humb\u00ebn jet\u00ebn 12 studente. Zyra e shtypit e Kryeministris\u00eb b\u00ebri t\u00eb ditur se \u201cKryeministri Berisha n\u00eb emrin e tij personal, t\u00eb familjes s\u00eb tij dhe t\u00eb qeveris\u00eb shqiptare u shpreh familjeve t\u00eb viktimave t\u00eb k\u00ebtij aksidenti, q\u00eb ka sjell\u00eb dhimbje e pik\u00ebllim t\u00eb thell\u00eb n\u00eb \u00e7do vat\u00ebr dhe zem\u00ebr shqiptare, ngush\u00ebllimet m\u00eb t\u00eb thella, solidaritetin m\u00eb njer\u00ebzor.\u201d<br \/>\nSot n\u00eb t\u00eb gjitha institucionet, shtet\u00ebrore dhe publike, flamuri komb\u00ebtar do t\u00eb ulet n\u00eb gjysm\u00ebshtiz\u00eb dhe n\u00eb or\u00ebn 12.00 t\u00eb mbahet nj\u00eb minut\u00eb heshtje.<br \/>\nRadio-Televizioni Publik Shqiptar gjat\u00eb dit\u00ebs t\u00eb transmetoj\u00eb muzik\u00eb funebre.Ministria e Brendshme ngarkohet t\u00eb p\u00ebrballoj\u00eb shpenzimet e varrimit t\u00eb viktimave.<strong>IDENTIFIKOHEN T\u00cb GJITHA VIKTIMAT E AKSIDENTIT TRAGJIK, JA EMRAT<\/strong><br \/>\nORA 02:00- Jan\u00eb identifikuar t\u00eb gjitha viktimat q\u00eb gjenden n\u00eb morgun e qytetit t\u00eb Vlor\u00ebs, m\u00eb posht\u00eb sjellim emrat e tyre:<br \/>\nJuliana Tola<br \/>\nElsa Daka<br \/>\nDenisa Guzi<br \/>\nErmira Mano<br \/>\nLindita Kabashi<br \/>\nJoana Debinja<br \/>\nAurora Molla<br \/>\nFabiola Shehi<br \/>\nErjola Xhoi<br \/>\nArmand Aga.<br \/>\nMes viktimave gjendet edhe drejtuesi i autobusit 55 vjecari P\u00ebllumb Cela.N\u00eb morgun e Vlor\u00ebs gjenden gjithsej 11 viktima.<br \/>\nViktimat q\u00eb jan\u00eb identifikuar n\u00eb Spitalin Ushtarak n\u00eb Tiran\u00eb jan\u00eb:<br \/>\nEranda Baloshi<br \/>\nDorina Stafa<br \/>\n<strong><br \/>\nBERISHA MBERRIN SOT PARADITE NE TIRANE<\/strong><br \/>\nORA 02:00- Kryeministri Sali Berisha njoftoi gjate nje interviste televizive nga Cikago se ka lene ne mes Samitin per tu kthyer ne Tirane. &#8220;Un\u00eb po nisem dhe arrij n\u00eb Tiran\u00eb nes\u00ebr paradite&#8221;, tha kryeministri.<br \/>\nKreu i Qeverise theksoi se ishte i pari qe mesoi lajmin e rende.Ai percolli dhe njehere ngushellimet per viktimat.<br \/>\n&#8220;Jam pothuaj nd\u00ebr t\u00eb par\u00ebt q\u00eb m\u00ebsova lajmin. M\u00eb kan\u00eb informuar nj\u00ebkoh\u00ebsisht disa burime nga Tirana dhe e kam ndjekur dhe jam lidhur me t\u00eb gjitha agjencit\u00eb dhe ministrit\u00eb p\u00ebrkat\u00ebse: Ministrin\u00eb e Brendshme, t\u00eb Mbrojtjes, t\u00eb Sh\u00ebndet\u00ebsis\u00eb, t\u00eb Arsimit, me Sekretarin e P\u00ebrgjithsh\u00ebm t\u00eb Kryeministris\u00eb, me Kryetaren e Parlamentit dhe e kam ndjekur n\u00eb m\u00ebnyr\u00ebn m\u00eb konstante, n\u00eb m\u00ebnyr\u00eb t\u00eb vazhdueshme si n\u00ebp\u00ebrmjet lidhjeve me ta, por edhe n\u00ebp\u00ebrmjet live stream t\u00eb ABC News. Jam p\u00ebrpjekur q\u00eb t\u00eb merren t\u00eb gjitha masat p\u00ebr nj\u00eb ndihm\u00eb emergjente sa m\u00eb t\u00eb shpejt\u00eb dhe sa m\u00eb eficente. Besoj se ka pasur nj\u00eb mobilizim e angazhim shum\u00eb serioz, por aksidenti \u00ebsht\u00eb shum\u00eb tragjik.Me k\u00ebt\u00eb rast dua t\u2019u shpreh t\u00eb gjith\u00eb t\u00eb plagosurve urimin tim m\u00eb t\u00eb mir\u00eb, p\u00ebr nj\u00eb sh\u00ebrim sa m\u00eb t\u00eb shpejt\u00eb. Kam porositur ministrin e Sh\u00ebndet\u00ebsis\u00eb t\u00eb marr\u00eb \u00e7do mas\u00eb, n\u00eb m\u00ebnyr\u00eb q\u00eb t\u2019u jepet ndihma m\u00eb eficente, p\u00ebr \u00e7do ndihm\u00eb q\u00eb do t\u00eb ken\u00eb nevoj\u00eb, brenda dhe jasht\u00eb vendit. Familjeve t\u00eb viktimave u shpreh ngush\u00ebllimet, solidaritetin tim m\u00eb t\u00eb lart\u00eb njer\u00ebzor, t\u00eb familjes sime dhe qeveris\u00eb shqiptare, i lutem Zotit t\u00eb gjejn\u00eb forc\u00eb, p\u00ebr t\u00eb p\u00ebrballuar dhimbjen e k\u00ebsaj humbjeje t\u00eb tmerrshme, p\u00ebr ndarjen nga jeta t\u00eb f\u00ebmij\u00ebve t\u00eb tyre t\u00eb dashur. Uroj q\u00eb shpirti i viktimave t\u00eb k\u00ebtij aksidenti kaq tragjik t\u00eb gjej\u00eb paqen e merituar&#8221;.<br \/>\n<strong>(ma.ar\/BalkanWeb)<\/strong><\/p>\n<table width=\"522\" border=\"0\" cellspacing=\"0\" cellpadding=\"0\">\n<tbody>\n<tr>\n<td width=\"100%\">Aksidenti tragjik, klithma e fundit e shoferit: Nuk ndaloj dot!<\/td>\n<\/tr>\n<tr>\n<td width=\"100%\" height=\"2\"><img loading=\"lazy\" src=\"http:\/\/www.balkanweb.com\/kryesore\/1\/images\/spacer.gif\" alt=\"\" width=\"1\" height=\"1\" border=\"0\" \/><\/td>\n<\/tr>\n<tr>\n<td valign=\"top\"><\/td>\n<\/tr>\n<tr>\n<td valign=\"top\" height=\"4\"><img loading=\"lazy\" src=\"http:\/\/www.balkanweb.com\/kryesore\/1\/images\/spacer.gif\" alt=\"\" width=\"1\" height=\"1\" border=\"0\" \/><\/td>\n<\/tr>\n<tr>\n<td valign=\"top\" height=\"10\"><img loading=\"lazy\" src=\"http:\/\/www.balkanweb.com\/kryesore\/1\/images\/spacer.gif\" alt=\"\" width=\"1\" height=\"1\" border=\"0\" \/><\/td>\n<\/tr>\n<tr>\n<td valign=\"top\" width=\"100%\"><img title=\"Aksidenti tragjik, klithma e fundit e shoferit: Nuk ndaloj dot!\" src=\"http:\/\/www.balkanweb.com\/foto\/54624_6.jpg\" alt=\"Aksidenti tragjik, klithma e fundit e shoferit: Nuk ndaloj dot!\" align=\"left\" border=\"0\" \/><strong>TIRANE-<\/strong>Kur kan\u00eb kaluar disa or\u00eb nga aksidenti tragjik q\u00eb i mori jet\u00ebn 13 personave dhe la t\u00eb plagosur 20 t\u00eb tjer\u00eb kan\u00eb nisur edhe hetimet p\u00ebr t\u00eb zbuluar shkakun e aksidentit.Ekspert\u00ebt jan\u00eb fokusuar n\u00eb dy drejtime p\u00ebr t\u00eb hedhur drit\u00eb mbi shkakun e aksidentit fatal. Sipas t\u00eb dh\u00ebnave paraprake dyshohet se shkaku m\u00eb i mundsh\u00ebm i ngjarjes s\u00eb r\u00ebnd\u00eb automobilistike \u00ebsht\u00eb nj\u00eb defekt teknik i mjetit, n\u00eb sistemin e drejtimit apo at\u00eb t\u00eb frenimit, \u00e7ka pritet t\u00eb konfirmohet nga raporti i kontrollit auto-teknik. Nuk p\u00ebrjashtohet edhe mund\u00ebsia e nj\u00eb gjendje infarkti q\u00eb mund t\u00eb ket\u00eb drejtuesi i autobusit, P\u00ebllumb \u00c7ela, i cili humbi jet\u00ebn.Nga ana tjet\u00ebr, student\u00ebt e mbijetuar than\u00eb se n\u00eb momentet e fundit, shoferi P\u00ebllumb \u00c7ela t\u00ebr\u00eb ankth ka ul\u00ebritur \u201cik\u00ebm, nuk mund ta ndaloj dot\u201d.Ngjarja e r\u00ebnd\u00eb ndodhi dje rreth or\u00ebs 14:15, ku autobusi me targa t\u00eb Elbasanit q\u00eb transportonte studentet e deg\u00ebs s\u00eb Let\u00ebrsis\u00eb n\u00eb Universitetin \u201cAleksand\u00ebr Xhuvani\u201d doli nga rruga dhe p\u00ebrfundoi n\u00eb nj\u00eb gremin\u00eb t\u00eb thell\u00eb 80 metra n\u00eb qaf\u00ebn e Vish\u00ebs n\u00eb Himar\u00eb. T\u00eb par\u00ebt q\u00eb dhan\u00eb ndihm\u00eb p\u00ebr t\u00eb shp\u00ebtuar studentet ishin udh\u00ebtar\u00ebt e rastit, nd\u00ebrsa pak minuta m\u00eb von\u00eb nj\u00eb helikopter i Ministris\u00eb s\u00eb Sh\u00ebndet\u00ebsis\u00eb transportoi dy studente, e m\u00eb pas edhe t\u00eb tjera m\u00eb r\u00ebnd\u00eb u transportuan drejt Spitalit Ushtarak me 8 helikopter\u00eb, p\u00ebr shkak t\u00eb terrenit t\u00eb v\u00ebshtir\u00eb.Me k\u00ebrkes\u00eb t\u00eb Kryeministrit Berisha, K\u00ebshilli i Ministrave shpalli dit\u00ebn e sotme dat\u00ebn 22 maj, Dit\u00eb Zie Komb\u00ebtare, p\u00ebr t\u00eb nderuar kujtimin e viktimave t\u00eb aksidentit tragjik t\u00eb Himar\u00ebs, n\u00eb ku humb\u00ebn jet\u00ebn 12 studente. Zyra e shtypit e Kryeministris\u00eb b\u00ebri t\u00eb ditur se \u201cKryeministri Berisha n\u00eb emrin e tij personal, t\u00eb familjes s\u00eb tij dhe t\u00eb qeveris\u00eb shqiptare u shpreh familjeve t\u00eb viktimave t\u00eb k\u00ebtij aksidenti, q\u00eb ka sjell\u00eb dhimbje e pik\u00ebllim t\u00eb thell\u00eb n\u00eb \u00e7do vat\u00ebr dhe zem\u00ebr shqiptare, ngush\u00ebllimet m\u00eb t\u00eb thella, solidaritetin m\u00eb njer\u00ebzor.\u201d<br \/>\nSot n\u00eb t\u00eb gjitha institucionet, shtet\u00ebrore dhe publike, flamuri komb\u00ebtar do t\u00eb ulet n\u00eb gjysm\u00ebshtiz\u00eb dhe n\u00eb or\u00ebn 12.00 t\u00eb mbahet nj\u00eb minut\u00eb heshtje.<br \/>\nRadio-Televizioni Publik Shqiptar gjat\u00eb dit\u00ebs t\u00eb transmetoj\u00eb muzik\u00eb funebre.Ministria e Brendshme ngarkohet t\u00eb p\u00ebrballoj\u00eb shpenzimet e varrimit t\u00eb viktimave.IDENTIFIKOHEN T\u00cb GJITHA VIKTIMAT E AKSIDENTIT TRAGJIK, JA EMRAT<br \/>\nORA 02:00- Jan\u00eb identifikuar t\u00eb gjitha viktimat q\u00eb gjenden n\u00eb morgun e qytetit t\u00eb Vlor\u00ebs, m\u00eb posht\u00eb sjellim emrat e tyre:<br \/>\nJuliana Tola<br \/>\nElsa Daka<br \/>\nDenisa Guzi<br \/>\nErmira Mano<br \/>\nLindita Kabashi<br \/>\nJoana Debinja<br \/>\nAurora Molla<br \/>\nFabiola Shehi<br \/>\nErjola Xhoi<br \/>\nArmand Aga.<br \/>\nMes viktimave gjendet edhe drejtuesi i autobusit 55 vjecari P\u00ebllumb Cela.<\/p>\n<p>N\u00eb morgun e Vlor\u00ebs gjenden gjithsej 11 viktima.<br \/>\nViktimat q\u00eb jan\u00eb identifikuar n\u00eb Spitalin Ushtarak n\u00eb Tiran\u00eb jan\u00eb:<br \/>\nEranda Baloshi<br \/>\nDorina Stafa<\/p>\n<p>BERISHA MBERRIN SOT PARADITE NE TIRANE<br \/>\nORA 02:00- Kryeministri Sali Berisha njoftoi gjate nje interviste televizive nga Cikago se ka lene ne mes Samitin per tu kthyer ne Tirane. &#8220;Un\u00eb po nisem dhe arrij n\u00eb Tiran\u00eb nes\u00ebr paradite&#8221;, tha kryeministri.<br \/>\nKreu i Qeverise theksoi se ishte i pari qe mesoi lajmin e rende.Ai percolli dhe njehere ngushellimet per viktimat.<br \/>\n&#8220;Jam pothuaj nd\u00ebr t\u00eb par\u00ebt q\u00eb m\u00ebsova lajmin. M\u00eb kan\u00eb informuar nj\u00ebkoh\u00ebsisht disa burime nga Tirana dhe e kam ndjekur dhe jam lidhur me t\u00eb gjitha agjencit\u00eb dhe ministrit\u00eb p\u00ebrkat\u00ebse: Ministrin\u00eb e Brendshme, t\u00eb Mbrojtjes, t\u00eb Sh\u00ebndet\u00ebsis\u00eb, t\u00eb Arsimit, me Sekretarin e P\u00ebrgjithsh\u00ebm t\u00eb Kryeministris\u00eb, me Kryetaren e Parlamentit dhe e kam ndjekur n\u00eb m\u00ebnyr\u00ebn m\u00eb konstante, n\u00eb m\u00ebnyr\u00eb t\u00eb vazhdueshme si n\u00ebp\u00ebrmjet lidhjeve me ta, por edhe n\u00ebp\u00ebrmjet live stream t\u00eb ABC News. Jam p\u00ebrpjekur q\u00eb t\u00eb merren t\u00eb gjitha masat p\u00ebr nj\u00eb ndihm\u00eb emergjente sa m\u00eb t\u00eb shpejt\u00eb dhe sa m\u00eb eficente. Besoj se ka pasur nj\u00eb mobilizim e angazhim shum\u00eb serioz, por aksidenti \u00ebsht\u00eb shum\u00eb tragjik.Me k\u00ebt\u00eb rast dua t\u2019u shpreh t\u00eb gjith\u00eb t\u00eb plagosurve urimin tim m\u00eb t\u00eb mir\u00eb, p\u00ebr nj\u00eb sh\u00ebrim sa m\u00eb t\u00eb shpejt\u00eb. Kam porositur ministrin e Sh\u00ebndet\u00ebsis\u00eb t\u00eb marr\u00eb \u00e7do mas\u00eb, n\u00eb m\u00ebnyr\u00eb q\u00eb t\u2019u jepet ndihma m\u00eb eficente, p\u00ebr \u00e7do ndihm\u00eb q\u00eb do t\u00eb ken\u00eb nevoj\u00eb, brenda dhe jasht\u00eb vendit. Familjeve t\u00eb viktimave u shpreh ngush\u00ebllimet, solidaritetin tim m\u00eb t\u00eb lart\u00eb njer\u00ebzor, t\u00eb familjes sime dhe qeveris\u00eb shqiptare, i lutem Zotit t\u00eb gjejn\u00eb forc\u00eb, p\u00ebr t\u00eb p\u00ebrballuar dhimbjen e k\u00ebsaj humbjeje t\u00eb tmerrshme, p\u00ebr ndarjen nga jeta t\u00eb f\u00ebmij\u00ebve t\u00eb tyre t\u00eb dashur. Uroj q\u00eb shpirti i viktimave t\u00eb k\u00ebtij aksidenti kaq tragjik t\u00eb gjej\u00eb paqen e merituar&#8221;.<br \/>\n<strong>(ma.ar\/BalkanWeb)<\/strong><\/p>\n<div><img loading=\"lazy\" src=\"http:\/\/www.balkanweb.com\/kryesore\/1\/images\/spacer.gif\" alt=\"\" width=\"1\" height=\"1\" border=\"0\" \/><\/div>\n<div>Lidhje te tjera<\/div>\n<div><img src=\"http:\/\/www.balkanweb.com\/images\/bw_shenues.png\" alt=\"\" border=\"0\" \/> <a href=\"http:\/\/www.balkanweb.com\/shqiperi\/2685\/aksidenti-shoferi-ish-basketbollist-10-vjet-ne-drejtim-te-autobusit-90102.html\"> Aksidenti, shoferi ish-basketbollist, 10 vjet n\u00eb drejtim t\u00eb autobusit<\/a><\/div>\n<div><img src=\"http:\/\/www.balkanweb.com\/images\/bw_shenues.png\" alt=\"\" border=\"0\" \/> <a href=\"http:\/\/www.balkanweb.com\/shqiperi\/2685\/dashuria-e-nderprere-vdes-djali-nga-kavaja-plagoset-e-fejuara-90099.html\"> Dashuria e nd\u00ebrprer\u00eb, vdes djali nga Kavaja, plagoset e fejuara<\/a><\/div>\n<div><img src=\"http:\/\/www.balkanweb.com\/images\/bw_shenues.png\" alt=\"\" border=\"0\" \/> <a href=\"http:\/\/www.balkanweb.com\/shqiperi\/2685\/tragjedi-ne-himare-autobusi-bie-ne-gremine-13-te-vdekur-90097.html\"> Tragjedi n\u00eb Himar\u00eb, autobusi bie n\u00eb gremin\u00eb, 13 t\u00eb vdekur<\/a><\/div>\n<\/td>\n<\/tr>\n<\/tbody>\n<\/table>\n<\/div>\n<\/td>\n<\/tr>\n<\/tbody>\n<\/table>\n","protected":false},"excerpt":{"rendered":"<p>Stafi\u00a0 Lajme nga Ulqini, shpreh ngushellime te perzemerta per familjet e studenteve te Universitetit \u201cAleksander Xhuvani\u201d, te qytetit te dashur Elbasan, te cilet pesuan nje aksident tragjik ne Himar\u00eb, ku humben jeten 13 persona e me dhjetra te plagosur. &nbsp; Ne respekt ndaj atyre vajzave te reja qe humben jeten ne aksidentin tragjik te Himares [&hellip;]<\/p>\n","protected":false},"author":1,"featured_media":0,"comment_status":"open","ping_status":"closed","sticky":false,"template":"","format":"standard","meta":{"spay_email":"","jetpack_publicize_message":"","jetpack_is_tweetstorm":false,"jetpack_publicize_feature_enabled":true},"categories":[1],"tags":[11601,20540,20492,20547,20493,20542,20538,20494,20495,20496,20491,20497,20498,20499,20500,20501,20515,20503,20505,20504,20502,20506,20507,20539,20508,20509,20510,20516,20518,20517,20519,20511,20520,20521,20522,20523,20525,20524,20541,20527,20526,20528,20529,20530,20531,20512,20532,20533,20534,20513,20535,20536,20544,20514,20543,354,20537,20548],"jetpack_publicize_connections":[],"yoast_head":"<!-- This site is optimized with the Yoast SEO plugin v19.1 - https:\/\/yoast.com\/wordpress\/plugins\/seo\/ -->\n<title>22 Maji Dit\u00eb Zie Komb\u00ebtare - ABC TV LIVE - Lajme nga Ulqini<\/title>\n<meta name=\"description\" content=\"Stafi\u00a0 Lajme nga Ulqini, shpreh ngushellime te perzemerta per familjet e studenteve te Universitetit \u201cAleksander Xhuvani\u201d, te qytetit te dashur Elbasan,\" \/>\n<meta name=\"robots\" content=\"index, follow, max-snippet:-1, max-image-preview:large, max-video-preview:-1\" \/>\n<link rel=\"canonical\" href=\"https:\/\/www.visit-ulcinj.com\/blog\/2012\/05\/22\/22-maji-dite-zie-kombetare\/\" \/>\n<meta property=\"og:locale\" content=\"en_US\" \/>\n<meta property=\"og:type\" content=\"article\" \/>\n<meta property=\"og:title\" content=\"22 Maji Dit\u00eb Zie Komb\u00ebtare - ABC TV LIVE - Lajme nga Ulqini\" \/>\n<meta property=\"og:description\" content=\"Stafi\u00a0 Lajme nga Ulqini, shpreh ngushellime te perzemerta per familjet e studenteve te Universitetit \u201cAleksander Xhuvani\u201d, te qytetit te dashur Elbasan,\" \/>\n<meta property=\"og:url\" content=\"https:\/\/www.visit-ulcinj.com\/blog\/2012\/05\/22\/22-maji-dite-zie-kombetare\/\" \/>\n<meta property=\"og:site_name\" content=\"Lajme nga Ulqini\" \/>\n<meta property=\"article:published_time\" content=\"2012-05-22T13:23:35+00:00\" \/>\n<meta property=\"article:modified_time\" content=\"2012-05-22T13:28:09+00:00\" \/>\n<meta property=\"og:image\" content=\"http:\/\/www.balkanweb.com\/images\/spacer.gif\" \/>\n<meta name=\"twitter:label1\" content=\"Written by\" \/>\n\t<meta name=\"twitter:data1\" content=\"ulqini\" \/>\n\t<meta name=\"twitter:label2\" content=\"Est. reading time\" \/>\n\t<meta name=\"twitter:data2\" content=\"32 minutes\" \/>\n<script type=\"application\/ld+json\" class=\"yoast-schema-graph\">{\"@context\":\"https:\/\/schema.org\",\"@graph\":[{\"@type\":\"WebSite\",\"@id\":\"https:\/\/www.visit-ulcinj.com\/blog\/#website\",\"url\":\"https:\/\/www.visit-ulcinj.com\/blog\/\",\"name\":\"Lajme nga Ulqini\",\"description\":\"Lajme,Vijesti,Ulqini,Ulqin,Crna Gora,Mali i Zi\",\"potentialAction\":[{\"@type\":\"SearchAction\",\"target\":{\"@type\":\"EntryPoint\",\"urlTemplate\":\"https:\/\/www.visit-ulcinj.com\/blog\/?s={search_term_string}\"},\"query-input\":\"required name=search_term_string\"}],\"inLanguage\":\"en-US\"},{\"@type\":\"ImageObject\",\"inLanguage\":\"en-US\",\"@id\":\"https:\/\/www.visit-ulcinj.com\/blog\/2012\/05\/22\/22-maji-dite-zie-kombetare\/#primaryimage\",\"url\":\"http:\/\/www.balkanweb.com\/images\/spacer.gif\",\"contentUrl\":\"http:\/\/www.balkanweb.com\/images\/spacer.gif\"},{\"@type\":\"WebPage\",\"@id\":\"https:\/\/www.visit-ulcinj.com\/blog\/2012\/05\/22\/22-maji-dite-zie-kombetare\/#webpage\",\"url\":\"https:\/\/www.visit-ulcinj.com\/blog\/2012\/05\/22\/22-maji-dite-zie-kombetare\/\",\"name\":\"22 Maji Dit\u00eb Zie Komb\u00ebtare - ABC TV LIVE - Lajme nga Ulqini\",\"isPartOf\":{\"@id\":\"https:\/\/www.visit-ulcinj.com\/blog\/#website\"},\"primaryImageOfPage\":{\"@id\":\"https:\/\/www.visit-ulcinj.com\/blog\/2012\/05\/22\/22-maji-dite-zie-kombetare\/#primaryimage\"},\"datePublished\":\"2012-05-22T13:23:35+00:00\",\"dateModified\":\"2012-05-22T13:28:09+00:00\",\"author\":{\"@id\":\"https:\/\/www.visit-ulcinj.com\/blog\/#\/schema\/person\/dcab619c614d3038751c63bc2aadc06d\"},\"description\":\"Stafi\u00a0 Lajme nga Ulqini, shpreh ngushellime te perzemerta per familjet e studenteve te Universitetit \u201cAleksander Xhuvani\u201d, te qytetit te dashur Elbasan,\",\"breadcrumb\":{\"@id\":\"https:\/\/www.visit-ulcinj.com\/blog\/2012\/05\/22\/22-maji-dite-zie-kombetare\/#breadcrumb\"},\"inLanguage\":\"en-US\",\"potentialAction\":[{\"@type\":\"ReadAction\",\"target\":[\"https:\/\/www.visit-ulcinj.com\/blog\/2012\/05\/22\/22-maji-dite-zie-kombetare\/\"]}]},{\"@type\":\"BreadcrumbList\",\"@id\":\"https:\/\/www.visit-ulcinj.com\/blog\/2012\/05\/22\/22-maji-dite-zie-kombetare\/#breadcrumb\",\"itemListElement\":[{\"@type\":\"ListItem\",\"position\":1,\"name\":\"22 Maji Dit\u00eb Zie Komb\u00ebtare &#8211; ABC TV LIVE\"}]},{\"@type\":\"Person\",\"@id\":\"https:\/\/www.visit-ulcinj.com\/blog\/#\/schema\/person\/dcab619c614d3038751c63bc2aadc06d\",\"name\":\"ulqini\",\"sameAs\":[\"http:\/\/www.visit-ulcinj.com\"],\"url\":\"https:\/\/www.visit-ulcinj.com\/blog\/author\/admin\/\"}]}<\/script>\n<!-- \/ Yoast SEO plugin. -->","yoast_head_json":{"title":"22 Maji Dit\u00eb Zie Komb\u00ebtare - ABC TV LIVE - Lajme nga Ulqini","description":"Stafi\u00a0 Lajme nga Ulqini, shpreh ngushellime te perzemerta per familjet e studenteve te Universitetit \u201cAleksander Xhuvani\u201d, te qytetit te dashur Elbasan,","robots":{"index":"index","follow":"follow","max-snippet":"max-snippet:-1","max-image-preview":"max-image-preview:large","max-video-preview":"max-video-preview:-1"},"canonical":"https:\/\/www.visit-ulcinj.com\/blog\/2012\/05\/22\/22-maji-dite-zie-kombetare\/","og_locale":"en_US","og_type":"article","og_title":"22 Maji Dit\u00eb Zie Komb\u00ebtare - ABC TV LIVE - Lajme nga Ulqini","og_description":"Stafi\u00a0 Lajme nga Ulqini, shpreh ngushellime te perzemerta per familjet e studenteve te Universitetit \u201cAleksander Xhuvani\u201d, te qytetit te dashur Elbasan,","og_url":"https:\/\/www.visit-ulcinj.com\/blog\/2012\/05\/22\/22-maji-dite-zie-kombetare\/","og_site_name":"Lajme nga Ulqini","article_published_time":"2012-05-22T13:23:35+00:00","article_modified_time":"2012-05-22T13:28:09+00:00","og_image":[{"url":"http:\/\/www.balkanweb.com\/images\/spacer.gif"}],"twitter_misc":{"Written by":"ulqini","Est. reading time":"32 minutes"},"schema":{"@context":"https:\/\/schema.org","@graph":[{"@type":"WebSite","@id":"https:\/\/www.visit-ulcinj.com\/blog\/#website","url":"https:\/\/www.visit-ulcinj.com\/blog\/","name":"Lajme nga Ulqini","description":"Lajme,Vijesti,Ulqini,Ulqin,Crna Gora,Mali i Zi","potentialAction":[{"@type":"SearchAction","target":{"@type":"EntryPoint","urlTemplate":"https:\/\/www.visit-ulcinj.com\/blog\/?s={search_term_string}"},"query-input":"required name=search_term_string"}],"inLanguage":"en-US"},{"@type":"ImageObject","inLanguage":"en-US","@id":"https:\/\/www.visit-ulcinj.com\/blog\/2012\/05\/22\/22-maji-dite-zie-kombetare\/#primaryimage","url":"http:\/\/www.balkanweb.com\/images\/spacer.gif","contentUrl":"http:\/\/www.balkanweb.com\/images\/spacer.gif"},{"@type":"WebPage","@id":"https:\/\/www.visit-ulcinj.com\/blog\/2012\/05\/22\/22-maji-dite-zie-kombetare\/#webpage","url":"https:\/\/www.visit-ulcinj.com\/blog\/2012\/05\/22\/22-maji-dite-zie-kombetare\/","name":"22 Maji Dit\u00eb Zie Komb\u00ebtare - ABC TV LIVE - Lajme nga Ulqini","isPartOf":{"@id":"https:\/\/www.visit-ulcinj.com\/blog\/#website"},"primaryImageOfPage":{"@id":"https:\/\/www.visit-ulcinj.com\/blog\/2012\/05\/22\/22-maji-dite-zie-kombetare\/#primaryimage"},"datePublished":"2012-05-22T13:23:35+00:00","dateModified":"2012-05-22T13:28:09+00:00","author":{"@id":"https:\/\/www.visit-ulcinj.com\/blog\/#\/schema\/person\/dcab619c614d3038751c63bc2aadc06d"},"description":"Stafi\u00a0 Lajme nga Ulqini, shpreh ngushellime te perzemerta per familjet e studenteve te Universitetit \u201cAleksander Xhuvani\u201d, te qytetit te dashur Elbasan,","breadcrumb":{"@id":"https:\/\/www.visit-ulcinj.com\/blog\/2012\/05\/22\/22-maji-dite-zie-kombetare\/#breadcrumb"},"inLanguage":"en-US","potentialAction":[{"@type":"ReadAction","target":["https:\/\/www.visit-ulcinj.com\/blog\/2012\/05\/22\/22-maji-dite-zie-kombetare\/"]}]},{"@type":"BreadcrumbList","@id":"https:\/\/www.visit-ulcinj.com\/blog\/2012\/05\/22\/22-maji-dite-zie-kombetare\/#breadcrumb","itemListElement":[{"@type":"ListItem","position":1,"name":"22 Maji Dit\u00eb Zie Komb\u00ebtare &#8211; ABC TV LIVE"}]},{"@type":"Person","@id":"https:\/\/www.visit-ulcinj.com\/blog\/#\/schema\/person\/dcab619c614d3038751c63bc2aadc06d","name":"ulqini","sameAs":["http:\/\/www.visit-ulcinj.com"],"url":"https:\/\/www.visit-ulcinj.com\/blog\/author\/admin\/"}]}},"jetpack_featured_media_url":"","jetpack_sharing_enabled":true,"jetpack_shortlink":"https:\/\/wp.me\/pe6lTn-fNE","_links":{"self":[{"href":"https:\/\/www.visit-ulcinj.com\/blog\/wp-json\/wp\/v2\/posts\/60738"}],"collection":[{"href":"https:\/\/www.visit-ulcinj.com\/blog\/wp-json\/wp\/v2\/posts"}],"about":[{"href":"https:\/\/www.visit-ulcinj.com\/blog\/wp-json\/wp\/v2\/types\/post"}],"author":[{"embeddable":true,"href":"https:\/\/www.visit-ulcinj.com\/blog\/wp-json\/wp\/v2\/users\/1"}],"replies":[{"embeddable":true,"href":"https:\/\/www.visit-ulcinj.com\/blog\/wp-json\/wp\/v2\/comments?post=60738"}],"version-history":[{"count":4,"href":"https:\/\/www.visit-ulcinj.com\/blog\/wp-json\/wp\/v2\/posts\/60738\/revisions"}],"predecessor-version":[{"id":60743,"href":"https:\/\/www.visit-ulcinj.com\/blog\/wp-json\/wp\/v2\/posts\/60738\/revisions\/60743"}],"wp:attachment":[{"href":"https:\/\/www.visit-ulcinj.com\/blog\/wp-json\/wp\/v2\/media?parent=60738"}],"wp:term":[{"taxonomy":"category","embeddable":true,"href":"https:\/\/www.visit-ulcinj.com\/blog\/wp-json\/wp\/v2\/categories?post=60738"},{"taxonomy":"post_tag","embeddable":true,"href":"https:\/\/www.visit-ulcinj.com\/blog\/wp-json\/wp\/v2\/tags?post=60738"}],"curies":[{"name":"wp","href":"https:\/\/api.w.org\/{rel}","templated":true}]}}