{"id":60746,"date":"2012-05-22T22:20:29","date_gmt":"2012-05-22T21:20:29","guid":{"rendered":"http:\/\/www.visit-ulcinj.com\/blog\/?p=60746"},"modified":"2012-05-24T09:28:35","modified_gmt":"2012-05-24T08:28:35","slug":"shoqata-e-gruas-anima-ulqin-telegram-ngushellimi-kryeministrit-te-shqiperise","status":"publish","type":"post","link":"https:\/\/www.visit-ulcinj.com\/blog\/2012\/05\/22\/shoqata-e-gruas-anima-ulqin-telegram-ngushellimi-kryeministrit-te-shqiperise\/","title":{"rendered":"Shoqata e Gruas ANIMA Ulqin: Telegram ngush\u00ebllimi kryeministrit t\u00eb Shqip\u00ebris\u00eb"},"content":{"rendered":"<p><strong><a href=\"http:\/\/www.visit-ulcinj.com\/blog\/wp-content\/uploads\/2012\/05\/zylfie-gjoni-duraku-2.jpg\"><img loading=\"lazy\" class=\"alignleft size-medium wp-image-60747\" title=\"zylfie-gjoni-duraku-2\" src=\"http:\/\/www.visit-ulcinj.com\/blog\/wp-content\/uploads\/2012\/05\/zylfie-gjoni-duraku-2-284x300.jpg\" alt=\"\" width=\"284\" height=\"300\" srcset=\"https:\/\/www.visit-ulcinj.com\/blog\/wp-content\/uploads\/2012\/05\/zylfie-gjoni-duraku-2-284x300.jpg 284w, https:\/\/www.visit-ulcinj.com\/blog\/wp-content\/uploads\/2012\/05\/zylfie-gjoni-duraku-2.jpg 454w\" sizes=\"(max-width: 284px) 100vw, 284px\" \/><\/a>Shoqata e Gruas &#8211; ANIMA-Ulqin<\/strong><\/p>\n<p>22.05.2012<\/p>\n<p><strong>Kryeministrit te Republik\u00ebs s\u00eb Shqip\u00ebris\u00eb,z.Sali Berisha<\/strong><\/p>\n<p>Me trishtim dhe dhimbje t\u00eb madhe mor\u00ebm lajmin p\u00ebri tragjedine e Himar\u00ebs, ket\u00eb aksident t\u00eb rend\u00eb q\u00eb mori<br \/>\njet\u00ebn e shum\u00eb student\u00ebve te universitetit &#8220;Aleksander Xhuvani&#8221; n\u00eb lulen e rinis\u00eb.<br \/>\nMe pik\u00ebllim dhe dhimbje te thell\u00eb ju shpreh juve dhe Qeveris\u00eb s\u00eb Shqiperis\u00eb si dhe familjar\u00ebve te student\u00ebve<br \/>\nqe humb\u00ebn jet\u00ebn ne k\u00ebt\u00eb tragjedi.Ngush\u00ebllimet e mia m\u00eb t\u00eb sinqerta n\u00ebe emrin tim personal dhe grave nga<br \/>\nUlqini.I b\u00ebjm\u00eb lutje Zotit per sherim sa ma te shpejt\u00eb t\u00eb studenteve te mbijetuara.<\/p>\n<p><strong>Kryetarja e Shoqates<\/strong><\/p>\n<p><strong>Zylfije Duraku<\/strong><\/p>\n","protected":false},"excerpt":{"rendered":"<p>Shoqata e Gruas &#8211; ANIMA-Ulqin 22.05.2012 Kryeministrit te Republik\u00ebs s\u00eb Shqip\u00ebris\u00eb,z.Sali Berisha Me trishtim dhe dhimbje t\u00eb madhe mor\u00ebm lajmin p\u00ebri tragjedine e Himar\u00ebs, ket\u00eb aksident t\u00eb rend\u00eb q\u00eb mori jet\u00ebn e shum\u00eb student\u00ebve te universitetit &#8220;Aleksander Xhuvani&#8221; n\u00eb lulen e rinis\u00eb. Me pik\u00ebllim dhe dhimbje te thell\u00eb ju shpreh juve dhe Qeveris\u00eb s\u00eb Shqiperis\u00eb [&hellip;]<\/p>\n","protected":false},"author":1,"featured_media":0,"comment_status":"open","ping_status":"closed","sticky":false,"template":"","format":"standard","meta":{"spay_email":"","jetpack_publicize_message":"","jetpack_is_tweetstorm":false,"jetpack_publicize_feature_enabled":true},"categories":[8],"tags":[212,1897,20549,200,18],"jetpack_publicize_connections":[],"yoast_head":"<!-- This site is optimized with the Yoast SEO plugin v19.1 - https:\/\/yoast.com\/wordpress\/plugins\/seo\/ -->\n<title>Shoqata e Gruas ANIMA Ulqin: Telegram ngush\u00ebllimi kryeministrit t\u00eb Shqip\u00ebris\u00eb - Lajme nga Ulqini<\/title>\n<meta name=\"description\" content=\"Shoqata e Gruas - ANIMA-Ulqin 22.05.2012 Kryeministrit te Republik\u00ebs s\u00eb Shqip\u00ebris\u00eb,z.Sali Berisha Me trishtim dhe dhimbje t\u00eb madhe mor\u00ebm lajmin p\u00ebri\" \/>\n<meta name=\"robots\" content=\"index, follow, max-snippet:-1, max-image-preview:large, max-video-preview:-1\" \/>\n<link rel=\"canonical\" href=\"https:\/\/www.visit-ulcinj.com\/blog\/2012\/05\/22\/shoqata-e-gruas-anima-ulqin-telegram-ngushellimi-kryeministrit-te-shqiperise\/\" \/>\n<meta property=\"og:locale\" content=\"en_US\" \/>\n<meta property=\"og:type\" content=\"article\" \/>\n<meta property=\"og:title\" content=\"Shoqata e Gruas ANIMA Ulqin: Telegram ngush\u00ebllimi kryeministrit t\u00eb Shqip\u00ebris\u00eb - Lajme nga Ulqini\" \/>\n<meta property=\"og:description\" content=\"Shoqata e Gruas - ANIMA-Ulqin 22.05.2012 Kryeministrit te Republik\u00ebs s\u00eb Shqip\u00ebris\u00eb,z.Sali Berisha Me trishtim dhe dhimbje t\u00eb madhe mor\u00ebm lajmin p\u00ebri\" \/>\n<meta property=\"og:url\" content=\"https:\/\/www.visit-ulcinj.com\/blog\/2012\/05\/22\/shoqata-e-gruas-anima-ulqin-telegram-ngushellimi-kryeministrit-te-shqiperise\/\" \/>\n<meta property=\"og:site_name\" content=\"Lajme nga Ulqini\" \/>\n<meta property=\"article:published_time\" content=\"2012-05-22T21:20:29+00:00\" \/>\n<meta property=\"article:modified_time\" content=\"2012-05-24T08:28:35+00:00\" \/>\n<meta property=\"og:image\" content=\"http:\/\/www.visit-ulcinj.com\/blog\/wp-content\/uploads\/2012\/05\/zylfie-gjoni-duraku-2-284x300.jpg\" \/>\n<meta name=\"twitter:label1\" content=\"Written by\" \/>\n\t<meta name=\"twitter:data1\" content=\"ulqini\" \/>\n\t<meta name=\"twitter:label2\" content=\"Est. reading time\" \/>\n\t<meta name=\"twitter:data2\" content=\"1 minute\" \/>\n<script type=\"application\/ld+json\" class=\"yoast-schema-graph\">{\"@context\":\"https:\/\/schema.org\",\"@graph\":[{\"@type\":\"WebSite\",\"@id\":\"https:\/\/www.visit-ulcinj.com\/blog\/#website\",\"url\":\"https:\/\/www.visit-ulcinj.com\/blog\/\",\"name\":\"Lajme nga Ulqini\",\"description\":\"Lajme,Vijesti,Ulqini,Ulqin,Crna Gora,Mali i Zi\",\"potentialAction\":[{\"@type\":\"SearchAction\",\"target\":{\"@type\":\"EntryPoint\",\"urlTemplate\":\"https:\/\/www.visit-ulcinj.com\/blog\/?s={search_term_string}\"},\"query-input\":\"required name=search_term_string\"}],\"inLanguage\":\"en-US\"},{\"@type\":\"ImageObject\",\"inLanguage\":\"en-US\",\"@id\":\"https:\/\/www.visit-ulcinj.com\/blog\/2012\/05\/22\/shoqata-e-gruas-anima-ulqin-telegram-ngushellimi-kryeministrit-te-shqiperise\/#primaryimage\",\"url\":\"https:\/\/www.visit-ulcinj.com\/blog\/wp-content\/uploads\/2012\/05\/zylfie-gjoni-duraku-2.jpg\",\"contentUrl\":\"https:\/\/www.visit-ulcinj.com\/blog\/wp-content\/uploads\/2012\/05\/zylfie-gjoni-duraku-2.jpg\",\"width\":\"454\",\"height\":\"479\"},{\"@type\":\"WebPage\",\"@id\":\"https:\/\/www.visit-ulcinj.com\/blog\/2012\/05\/22\/shoqata-e-gruas-anima-ulqin-telegram-ngushellimi-kryeministrit-te-shqiperise\/#webpage\",\"url\":\"https:\/\/www.visit-ulcinj.com\/blog\/2012\/05\/22\/shoqata-e-gruas-anima-ulqin-telegram-ngushellimi-kryeministrit-te-shqiperise\/\",\"name\":\"Shoqata e Gruas ANIMA Ulqin: Telegram ngush\u00ebllimi kryeministrit t\u00eb Shqip\u00ebris\u00eb - Lajme nga Ulqini\",\"isPartOf\":{\"@id\":\"https:\/\/www.visit-ulcinj.com\/blog\/#website\"},\"primaryImageOfPage\":{\"@id\":\"https:\/\/www.visit-ulcinj.com\/blog\/2012\/05\/22\/shoqata-e-gruas-anima-ulqin-telegram-ngushellimi-kryeministrit-te-shqiperise\/#primaryimage\"},\"datePublished\":\"2012-05-22T21:20:29+00:00\",\"dateModified\":\"2012-05-24T08:28:35+00:00\",\"author\":{\"@id\":\"https:\/\/www.visit-ulcinj.com\/blog\/#\/schema\/person\/dcab619c614d3038751c63bc2aadc06d\"},\"description\":\"Shoqata e Gruas - ANIMA-Ulqin 22.05.2012 Kryeministrit te Republik\u00ebs s\u00eb Shqip\u00ebris\u00eb,z.Sali Berisha Me trishtim dhe dhimbje t\u00eb madhe mor\u00ebm lajmin p\u00ebri\",\"breadcrumb\":{\"@id\":\"https:\/\/www.visit-ulcinj.com\/blog\/2012\/05\/22\/shoqata-e-gruas-anima-ulqin-telegram-ngushellimi-kryeministrit-te-shqiperise\/#breadcrumb\"},\"inLanguage\":\"en-US\",\"potentialAction\":[{\"@type\":\"ReadAction\",\"target\":[\"https:\/\/www.visit-ulcinj.com\/blog\/2012\/05\/22\/shoqata-e-gruas-anima-ulqin-telegram-ngushellimi-kryeministrit-te-shqiperise\/\"]}]},{\"@type\":\"BreadcrumbList\",\"@id\":\"https:\/\/www.visit-ulcinj.com\/blog\/2012\/05\/22\/shoqata-e-gruas-anima-ulqin-telegram-ngushellimi-kryeministrit-te-shqiperise\/#breadcrumb\",\"itemListElement\":[{\"@type\":\"ListItem\",\"position\":1,\"name\":\"Shoqata e Gruas ANIMA Ulqin: Telegram ngush\u00ebllimi kryeministrit t\u00eb Shqip\u00ebris\u00eb\"}]},{\"@type\":\"Person\",\"@id\":\"https:\/\/www.visit-ulcinj.com\/blog\/#\/schema\/person\/dcab619c614d3038751c63bc2aadc06d\",\"name\":\"ulqini\",\"sameAs\":[\"http:\/\/www.visit-ulcinj.com\"],\"url\":\"https:\/\/www.visit-ulcinj.com\/blog\/author\/admin\/\"}]}<\/script>\n<!-- \/ Yoast SEO plugin. -->","yoast_head_json":{"title":"Shoqata e Gruas ANIMA Ulqin: Telegram ngush\u00ebllimi kryeministrit t\u00eb Shqip\u00ebris\u00eb - Lajme nga Ulqini","description":"Shoqata e Gruas - ANIMA-Ulqin 22.05.2012 Kryeministrit te Republik\u00ebs s\u00eb Shqip\u00ebris\u00eb,z.Sali Berisha Me trishtim dhe dhimbje t\u00eb madhe mor\u00ebm lajmin p\u00ebri","robots":{"index":"index","follow":"follow","max-snippet":"max-snippet:-1","max-image-preview":"max-image-preview:large","max-video-preview":"max-video-preview:-1"},"canonical":"https:\/\/www.visit-ulcinj.com\/blog\/2012\/05\/22\/shoqata-e-gruas-anima-ulqin-telegram-ngushellimi-kryeministrit-te-shqiperise\/","og_locale":"en_US","og_type":"article","og_title":"Shoqata e Gruas ANIMA Ulqin: Telegram ngush\u00ebllimi kryeministrit t\u00eb Shqip\u00ebris\u00eb - Lajme nga Ulqini","og_description":"Shoqata e Gruas - ANIMA-Ulqin 22.05.2012 Kryeministrit te Republik\u00ebs s\u00eb Shqip\u00ebris\u00eb,z.Sali Berisha Me trishtim dhe dhimbje t\u00eb madhe mor\u00ebm lajmin p\u00ebri","og_url":"https:\/\/www.visit-ulcinj.com\/blog\/2012\/05\/22\/shoqata-e-gruas-anima-ulqin-telegram-ngushellimi-kryeministrit-te-shqiperise\/","og_site_name":"Lajme nga Ulqini","article_published_time":"2012-05-22T21:20:29+00:00","article_modified_time":"2012-05-24T08:28:35+00:00","og_image":[{"url":"http:\/\/www.visit-ulcinj.com\/blog\/wp-content\/uploads\/2012\/05\/zylfie-gjoni-duraku-2-284x300.jpg"}],"twitter_misc":{"Written by":"ulqini","Est. reading time":"1 minute"},"schema":{"@context":"https:\/\/schema.org","@graph":[{"@type":"WebSite","@id":"https:\/\/www.visit-ulcinj.com\/blog\/#website","url":"https:\/\/www.visit-ulcinj.com\/blog\/","name":"Lajme nga Ulqini","description":"Lajme,Vijesti,Ulqini,Ulqin,Crna Gora,Mali i Zi","potentialAction":[{"@type":"SearchAction","target":{"@type":"EntryPoint","urlTemplate":"https:\/\/www.visit-ulcinj.com\/blog\/?s={search_term_string}"},"query-input":"required name=search_term_string"}],"inLanguage":"en-US"},{"@type":"ImageObject","inLanguage":"en-US","@id":"https:\/\/www.visit-ulcinj.com\/blog\/2012\/05\/22\/shoqata-e-gruas-anima-ulqin-telegram-ngushellimi-kryeministrit-te-shqiperise\/#primaryimage","url":"https:\/\/www.visit-ulcinj.com\/blog\/wp-content\/uploads\/2012\/05\/zylfie-gjoni-duraku-2.jpg","contentUrl":"https:\/\/www.visit-ulcinj.com\/blog\/wp-content\/uploads\/2012\/05\/zylfie-gjoni-duraku-2.jpg","width":"454","height":"479"},{"@type":"WebPage","@id":"https:\/\/www.visit-ulcinj.com\/blog\/2012\/05\/22\/shoqata-e-gruas-anima-ulqin-telegram-ngushellimi-kryeministrit-te-shqiperise\/#webpage","url":"https:\/\/www.visit-ulcinj.com\/blog\/2012\/05\/22\/shoqata-e-gruas-anima-ulqin-telegram-ngushellimi-kryeministrit-te-shqiperise\/","name":"Shoqata e Gruas ANIMA Ulqin: Telegram ngush\u00ebllimi kryeministrit t\u00eb Shqip\u00ebris\u00eb - Lajme nga Ulqini","isPartOf":{"@id":"https:\/\/www.visit-ulcinj.com\/blog\/#website"},"primaryImageOfPage":{"@id":"https:\/\/www.visit-ulcinj.com\/blog\/2012\/05\/22\/shoqata-e-gruas-anima-ulqin-telegram-ngushellimi-kryeministrit-te-shqiperise\/#primaryimage"},"datePublished":"2012-05-22T21:20:29+00:00","dateModified":"2012-05-24T08:28:35+00:00","author":{"@id":"https:\/\/www.visit-ulcinj.com\/blog\/#\/schema\/person\/dcab619c614d3038751c63bc2aadc06d"},"description":"Shoqata e Gruas - ANIMA-Ulqin 22.05.2012 Kryeministrit te Republik\u00ebs s\u00eb Shqip\u00ebris\u00eb,z.Sali Berisha Me trishtim dhe dhimbje t\u00eb madhe mor\u00ebm lajmin p\u00ebri","breadcrumb":{"@id":"https:\/\/www.visit-ulcinj.com\/blog\/2012\/05\/22\/shoqata-e-gruas-anima-ulqin-telegram-ngushellimi-kryeministrit-te-shqiperise\/#breadcrumb"},"inLanguage":"en-US","potentialAction":[{"@type":"ReadAction","target":["https:\/\/www.visit-ulcinj.com\/blog\/2012\/05\/22\/shoqata-e-gruas-anima-ulqin-telegram-ngushellimi-kryeministrit-te-shqiperise\/"]}]},{"@type":"BreadcrumbList","@id":"https:\/\/www.visit-ulcinj.com\/blog\/2012\/05\/22\/shoqata-e-gruas-anima-ulqin-telegram-ngushellimi-kryeministrit-te-shqiperise\/#breadcrumb","itemListElement":[{"@type":"ListItem","position":1,"name":"Shoqata e Gruas ANIMA Ulqin: Telegram ngush\u00ebllimi kryeministrit t\u00eb Shqip\u00ebris\u00eb"}]},{"@type":"Person","@id":"https:\/\/www.visit-ulcinj.com\/blog\/#\/schema\/person\/dcab619c614d3038751c63bc2aadc06d","name":"ulqini","sameAs":["http:\/\/www.visit-ulcinj.com"],"url":"https:\/\/www.visit-ulcinj.com\/blog\/author\/admin\/"}]}},"jetpack_featured_media_url":"","jetpack_sharing_enabled":true,"jetpack_shortlink":"https:\/\/wp.me\/pe6lTn-fNM","_links":{"self":[{"href":"https:\/\/www.visit-ulcinj.com\/blog\/wp-json\/wp\/v2\/posts\/60746"}],"collection":[{"href":"https:\/\/www.visit-ulcinj.com\/blog\/wp-json\/wp\/v2\/posts"}],"about":[{"href":"https:\/\/www.visit-ulcinj.com\/blog\/wp-json\/wp\/v2\/types\/post"}],"author":[{"embeddable":true,"href":"https:\/\/www.visit-ulcinj.com\/blog\/wp-json\/wp\/v2\/users\/1"}],"replies":[{"embeddable":true,"href":"https:\/\/www.visit-ulcinj.com\/blog\/wp-json\/wp\/v2\/comments?post=60746"}],"version-history":[{"count":3,"href":"https:\/\/www.visit-ulcinj.com\/blog\/wp-json\/wp\/v2\/posts\/60746\/revisions"}],"predecessor-version":[{"id":60902,"href":"https:\/\/www.visit-ulcinj.com\/blog\/wp-json\/wp\/v2\/posts\/60746\/revisions\/60902"}],"wp:attachment":[{"href":"https:\/\/www.visit-ulcinj.com\/blog\/wp-json\/wp\/v2\/media?parent=60746"}],"wp:term":[{"taxonomy":"category","embeddable":true,"href":"https:\/\/www.visit-ulcinj.com\/blog\/wp-json\/wp\/v2\/categories?post=60746"},{"taxonomy":"post_tag","embeddable":true,"href":"https:\/\/www.visit-ulcinj.com\/blog\/wp-json\/wp\/v2\/tags?post=60746"}],"curies":[{"name":"wp","href":"https:\/\/api.w.org\/{rel}","templated":true}]}}